{"id":440994,"date":"2024-01-11T12:14:52","date_gmt":"2024-01-11T11:14:52","guid":{"rendered":"https:\/\/www.eenewseurope.com\/?p=440994"},"modified":"2024-01-11T12:43:47","modified_gmt":"2024-01-11T11:43:47","slug":"le-francais-scalinx-leve-34-millions-e-pour-des-puces-5g-et-6g","status":"publish","type":"post","link":"https:\/\/www.ecinews.fr\/fr\/le-francais-scalinx-leve-34-millions-e-pour-des-puces-5g-et-6g\/","title":{"rendered":"Le fran\u00e7ais Scalinx l\u00e8ve 34 millions \u20ac pour des puces 5G et 6G"},"content":{"rendered":"<h3>La soci\u00e9t\u00e9 fran\u00e7aise Scalinx a lev\u00e9 34 millions d&rsquo;euros lors d&rsquo;un deuxi\u00e8me tour de table pour ses puces de conversion de donn\u00e9es \u00e0 haut d\u00e9bit.<\/h3>\n<p>Cette op\u00e9ration porte le total des fonds lev\u00e9s par Scalinx \u00e0 44,5 millions d&rsquo;euros et aidera l&rsquo;entreprise \u00e0 transformer ses convertisseurs de donn\u00e9es \u00e0 large bande et \u00e0 grande vitesse en puces \u00e0 ondes millim\u00e9triques pour les syst\u00e8mes 5G et les syst\u00e8mes 6G \u00e0 venir.<\/p>\n<p>Scalinx vise en particulier le march\u00e9 de l&rsquo;automobile, entreprend de nouveaux projets dans le domaine de l&rsquo;espace et de la d\u00e9fense et lance une famille de produits dans le domaine du test et de la mesure. Le plan d&rsquo;entreprise s&rsquo;accompagnera d&rsquo;un doublement du personnel au cours des 24 prochains mois.<\/p>\n<ul>\n<li><a href=\"https:\/\/www.eenewseurope.com\/en\/wideband-chip-designer-raises-e10-5m\/\">Le concepteur de puces \u00e0 large bande l\u00e8ve 10,5 millions d&rsquo;euros<\/a><\/li>\n<\/ul>\n<p>L&rsquo;entreprise a ajout\u00e9 le gouvernement fran\u00e7ais comme investisseur \u00e0 travers le programme de fonds \u00ab\u00a0French Tech Souverainet\u00e9\u00a0\u00bb g\u00e9r\u00e9 par Bpifrance ainsi que Go Capital, une soci\u00e9t\u00e9 de gestion ind\u00e9pendante, et Thales.<\/p>\n<p>Les investisseurs pr\u00e9c\u00e9dents qui ont rejoint ce deuxi\u00e8me tour de table sont NCI WaterStart Capital, un fonds d&rsquo;acc\u00e9l\u00e9ration et une soci\u00e9t\u00e9 d&rsquo;investissement, Normandie Participations, le fonds d&rsquo;investissement de la R\u00e9gion Normandie, BNP Paribas Development et Unexo, la branche d&rsquo;investissement de la banque Cr\u00e9dit Agricole, ainsi que d&rsquo;autres investisseurs priv\u00e9s.<\/p>\n<p>\u00ab\u00a0Ce nouveau tour de table confirme l&rsquo;int\u00e9r\u00eat du march\u00e9 des infrastructures sans fil pour notre technologie SCCORE de conversion de donn\u00e9es \u00e0 large bande et \u00e0 faible consommation\u00a0\u00bb, a d\u00e9clar\u00e9 Hussein Fakhoury, fondateur et PDG de l&rsquo;entreprise.<\/p>\n<p>\u00ab\u00a0Notre gamme de produits SoC permettra aux acteurs des t\u00e9l\u00e9communications de fournir des liaisons \u00e0 tr\u00e8s haute capacit\u00e9 et \u00e0 plusieurs gigabits sur de plus longues distances, en optimisant le co\u00fbt total de possession (TCO) des \u00e9quipements \u00e0 micro-ondes, \u00e0 ondes millim\u00e9triques et multibandes. Cet investissement marque une \u00e9tape cruciale pour notre croissance, et nous sommes ravis de l&rsquo;appui solide des parties prenantes nouvelles et existantes.\u00a0\u00bb<\/p>\n<p>\u00ab\u00a0Nous sommes ravis de soutenir Scalinx, dont l&rsquo;expertise en mati\u00e8re de produits \u00e0 signaux mixtes hautement int\u00e9gr\u00e9s est unique en Europe\u00a0\u00bb, d\u00e9clare Marion Aubry, directrice de l&rsquo;investissement chez Bpifrance. \u00ab\u00a0SCALINX a fait ses preuves dans les domaines de la d\u00e9fense et de l&rsquo;a\u00e9rospatiale, du test et de la mesure, et des communications, et nous nous attendons \u00e0 ce qu&rsquo;elle connaisse une croissance rapide sur ces march\u00e9s.<\/p>\n<p><a href=\"http:\/\/www.scalinx.com\">www.scalinx.com<\/a><\/p>\n","protected":false},"excerpt":{"rendered":"<p>La soci\u00e9t\u00e9 fran\u00e7aise Scalinx a lev\u00e9 34 millions d&rsquo;euros lors d&rsquo;un deuxi\u00e8me tour de table pour ses puces de conversion de donn\u00e9es \u00e0 haut d\u00e9bit. Cette op\u00e9ration porte le total des fonds lev\u00e9s par Scalinx \u00e0 44,5 millions d&rsquo;euros et aidera l&rsquo;entreprise \u00e0 transformer ses convertisseurs de donn\u00e9es \u00e0 large bande et \u00e0 grande vitesse [&hellip;]<\/p>\n","protected":false},"author":34,"featured_media":440939,"comment_status":"closed","ping_status":"closed","sticky":false,"template":"","format":"standard","meta":{"_acf_changed":false,"footnotes":""},"categories":[880],"tags":[2122,2123,915],"domains":[47],"ppma_author":[3640,1153],"class_list":["post-440994","post","type-post","status-publish","format-standard","has-post-thumbnail","hentry","category-actualites-economiques","tag-5g-fr-2","tag-6g-fr","tag-wireless-communications-fr","domains-electronique-eci"],"acf":[],"yoast_head":"<title>Le fran\u00e7ais Scalinx l\u00e8ve 34 millions \u20ac pour des puces 5G et...<\/title>\n<meta name=\"description\" content=\"La soci\u00e9t\u00e9 fran\u00e7aise Scalinx a lev\u00e9 34 millions d&#039;euros lors d&#039;un deuxi\u00e8me tour de table pour ses puces \u00e0 haut d\u00e9bit 5G, 6G et automobile.\" \/>\n<meta name=\"robots\" content=\"index, follow, max-snippet:-1, max-image-preview:large, max-video-preview:-1\" \/>\n<link rel=\"canonical\" href=\"https:\/\/www.ecinews.fr\/fr\/wp-json\/wp\/v2\/posts\/440994\/\" \/>\n<meta property=\"og:locale\" content=\"fr_FR\" \/>\n<meta property=\"og:type\" content=\"article\" \/>\n<meta property=\"og:title\" content=\"Le fran\u00e7ais Scalinx l\u00e8ve 34 millions \u20ac pour des puces 5G et 6G\" \/>\n<meta property=\"og:description\" content=\"La soci\u00e9t\u00e9 fran\u00e7aise Scalinx a lev\u00e9 34 millions d&#039;euros lors d&#039;un deuxi\u00e8me tour de table pour ses puces \u00e0 haut d\u00e9bit 5G, 6G et automobile.\" \/>\n<meta property=\"og:url\" content=\"https:\/\/www.ecinews.fr\/fr\/wp-json\/wp\/v2\/posts\/440994\/\" \/>\n<meta property=\"og:site_name\" content=\"EENewsEurope\" \/>\n<meta property=\"article:published_time\" content=\"2024-01-11T11:14:52+00:00\" \/>\n<meta property=\"article:modified_time\" content=\"2024-01-11T11:43:47+00:00\" \/>\n<meta property=\"og:image\" content=\"https:\/\/www.ecinews.fr\/wp-content\/uploads\/2024\/01\/SCALINX-SoC-Photo-FINAL-scaled.jpg\" \/>\n\t<meta property=\"og:image:width\" content=\"1080\" \/>\n\t<meta property=\"og:image:height\" content=\"929\" \/>\n\t<meta property=\"og:image:type\" content=\"image\/jpeg\" \/>\n<meta name=\"author\" content=\"Nick Flaherty, A Delapalisse\" \/>\n<meta name=\"twitter:card\" content=\"summary_large_image\" \/>\n<meta name=\"twitter:label1\" content=\"Written by\" \/>\n\t<meta name=\"twitter:data1\" content=\"A Delapalisse\" \/>\n\t<meta name=\"twitter:label2\" content=\"Est. reading time\" \/>\n\t<meta name=\"twitter:data2\" content=\"2 minutes\" \/>\n<script type=\"application\/ld+json\" class=\"yoast-schema-graph\">{\"@context\":\"https:\/\/schema.org\",\"@graph\":[{\"@type\":\"Article\",\"@id\":\"https:\/\/www.ecinews.fr\/fr\/le-francais-scalinx-leve-34-millions-e-pour-des-puces-5g-et-6g\/#article\",\"isPartOf\":{\"@id\":\"https:\/\/www.ecinews.fr\/fr\/le-francais-scalinx-leve-34-millions-e-pour-des-puces-5g-et-6g\/\"},\"author\":{\"name\":\"A Delapalisse\",\"@id\":\"https:\/\/www.ecinews.fr\/fr\/#\/schema\/person\/0aa2cfb0bd8949724a68cbac8d8321b4\"},\"headline\":\"Le fran\u00e7ais Scalinx l\u00e8ve 34 millions \u20ac pour des puces 5G et 6G\",\"datePublished\":\"2024-01-11T11:14:52+00:00\",\"dateModified\":\"2024-01-11T11:43:47+00:00\",\"mainEntityOfPage\":{\"@id\":\"https:\/\/www.ecinews.fr\/fr\/le-francais-scalinx-leve-34-millions-e-pour-des-puces-5g-et-6g\/\"},\"wordCount\":440,\"publisher\":{\"@id\":\"https:\/\/www.ecinews.fr\/fr\/#organization\"},\"keywords\":[\"5G\",\"6G\",\"Wireless Communications\"],\"articleSection\":[\"Actualit\u00e9s \u00e9conomiques\"],\"inLanguage\":\"fr-FR\"},{\"@type\":\"WebPage\",\"@id\":\"https:\/\/www.ecinews.fr\/fr\/le-francais-scalinx-leve-34-millions-e-pour-des-puces-5g-et-6g\/\",\"url\":\"https:\/\/www.ecinews.fr\/fr\/le-francais-scalinx-leve-34-millions-e-pour-des-puces-5g-et-6g\/\",\"name\":\"Le fran\u00e7ais Scalinx l\u00e8ve 34 millions \u20ac pour des puces 5G et 6G -\",\"isPartOf\":{\"@id\":\"https:\/\/www.ecinews.fr\/fr\/#website\"},\"datePublished\":\"2024-01-11T11:14:52+00:00\",\"dateModified\":\"2024-01-11T11:43:47+00:00\",\"description\":\"La soci\u00e9t\u00e9 fran\u00e7aise Scalinx a lev\u00e9 34 millions d'euros lors d'un deuxi\u00e8me tour de table pour ses puces \u00e0 haut d\u00e9bit 5G, 6G et automobile.\",\"breadcrumb\":{\"@id\":\"https:\/\/www.ecinews.fr\/fr\/le-francais-scalinx-leve-34-millions-e-pour-des-puces-5g-et-6g\/#breadcrumb\"},\"inLanguage\":\"fr-FR\",\"potentialAction\":[{\"@type\":\"ReadAction\",\"target\":[\"https:\/\/www.ecinews.fr\/fr\/le-francais-scalinx-leve-34-millions-e-pour-des-puces-5g-et-6g\/\"]}]},{\"@type\":\"BreadcrumbList\",\"@id\":\"https:\/\/www.ecinews.fr\/fr\/le-francais-scalinx-leve-34-millions-e-pour-des-puces-5g-et-6g\/#breadcrumb\",\"itemListElement\":[{\"@type\":\"ListItem\",\"position\":1,\"name\":\"Home\",\"item\":\"https:\/\/www.ecinews.fr\/fr\/\"},{\"@type\":\"ListItem\",\"position\":2,\"name\":\"Le fran\u00e7ais Scalinx l\u00e8ve 34 millions \u20ac pour des puces 5G et 6G\"}]},{\"@type\":\"WebSite\",\"@id\":\"https:\/\/www.ecinews.fr\/fr\/#website\",\"url\":\"https:\/\/www.ecinews.fr\/fr\/\",\"name\":\"EENewsEurope\",\"description\":\"Just another WordPress site\",\"publisher\":{\"@id\":\"https:\/\/www.ecinews.fr\/fr\/#organization\"},\"potentialAction\":[{\"@type\":\"SearchAction\",\"target\":{\"@type\":\"EntryPoint\",\"urlTemplate\":\"https:\/\/www.ecinews.fr\/fr\/?s={search_term_string}\"},\"query-input\":\"required name=search_term_string\"}],\"inLanguage\":\"fr-FR\"},{\"@type\":\"Organization\",\"@id\":\"https:\/\/www.ecinews.fr\/fr\/#organization\",\"name\":\"EENewsEurope\",\"url\":\"https:\/\/www.ecinews.fr\/fr\/\",\"logo\":{\"@type\":\"ImageObject\",\"inLanguage\":\"fr-FR\",\"@id\":\"https:\/\/www.ecinews.fr\/fr\/#\/schema\/logo\/image\/\",\"url\":\"https:\/\/www.ecinews.fr\/wp-content\/uploads\/2022\/02\/logo-1.jpg\",\"contentUrl\":\"https:\/\/www.ecinews.fr\/wp-content\/uploads\/2022\/02\/logo-1.jpg\",\"width\":283,\"height\":113,\"caption\":\"EENewsEurope\"},\"image\":{\"@id\":\"https:\/\/www.ecinews.fr\/fr\/#\/schema\/logo\/image\/\"}},{\"@type\":\"Person\",\"@id\":\"https:\/\/www.ecinews.fr\/fr\/#\/schema\/person\/0aa2cfb0bd8949724a68cbac8d8321b4\",\"name\":\"A Delapalisse\",\"image\":{\"@type\":\"ImageObject\",\"inLanguage\":\"fr-FR\",\"@id\":\"https:\/\/www.ecinews.fr\/fr\/#\/schema\/person\/image\/211ac42237c2e9683c0964086c393cb4\",\"url\":\"https:\/\/secure.gravatar.com\/avatar\/ad45a8c5da24bc9c7c4940dd1c48a695?s=96&d=mm&r=g\",\"contentUrl\":\"https:\/\/secure.gravatar.com\/avatar\/ad45a8c5da24bc9c7c4940dd1c48a695?s=96&d=mm&r=g\",\"caption\":\"A Delapalisse\"},\"sameAs\":[\"http:\/\/ECI\"]}]}<\/script>","yoast_head_json":{"title":"Le fran\u00e7ais Scalinx l\u00e8ve 34 millions \u20ac pour des puces 5G et...","description":"La soci\u00e9t\u00e9 fran\u00e7aise Scalinx a lev\u00e9 34 millions d'euros lors d'un deuxi\u00e8me tour de table pour ses puces \u00e0 haut d\u00e9bit 5G, 6G et automobile.","robots":{"index":"index","follow":"follow","max-snippet":"max-snippet:-1","max-image-preview":"max-image-preview:large","max-video-preview":"max-video-preview:-1"},"canonical":"https:\/\/www.ecinews.fr\/fr\/wp-json\/wp\/v2\/posts\/440994\/","og_locale":"fr_FR","og_type":"article","og_title":"Le fran\u00e7ais Scalinx l\u00e8ve 34 millions \u20ac pour des puces 5G et 6G","og_description":"La soci\u00e9t\u00e9 fran\u00e7aise Scalinx a lev\u00e9 34 millions d'euros lors d'un deuxi\u00e8me tour de table pour ses puces \u00e0 haut d\u00e9bit 5G, 6G et automobile.","og_url":"https:\/\/www.ecinews.fr\/fr\/wp-json\/wp\/v2\/posts\/440994\/","og_site_name":"EENewsEurope","article_published_time":"2024-01-11T11:14:52+00:00","article_modified_time":"2024-01-11T11:43:47+00:00","og_image":[{"width":1080,"height":929,"url":"https:\/\/www.ecinews.fr\/wp-content\/uploads\/2024\/01\/SCALINX-SoC-Photo-FINAL-scaled.jpg","type":"image\/jpeg"}],"author":"Nick Flaherty, A Delapalisse","twitter_card":"summary_large_image","twitter_misc":{"Written by":"A Delapalisse","Est. reading time":"2 minutes"},"schema":{"@context":"https:\/\/schema.org","@graph":[{"@type":"Article","@id":"https:\/\/www.ecinews.fr\/fr\/le-francais-scalinx-leve-34-millions-e-pour-des-puces-5g-et-6g\/#article","isPartOf":{"@id":"https:\/\/www.ecinews.fr\/fr\/le-francais-scalinx-leve-34-millions-e-pour-des-puces-5g-et-6g\/"},"author":{"name":"A Delapalisse","@id":"https:\/\/www.ecinews.fr\/fr\/#\/schema\/person\/0aa2cfb0bd8949724a68cbac8d8321b4"},"headline":"Le fran\u00e7ais Scalinx l\u00e8ve 34 millions \u20ac pour des puces 5G et 6G","datePublished":"2024-01-11T11:14:52+00:00","dateModified":"2024-01-11T11:43:47+00:00","mainEntityOfPage":{"@id":"https:\/\/www.ecinews.fr\/fr\/le-francais-scalinx-leve-34-millions-e-pour-des-puces-5g-et-6g\/"},"wordCount":440,"publisher":{"@id":"https:\/\/www.ecinews.fr\/fr\/#organization"},"keywords":["5G","6G","Wireless Communications"],"articleSection":["Actualit\u00e9s \u00e9conomiques"],"inLanguage":"fr-FR"},{"@type":"WebPage","@id":"https:\/\/www.ecinews.fr\/fr\/le-francais-scalinx-leve-34-millions-e-pour-des-puces-5g-et-6g\/","url":"https:\/\/www.ecinews.fr\/fr\/le-francais-scalinx-leve-34-millions-e-pour-des-puces-5g-et-6g\/","name":"Le fran\u00e7ais Scalinx l\u00e8ve 34 millions \u20ac pour des puces 5G et 6G -","isPartOf":{"@id":"https:\/\/www.ecinews.fr\/fr\/#website"},"datePublished":"2024-01-11T11:14:52+00:00","dateModified":"2024-01-11T11:43:47+00:00","description":"La soci\u00e9t\u00e9 fran\u00e7aise Scalinx a lev\u00e9 34 millions d'euros lors d'un deuxi\u00e8me tour de table pour ses puces \u00e0 haut d\u00e9bit 5G, 6G et automobile.","breadcrumb":{"@id":"https:\/\/www.ecinews.fr\/fr\/le-francais-scalinx-leve-34-millions-e-pour-des-puces-5g-et-6g\/#breadcrumb"},"inLanguage":"fr-FR","potentialAction":[{"@type":"ReadAction","target":["https:\/\/www.ecinews.fr\/fr\/le-francais-scalinx-leve-34-millions-e-pour-des-puces-5g-et-6g\/"]}]},{"@type":"BreadcrumbList","@id":"https:\/\/www.ecinews.fr\/fr\/le-francais-scalinx-leve-34-millions-e-pour-des-puces-5g-et-6g\/#breadcrumb","itemListElement":[{"@type":"ListItem","position":1,"name":"Home","item":"https:\/\/www.ecinews.fr\/fr\/"},{"@type":"ListItem","position":2,"name":"Le fran\u00e7ais Scalinx l\u00e8ve 34 millions \u20ac pour des puces 5G et 6G"}]},{"@type":"WebSite","@id":"https:\/\/www.ecinews.fr\/fr\/#website","url":"https:\/\/www.ecinews.fr\/fr\/","name":"EENewsEurope","description":"Just another WordPress site","publisher":{"@id":"https:\/\/www.ecinews.fr\/fr\/#organization"},"potentialAction":[{"@type":"SearchAction","target":{"@type":"EntryPoint","urlTemplate":"https:\/\/www.ecinews.fr\/fr\/?s={search_term_string}"},"query-input":"required name=search_term_string"}],"inLanguage":"fr-FR"},{"@type":"Organization","@id":"https:\/\/www.ecinews.fr\/fr\/#organization","name":"EENewsEurope","url":"https:\/\/www.ecinews.fr\/fr\/","logo":{"@type":"ImageObject","inLanguage":"fr-FR","@id":"https:\/\/www.ecinews.fr\/fr\/#\/schema\/logo\/image\/","url":"https:\/\/www.ecinews.fr\/wp-content\/uploads\/2022\/02\/logo-1.jpg","contentUrl":"https:\/\/www.ecinews.fr\/wp-content\/uploads\/2022\/02\/logo-1.jpg","width":283,"height":113,"caption":"EENewsEurope"},"image":{"@id":"https:\/\/www.ecinews.fr\/fr\/#\/schema\/logo\/image\/"}},{"@type":"Person","@id":"https:\/\/www.ecinews.fr\/fr\/#\/schema\/person\/0aa2cfb0bd8949724a68cbac8d8321b4","name":"A Delapalisse","image":{"@type":"ImageObject","inLanguage":"fr-FR","@id":"https:\/\/www.ecinews.fr\/fr\/#\/schema\/person\/image\/211ac42237c2e9683c0964086c393cb4","url":"https:\/\/secure.gravatar.com\/avatar\/ad45a8c5da24bc9c7c4940dd1c48a695?s=96&d=mm&r=g","contentUrl":"https:\/\/secure.gravatar.com\/avatar\/ad45a8c5da24bc9c7c4940dd1c48a695?s=96&d=mm&r=g","caption":"A Delapalisse"},"sameAs":["http:\/\/ECI"]}]}},"authors":[{"term_id":3640,"user_id":0,"is_guest":1,"slug":"nick-flaherty","display_name":"Nick Flaherty","avatar_url":"https:\/\/secure.gravatar.com\/avatar\/?s=96&d=mm&r=g","0":null,"1":"","2":"","3":"","4":"","5":"","6":"","7":"","8":""},{"term_id":1153,"user_id":34,"is_guest":0,"slug":"adelapalisse","display_name":"A Delapalisse","avatar_url":"https:\/\/secure.gravatar.com\/avatar\/ad45a8c5da24bc9c7c4940dd1c48a695?s=96&d=mm&r=g","0":null,"1":"","2":"","3":"","4":"","5":"","6":"","7":"","8":""}],"_links":{"self":[{"href":"https:\/\/www.ecinews.fr\/fr\/wp-json\/wp\/v2\/posts\/440994"}],"collection":[{"href":"https:\/\/www.ecinews.fr\/fr\/wp-json\/wp\/v2\/posts"}],"about":[{"href":"https:\/\/www.ecinews.fr\/fr\/wp-json\/wp\/v2\/types\/post"}],"author":[{"embeddable":true,"href":"https:\/\/www.ecinews.fr\/fr\/wp-json\/wp\/v2\/users\/34"}],"replies":[{"embeddable":true,"href":"https:\/\/www.ecinews.fr\/fr\/wp-json\/wp\/v2\/comments?post=440994"}],"version-history":[{"count":0,"href":"https:\/\/www.ecinews.fr\/fr\/wp-json\/wp\/v2\/posts\/440994\/revisions"}],"wp:featuredmedia":[{"embeddable":true,"href":"https:\/\/www.ecinews.fr\/fr\/wp-json\/wp\/v2\/media\/440939"}],"wp:attachment":[{"href":"https:\/\/www.ecinews.fr\/fr\/wp-json\/wp\/v2\/media?parent=440994"}],"wp:term":[{"taxonomy":"category","embeddable":true,"href":"https:\/\/www.ecinews.fr\/fr\/wp-json\/wp\/v2\/categories?post=440994"},{"taxonomy":"post_tag","embeddable":true,"href":"https:\/\/www.ecinews.fr\/fr\/wp-json\/wp\/v2\/tags?post=440994"},{"taxonomy":"domains","embeddable":true,"href":"https:\/\/www.ecinews.fr\/fr\/wp-json\/wp\/v2\/domains?post=440994"},{"taxonomy":"author","embeddable":true,"href":"https:\/\/www.ecinews.fr\/fr\/wp-json\/wp\/v2\/ppma_author?post=440994"}],"curies":[{"name":"wp","href":"https:\/\/api.w.org\/{rel}","templated":true}]}}