{"id":440267,"date":"2024-01-03T09:34:15","date_gmt":"2024-01-03T08:34:15","guid":{"rendered":"https:\/\/www.eenewseurope.com\/?p=440267"},"modified":"2024-01-03T09:35:27","modified_gmt":"2024-01-03T08:35:27","slug":"la-capacite-de-production-de-wafers-atteint-un-niveau-record","status":"publish","type":"post","link":"https:\/\/www.ecinews.fr\/fr\/la-capacite-de-production-de-wafers-atteint-un-niveau-record\/","title":{"rendered":"La capacit\u00e9 de production de wafers atteint un niveau record"},"content":{"rendered":"<h3>La capacit\u00e9 mondiale de production de semiconducteurs devrait augmenter de 6,4 % en 2024 pour atteindre pour la premi\u00e8re fois l&rsquo;\u00e9quivalent de 30 millions de wafers de 200 mm par mois.<\/h3>\n<p>Les chiffres records relatifs \u00e0 la capacit\u00e9 de production de wafers de semiconducteurs tir\u00e9s du dernier rapport trimestriel World Fab Forecast de SEMI font \u00e9tat de 42 nouvelles fabs qui ouvriront leurs portes au cours de l&rsquo;ann\u00e9e, dont pr\u00e8s de la moiti\u00e9 en Chine.<\/p>\n<p>La croissance en 2024 sera tir\u00e9e par les augmentations de capacit\u00e9 dans la logique de pointe et la fonderie, les applications, y compris l&rsquo;IA g\u00e9n\u00e9rative et le calcul \u00e0 haute performance (HPC), et la reprise de la demande finale pour les puces. L&rsquo;expansion des capacit\u00e9s s&rsquo;est ralentie en 2023 en raison du fl\u00e9chissement de la demande sur le march\u00e9 des semiconducteurs et de la correction des stocks qui en a r\u00e9sult\u00e9.<\/p>\n<ul>\n<li><a href=\"https:\/\/www.eenewseurope.com\/en\/global-fab-utilization-to-drop-below-70-in-4q23-says-semi\/\">Selon Semi, le taux d&rsquo;utilisation des fabs au niveau mondial devrait passer sous la barre des 70 % au quatri\u00e8me trimestre de l&rsquo;ann\u00e9e 23.<\/a><\/li>\n<li><a href=\"https:\/\/www.eenewseurope.com\/en\/semi-launches-e4m-european-chip-skills-academy\/\">Semi lance l&rsquo;Acad\u00e9mie europ\u00e9enne des comp\u00e9tences en mati\u00e8re de puces \u00e9lectroniques, dot\u00e9e d&rsquo;un budget de 4 millions d&rsquo;euros<\/a><\/li>\n<li><a href=\"https:\/\/www.eenewseurope.com\/en\/semiconductor-market-has-turned-the-corner-says-analyst\/\">Selon un analyste, le march\u00e9 des semiconducteurs a pass\u00e9 le cap <\/a><\/li>\n<\/ul>\n<p>\u00ab\u00a0La reprise de la demande sur le march\u00e9 et l&rsquo;augmentation des incitations gouvernementales dans le monde entier sont \u00e0 l&rsquo;origine de la hausse des investissements dans les usines de fabrication de puces dans les r\u00e9gions cl\u00e9s et de l&rsquo;augmentation pr\u00e9vue de 6,4 % de la capacit\u00e9 mondiale en 2024\u00a0\u00bb, a d\u00e9clar\u00e9 Ajit Manocha, pr\u00e9sident et directeur g\u00e9n\u00e9ral de SEMI. \u00ab\u00a0L&rsquo;attention mondiale accrue sur l&rsquo;importance strat\u00e9gique de la fabrication de semiconducteurs pour la s\u00e9curit\u00e9 nationale et \u00e9conomique est un catalyseur cl\u00e9 de ces tendances.<\/p>\n<p>Couvrant la p\u00e9riode 2022-2024, le rapport World Fab Forecast montre que l&rsquo;industrie mondiale des semiconducteurs pr\u00e9voit de mettre en service 82 nouvelles fabs, dont 11 projets en 2023 et 42 projets en 2024, couvrant des tailles de wafers allant de 300 mm \u00e0 100 mm.<\/p>\n<p>Stimul\u00e9e par des financements publics et d&rsquo;autres mesures incitatives, la Chine devrait accro\u00eetre sa part dans la production mondiale de semi-conducteurs. Les fabricants chinois de puces devraient lancer 18 projets en 2024, avec une croissance de la capacit\u00e9 de 12 % en glissement annuel pour atteindre 7,6 millions de wpm en 2023 et de 13 % en glissement annuel pour atteindre 8,6 millions de wpm en 2024.<\/p>\n<p>Ta\u00efwan devrait rester la deuxi\u00e8me r\u00e9gion en termes de capacit\u00e9 de production de semiconducteurs, augmentant sa capacit\u00e9 de 5,6 % pour atteindre 5,4 millions de wpm en 2023 et affichant une croissance de 4,2 % pour atteindre 5,7 millions de wpm en 2024. La r\u00e9gion s&rsquo;appr\u00eate \u00e0 mettre en service cinq fabs en 2024.<\/p>\n<p>La Cor\u00e9e se classe au troisi\u00e8me rang en termes de capacit\u00e9 de production de puces, avec 4,9 millions de wpm en 2023 et 5,1 millions de wpm en 2024, soit une augmentation de 5,4 % avec l&rsquo;entr\u00e9e en service d&rsquo;une nouvelle usine. Le Japon devrait occuper la quatri\u00e8me place avec 4,6 millions de wpm en 2023 et 4,7 millions de wpm en 2024, soit une augmentation de capacit\u00e9 de 2 %, \u00e9tant donn\u00e9 qu&rsquo;il commencera \u00e0 exploiter quatre fabs en 2024.<\/p>\n<p>Le World Fab Forecast montre que les Am\u00e9riques augmentent leur capacit\u00e9 de production de puces de 6 % en glissement annuel pour atteindre 3,1 millions de wpm, avec six nouvelles fabs en 2024. L&rsquo;Europe et le Moyen-Orient devraient augmenter leur capacit\u00e9 de 3,6 % pour atteindre 2,7 millions de wpm en 2024, gr\u00e2ce au lancement de l&rsquo;exploitation de quatre nouvelles fabs. L&rsquo;Asie du Sud-Est est sur le point d&rsquo;augmenter sa capacit\u00e9 de 4 % pour atteindre 1,7 million de wpm en 2024, avec le lancement de quatre nouveaux projets de fab.<\/p>\n<p>Les fournisseurs de fonderies devraient se classer parmi les premiers acheteurs d&rsquo;\u00e9quipements de semiconducteurs, augmentant leur capacit\u00e9 \u00e0 9,3 millions de wpm en 2023 et \u00e0 un record de 10,2 millions de wpm en 2024.<\/p>\n<p>Le segment des m\u00e9moires a ralenti l&rsquo;expansion de sa capacit\u00e9 en 2023 en raison de la faible demande dans le secteur de l&rsquo;\u00e9lectronique grand public, y compris les PC et les smartphones. Le segment des DRAM devrait augmenter sa capacit\u00e9 de production de wafers de 2 % pour atteindre 3,8 millions de wpm en 2023 et de 5 % pour atteindre 4 millions de wpm en 2024. La capacit\u00e9 install\u00e9e de 3D NAND devrait rester stable \u00e0 3,6 millions en 2023 et augmenter de 2 % pour atteindre 3,7 millions de wpm l&rsquo;ann\u00e9e prochaine.<\/p>\n<p>Dans les segments discret et analogique, l&rsquo;\u00e9lectrification des v\u00e9hicules reste le principal moteur de l&rsquo;expansion des capacit\u00e9s. La capacit\u00e9 de production de wafers pour composants discrets devrait augmenter de 10 % pour atteindre 4,1 millions de wpm en 2023 et de 7 % pour atteindre 4,4 millions de wpm en 2024, tandis que la capacit\u00e9 de production de wafers analogiques devrait augmenter de 11 % pour atteindre 2,1 millions de wpm en 2023 et de 10 % pour atteindre 2,4 millions de wpm en 2024.<\/p>\n<p>La derni\u00e8re mise \u00e0 jour du rapport SEMI World Fab Forecast recense 1 500 installations et lignes de production dans le monde, dont 177 installations et lignes de production en volume avec diverses probabilit\u00e9s de mise en service en 2023 ou plus tard.<\/p>\n<p><a href=\"https:\/\/c212.net\/c\/link\/?t=0&amp;l=en&amp;o=4058801-1&amp;h=1692790645&amp;u=https%3A%2F%2Fwww.semi.org%2F&amp;a=www.semi.org\">www.semi.org<\/a><\/p>\n","protected":false},"excerpt":{"rendered":"<p>La capacit\u00e9 mondiale de production de semiconducteurs devrait augmenter de 6,4 % en 2024 pour atteindre pour la premi\u00e8re fois l&rsquo;\u00e9quivalent de 30 millions de wafers de 200 mm par mois. Les chiffres records relatifs \u00e0 la capacit\u00e9 de production de wafers de semiconducteurs tir\u00e9s du dernier rapport trimestriel World Fab Forecast de SEMI font [&hellip;]<\/p>\n","protected":false},"author":34,"featured_media":440249,"comment_status":"closed","ping_status":"closed","sticky":false,"template":"","format":"standard","meta":{"_acf_changed":false,"footnotes":""},"categories":[888],"tags":[2264,4833,1558],"domains":[47],"ppma_author":[1153,3640],"class_list":["post-440267","post","type-post","status-publish","format-standard","has-post-thumbnail","hentry","category-marche","tag-fabs","tag-marche-des-puces","tag-semiconducteurs","domains-electronique-eci"],"acf":[],"yoast_head":"<title>La capacit\u00e9 de production de wafers atteint un niveau record ...<\/title>\n<meta name=\"description\" content=\"La capacit\u00e9 mondiale de production de wafers devrait d\u00e9passer l&#039;\u00e9quivalent de 30 millions de wafers de 200 mm par mois (wpm).\" \/>\n<meta name=\"robots\" content=\"index, follow, max-snippet:-1, max-image-preview:large, max-video-preview:-1\" \/>\n<link rel=\"canonical\" href=\"https:\/\/www.ecinews.fr\/fr\/wp-json\/wp\/v2\/posts\/440267\/\" \/>\n<meta property=\"og:locale\" content=\"fr_FR\" \/>\n<meta property=\"og:type\" content=\"article\" \/>\n<meta property=\"og:title\" content=\"La capacit\u00e9 de production de wafers atteint un niveau record\" \/>\n<meta property=\"og:description\" content=\"La capacit\u00e9 mondiale de production de wafers devrait d\u00e9passer l&#039;\u00e9quivalent de 30 millions de wafers de 200 mm par mois (wpm).\" \/>\n<meta property=\"og:url\" content=\"https:\/\/www.ecinews.fr\/fr\/wp-json\/wp\/v2\/posts\/440267\/\" \/>\n<meta property=\"og:site_name\" content=\"EENewsEurope\" \/>\n<meta property=\"article:published_time\" content=\"2024-01-03T08:34:15+00:00\" \/>\n<meta property=\"article:modified_time\" content=\"2024-01-03T08:35:27+00:00\" \/>\n<meta property=\"og:image\" content=\"https:\/\/www.ecinews.fr\/wp-content\/uploads\/2024\/01\/SEMI_World_Fab_Forecast_Q4_2023_v2.jpg\" \/>\n\t<meta property=\"og:image:width\" content=\"482\" \/>\n\t<meta property=\"og:image:height\" content=\"276\" \/>\n\t<meta property=\"og:image:type\" content=\"image\/jpeg\" \/>\n<meta name=\"author\" content=\"A Delapalisse, Nick Flaherty\" \/>\n<meta name=\"twitter:card\" content=\"summary_large_image\" \/>\n<meta name=\"twitter:label1\" content=\"Written by\" \/>\n\t<meta name=\"twitter:data1\" content=\"A Delapalisse\" \/>\n\t<meta name=\"twitter:label2\" content=\"Est. reading time\" \/>\n\t<meta name=\"twitter:data2\" content=\"4 minutes\" \/>\n<script type=\"application\/ld+json\" class=\"yoast-schema-graph\">{\"@context\":\"https:\/\/schema.org\",\"@graph\":[{\"@type\":\"Article\",\"@id\":\"https:\/\/www.ecinews.fr\/fr\/la-capacite-de-production-de-wafers-atteint-un-niveau-record\/#article\",\"isPartOf\":{\"@id\":\"https:\/\/www.ecinews.fr\/fr\/la-capacite-de-production-de-wafers-atteint-un-niveau-record\/\"},\"author\":{\"name\":\"A Delapalisse\",\"@id\":\"https:\/\/www.ecinews.fr\/fr\/#\/schema\/person\/0aa2cfb0bd8949724a68cbac8d8321b4\"},\"headline\":\"La capacit\u00e9 de production de wafers atteint un niveau record\",\"datePublished\":\"2024-01-03T08:34:15+00:00\",\"dateModified\":\"2024-01-03T08:35:27+00:00\",\"mainEntityOfPage\":{\"@id\":\"https:\/\/www.ecinews.fr\/fr\/la-capacite-de-production-de-wafers-atteint-un-niveau-record\/\"},\"wordCount\":855,\"publisher\":{\"@id\":\"https:\/\/www.ecinews.fr\/fr\/#organization\"},\"keywords\":[\"Fabs\",\"march\u00e9 des puces\",\"Semiconducteurs\"],\"articleSection\":[\"March\u00e9\"],\"inLanguage\":\"fr-FR\"},{\"@type\":\"WebPage\",\"@id\":\"https:\/\/www.ecinews.fr\/fr\/la-capacite-de-production-de-wafers-atteint-un-niveau-record\/\",\"url\":\"https:\/\/www.ecinews.fr\/fr\/la-capacite-de-production-de-wafers-atteint-un-niveau-record\/\",\"name\":\"La capacit\u00e9 de production de wafers atteint un niveau record -\",\"isPartOf\":{\"@id\":\"https:\/\/www.ecinews.fr\/fr\/#website\"},\"datePublished\":\"2024-01-03T08:34:15+00:00\",\"dateModified\":\"2024-01-03T08:35:27+00:00\",\"description\":\"La capacit\u00e9 mondiale de production de wafers devrait d\u00e9passer l'\u00e9quivalent de 30 millions de wafers de 200 mm par mois (wpm).\",\"breadcrumb\":{\"@id\":\"https:\/\/www.ecinews.fr\/fr\/la-capacite-de-production-de-wafers-atteint-un-niveau-record\/#breadcrumb\"},\"inLanguage\":\"fr-FR\",\"potentialAction\":[{\"@type\":\"ReadAction\",\"target\":[\"https:\/\/www.ecinews.fr\/fr\/la-capacite-de-production-de-wafers-atteint-un-niveau-record\/\"]}]},{\"@type\":\"BreadcrumbList\",\"@id\":\"https:\/\/www.ecinews.fr\/fr\/la-capacite-de-production-de-wafers-atteint-un-niveau-record\/#breadcrumb\",\"itemListElement\":[{\"@type\":\"ListItem\",\"position\":1,\"name\":\"Home\",\"item\":\"https:\/\/www.ecinews.fr\/fr\/\"},{\"@type\":\"ListItem\",\"position\":2,\"name\":\"La capacit\u00e9 de production de wafers atteint un niveau record\"}]},{\"@type\":\"WebSite\",\"@id\":\"https:\/\/www.ecinews.fr\/fr\/#website\",\"url\":\"https:\/\/www.ecinews.fr\/fr\/\",\"name\":\"EENewsEurope\",\"description\":\"Just another WordPress site\",\"publisher\":{\"@id\":\"https:\/\/www.ecinews.fr\/fr\/#organization\"},\"potentialAction\":[{\"@type\":\"SearchAction\",\"target\":{\"@type\":\"EntryPoint\",\"urlTemplate\":\"https:\/\/www.ecinews.fr\/fr\/?s={search_term_string}\"},\"query-input\":\"required name=search_term_string\"}],\"inLanguage\":\"fr-FR\"},{\"@type\":\"Organization\",\"@id\":\"https:\/\/www.ecinews.fr\/fr\/#organization\",\"name\":\"EENewsEurope\",\"url\":\"https:\/\/www.ecinews.fr\/fr\/\",\"logo\":{\"@type\":\"ImageObject\",\"inLanguage\":\"fr-FR\",\"@id\":\"https:\/\/www.ecinews.fr\/fr\/#\/schema\/logo\/image\/\",\"url\":\"https:\/\/www.ecinews.fr\/wp-content\/uploads\/2022\/02\/logo-1.jpg\",\"contentUrl\":\"https:\/\/www.ecinews.fr\/wp-content\/uploads\/2022\/02\/logo-1.jpg\",\"width\":283,\"height\":113,\"caption\":\"EENewsEurope\"},\"image\":{\"@id\":\"https:\/\/www.ecinews.fr\/fr\/#\/schema\/logo\/image\/\"}},{\"@type\":\"Person\",\"@id\":\"https:\/\/www.ecinews.fr\/fr\/#\/schema\/person\/0aa2cfb0bd8949724a68cbac8d8321b4\",\"name\":\"A Delapalisse\",\"image\":{\"@type\":\"ImageObject\",\"inLanguage\":\"fr-FR\",\"@id\":\"https:\/\/www.ecinews.fr\/fr\/#\/schema\/person\/image\/211ac42237c2e9683c0964086c393cb4\",\"url\":\"https:\/\/secure.gravatar.com\/avatar\/ad45a8c5da24bc9c7c4940dd1c48a695?s=96&d=mm&r=g\",\"contentUrl\":\"https:\/\/secure.gravatar.com\/avatar\/ad45a8c5da24bc9c7c4940dd1c48a695?s=96&d=mm&r=g\",\"caption\":\"A Delapalisse\"},\"sameAs\":[\"http:\/\/ECI\"]}]}<\/script>","yoast_head_json":{"title":"La capacit\u00e9 de production de wafers atteint un niveau record ...","description":"La capacit\u00e9 mondiale de production de wafers devrait d\u00e9passer l'\u00e9quivalent de 30 millions de wafers de 200 mm par mois (wpm).","robots":{"index":"index","follow":"follow","max-snippet":"max-snippet:-1","max-image-preview":"max-image-preview:large","max-video-preview":"max-video-preview:-1"},"canonical":"https:\/\/www.ecinews.fr\/fr\/wp-json\/wp\/v2\/posts\/440267\/","og_locale":"fr_FR","og_type":"article","og_title":"La capacit\u00e9 de production de wafers atteint un niveau record","og_description":"La capacit\u00e9 mondiale de production de wafers devrait d\u00e9passer l'\u00e9quivalent de 30 millions de wafers de 200 mm par mois (wpm).","og_url":"https:\/\/www.ecinews.fr\/fr\/wp-json\/wp\/v2\/posts\/440267\/","og_site_name":"EENewsEurope","article_published_time":"2024-01-03T08:34:15+00:00","article_modified_time":"2024-01-03T08:35:27+00:00","og_image":[{"width":482,"height":276,"url":"https:\/\/www.ecinews.fr\/wp-content\/uploads\/2024\/01\/SEMI_World_Fab_Forecast_Q4_2023_v2.jpg","type":"image\/jpeg"}],"author":"A Delapalisse, Nick Flaherty","twitter_card":"summary_large_image","twitter_misc":{"Written by":"A Delapalisse","Est. reading time":"4 minutes"},"schema":{"@context":"https:\/\/schema.org","@graph":[{"@type":"Article","@id":"https:\/\/www.ecinews.fr\/fr\/la-capacite-de-production-de-wafers-atteint-un-niveau-record\/#article","isPartOf":{"@id":"https:\/\/www.ecinews.fr\/fr\/la-capacite-de-production-de-wafers-atteint-un-niveau-record\/"},"author":{"name":"A Delapalisse","@id":"https:\/\/www.ecinews.fr\/fr\/#\/schema\/person\/0aa2cfb0bd8949724a68cbac8d8321b4"},"headline":"La capacit\u00e9 de production de wafers atteint un niveau record","datePublished":"2024-01-03T08:34:15+00:00","dateModified":"2024-01-03T08:35:27+00:00","mainEntityOfPage":{"@id":"https:\/\/www.ecinews.fr\/fr\/la-capacite-de-production-de-wafers-atteint-un-niveau-record\/"},"wordCount":855,"publisher":{"@id":"https:\/\/www.ecinews.fr\/fr\/#organization"},"keywords":["Fabs","march\u00e9 des puces","Semiconducteurs"],"articleSection":["March\u00e9"],"inLanguage":"fr-FR"},{"@type":"WebPage","@id":"https:\/\/www.ecinews.fr\/fr\/la-capacite-de-production-de-wafers-atteint-un-niveau-record\/","url":"https:\/\/www.ecinews.fr\/fr\/la-capacite-de-production-de-wafers-atteint-un-niveau-record\/","name":"La capacit\u00e9 de production de wafers atteint un niveau record -","isPartOf":{"@id":"https:\/\/www.ecinews.fr\/fr\/#website"},"datePublished":"2024-01-03T08:34:15+00:00","dateModified":"2024-01-03T08:35:27+00:00","description":"La capacit\u00e9 mondiale de production de wafers devrait d\u00e9passer l'\u00e9quivalent de 30 millions de wafers de 200 mm par mois (wpm).","breadcrumb":{"@id":"https:\/\/www.ecinews.fr\/fr\/la-capacite-de-production-de-wafers-atteint-un-niveau-record\/#breadcrumb"},"inLanguage":"fr-FR","potentialAction":[{"@type":"ReadAction","target":["https:\/\/www.ecinews.fr\/fr\/la-capacite-de-production-de-wafers-atteint-un-niveau-record\/"]}]},{"@type":"BreadcrumbList","@id":"https:\/\/www.ecinews.fr\/fr\/la-capacite-de-production-de-wafers-atteint-un-niveau-record\/#breadcrumb","itemListElement":[{"@type":"ListItem","position":1,"name":"Home","item":"https:\/\/www.ecinews.fr\/fr\/"},{"@type":"ListItem","position":2,"name":"La capacit\u00e9 de production de wafers atteint un niveau record"}]},{"@type":"WebSite","@id":"https:\/\/www.ecinews.fr\/fr\/#website","url":"https:\/\/www.ecinews.fr\/fr\/","name":"EENewsEurope","description":"Just another WordPress site","publisher":{"@id":"https:\/\/www.ecinews.fr\/fr\/#organization"},"potentialAction":[{"@type":"SearchAction","target":{"@type":"EntryPoint","urlTemplate":"https:\/\/www.ecinews.fr\/fr\/?s={search_term_string}"},"query-input":"required name=search_term_string"}],"inLanguage":"fr-FR"},{"@type":"Organization","@id":"https:\/\/www.ecinews.fr\/fr\/#organization","name":"EENewsEurope","url":"https:\/\/www.ecinews.fr\/fr\/","logo":{"@type":"ImageObject","inLanguage":"fr-FR","@id":"https:\/\/www.ecinews.fr\/fr\/#\/schema\/logo\/image\/","url":"https:\/\/www.ecinews.fr\/wp-content\/uploads\/2022\/02\/logo-1.jpg","contentUrl":"https:\/\/www.ecinews.fr\/wp-content\/uploads\/2022\/02\/logo-1.jpg","width":283,"height":113,"caption":"EENewsEurope"},"image":{"@id":"https:\/\/www.ecinews.fr\/fr\/#\/schema\/logo\/image\/"}},{"@type":"Person","@id":"https:\/\/www.ecinews.fr\/fr\/#\/schema\/person\/0aa2cfb0bd8949724a68cbac8d8321b4","name":"A Delapalisse","image":{"@type":"ImageObject","inLanguage":"fr-FR","@id":"https:\/\/www.ecinews.fr\/fr\/#\/schema\/person\/image\/211ac42237c2e9683c0964086c393cb4","url":"https:\/\/secure.gravatar.com\/avatar\/ad45a8c5da24bc9c7c4940dd1c48a695?s=96&d=mm&r=g","contentUrl":"https:\/\/secure.gravatar.com\/avatar\/ad45a8c5da24bc9c7c4940dd1c48a695?s=96&d=mm&r=g","caption":"A Delapalisse"},"sameAs":["http:\/\/ECI"]}]}},"authors":[{"term_id":1153,"user_id":34,"is_guest":0,"slug":"adelapalisse","display_name":"A Delapalisse","avatar_url":"https:\/\/secure.gravatar.com\/avatar\/ad45a8c5da24bc9c7c4940dd1c48a695?s=96&d=mm&r=g","0":null,"1":"","2":"","3":"","4":"","5":"","6":"","7":"","8":""},{"term_id":3640,"user_id":0,"is_guest":1,"slug":"nick-flaherty","display_name":"Nick Flaherty","avatar_url":"https:\/\/secure.gravatar.com\/avatar\/?s=96&d=mm&r=g","0":null,"1":"","2":"","3":"","4":"","5":"","6":"","7":"","8":""}],"_links":{"self":[{"href":"https:\/\/www.ecinews.fr\/fr\/wp-json\/wp\/v2\/posts\/440267"}],"collection":[{"href":"https:\/\/www.ecinews.fr\/fr\/wp-json\/wp\/v2\/posts"}],"about":[{"href":"https:\/\/www.ecinews.fr\/fr\/wp-json\/wp\/v2\/types\/post"}],"author":[{"embeddable":true,"href":"https:\/\/www.ecinews.fr\/fr\/wp-json\/wp\/v2\/users\/34"}],"replies":[{"embeddable":true,"href":"https:\/\/www.ecinews.fr\/fr\/wp-json\/wp\/v2\/comments?post=440267"}],"version-history":[{"count":0,"href":"https:\/\/www.ecinews.fr\/fr\/wp-json\/wp\/v2\/posts\/440267\/revisions"}],"wp:featuredmedia":[{"embeddable":true,"href":"https:\/\/www.ecinews.fr\/fr\/wp-json\/wp\/v2\/media\/440249"}],"wp:attachment":[{"href":"https:\/\/www.ecinews.fr\/fr\/wp-json\/wp\/v2\/media?parent=440267"}],"wp:term":[{"taxonomy":"category","embeddable":true,"href":"https:\/\/www.ecinews.fr\/fr\/wp-json\/wp\/v2\/categories?post=440267"},{"taxonomy":"post_tag","embeddable":true,"href":"https:\/\/www.ecinews.fr\/fr\/wp-json\/wp\/v2\/tags?post=440267"},{"taxonomy":"domains","embeddable":true,"href":"https:\/\/www.ecinews.fr\/fr\/wp-json\/wp\/v2\/domains?post=440267"},{"taxonomy":"author","embeddable":true,"href":"https:\/\/www.ecinews.fr\/fr\/wp-json\/wp\/v2\/ppma_author?post=440267"}],"curies":[{"name":"wp","href":"https:\/\/api.w.org\/{rel}","templated":true}]}}