{"id":439907,"date":"2023-12-23T17:25:30","date_gmt":"2023-12-23T16:25:30","guid":{"rendered":"https:\/\/www.eenewseurope.com\/?p=439907"},"modified":"2023-12-23T17:25:30","modified_gmt":"2023-12-23T16:25:30","slug":"vela-un-supercalculateur-dia-dans-le-cloud-ibm","status":"publish","type":"post","link":"https:\/\/www.ecinews.fr\/fr\/vela-un-supercalculateur-dia-dans-le-cloud-ibm\/","title":{"rendered":"Vela, un supercalculateur d&rsquo;IA dans le cloud IBM"},"content":{"rendered":"<h2>Vela permet de d\u00e9ployer efficacement des flux de travail d&rsquo;IA &#8211; du pr\u00e9traitement des donn\u00e9es, de l&rsquo;entra\u00eenement et du r\u00e9glage des mod\u00e8les, au d\u00e9ploiement et m\u00eame \u00e0 l&rsquo;incubation de nouveaux produits.<\/h2>\n<div class=\"jDy__\">\n<p class=\"eBWTD \">Vela a \u00e9t\u00e9 con\u00e7u pour \u00eatre flexible et \u00e9volutif, capable d&rsquo;entra\u00eener les mod\u00e8les d&rsquo;IA g\u00e9n\u00e9rative \u00e0 grande \u00e9chelle d&rsquo;aujourd&rsquo;hui et de s&rsquo;adapter aux nouveaux besoins qui pourraient survenir \u00e0 l&rsquo;avenir. Il a \u00e9galement \u00e9t\u00e9 con\u00e7u de mani\u00e8re \u00e0 ce que son infrastructure puisse \u00eatre d\u00e9ploy\u00e9e et g\u00e9r\u00e9e efficacement partout dans le monde. Au cours de l&rsquo;ann\u00e9e \u00e9coul\u00e9e, des praticiens de l&rsquo;IA de toute l&rsquo;entreprise IBM ont form\u00e9 des technologies d&rsquo;IA sur Vela et en ont fait des prototypes, notamment le studio d&rsquo;IA de nouvelle g\u00e9n\u00e9ration d&rsquo;IBM, <a title=\"watsonx.ai\" href=\"watsonx.ai\" target=\"_blank\" rel=\"noopener\">watsonx.ai<\/a>, dont la disponibilit\u00e9 g\u00e9n\u00e9rale a d\u00e9but\u00e9 en juillet. La mise en ligne aussi rapide d&rsquo;une plateforme comme watsonx.ai dans le monde entier n&rsquo;aurait pas \u00e9t\u00e9 possible sans la conception \u00ab\u00a0cloud-first\u00a0\u00bb de Vela.<\/p>\n<\/div>\n<div class=\"jDy__\">\n<p class=\"eBWTD \">Un an apr\u00e8s, IBM adapte Vela \u00e0 ce qui l&rsquo;attend. Ils partagent plusieurs am\u00e9liorations majeures qu&rsquo;ils ont apport\u00e9es \u00e0 Vela au cours de l&rsquo;ann\u00e9e \u00e9coul\u00e9e, notamment en doublant pratiquement la capacit\u00e9 du syst\u00e8me et en am\u00e9liorant consid\u00e9rablement la vitesse du r\u00e9seau de Vela.<\/p>\n<p><a href=\"https:\/\/research.ibm.com\/blog\/vela-ai-supercomputer-updates\">En savoir plus sur Vela<\/a><\/p>\n<\/div>\n","protected":false},"excerpt":{"rendered":"<p>Vela permet de d\u00e9ployer efficacement des flux de travail d&rsquo;IA &#8211; du pr\u00e9traitement des donn\u00e9es, de l&rsquo;entra\u00eenement et du r\u00e9glage des mod\u00e8les, au d\u00e9ploiement et m\u00eame \u00e0 l&rsquo;incubation de nouveaux produits. Vela a \u00e9t\u00e9 con\u00e7u pour \u00eatre flexible et \u00e9volutif, capable d&rsquo;entra\u00eener les mod\u00e8les d&rsquo;IA g\u00e9n\u00e9rative \u00e0 grande \u00e9chelle d&rsquo;aujourd&rsquo;hui et de s&rsquo;adapter aux nouveaux [&hellip;]<\/p>\n","protected":false},"author":7,"featured_media":439883,"comment_status":"closed","ping_status":"closed","sticky":false,"template":"","format":"standard","meta":{"_acf_changed":false,"footnotes":""},"categories":[3669,883],"tags":[2616,2198,4382,5466,5467],"domains":[47],"ppma_author":[1153,1139],"class_list":["post-439907","post","type-post","status-publish","format-standard","has-post-thumbnail","hentry","category-nouvelles","category-technologies","tag-cloud-fr","tag-ia","tag-ibm-fr","tag-superordinateur","tag-vela-fr","domains-electronique-eci"],"acf":[],"yoast_head":"<title>Vela, un supercalculateur d&#039;IA dans le nuage IBM ...<\/title>\n<meta name=\"description\" content=\"Vela permet de d\u00e9ployer des flux de travail d&#039;IA - depuis le pr\u00e9traitement des donn\u00e9es, l&#039;entra\u00eenement et l&#039;ajustement des mod\u00e8les\" \/>\n<meta name=\"robots\" content=\"index, follow, max-snippet:-1, max-image-preview:large, max-video-preview:-1\" \/>\n<link rel=\"canonical\" href=\"https:\/\/www.ecinews.fr\/fr\/wp-json\/wp\/v2\/posts\/439907\/\" \/>\n<meta property=\"og:locale\" content=\"fr_FR\" \/>\n<meta property=\"og:type\" content=\"article\" \/>\n<meta property=\"og:title\" content=\"Vela, un supercalculateur d&#039;IA dans le cloud IBM\" \/>\n<meta property=\"og:description\" content=\"Vela permet de d\u00e9ployer des flux de travail d&#039;IA - depuis le pr\u00e9traitement des donn\u00e9es, l&#039;entra\u00eenement et l&#039;ajustement des mod\u00e8les\" \/>\n<meta property=\"og:url\" content=\"https:\/\/www.ecinews.fr\/fr\/wp-json\/wp\/v2\/posts\/439907\/\" \/>\n<meta property=\"og:site_name\" content=\"EENewsEurope\" \/>\n<meta property=\"article:published_time\" content=\"2023-12-23T16:25:30+00:00\" \/>\n<meta property=\"og:image\" content=\"https:\/\/www.eenewseurope.com\/wp-content\/uploads\/2023\/12\/Screen-Shot-2023-12-22-at-09.39.53.png\" \/>\n\t<meta property=\"og:image:width\" content=\"784\" \/>\n\t<meta property=\"og:image:height\" content=\"433\" \/>\n\t<meta property=\"og:image:type\" content=\"image\/png\" \/>\n<meta name=\"author\" content=\"A Delapalisse, Wisse Hettinga\" \/>\n<meta name=\"twitter:card\" content=\"summary_large_image\" \/>\n<meta name=\"twitter:label1\" content=\"Written by\" \/>\n\t<meta name=\"twitter:data1\" content=\"Wisse Hettinga\" \/>\n\t<meta name=\"twitter:label2\" content=\"Est. reading time\" \/>\n\t<meta name=\"twitter:data2\" content=\"1 minute\" \/>\n<script type=\"application\/ld+json\" class=\"yoast-schema-graph\">{\"@context\":\"https:\/\/schema.org\",\"@graph\":[{\"@type\":\"Article\",\"@id\":\"https:\/\/www.eenewseurope.com\/fr\/vela-un-supercalculateur-dia-dans-le-cloud-ibm\/#article\",\"isPartOf\":{\"@id\":\"https:\/\/www.eenewseurope.com\/fr\/vela-un-supercalculateur-dia-dans-le-cloud-ibm\/\"},\"author\":{\"name\":\"Wisse Hettinga\",\"@id\":\"https:\/\/www.ecinews.fr\/fr\/#\/schema\/person\/c6b626c6c65f5e1e7794ce2d17b2ca82\"},\"headline\":\"Vela, un supercalculateur d&rsquo;IA dans le cloud IBM\",\"datePublished\":\"2023-12-23T16:25:30+00:00\",\"dateModified\":\"2023-12-23T16:25:30+00:00\",\"mainEntityOfPage\":{\"@id\":\"https:\/\/www.eenewseurope.com\/fr\/vela-un-supercalculateur-dia-dans-le-cloud-ibm\/\"},\"wordCount\":258,\"publisher\":{\"@id\":\"https:\/\/www.ecinews.fr\/fr\/#organization\"},\"keywords\":[\"Cloud\",\"IA\",\"IBM\",\"superordinateur\",\"vela\"],\"articleSection\":[\"Nouvelles\",\"Technologies\"],\"inLanguage\":\"fr-FR\"},{\"@type\":\"WebPage\",\"@id\":\"https:\/\/www.eenewseurope.com\/fr\/vela-un-supercalculateur-dia-dans-le-cloud-ibm\/\",\"url\":\"https:\/\/www.eenewseurope.com\/fr\/vela-un-supercalculateur-dia-dans-le-cloud-ibm\/\",\"name\":\"Vela, un supercalculateur d'IA dans le nuage IBM\",\"isPartOf\":{\"@id\":\"https:\/\/www.ecinews.fr\/fr\/#website\"},\"datePublished\":\"2023-12-23T16:25:30+00:00\",\"dateModified\":\"2023-12-23T16:25:30+00:00\",\"description\":\"Vela permet de d\u00e9ployer des flux de travail d'IA - depuis le pr\u00e9traitement des donn\u00e9es, l'entra\u00eenement et l'ajustement des mod\u00e8les\",\"breadcrumb\":{\"@id\":\"https:\/\/www.eenewseurope.com\/fr\/vela-un-supercalculateur-dia-dans-le-cloud-ibm\/#breadcrumb\"},\"inLanguage\":\"fr-FR\",\"potentialAction\":[{\"@type\":\"ReadAction\",\"target\":[\"https:\/\/www.eenewseurope.com\/fr\/vela-un-supercalculateur-dia-dans-le-cloud-ibm\/\"]}]},{\"@type\":\"BreadcrumbList\",\"@id\":\"https:\/\/www.eenewseurope.com\/fr\/vela-un-supercalculateur-dia-dans-le-cloud-ibm\/#breadcrumb\",\"itemListElement\":[{\"@type\":\"ListItem\",\"position\":1,\"name\":\"Home\",\"item\":\"https:\/\/www.ecinews.fr\/fr\/\"},{\"@type\":\"ListItem\",\"position\":2,\"name\":\"Vela, un supercalculateur d&rsquo;IA dans le cloud IBM\"}]},{\"@type\":\"WebSite\",\"@id\":\"https:\/\/www.ecinews.fr\/fr\/#website\",\"url\":\"https:\/\/www.ecinews.fr\/fr\/\",\"name\":\"EENewsEurope\",\"description\":\"Just another WordPress site\",\"publisher\":{\"@id\":\"https:\/\/www.ecinews.fr\/fr\/#organization\"},\"potentialAction\":[{\"@type\":\"SearchAction\",\"target\":{\"@type\":\"EntryPoint\",\"urlTemplate\":\"https:\/\/www.ecinews.fr\/fr\/?s={search_term_string}\"},\"query-input\":\"required name=search_term_string\"}],\"inLanguage\":\"fr-FR\"},{\"@type\":\"Organization\",\"@id\":\"https:\/\/www.ecinews.fr\/fr\/#organization\",\"name\":\"EENewsEurope\",\"url\":\"https:\/\/www.ecinews.fr\/fr\/\",\"logo\":{\"@type\":\"ImageObject\",\"inLanguage\":\"fr-FR\",\"@id\":\"https:\/\/www.ecinews.fr\/fr\/#\/schema\/logo\/image\/\",\"url\":\"https:\/\/www.ecinews.fr\/wp-content\/uploads\/2022\/02\/logo-1.jpg\",\"contentUrl\":\"https:\/\/www.ecinews.fr\/wp-content\/uploads\/2022\/02\/logo-1.jpg\",\"width\":283,\"height\":113,\"caption\":\"EENewsEurope\"},\"image\":{\"@id\":\"https:\/\/www.ecinews.fr\/fr\/#\/schema\/logo\/image\/\"}},{\"@type\":\"Person\",\"@id\":\"https:\/\/www.ecinews.fr\/fr\/#\/schema\/person\/c6b626c6c65f5e1e7794ce2d17b2ca82\",\"name\":\"Wisse Hettinga\",\"image\":{\"@type\":\"ImageObject\",\"inLanguage\":\"fr-FR\",\"@id\":\"https:\/\/www.ecinews.fr\/fr\/#\/schema\/person\/image\/5dc5f564ca306d7cb8b22735be49a465\",\"url\":\"https:\/\/secure.gravatar.com\/avatar\/24a36fe68de56eac2a45cbaf9aa4bb58?s=96&d=mm&r=g\",\"contentUrl\":\"https:\/\/secure.gravatar.com\/avatar\/24a36fe68de56eac2a45cbaf9aa4bb58?s=96&d=mm&r=g\",\"caption\":\"Wisse Hettinga\"}}]}<\/script>","yoast_head_json":{"title":"Vela, un supercalculateur d'IA dans le nuage IBM ...","description":"Vela permet de d\u00e9ployer des flux de travail d'IA - depuis le pr\u00e9traitement des donn\u00e9es, l'entra\u00eenement et l'ajustement des mod\u00e8les","robots":{"index":"index","follow":"follow","max-snippet":"max-snippet:-1","max-image-preview":"max-image-preview:large","max-video-preview":"max-video-preview:-1"},"canonical":"https:\/\/www.ecinews.fr\/fr\/wp-json\/wp\/v2\/posts\/439907\/","og_locale":"fr_FR","og_type":"article","og_title":"Vela, un supercalculateur d'IA dans le cloud IBM","og_description":"Vela permet de d\u00e9ployer des flux de travail d'IA - depuis le pr\u00e9traitement des donn\u00e9es, l'entra\u00eenement et l'ajustement des mod\u00e8les","og_url":"https:\/\/www.ecinews.fr\/fr\/wp-json\/wp\/v2\/posts\/439907\/","og_site_name":"EENewsEurope","article_published_time":"2023-12-23T16:25:30+00:00","og_image":[{"width":784,"height":433,"url":"https:\/\/www.eenewseurope.com\/wp-content\/uploads\/2023\/12\/Screen-Shot-2023-12-22-at-09.39.53.png","type":"image\/png"}],"author":"A Delapalisse, Wisse Hettinga","twitter_card":"summary_large_image","twitter_misc":{"Written by":"Wisse Hettinga","Est. reading time":"1 minute"},"schema":{"@context":"https:\/\/schema.org","@graph":[{"@type":"Article","@id":"https:\/\/www.eenewseurope.com\/fr\/vela-un-supercalculateur-dia-dans-le-cloud-ibm\/#article","isPartOf":{"@id":"https:\/\/www.eenewseurope.com\/fr\/vela-un-supercalculateur-dia-dans-le-cloud-ibm\/"},"author":{"name":"Wisse Hettinga","@id":"https:\/\/www.ecinews.fr\/fr\/#\/schema\/person\/c6b626c6c65f5e1e7794ce2d17b2ca82"},"headline":"Vela, un supercalculateur d&rsquo;IA dans le cloud IBM","datePublished":"2023-12-23T16:25:30+00:00","dateModified":"2023-12-23T16:25:30+00:00","mainEntityOfPage":{"@id":"https:\/\/www.eenewseurope.com\/fr\/vela-un-supercalculateur-dia-dans-le-cloud-ibm\/"},"wordCount":258,"publisher":{"@id":"https:\/\/www.ecinews.fr\/fr\/#organization"},"keywords":["Cloud","IA","IBM","superordinateur","vela"],"articleSection":["Nouvelles","Technologies"],"inLanguage":"fr-FR"},{"@type":"WebPage","@id":"https:\/\/www.eenewseurope.com\/fr\/vela-un-supercalculateur-dia-dans-le-cloud-ibm\/","url":"https:\/\/www.eenewseurope.com\/fr\/vela-un-supercalculateur-dia-dans-le-cloud-ibm\/","name":"Vela, un supercalculateur d'IA dans le nuage IBM","isPartOf":{"@id":"https:\/\/www.ecinews.fr\/fr\/#website"},"datePublished":"2023-12-23T16:25:30+00:00","dateModified":"2023-12-23T16:25:30+00:00","description":"Vela permet de d\u00e9ployer des flux de travail d'IA - depuis le pr\u00e9traitement des donn\u00e9es, l'entra\u00eenement et l'ajustement des mod\u00e8les","breadcrumb":{"@id":"https:\/\/www.eenewseurope.com\/fr\/vela-un-supercalculateur-dia-dans-le-cloud-ibm\/#breadcrumb"},"inLanguage":"fr-FR","potentialAction":[{"@type":"ReadAction","target":["https:\/\/www.eenewseurope.com\/fr\/vela-un-supercalculateur-dia-dans-le-cloud-ibm\/"]}]},{"@type":"BreadcrumbList","@id":"https:\/\/www.eenewseurope.com\/fr\/vela-un-supercalculateur-dia-dans-le-cloud-ibm\/#breadcrumb","itemListElement":[{"@type":"ListItem","position":1,"name":"Home","item":"https:\/\/www.ecinews.fr\/fr\/"},{"@type":"ListItem","position":2,"name":"Vela, un supercalculateur d&rsquo;IA dans le cloud IBM"}]},{"@type":"WebSite","@id":"https:\/\/www.ecinews.fr\/fr\/#website","url":"https:\/\/www.ecinews.fr\/fr\/","name":"EENewsEurope","description":"Just another WordPress site","publisher":{"@id":"https:\/\/www.ecinews.fr\/fr\/#organization"},"potentialAction":[{"@type":"SearchAction","target":{"@type":"EntryPoint","urlTemplate":"https:\/\/www.ecinews.fr\/fr\/?s={search_term_string}"},"query-input":"required name=search_term_string"}],"inLanguage":"fr-FR"},{"@type":"Organization","@id":"https:\/\/www.ecinews.fr\/fr\/#organization","name":"EENewsEurope","url":"https:\/\/www.ecinews.fr\/fr\/","logo":{"@type":"ImageObject","inLanguage":"fr-FR","@id":"https:\/\/www.ecinews.fr\/fr\/#\/schema\/logo\/image\/","url":"https:\/\/www.ecinews.fr\/wp-content\/uploads\/2022\/02\/logo-1.jpg","contentUrl":"https:\/\/www.ecinews.fr\/wp-content\/uploads\/2022\/02\/logo-1.jpg","width":283,"height":113,"caption":"EENewsEurope"},"image":{"@id":"https:\/\/www.ecinews.fr\/fr\/#\/schema\/logo\/image\/"}},{"@type":"Person","@id":"https:\/\/www.ecinews.fr\/fr\/#\/schema\/person\/c6b626c6c65f5e1e7794ce2d17b2ca82","name":"Wisse Hettinga","image":{"@type":"ImageObject","inLanguage":"fr-FR","@id":"https:\/\/www.ecinews.fr\/fr\/#\/schema\/person\/image\/5dc5f564ca306d7cb8b22735be49a465","url":"https:\/\/secure.gravatar.com\/avatar\/24a36fe68de56eac2a45cbaf9aa4bb58?s=96&d=mm&r=g","contentUrl":"https:\/\/secure.gravatar.com\/avatar\/24a36fe68de56eac2a45cbaf9aa4bb58?s=96&d=mm&r=g","caption":"Wisse Hettinga"}}]}},"authors":[{"term_id":1153,"user_id":34,"is_guest":0,"slug":"adelapalisse","display_name":"A Delapalisse","avatar_url":"https:\/\/secure.gravatar.com\/avatar\/ad45a8c5da24bc9c7c4940dd1c48a695?s=96&d=mm&r=g","0":null,"1":"","2":"","3":"","4":"","5":"","6":"","7":"","8":""},{"term_id":1139,"user_id":7,"is_guest":0,"slug":"wisse-hettinga","display_name":"Wisse Hettinga","avatar_url":"https:\/\/secure.gravatar.com\/avatar\/24a36fe68de56eac2a45cbaf9aa4bb58?s=96&d=mm&r=g","0":null,"1":"","2":"","3":"","4":"","5":"","6":"","7":"","8":""}],"_links":{"self":[{"href":"https:\/\/www.ecinews.fr\/fr\/wp-json\/wp\/v2\/posts\/439907"}],"collection":[{"href":"https:\/\/www.ecinews.fr\/fr\/wp-json\/wp\/v2\/posts"}],"about":[{"href":"https:\/\/www.ecinews.fr\/fr\/wp-json\/wp\/v2\/types\/post"}],"author":[{"embeddable":true,"href":"https:\/\/www.ecinews.fr\/fr\/wp-json\/wp\/v2\/users\/7"}],"replies":[{"embeddable":true,"href":"https:\/\/www.ecinews.fr\/fr\/wp-json\/wp\/v2\/comments?post=439907"}],"version-history":[{"count":0,"href":"https:\/\/www.ecinews.fr\/fr\/wp-json\/wp\/v2\/posts\/439907\/revisions"}],"wp:featuredmedia":[{"embeddable":true,"href":"https:\/\/www.ecinews.fr\/fr\/wp-json\/wp\/v2\/media\/439883"}],"wp:attachment":[{"href":"https:\/\/www.ecinews.fr\/fr\/wp-json\/wp\/v2\/media?parent=439907"}],"wp:term":[{"taxonomy":"category","embeddable":true,"href":"https:\/\/www.ecinews.fr\/fr\/wp-json\/wp\/v2\/categories?post=439907"},{"taxonomy":"post_tag","embeddable":true,"href":"https:\/\/www.ecinews.fr\/fr\/wp-json\/wp\/v2\/tags?post=439907"},{"taxonomy":"domains","embeddable":true,"href":"https:\/\/www.ecinews.fr\/fr\/wp-json\/wp\/v2\/domains?post=439907"},{"taxonomy":"author","embeddable":true,"href":"https:\/\/www.ecinews.fr\/fr\/wp-json\/wp\/v2\/ppma_author?post=439907"}],"curies":[{"name":"wp","href":"https:\/\/api.w.org\/{rel}","templated":true}]}}