{"id":439563,"date":"2023-12-18T16:51:13","date_gmt":"2023-12-18T15:51:13","guid":{"rendered":"https:\/\/www.eenewseurope.com\/?p=439563"},"modified":"2023-12-18T16:54:07","modified_gmt":"2023-12-18T15:54:07","slug":"le-japon-va-se-lancer-dans-la-fabrication-de-puces-avancees","status":"publish","type":"post","link":"https:\/\/www.ecinews.fr\/fr\/le-japon-va-se-lancer-dans-la-fabrication-de-puces-avancees\/","title":{"rendered":"Le Japon va se lancer dans la fonderie de puces avanc\u00e9es"},"content":{"rendered":"<h2>Selon TrendForce, le Japon se lancera dans la fabrication de puces avanc\u00e9es d&rsquo;ici 2027, en partie gr\u00e2ce aux efforts de Rapidus Inc., soutenu par le gouvernement, pour introduire la fabrication 2nm.<\/h2>\n<p>Dans le m\u00eame temps, Ta\u00efwan renforcera sa position dominante en fonderie, dans le domaine de la fabrication de puces avanc\u00e9es, d\u00e9finie comme la fabrication \u00e0 16\/14 nm et moins, estime l&rsquo;institut d&rsquo;\u00e9tudes de march\u00e9. Dans le domaine de la fabrication de puces \u00e0 28 nm et plus, la Chine augmentera sa part de march\u00e9 pour rivaliser avec Ta\u00efwan.<\/p>\n<div id=\"attachment_439533\" style=\"width: 610px\" class=\"wp-caption alignleft\"><img decoding=\"async\" aria-describedby=\"caption-attachment-439533\" class=\"size-full wp-image-439533 lazyload\" data-src=\"https:\/\/www.eenewseurope.com\/wp-content\/uploads\/2023\/12\/TrendForceFoundry600-1.jpg\" alt=\"\" width=\"600\" height=\"308\" data-srcset=\"https:\/\/www.ecinews.fr\/wp-content\/uploads\/2023\/12\/TrendForceFoundry600-1.jpg 600w, https:\/\/www.ecinews.fr\/wp-content\/uploads\/2023\/12\/TrendForceFoundry600-1-300x154.jpg 300w\" data-sizes=\"(max-width: 600px) 100vw, 600px\" src=\"data:image\/svg+xml;base64,PHN2ZyB3aWR0aD0iMSIgaGVpZ2h0PSIxIiB4bWxucz0iaHR0cDovL3d3dy53My5vcmcvMjAwMC9zdmciPjwvc3ZnPg==\" style=\"--smush-placeholder-width: 600px; --smush-placeholder-aspect-ratio: 600\/308;\" \/><p id=\"caption-attachment-439533\" class=\"wp-caption-text\"><em><strong>Capacit\u00e9 mondiale de fonderies de puces avanc\u00e9es et matures par r\u00e9gion, 2023 et 2027. Le niveau avanc\u00e9 est d\u00e9fini comme non planaire \u00e0 16\/14nm et en dessous. Les produits matures sont d\u00e9finis comme des produits de 28 nm et plus. Source : TrendForce : TrendForce.<\/strong><\/em><\/p><\/div>\n<p>En 2023, Ta\u00efwan d\u00e9tient environ 46 % de la capacit\u00e9 mondiale de fonderie de semi-conducteurs, suivie par la Chine (26 %), la Cor\u00e9e du Sud (12 %), les \u00c9tats-Unis (6 %) et le Japon (2 %).<\/p>\n<p>Les \u00c9tats-Unis offrent des incitations \u00e0 la fabrication nationale de puces avanc\u00e9es et la capacit\u00e9 devrait augmenter de 17 %, mais TSMC et Samsung repr\u00e9senteront plus de la moiti\u00e9 de cette capacit\u00e9.<\/p>\n<p>Le Japon pr\u00e9voit \u00e9galement de revenir \u00e0 la fabrication de semiconducteurs, en soutenant activement l&rsquo;entreprise de fonderie locale Rapidus dans le but d&rsquo;introduire le processus 2nm. Le Japon offre \u00e9galement des subventions aux entreprises \u00e9trang\u00e8res, notamment aux entreprises communes avec TSMC appel\u00e9es JASM et Powerchip (PSMC).<\/p>\n<p>Toutefois, l&rsquo;Europe n&rsquo;appara\u00eet pas comme une source importante de fonderies de puces avanc\u00e9es d&rsquo;ici 2027 sur le graphique de TrendForces, malgr\u00e9 l&rsquo;introduction de la fabrication 4 nm par Intel \u00e0 Leixlip, en Irlande, et les espoirs d&rsquo;Intel d&rsquo;amener la fabrication avanc\u00e9e \u00e0 Magdebourg, en Allemagne et de Global foundries \u00e0 Dresde.<\/p>\n<p>La capacit\u00e9 de fonderis pour la technologie mature de la Chine devrait atteindre 39 % en 2027, TSMC se concentrant en particulier sur la fabrication avanc\u00e9e \u00e0 marge plus \u00e9lev\u00e9e. La Chine est \u00e9galement contrainte de ne pouvoir se d\u00e9velopper que dans les technologies de traitement matures, en r\u00e9ponse aux contr\u00f4les des exportations d&rsquo;\u00e9quipements avanc\u00e9s lels que EUV impos\u00e9s par les \u00c9tats-Unis, le Japon et les Pays-Bas.<\/p>\n<h4>Liens et articles connexes :<\/h4>\n<p><a href=\"http:\/\/www.trendforce.com\">www.trendforce.com<\/a><\/p>\n<h4>Articles de presse :<\/h4>\n<p><a href=\"https:\/\/www.eenewseurope.com\/en\/intel-breaks-into-foundry-top-ten-in-3q23-ranking\/\">Intel entre dans le top 10 des fonderies au 3e trimestre 23<\/a><\/p>\n<p><a href=\"https:\/\/www.eenewseurope.com\/en\/china-ramps-ai-chip-production-but-short-of-the-leading-edge\/\">La Chine acc\u00e9l\u00e8re la production de puces d&rsquo;IA, mais n&rsquo;est pas encore \u00e0 la pointe de la technologie <\/a><\/p>\n<p><a href=\"https:\/\/www.eenewseurope.com\/en\/tsmcs-november-sales-return-to-downward-trend\/\">Retour \u00e0 la baisse des ventes de TSMC en novembre <\/a><\/p>\n","protected":false},"excerpt":{"rendered":"<p>Selon TrendForce, le Japon se lancera dans la fabrication de puces avanc\u00e9es d&rsquo;ici 2027, en partie gr\u00e2ce aux efforts de Rapidus Inc., soutenu par le gouvernement, pour introduire la fabrication 2nm. Dans le m\u00eame temps, Ta\u00efwan renforcera sa position dominante en fonderie, dans le domaine de la fabrication de puces avanc\u00e9es, d\u00e9finie comme la fabrication [&hellip;]<\/p>\n","protected":false},"author":34,"featured_media":439530,"comment_status":"closed","ping_status":"closed","sticky":false,"template":"","format":"standard","meta":{"_acf_changed":false,"footnotes":""},"categories":[888],"tags":[1795,913,5418,3700],"domains":[47],"ppma_author":[1153,3631],"class_list":["post-439563","post","type-post","status-publish","format-standard","has-post-thumbnail","hentry","category-marche","tag-fonderies","tag-materials-processes-fr","tag-rapidus","tag-semi-conducteur","domains-electronique-eci"],"acf":[],"yoast_head":"<title>Le Japon va se lancer dans la fabrication de puces avanc\u00e9es ...<\/title>\n<meta name=\"description\" content=\"Le Japon devrait se lancer dans la fonderie de puces avanc\u00e9es d&#039;ici 2027, en partie gr\u00e2ce \u00e0 Rapidus Inc. offrant un process 2nm.\" \/>\n<meta name=\"robots\" content=\"index, follow, max-snippet:-1, max-image-preview:large, max-video-preview:-1\" \/>\n<link rel=\"canonical\" href=\"https:\/\/www.ecinews.fr\/fr\/wp-json\/wp\/v2\/posts\/439563\/\" \/>\n<meta property=\"og:locale\" content=\"fr_FR\" \/>\n<meta property=\"og:type\" content=\"article\" \/>\n<meta property=\"og:title\" content=\"Le Japon va se lancer dans la fonderie de puces avanc\u00e9es\" \/>\n<meta property=\"og:description\" content=\"Le Japon devrait se lancer dans la fonderie de puces avanc\u00e9es d&#039;ici 2027, en partie gr\u00e2ce \u00e0 Rapidus Inc. offrant un process 2nm.\" \/>\n<meta property=\"og:url\" content=\"https:\/\/www.ecinews.fr\/fr\/wp-json\/wp\/v2\/posts\/439563\/\" \/>\n<meta property=\"og:site_name\" content=\"EENewsEurope\" \/>\n<meta property=\"article:published_time\" content=\"2023-12-18T15:51:13+00:00\" \/>\n<meta property=\"article:modified_time\" content=\"2023-12-18T15:54:07+00:00\" \/>\n<meta property=\"og:image\" content=\"https:\/\/www.ecinews.fr\/wp-content\/uploads\/2023\/12\/TrendForceFoundry600.jpg\" \/>\n\t<meta property=\"og:image:width\" content=\"600\" \/>\n\t<meta property=\"og:image:height\" content=\"308\" \/>\n\t<meta property=\"og:image:type\" content=\"image\/jpeg\" \/>\n<meta name=\"author\" content=\"A Delapalisse, Peter Clarke\" \/>\n<meta name=\"twitter:card\" content=\"summary_large_image\" \/>\n<meta name=\"twitter:label1\" content=\"Written by\" \/>\n\t<meta name=\"twitter:data1\" content=\"A Delapalisse\" \/>\n\t<meta name=\"twitter:label2\" content=\"Est. reading time\" \/>\n\t<meta name=\"twitter:data2\" content=\"3 minutes\" \/>\n<script type=\"application\/ld+json\" class=\"yoast-schema-graph\">{\"@context\":\"https:\/\/schema.org\",\"@graph\":[{\"@type\":\"Article\",\"@id\":\"https:\/\/www.ecinews.fr\/fr\/le-japon-va-se-lancer-dans-la-fabrication-de-puces-avancees\/#article\",\"isPartOf\":{\"@id\":\"https:\/\/www.ecinews.fr\/fr\/le-japon-va-se-lancer-dans-la-fabrication-de-puces-avancees\/\"},\"author\":{\"name\":\"A Delapalisse\",\"@id\":\"https:\/\/www.ecinews.fr\/fr\/#\/schema\/person\/0aa2cfb0bd8949724a68cbac8d8321b4\"},\"headline\":\"Le Japon va se lancer dans la fonderie de puces avanc\u00e9es\",\"datePublished\":\"2023-12-18T15:51:13+00:00\",\"dateModified\":\"2023-12-18T15:54:07+00:00\",\"mainEntityOfPage\":{\"@id\":\"https:\/\/www.ecinews.fr\/fr\/le-japon-va-se-lancer-dans-la-fabrication-de-puces-avancees\/\"},\"wordCount\":441,\"publisher\":{\"@id\":\"https:\/\/www.ecinews.fr\/fr\/#organization\"},\"keywords\":[\"Fonderies\",\"Materials &amp; processes\",\"Rapidus\",\"semi-conducteur\"],\"articleSection\":[\"March\u00e9\"],\"inLanguage\":\"fr-FR\"},{\"@type\":\"WebPage\",\"@id\":\"https:\/\/www.ecinews.fr\/fr\/le-japon-va-se-lancer-dans-la-fabrication-de-puces-avancees\/\",\"url\":\"https:\/\/www.ecinews.fr\/fr\/le-japon-va-se-lancer-dans-la-fabrication-de-puces-avancees\/\",\"name\":\"Le Japon va se lancer dans la fabrication de puces avanc\u00e9es\",\"isPartOf\":{\"@id\":\"https:\/\/www.ecinews.fr\/fr\/#website\"},\"datePublished\":\"2023-12-18T15:51:13+00:00\",\"dateModified\":\"2023-12-18T15:54:07+00:00\",\"description\":\"Le Japon devrait se lancer dans la fonderie de puces avanc\u00e9es d'ici 2027, en partie gr\u00e2ce \u00e0 Rapidus Inc. offrant un process 2nm.\",\"breadcrumb\":{\"@id\":\"https:\/\/www.ecinews.fr\/fr\/le-japon-va-se-lancer-dans-la-fabrication-de-puces-avancees\/#breadcrumb\"},\"inLanguage\":\"fr-FR\",\"potentialAction\":[{\"@type\":\"ReadAction\",\"target\":[\"https:\/\/www.ecinews.fr\/fr\/le-japon-va-se-lancer-dans-la-fabrication-de-puces-avancees\/\"]}]},{\"@type\":\"BreadcrumbList\",\"@id\":\"https:\/\/www.ecinews.fr\/fr\/le-japon-va-se-lancer-dans-la-fabrication-de-puces-avancees\/#breadcrumb\",\"itemListElement\":[{\"@type\":\"ListItem\",\"position\":1,\"name\":\"Home\",\"item\":\"https:\/\/www.ecinews.fr\/fr\/\"},{\"@type\":\"ListItem\",\"position\":2,\"name\":\"Le Japon va se lancer dans la fonderie de puces avanc\u00e9es\"}]},{\"@type\":\"WebSite\",\"@id\":\"https:\/\/www.ecinews.fr\/fr\/#website\",\"url\":\"https:\/\/www.ecinews.fr\/fr\/\",\"name\":\"EENewsEurope\",\"description\":\"Just another WordPress site\",\"publisher\":{\"@id\":\"https:\/\/www.ecinews.fr\/fr\/#organization\"},\"potentialAction\":[{\"@type\":\"SearchAction\",\"target\":{\"@type\":\"EntryPoint\",\"urlTemplate\":\"https:\/\/www.ecinews.fr\/fr\/?s={search_term_string}\"},\"query-input\":\"required name=search_term_string\"}],\"inLanguage\":\"fr-FR\"},{\"@type\":\"Organization\",\"@id\":\"https:\/\/www.ecinews.fr\/fr\/#organization\",\"name\":\"EENewsEurope\",\"url\":\"https:\/\/www.ecinews.fr\/fr\/\",\"logo\":{\"@type\":\"ImageObject\",\"inLanguage\":\"fr-FR\",\"@id\":\"https:\/\/www.ecinews.fr\/fr\/#\/schema\/logo\/image\/\",\"url\":\"https:\/\/www.ecinews.fr\/wp-content\/uploads\/2022\/02\/logo-1.jpg\",\"contentUrl\":\"https:\/\/www.ecinews.fr\/wp-content\/uploads\/2022\/02\/logo-1.jpg\",\"width\":283,\"height\":113,\"caption\":\"EENewsEurope\"},\"image\":{\"@id\":\"https:\/\/www.ecinews.fr\/fr\/#\/schema\/logo\/image\/\"}},{\"@type\":\"Person\",\"@id\":\"https:\/\/www.ecinews.fr\/fr\/#\/schema\/person\/0aa2cfb0bd8949724a68cbac8d8321b4\",\"name\":\"A Delapalisse\",\"image\":{\"@type\":\"ImageObject\",\"inLanguage\":\"fr-FR\",\"@id\":\"https:\/\/www.ecinews.fr\/fr\/#\/schema\/person\/image\/211ac42237c2e9683c0964086c393cb4\",\"url\":\"https:\/\/secure.gravatar.com\/avatar\/ad45a8c5da24bc9c7c4940dd1c48a695?s=96&d=mm&r=g\",\"contentUrl\":\"https:\/\/secure.gravatar.com\/avatar\/ad45a8c5da24bc9c7c4940dd1c48a695?s=96&d=mm&r=g\",\"caption\":\"A Delapalisse\"},\"sameAs\":[\"http:\/\/ECI\"]}]}<\/script>","yoast_head_json":{"title":"Le Japon va se lancer dans la fabrication de puces avanc\u00e9es ...","description":"Le Japon devrait se lancer dans la fonderie de puces avanc\u00e9es d'ici 2027, en partie gr\u00e2ce \u00e0 Rapidus Inc. offrant un process 2nm.","robots":{"index":"index","follow":"follow","max-snippet":"max-snippet:-1","max-image-preview":"max-image-preview:large","max-video-preview":"max-video-preview:-1"},"canonical":"https:\/\/www.ecinews.fr\/fr\/wp-json\/wp\/v2\/posts\/439563\/","og_locale":"fr_FR","og_type":"article","og_title":"Le Japon va se lancer dans la fonderie de puces avanc\u00e9es","og_description":"Le Japon devrait se lancer dans la fonderie de puces avanc\u00e9es d'ici 2027, en partie gr\u00e2ce \u00e0 Rapidus Inc. offrant un process 2nm.","og_url":"https:\/\/www.ecinews.fr\/fr\/wp-json\/wp\/v2\/posts\/439563\/","og_site_name":"EENewsEurope","article_published_time":"2023-12-18T15:51:13+00:00","article_modified_time":"2023-12-18T15:54:07+00:00","og_image":[{"width":600,"height":308,"url":"https:\/\/www.ecinews.fr\/wp-content\/uploads\/2023\/12\/TrendForceFoundry600.jpg","type":"image\/jpeg"}],"author":"A Delapalisse, Peter Clarke","twitter_card":"summary_large_image","twitter_misc":{"Written by":"A Delapalisse","Est. reading time":"3 minutes"},"schema":{"@context":"https:\/\/schema.org","@graph":[{"@type":"Article","@id":"https:\/\/www.ecinews.fr\/fr\/le-japon-va-se-lancer-dans-la-fabrication-de-puces-avancees\/#article","isPartOf":{"@id":"https:\/\/www.ecinews.fr\/fr\/le-japon-va-se-lancer-dans-la-fabrication-de-puces-avancees\/"},"author":{"name":"A Delapalisse","@id":"https:\/\/www.ecinews.fr\/fr\/#\/schema\/person\/0aa2cfb0bd8949724a68cbac8d8321b4"},"headline":"Le Japon va se lancer dans la fonderie de puces avanc\u00e9es","datePublished":"2023-12-18T15:51:13+00:00","dateModified":"2023-12-18T15:54:07+00:00","mainEntityOfPage":{"@id":"https:\/\/www.ecinews.fr\/fr\/le-japon-va-se-lancer-dans-la-fabrication-de-puces-avancees\/"},"wordCount":441,"publisher":{"@id":"https:\/\/www.ecinews.fr\/fr\/#organization"},"keywords":["Fonderies","Materials &amp; processes","Rapidus","semi-conducteur"],"articleSection":["March\u00e9"],"inLanguage":"fr-FR"},{"@type":"WebPage","@id":"https:\/\/www.ecinews.fr\/fr\/le-japon-va-se-lancer-dans-la-fabrication-de-puces-avancees\/","url":"https:\/\/www.ecinews.fr\/fr\/le-japon-va-se-lancer-dans-la-fabrication-de-puces-avancees\/","name":"Le Japon va se lancer dans la fabrication de puces avanc\u00e9es","isPartOf":{"@id":"https:\/\/www.ecinews.fr\/fr\/#website"},"datePublished":"2023-12-18T15:51:13+00:00","dateModified":"2023-12-18T15:54:07+00:00","description":"Le Japon devrait se lancer dans la fonderie de puces avanc\u00e9es d'ici 2027, en partie gr\u00e2ce \u00e0 Rapidus Inc. offrant un process 2nm.","breadcrumb":{"@id":"https:\/\/www.ecinews.fr\/fr\/le-japon-va-se-lancer-dans-la-fabrication-de-puces-avancees\/#breadcrumb"},"inLanguage":"fr-FR","potentialAction":[{"@type":"ReadAction","target":["https:\/\/www.ecinews.fr\/fr\/le-japon-va-se-lancer-dans-la-fabrication-de-puces-avancees\/"]}]},{"@type":"BreadcrumbList","@id":"https:\/\/www.ecinews.fr\/fr\/le-japon-va-se-lancer-dans-la-fabrication-de-puces-avancees\/#breadcrumb","itemListElement":[{"@type":"ListItem","position":1,"name":"Home","item":"https:\/\/www.ecinews.fr\/fr\/"},{"@type":"ListItem","position":2,"name":"Le Japon va se lancer dans la fonderie de puces avanc\u00e9es"}]},{"@type":"WebSite","@id":"https:\/\/www.ecinews.fr\/fr\/#website","url":"https:\/\/www.ecinews.fr\/fr\/","name":"EENewsEurope","description":"Just another WordPress site","publisher":{"@id":"https:\/\/www.ecinews.fr\/fr\/#organization"},"potentialAction":[{"@type":"SearchAction","target":{"@type":"EntryPoint","urlTemplate":"https:\/\/www.ecinews.fr\/fr\/?s={search_term_string}"},"query-input":"required name=search_term_string"}],"inLanguage":"fr-FR"},{"@type":"Organization","@id":"https:\/\/www.ecinews.fr\/fr\/#organization","name":"EENewsEurope","url":"https:\/\/www.ecinews.fr\/fr\/","logo":{"@type":"ImageObject","inLanguage":"fr-FR","@id":"https:\/\/www.ecinews.fr\/fr\/#\/schema\/logo\/image\/","url":"https:\/\/www.ecinews.fr\/wp-content\/uploads\/2022\/02\/logo-1.jpg","contentUrl":"https:\/\/www.ecinews.fr\/wp-content\/uploads\/2022\/02\/logo-1.jpg","width":283,"height":113,"caption":"EENewsEurope"},"image":{"@id":"https:\/\/www.ecinews.fr\/fr\/#\/schema\/logo\/image\/"}},{"@type":"Person","@id":"https:\/\/www.ecinews.fr\/fr\/#\/schema\/person\/0aa2cfb0bd8949724a68cbac8d8321b4","name":"A Delapalisse","image":{"@type":"ImageObject","inLanguage":"fr-FR","@id":"https:\/\/www.ecinews.fr\/fr\/#\/schema\/person\/image\/211ac42237c2e9683c0964086c393cb4","url":"https:\/\/secure.gravatar.com\/avatar\/ad45a8c5da24bc9c7c4940dd1c48a695?s=96&d=mm&r=g","contentUrl":"https:\/\/secure.gravatar.com\/avatar\/ad45a8c5da24bc9c7c4940dd1c48a695?s=96&d=mm&r=g","caption":"A Delapalisse"},"sameAs":["http:\/\/ECI"]}]}},"authors":[{"term_id":1153,"user_id":34,"is_guest":0,"slug":"adelapalisse","display_name":"A Delapalisse","avatar_url":"https:\/\/secure.gravatar.com\/avatar\/ad45a8c5da24bc9c7c4940dd1c48a695?s=96&d=mm&r=g","0":null,"1":"","2":"","3":"","4":"","5":"","6":"","7":"","8":""},{"term_id":3631,"user_id":0,"is_guest":1,"slug":"peter-clarke","display_name":"Peter Clarke","avatar_url":"https:\/\/secure.gravatar.com\/avatar\/?s=96&d=mm&r=g","0":null,"1":"","2":"","3":"","4":"","5":"","6":"","7":"","8":""}],"_links":{"self":[{"href":"https:\/\/www.ecinews.fr\/fr\/wp-json\/wp\/v2\/posts\/439563"}],"collection":[{"href":"https:\/\/www.ecinews.fr\/fr\/wp-json\/wp\/v2\/posts"}],"about":[{"href":"https:\/\/www.ecinews.fr\/fr\/wp-json\/wp\/v2\/types\/post"}],"author":[{"embeddable":true,"href":"https:\/\/www.ecinews.fr\/fr\/wp-json\/wp\/v2\/users\/34"}],"replies":[{"embeddable":true,"href":"https:\/\/www.ecinews.fr\/fr\/wp-json\/wp\/v2\/comments?post=439563"}],"version-history":[{"count":0,"href":"https:\/\/www.ecinews.fr\/fr\/wp-json\/wp\/v2\/posts\/439563\/revisions"}],"wp:featuredmedia":[{"embeddable":true,"href":"https:\/\/www.ecinews.fr\/fr\/wp-json\/wp\/v2\/media\/439530"}],"wp:attachment":[{"href":"https:\/\/www.ecinews.fr\/fr\/wp-json\/wp\/v2\/media?parent=439563"}],"wp:term":[{"taxonomy":"category","embeddable":true,"href":"https:\/\/www.ecinews.fr\/fr\/wp-json\/wp\/v2\/categories?post=439563"},{"taxonomy":"post_tag","embeddable":true,"href":"https:\/\/www.ecinews.fr\/fr\/wp-json\/wp\/v2\/tags?post=439563"},{"taxonomy":"domains","embeddable":true,"href":"https:\/\/www.ecinews.fr\/fr\/wp-json\/wp\/v2\/domains?post=439563"},{"taxonomy":"author","embeddable":true,"href":"https:\/\/www.ecinews.fr\/fr\/wp-json\/wp\/v2\/ppma_author?post=439563"}],"curies":[{"name":"wp","href":"https:\/\/api.w.org\/{rel}","templated":true}]}}