{"id":438505,"date":"2023-12-04T18:04:58","date_gmt":"2023-12-04T17:04:58","guid":{"rendered":"https:\/\/www.ecinews.fr\/?p=438505"},"modified":"2023-12-04T18:04:58","modified_gmt":"2023-12-04T17:04:58","slug":"le-15eme-concours-digiwish-de-digikey-a-debute-le-1er-decembre-2023","status":"publish","type":"post","link":"https:\/\/www.ecinews.fr\/fr\/le-15eme-concours-digiwish-de-digikey-a-debute-le-1er-decembre-2023\/","title":{"rendered":"Le 15\u00e8me concours DigiWish de DigiKey a d\u00e9but\u00e9 le 1er d\u00e9cembre 2023"},"content":{"rendered":"<h3><span style=\"font-size: 16px;\"><a href=\"https:\/\/www.digikey.fr\/?utm_source=referral&amp;utm_medium=pressrelease&amp;utm_campaign=pressrelease\">DigiKey<\/a> a lanc\u00e9 le 1er d\u00e9cembre 2023, son 15\u00e8me <a href=\"https:\/\/www.digikey.fr\/fr\/resources\/social\/digi-wish\/?utm_source=referral&amp;utm_medium=pressrelease&amp;utm_campaign=pressrelease\">concours\u00a0DigiWish<\/a>\u00a0annuel.<\/span><\/h3>\n<p>\u00c0 l&rsquo;approche des f\u00eates de fin d&rsquo;ann\u00e9e, DigiKey va s\u00e9lectionner 24\u00a0heureux gagnants qui pourront commencer les festivit\u00e9s en avance, une d\u00e9marche qui s&rsquo;inscrit dans le cadre de la mission continue de l&rsquo;entreprise visant \u00e0 aider les ing\u00e9nieurs, les concepteurs et les makers \u00e0 acc\u00e9l\u00e9rer les avanc\u00e9es techniques.<\/p>\n<p>Les participants peuvent tenter de remporter des produits DigiKey de leur choix tout au long du\u00a0<a href=\"https:\/\/www.digikey.fr\/fr\/resources\/social\/digi-wish\/?utm_source=referral&amp;utm_medium=pressrelease&amp;utm_campaign=pressrelease\">concours DigiWish sur les r\u00e9seaux sociaux<\/a>, du 1er au 24\u00a0d\u00e9cembre\u00a02023. Pour ce faire, les participants doivent choisir un produit DigiKey en stock d&rsquo;une valeur maximale de 100\u00a0USD, et commenter ou publier leur \u00ab\u00a0souhait\u00a0\u00bb sur Facebook, Instagram ou Twitter en utilisant le hashtag #DigiWish. Un nom sera tir\u00e9 au sort parmi la liste des participants \u00e9ligibles chaque jour pendant toute la dur\u00e9e du concours, avec un total de 24\u00a0heureux gagnants. Tous les participants seront \u00e9galement inscrits au tirage au sort pour remporter le grand prix, \u00e0 savoir un bon d&rsquo;achat de 500\u00a0USD chez DigiKey.<\/p>\n<p>\u00ab\u00a0Nous sommes ravis de marquer le d\u00e9but des f\u00eates avec notre 15e\u00a0concours DigiWish annuel\u00a0\u00bb, a d\u00e9clar\u00e9 Brooks\u00a0Vigen, directeur senior du marketing strat\u00e9gique chez DigiKey. \u00ab\u00a0Les programmes tels que DigiWish ne sont qu&rsquo;un moyen parmi d&rsquo;autres pour DigiKey de soutenir les ing\u00e9nieurs, les concepteurs et les makers tout au long de l&rsquo;ann\u00e9e afin de les aider \u00e0 acc\u00e9l\u00e9rer les avanc\u00e9es techniques.\u00a0\u00bb<\/p>\n<p>Le concours DigiWish est sans obligation d&rsquo;achat. La promotion n&rsquo;est pas valable en cas de restriction ou d&rsquo;interdiction l\u00e9gale. Nous rappelons aux participants que DigiKey ne peut pas r\u00e9pondre favorablement aux v\u0153ux concernant les produits qui font l&rsquo;objet d&rsquo;une restriction \u00e0 l&rsquo;exportation vers leur pays respectif. Pour \u00eatre prises en compte, les publications DigiWish des participants sur les r\u00e9seaux sociaux doivent \u00eatre publiques. Consultez le\u00a0<a href=\"https:\/\/www.digikey.fr\/?utm_source=referral&amp;utm_medium=pressrelease&amp;utm_campaign=pressrelease\">site Web de DigiKey<\/a>\u00a0pour acc\u00e9der au r\u00e8glement complet et aux termes et conditions du\u00a0<a href=\"https:\/\/www.digikey.fr\/fr\/resources\/social\/digi-wish\/?utm_source=referral&amp;utm_medium=pressrelease&amp;utm_campaign=pressrelease\">concours DigiWish\u00a02023<\/a>.<\/p>\n<p><a href=\"https:\/\/www.digikey.fr\/\">digikey.fr<\/a><\/p>\n","protected":false},"excerpt":{"rendered":"<p>DigiKey a lanc\u00e9 le 1er d\u00e9cembre 2023, son 15\u00e8me concours\u00a0DigiWish\u00a0annuel. \u00c0 l&rsquo;approche des f\u00eates de fin d&rsquo;ann\u00e9e, DigiKey va s\u00e9lectionner 24\u00a0heureux gagnants qui pourront commencer les festivit\u00e9s en avance, une d\u00e9marche qui s&rsquo;inscrit dans le cadre de la mission continue de l&rsquo;entreprise visant \u00e0 aider les ing\u00e9nieurs, les concepteurs et les makers \u00e0 acc\u00e9l\u00e9rer les [&hellip;]<\/p>\n","protected":false},"author":36,"featured_media":438506,"comment_status":"closed","ping_status":"closed","sticky":false,"template":"","format":"standard","meta":{"_acf_changed":false,"footnotes":""},"categories":[886],"tags":[],"domains":[47],"ppma_author":[1154],"class_list":["post-438505","post","type-post","status-publish","format-standard","has-post-thumbnail","hentry","category-news-fr","domains-electronique-eci"],"acf":[],"yoast_head":"<title>Le 15\u00e8me concours DigiWish de DigiKey a d\u00e9but\u00e9 le 1er d\u00e9cem...<\/title>\n<meta name=\"description\" content=\"DigiKey a lanc\u00e9 le 1er d\u00e9cembre 2023, son 15\u00e8me concours\u00a0DigiWish\u00a0annuel.\" \/>\n<meta name=\"robots\" content=\"index, follow, max-snippet:-1, max-image-preview:large, max-video-preview:-1\" \/>\n<link rel=\"canonical\" href=\"https:\/\/www.ecinews.fr\/fr\/wp-json\/wp\/v2\/posts\/438505\/\" \/>\n<meta property=\"og:locale\" content=\"fr_FR\" \/>\n<meta property=\"og:type\" content=\"article\" \/>\n<meta property=\"og:title\" content=\"Le 15\u00e8me concours DigiWish de DigiKey a d\u00e9but\u00e9 le 1er d\u00e9cembre 2023\" \/>\n<meta property=\"og:description\" content=\"DigiKey a lanc\u00e9 le 1er d\u00e9cembre 2023, son 15\u00e8me concours\u00a0DigiWish\u00a0annuel.\" \/>\n<meta property=\"og:url\" content=\"https:\/\/www.ecinews.fr\/fr\/wp-json\/wp\/v2\/posts\/438505\/\" \/>\n<meta property=\"og:site_name\" content=\"EENewsEurope\" \/>\n<meta property=\"article:published_time\" content=\"2023-12-04T17:04:58+00:00\" \/>\n<meta property=\"og:image\" content=\"https:\/\/www.ecinews.fr\/wp-content\/uploads\/2023\/12\/ECI3226_DK.jpg\" \/>\n\t<meta property=\"og:image:width\" content=\"1080\" \/>\n\t<meta property=\"og:image:height\" content=\"1080\" \/>\n\t<meta property=\"og:image:type\" content=\"image\/jpeg\" \/>\n<meta name=\"author\" content=\"Alain Dieul\" \/>\n<meta name=\"twitter:card\" content=\"summary_large_image\" \/>\n<meta name=\"twitter:label1\" content=\"Written by\" \/>\n\t<meta name=\"twitter:data1\" content=\"Alain Dieul\" \/>\n\t<meta name=\"twitter:label2\" content=\"Est. reading time\" \/>\n\t<meta name=\"twitter:data2\" content=\"2 minutes\" \/>\n<script type=\"application\/ld+json\" class=\"yoast-schema-graph\">{\"@context\":\"https:\/\/schema.org\",\"@graph\":[{\"@type\":\"Article\",\"@id\":\"https:\/\/www.ecinews.fr\/fr\/le-15eme-concours-digiwish-de-digikey-a-debute-le-1er-decembre-2023\/#article\",\"isPartOf\":{\"@id\":\"https:\/\/www.ecinews.fr\/fr\/le-15eme-concours-digiwish-de-digikey-a-debute-le-1er-decembre-2023\/\"},\"author\":{\"name\":\"Alain Dieul\",\"@id\":\"https:\/\/www.eenewseurope.com\/en\/#\/schema\/person\/e4387676ad67ce722325c7832f3c3762\"},\"headline\":\"Le 15\u00e8me concours DigiWish de DigiKey a d\u00e9but\u00e9 le 1er d\u00e9cembre 2023\",\"datePublished\":\"2023-12-04T17:04:58+00:00\",\"dateModified\":\"2023-12-04T17:04:58+00:00\",\"mainEntityOfPage\":{\"@id\":\"https:\/\/www.ecinews.fr\/fr\/le-15eme-concours-digiwish-de-digikey-a-debute-le-1er-decembre-2023\/\"},\"wordCount\":363,\"publisher\":{\"@id\":\"https:\/\/www.eenewseurope.com\/en\/#organization\"},\"articleSection\":[\"Actualit\u00e9 g\u00e9n\u00e9rale\"],\"inLanguage\":\"fr-FR\"},{\"@type\":\"WebPage\",\"@id\":\"https:\/\/www.ecinews.fr\/fr\/le-15eme-concours-digiwish-de-digikey-a-debute-le-1er-decembre-2023\/\",\"url\":\"https:\/\/www.ecinews.fr\/fr\/le-15eme-concours-digiwish-de-digikey-a-debute-le-1er-decembre-2023\/\",\"name\":\"Le 15\u00e8me concours DigiWish de DigiKey a d\u00e9but\u00e9 le 1er d\u00e9cembre 2023 -\",\"isPartOf\":{\"@id\":\"https:\/\/www.eenewseurope.com\/en\/#website\"},\"datePublished\":\"2023-12-04T17:04:58+00:00\",\"dateModified\":\"2023-12-04T17:04:58+00:00\",\"description\":\"DigiKey a lanc\u00e9 le 1er d\u00e9cembre 2023, son 15\u00e8me concours\u00a0DigiWish\u00a0annuel.\",\"breadcrumb\":{\"@id\":\"https:\/\/www.ecinews.fr\/fr\/le-15eme-concours-digiwish-de-digikey-a-debute-le-1er-decembre-2023\/#breadcrumb\"},\"inLanguage\":\"fr-FR\",\"potentialAction\":[{\"@type\":\"ReadAction\",\"target\":[\"https:\/\/www.ecinews.fr\/fr\/le-15eme-concours-digiwish-de-digikey-a-debute-le-1er-decembre-2023\/\"]}]},{\"@type\":\"BreadcrumbList\",\"@id\":\"https:\/\/www.ecinews.fr\/fr\/le-15eme-concours-digiwish-de-digikey-a-debute-le-1er-decembre-2023\/#breadcrumb\",\"itemListElement\":[{\"@type\":\"ListItem\",\"position\":1,\"name\":\"Home\",\"item\":\"https:\/\/www.ecinews.fr\/fr\/\"},{\"@type\":\"ListItem\",\"position\":2,\"name\":\"Le 15\u00e8me concours DigiWish de DigiKey a d\u00e9but\u00e9 le 1er d\u00e9cembre 2023\"}]},{\"@type\":\"WebSite\",\"@id\":\"https:\/\/www.eenewseurope.com\/en\/#website\",\"url\":\"https:\/\/www.eenewseurope.com\/en\/\",\"name\":\"EENewsEurope\",\"description\":\"Just another WordPress site\",\"publisher\":{\"@id\":\"https:\/\/www.eenewseurope.com\/en\/#organization\"},\"potentialAction\":[{\"@type\":\"SearchAction\",\"target\":{\"@type\":\"EntryPoint\",\"urlTemplate\":\"https:\/\/www.eenewseurope.com\/en\/?s={search_term_string}\"},\"query-input\":\"required name=search_term_string\"}],\"inLanguage\":\"fr-FR\"},{\"@type\":\"Organization\",\"@id\":\"https:\/\/www.eenewseurope.com\/en\/#organization\",\"name\":\"EENewsEurope\",\"url\":\"https:\/\/www.eenewseurope.com\/en\/\",\"logo\":{\"@type\":\"ImageObject\",\"inLanguage\":\"fr-FR\",\"@id\":\"https:\/\/www.eenewseurope.com\/en\/#\/schema\/logo\/image\/\",\"url\":\"https:\/\/www.ecinews.fr\/wp-content\/uploads\/2022\/02\/logo-1.jpg\",\"contentUrl\":\"https:\/\/www.ecinews.fr\/wp-content\/uploads\/2022\/02\/logo-1.jpg\",\"width\":283,\"height\":113,\"caption\":\"EENewsEurope\"},\"image\":{\"@id\":\"https:\/\/www.eenewseurope.com\/en\/#\/schema\/logo\/image\/\"}},{\"@type\":\"Person\",\"@id\":\"https:\/\/www.eenewseurope.com\/en\/#\/schema\/person\/e4387676ad67ce722325c7832f3c3762\",\"name\":\"Alain Dieul\",\"image\":{\"@type\":\"ImageObject\",\"inLanguage\":\"fr-FR\",\"@id\":\"https:\/\/www.eenewseurope.com\/en\/#\/schema\/person\/image\/736120675699dbbf0f0f282b9a9cfb75\",\"url\":\"https:\/\/secure.gravatar.com\/avatar\/bc93b056d07515be5b8eecd4acf49c5c?s=96&d=mm&r=g\",\"contentUrl\":\"https:\/\/secure.gravatar.com\/avatar\/bc93b056d07515be5b8eecd4acf49c5c?s=96&d=mm&r=g\",\"caption\":\"Alain Dieul\"},\"sameAs\":[\"http:\/\/ECINews\"]}]}<\/script>","yoast_head_json":{"title":"Le 15\u00e8me concours DigiWish de DigiKey a d\u00e9but\u00e9 le 1er d\u00e9cem...","description":"DigiKey a lanc\u00e9 le 1er d\u00e9cembre 2023, son 15\u00e8me concours\u00a0DigiWish\u00a0annuel.","robots":{"index":"index","follow":"follow","max-snippet":"max-snippet:-1","max-image-preview":"max-image-preview:large","max-video-preview":"max-video-preview:-1"},"canonical":"https:\/\/www.ecinews.fr\/fr\/wp-json\/wp\/v2\/posts\/438505\/","og_locale":"fr_FR","og_type":"article","og_title":"Le 15\u00e8me concours DigiWish de DigiKey a d\u00e9but\u00e9 le 1er d\u00e9cembre 2023","og_description":"DigiKey a lanc\u00e9 le 1er d\u00e9cembre 2023, son 15\u00e8me concours\u00a0DigiWish\u00a0annuel.","og_url":"https:\/\/www.ecinews.fr\/fr\/wp-json\/wp\/v2\/posts\/438505\/","og_site_name":"EENewsEurope","article_published_time":"2023-12-04T17:04:58+00:00","og_image":[{"width":1080,"height":1080,"url":"https:\/\/www.ecinews.fr\/wp-content\/uploads\/2023\/12\/ECI3226_DK.jpg","type":"image\/jpeg"}],"author":"Alain Dieul","twitter_card":"summary_large_image","twitter_misc":{"Written by":"Alain Dieul","Est. reading time":"2 minutes"},"schema":{"@context":"https:\/\/schema.org","@graph":[{"@type":"Article","@id":"https:\/\/www.ecinews.fr\/fr\/le-15eme-concours-digiwish-de-digikey-a-debute-le-1er-decembre-2023\/#article","isPartOf":{"@id":"https:\/\/www.ecinews.fr\/fr\/le-15eme-concours-digiwish-de-digikey-a-debute-le-1er-decembre-2023\/"},"author":{"name":"Alain Dieul","@id":"https:\/\/www.eenewseurope.com\/en\/#\/schema\/person\/e4387676ad67ce722325c7832f3c3762"},"headline":"Le 15\u00e8me concours DigiWish de DigiKey a d\u00e9but\u00e9 le 1er d\u00e9cembre 2023","datePublished":"2023-12-04T17:04:58+00:00","dateModified":"2023-12-04T17:04:58+00:00","mainEntityOfPage":{"@id":"https:\/\/www.ecinews.fr\/fr\/le-15eme-concours-digiwish-de-digikey-a-debute-le-1er-decembre-2023\/"},"wordCount":363,"publisher":{"@id":"https:\/\/www.eenewseurope.com\/en\/#organization"},"articleSection":["Actualit\u00e9 g\u00e9n\u00e9rale"],"inLanguage":"fr-FR"},{"@type":"WebPage","@id":"https:\/\/www.ecinews.fr\/fr\/le-15eme-concours-digiwish-de-digikey-a-debute-le-1er-decembre-2023\/","url":"https:\/\/www.ecinews.fr\/fr\/le-15eme-concours-digiwish-de-digikey-a-debute-le-1er-decembre-2023\/","name":"Le 15\u00e8me concours DigiWish de DigiKey a d\u00e9but\u00e9 le 1er d\u00e9cembre 2023 -","isPartOf":{"@id":"https:\/\/www.eenewseurope.com\/en\/#website"},"datePublished":"2023-12-04T17:04:58+00:00","dateModified":"2023-12-04T17:04:58+00:00","description":"DigiKey a lanc\u00e9 le 1er d\u00e9cembre 2023, son 15\u00e8me concours\u00a0DigiWish\u00a0annuel.","breadcrumb":{"@id":"https:\/\/www.ecinews.fr\/fr\/le-15eme-concours-digiwish-de-digikey-a-debute-le-1er-decembre-2023\/#breadcrumb"},"inLanguage":"fr-FR","potentialAction":[{"@type":"ReadAction","target":["https:\/\/www.ecinews.fr\/fr\/le-15eme-concours-digiwish-de-digikey-a-debute-le-1er-decembre-2023\/"]}]},{"@type":"BreadcrumbList","@id":"https:\/\/www.ecinews.fr\/fr\/le-15eme-concours-digiwish-de-digikey-a-debute-le-1er-decembre-2023\/#breadcrumb","itemListElement":[{"@type":"ListItem","position":1,"name":"Home","item":"https:\/\/www.ecinews.fr\/fr\/"},{"@type":"ListItem","position":2,"name":"Le 15\u00e8me concours DigiWish de DigiKey a d\u00e9but\u00e9 le 1er d\u00e9cembre 2023"}]},{"@type":"WebSite","@id":"https:\/\/www.eenewseurope.com\/en\/#website","url":"https:\/\/www.eenewseurope.com\/en\/","name":"EENewsEurope","description":"Just another WordPress site","publisher":{"@id":"https:\/\/www.eenewseurope.com\/en\/#organization"},"potentialAction":[{"@type":"SearchAction","target":{"@type":"EntryPoint","urlTemplate":"https:\/\/www.eenewseurope.com\/en\/?s={search_term_string}"},"query-input":"required name=search_term_string"}],"inLanguage":"fr-FR"},{"@type":"Organization","@id":"https:\/\/www.eenewseurope.com\/en\/#organization","name":"EENewsEurope","url":"https:\/\/www.eenewseurope.com\/en\/","logo":{"@type":"ImageObject","inLanguage":"fr-FR","@id":"https:\/\/www.eenewseurope.com\/en\/#\/schema\/logo\/image\/","url":"https:\/\/www.ecinews.fr\/wp-content\/uploads\/2022\/02\/logo-1.jpg","contentUrl":"https:\/\/www.ecinews.fr\/wp-content\/uploads\/2022\/02\/logo-1.jpg","width":283,"height":113,"caption":"EENewsEurope"},"image":{"@id":"https:\/\/www.eenewseurope.com\/en\/#\/schema\/logo\/image\/"}},{"@type":"Person","@id":"https:\/\/www.eenewseurope.com\/en\/#\/schema\/person\/e4387676ad67ce722325c7832f3c3762","name":"Alain Dieul","image":{"@type":"ImageObject","inLanguage":"fr-FR","@id":"https:\/\/www.eenewseurope.com\/en\/#\/schema\/person\/image\/736120675699dbbf0f0f282b9a9cfb75","url":"https:\/\/secure.gravatar.com\/avatar\/bc93b056d07515be5b8eecd4acf49c5c?s=96&d=mm&r=g","contentUrl":"https:\/\/secure.gravatar.com\/avatar\/bc93b056d07515be5b8eecd4acf49c5c?s=96&d=mm&r=g","caption":"Alain Dieul"},"sameAs":["http:\/\/ECINews"]}]}},"authors":[{"term_id":1154,"user_id":36,"is_guest":0,"slug":"alain-dieul","display_name":"Alain Dieul","avatar_url":"https:\/\/secure.gravatar.com\/avatar\/bc93b056d07515be5b8eecd4acf49c5c?s=96&d=mm&r=g","0":null,"1":"","2":"","3":"","4":"","5":"","6":"","7":"","8":""}],"_links":{"self":[{"href":"https:\/\/www.ecinews.fr\/fr\/wp-json\/wp\/v2\/posts\/438505"}],"collection":[{"href":"https:\/\/www.ecinews.fr\/fr\/wp-json\/wp\/v2\/posts"}],"about":[{"href":"https:\/\/www.ecinews.fr\/fr\/wp-json\/wp\/v2\/types\/post"}],"author":[{"embeddable":true,"href":"https:\/\/www.ecinews.fr\/fr\/wp-json\/wp\/v2\/users\/36"}],"replies":[{"embeddable":true,"href":"https:\/\/www.ecinews.fr\/fr\/wp-json\/wp\/v2\/comments?post=438505"}],"version-history":[{"count":0,"href":"https:\/\/www.ecinews.fr\/fr\/wp-json\/wp\/v2\/posts\/438505\/revisions"}],"wp:featuredmedia":[{"embeddable":true,"href":"https:\/\/www.ecinews.fr\/fr\/wp-json\/wp\/v2\/media\/438506"}],"wp:attachment":[{"href":"https:\/\/www.ecinews.fr\/fr\/wp-json\/wp\/v2\/media?parent=438505"}],"wp:term":[{"taxonomy":"category","embeddable":true,"href":"https:\/\/www.ecinews.fr\/fr\/wp-json\/wp\/v2\/categories?post=438505"},{"taxonomy":"post_tag","embeddable":true,"href":"https:\/\/www.ecinews.fr\/fr\/wp-json\/wp\/v2\/tags?post=438505"},{"taxonomy":"domains","embeddable":true,"href":"https:\/\/www.ecinews.fr\/fr\/wp-json\/wp\/v2\/domains?post=438505"},{"taxonomy":"author","embeddable":true,"href":"https:\/\/www.ecinews.fr\/fr\/wp-json\/wp\/v2\/ppma_author?post=438505"}],"curies":[{"name":"wp","href":"https:\/\/api.w.org\/{rel}","templated":true}]}}