{"id":438385,"date":"2023-12-01T16:30:44","date_gmt":"2023-12-01T15:30:44","guid":{"rendered":"https:\/\/www.eenewseurope.com\/?p=438385"},"modified":"2023-12-01T16:31:42","modified_gmt":"2023-12-01T15:31:42","slug":"un-francais-pour-diriger-asml-leader-des-equipements-euv","status":"publish","type":"post","link":"https:\/\/www.ecinews.fr\/fr\/un-francais-pour-diriger-asml-leader-des-equipements-euv\/","title":{"rendered":"Un fran\u00e7ais pour diriger ASML leader des \u00e9quipements EUV\u00a0"},"content":{"rendered":"<h3>Le g\u00e9ant des \u00e9quipements pour semi-conducteurs ASML a nomm\u00e9 un nouveau PDG qui prendra ses fonctions en avril 2024 et ne remplacera pas son directeur technique qui part \u00e0 la retraite.<\/h3>\n<p>Christophe Fouquet est actuellement Chief Business Officer chez ASML et membre du Conseil d&rsquo;administration. Il remplacera le CEO et co-pr\u00e9sident Peter Wennink qui part \u00e0 la retraite. Martin van den Brink, directeur technique et copr\u00e9sident, prendra \u00e9galement sa retraite en avril et confiera la responsabilit\u00e9 de la feuille de route \u00e0 M. Fouquet.<\/p>\n<p>\u00ab\u00a0Le Conseil de Surveillance, en collaboration avec l&rsquo;\u00e9quipe de direction, a mis en place un processus complet de planification de la succession. Avec Christophe, nous avons identifi\u00e9 un leader tr\u00e8s exp\u00e9riment\u00e9 qui poss\u00e8de une connaissance approfondie de la technologie d&rsquo;ASML et de l&rsquo;\u00e9cosyst\u00e8me de l&rsquo;industrie des semi-conducteurs &#8211; acquise au travers de diff\u00e9rentes fonctions chez ASML et dans d&rsquo;autres soci\u00e9t\u00e9s &#8211; et qui poss\u00e8de les qualit\u00e9s de leadership et la culture ad\u00e9quates,\u00a0\u00bb d\u00e9clare Nils Andersen, Pr\u00e9sident du Conseil de Surveillance d&rsquo;ASML.<\/p>\n<p>\u00ab\u00a0Nous sommes reconnaissants et pleins d&rsquo;admiration pour les immenses contributions que Peter et Martin ont apport\u00e9es au cours des d\u00e9cennies, contribuant \u00e0 faire d&rsquo;ASML la soci\u00e9t\u00e9 prosp\u00e8re qu&rsquo;elle est aujourd&rsquo;hui. Peter et Martin ont pr\u00e9par\u00e9 ASML pour l&rsquo;avenir, et nous savons qu&rsquo;ils s&rsquo;engageront pleinement \u00e0 assurer une transition en douceur pour la soci\u00e9t\u00e9 et toutes les parties prenantes d&rsquo;ASML.\u00a0\u00bb<\/p>\n<p>ASML dispose actuellement d&rsquo;un carnet de commandes de 38 milliards de dollars et d&rsquo;un d\u00e9lai d&rsquo;approvisionnement pouvant aller jusqu&rsquo;\u00e0 24 mois pour les \u00e9quipements de fabrication de puces les plus r\u00e9cents.<\/p>\n<ul>\n<li><a href=\"https:\/\/www.eenewseurope.com\/en\/asml-sees-fast-shipments-of-chip-equipment-hit-results\/\">Les livraisons rapides d&rsquo;\u00e9quipements pour puces \u00e9lectroniques p\u00e8sent sur les r\u00e9sultats<\/a><\/li>\n<li><a href=\"https:\/\/www.eenewseurope.com\/en\/imec-asml-team-for-pilot-line-for-sub-1nm-development\/\">Des \u00e9quipes de l&rsquo;imec pour une ligne pilote pour le d\u00e9veloppement de la technologie sub-1nm <\/a><\/li>\n<li><a href=\"https:\/\/www.eenewseurope.com\/en\/asml-admits-chinese-data-theft-may-have-broken-export-controls\/\">Le vol de donn\u00e9es chinoises pourrait avoir enfreint les contr\u00f4les \u00e0 l&rsquo;exportation<\/a><\/li>\n<\/ul>\n<p>\u00ab\u00a0Je suis tr\u00e8s heureux que nous ayons pu trouver un successeur aussi solide pour diriger ASML \u00e0 partir d&rsquo;avril de l&rsquo;ann\u00e9e prochaine. Christophe travaille chez ASML depuis 15 ans et s&rsquo;est concentr\u00e9 sur la technologie, les produits et les clients d&rsquo;ASML\u00a0\u00bb, a d\u00e9clar\u00e9 Peter Wennink. \u00ab\u00a0Je travaillerai en \u00e9troite collaboration avec Christophe pour lui assurer le meilleur d\u00e9part possible dans ses nouvelles fonctions\u00a0\u00bb.<\/p>\n<p>\u00ab\u00a0Je suis absolument certain que Martin et Christophe, qui se connaissent si bien et travaillent ensemble \u00e0 la d\u00e9finition des feuilles de route publiques, prendront en charge ce groupe et le positionneront de mani\u00e8re \u00e0 ce que la transition au cours des cinq prochains mois se fasse en douceur\u00a0\u00bb, a-t-il d\u00e9clar\u00e9. \u00ab\u00a0Ce sera tr\u00e8s naturel, car Martin a d\u00e9j\u00e0 commenc\u00e9 \u00e0 transf\u00e9rer une partie de ses responsabilit\u00e9s en confiant \u00e0 Christophe la responsabilit\u00e9 du secteur d&rsquo;activit\u00e9, qui est essentiellement la feuille de route &#8211; non pas pour l&rsquo;ann\u00e9e prochaine, mais pour les dix prochaines ann\u00e9es.<\/p>\n<p>M. Fouquet a d\u00e9but\u00e9 dans le domaine de l&rsquo;UV profond (DUV), puis a dirig\u00e9 deux des secteurs d&rsquo;activit\u00e9 \u00e0 forte croissance d&rsquo;ASML &#8211; le secteur des applications et l&rsquo;EUV &#8211; et, plus r\u00e9cemment, tous les secteurs d&rsquo;activit\u00e9 d&rsquo;ASML.<\/p>\n<p>\u00ab\u00a0Nous avons une strat\u00e9gie claire et une \u00e9quipe formidable, et je suis impatient de construire sur ces bases solides dans les ann\u00e9es \u00e0 venir. Je sais que je peux compter sur plus de 42 500 coll\u00e8gues dans le monde entier pour continuer \u00e0 collaborer \u00e9troitement afin de poursuivre le d\u00e9veloppement de notre technologie, de servir nos clients et de continuer \u00e0 cr\u00e9er de la valeur pour toutes nos parties prenantes\u00a0\u00bb, a d\u00e9clar\u00e9 M. Fouquet.<\/p>\n<p>\u00ab\u00a0Ce fut un privil\u00e8ge de codiriger ASML avec Peter et de mettre l&rsquo;accent sur les produits, la technologie et les capacit\u00e9s d&rsquo;ing\u00e9nierie de la soci\u00e9t\u00e9 et de ses fournisseurs\u00a0\u00bb, a d\u00e9clar\u00e9 Martin van den Brink, directeur de la technologie.<\/p>\n<p>\u00ab\u00a0Je suis fier des innovations que nous avons r\u00e9alis\u00e9es avec nos clients au fil des d\u00e9cennies. Ma collaboration avec Christophe a \u00e9t\u00e9 tr\u00e8s \u00e9troite et fructueuse pendant de nombreuses ann\u00e9es, et je suis fier qu&rsquo;ASML ait pu faire \u00e9voluer un technologue comme Christophe vers le poste de CEO. Je suis heureux qu&rsquo;il dirige notre organisation technologique et qu&rsquo;il la place au c\u0153ur de l&rsquo;avenir d&rsquo;ASML. Dans les mois \u00e0 venir, je travaillerai avec lui pour assurer une transition en douceur, sachant qu&rsquo;ASML est bien positionn\u00e9e pour apporter \u00e0 notre portefeuille de produits les innovations dont nos clients ont besoin et qu&rsquo;ils attendent de nous\u00a0\u00bb.<\/p>\n<p>En outre, le Conseil de surveillance a l&rsquo;intention de nommer Jim Koonmen au poste de Chief Customer Officer, une nouvelle fonction au sein du Conseil d&rsquo;administration d&rsquo;ASML, \u00e0 partir du 24 avril 2024. Il a rejoint ASML en 2007 suite \u00e0 l&rsquo;acquisition de Brion, o\u00f9 il a \u00e9t\u00e9 directeur g\u00e9n\u00e9ral de 2008 \u00e0 2015. Il a ensuite \u00e9t\u00e9 PDG de Cymer et a dirig\u00e9 le secteur des applications pendant cinq ans.<\/p>\n<p><a href=\"http:\/\/www.asml.com\">www.asml.com<\/a><\/p>\n","protected":false},"excerpt":{"rendered":"<p>Le g\u00e9ant des \u00e9quipements pour semi-conducteurs ASML a nomm\u00e9 un nouveau PDG qui prendra ses fonctions en avril 2024 et ne remplacera pas son directeur technique qui part \u00e0 la retraite. Christophe Fouquet est actuellement Chief Business Officer chez ASML et membre du Conseil d&rsquo;administration. Il remplacera le CEO et co-pr\u00e9sident Peter Wennink qui part [&hellip;]<\/p>\n","protected":false},"author":34,"featured_media":438353,"comment_status":"closed","ping_status":"closed","sticky":false,"template":"","format":"standard","meta":{"_acf_changed":false,"footnotes":""},"categories":[883],"tags":[2933,2934,1558],"domains":[47],"ppma_author":[1153,3640],"class_list":["post-438385","post","type-post","status-publish","format-standard","has-post-thumbnail","hentry","category-technologies","tag-asml","tag-euv","tag-semiconducteurs","domains-electronique-eci"],"acf":[],"yoast_head":"<title>Un fran\u00e7ais pour diriger ASML leader des \u00e9quipements EUV\u00a0 ...<\/title>\n<meta name=\"description\" content=\"Christophe Fouquet remplacera Peter Wennink, CEO et copr\u00e9sident, et Martin van den Brink, directeur technique et copr\u00e9sident.\" \/>\n<meta name=\"robots\" content=\"index, follow, max-snippet:-1, max-image-preview:large, max-video-preview:-1\" \/>\n<link rel=\"canonical\" href=\"https:\/\/www.ecinews.fr\/fr\/wp-json\/wp\/v2\/posts\/438385\/\" \/>\n<meta property=\"og:locale\" content=\"fr_FR\" \/>\n<meta property=\"og:type\" content=\"article\" \/>\n<meta property=\"og:title\" content=\"Un fran\u00e7ais pour diriger ASML leader des \u00e9quipements EUV\u00a0\" \/>\n<meta property=\"og:description\" content=\"Christophe Fouquet remplacera Peter Wennink, CEO et copr\u00e9sident, et Martin van den Brink, directeur technique et copr\u00e9sident.\" \/>\n<meta property=\"og:url\" content=\"https:\/\/www.ecinews.fr\/fr\/wp-json\/wp\/v2\/posts\/438385\/\" \/>\n<meta property=\"og:site_name\" content=\"EENewsEurope\" \/>\n<meta property=\"article:published_time\" content=\"2023-12-01T15:30:44+00:00\" \/>\n<meta property=\"article:modified_time\" content=\"2023-12-01T15:31:42+00:00\" \/>\n<meta property=\"og:image\" content=\"https:\/\/www.ecinews.fr\/wp-content\/uploads\/2023\/12\/christophe-fouquet.webp\" \/>\n\t<meta property=\"og:image:width\" content=\"525\" \/>\n\t<meta property=\"og:image:height\" content=\"295\" \/>\n\t<meta property=\"og:image:type\" content=\"image\/webp\" \/>\n<meta name=\"author\" content=\"A Delapalisse, Nick Flaherty\" \/>\n<meta name=\"twitter:card\" content=\"summary_large_image\" \/>\n<meta name=\"twitter:label1\" content=\"Written by\" \/>\n\t<meta name=\"twitter:data1\" content=\"A Delapalisse\" \/>\n\t<meta name=\"twitter:label2\" content=\"Est. reading time\" \/>\n\t<meta name=\"twitter:data2\" content=\"4 minutes\" \/>\n<script type=\"application\/ld+json\" class=\"yoast-schema-graph\">{\"@context\":\"https:\/\/schema.org\",\"@graph\":[{\"@type\":\"Article\",\"@id\":\"https:\/\/www.ecinews.fr\/fr\/un-francais-pour-diriger-asml-leader-des-equipements-euv\/#article\",\"isPartOf\":{\"@id\":\"https:\/\/www.ecinews.fr\/fr\/un-francais-pour-diriger-asml-leader-des-equipements-euv\/\"},\"author\":{\"name\":\"A Delapalisse\",\"@id\":\"https:\/\/www.eenewseurope.com\/en\/#\/schema\/person\/0aa2cfb0bd8949724a68cbac8d8321b4\"},\"headline\":\"Un fran\u00e7ais pour diriger ASML leader des \u00e9quipements EUV\u00a0\",\"datePublished\":\"2023-12-01T15:30:44+00:00\",\"dateModified\":\"2023-12-01T15:31:42+00:00\",\"mainEntityOfPage\":{\"@id\":\"https:\/\/www.ecinews.fr\/fr\/un-francais-pour-diriger-asml-leader-des-equipements-euv\/\"},\"wordCount\":869,\"publisher\":{\"@id\":\"https:\/\/www.eenewseurope.com\/en\/#organization\"},\"keywords\":[\"ASML\",\"EUV\",\"Semiconducteurs\"],\"articleSection\":[\"Technologies\"],\"inLanguage\":\"fr-FR\"},{\"@type\":\"WebPage\",\"@id\":\"https:\/\/www.ecinews.fr\/fr\/un-francais-pour-diriger-asml-leader-des-equipements-euv\/\",\"url\":\"https:\/\/www.ecinews.fr\/fr\/un-francais-pour-diriger-asml-leader-des-equipements-euv\/\",\"name\":\"Un fran\u00e7ais pour diriger ASML leader des \u00e9quipements EUV\u00a0 -\",\"isPartOf\":{\"@id\":\"https:\/\/www.eenewseurope.com\/en\/#website\"},\"datePublished\":\"2023-12-01T15:30:44+00:00\",\"dateModified\":\"2023-12-01T15:31:42+00:00\",\"description\":\"Christophe Fouquet remplacera Peter Wennink, CEO et copr\u00e9sident, et Martin van den Brink, directeur technique et copr\u00e9sident.\",\"breadcrumb\":{\"@id\":\"https:\/\/www.ecinews.fr\/fr\/un-francais-pour-diriger-asml-leader-des-equipements-euv\/#breadcrumb\"},\"inLanguage\":\"fr-FR\",\"potentialAction\":[{\"@type\":\"ReadAction\",\"target\":[\"https:\/\/www.ecinews.fr\/fr\/un-francais-pour-diriger-asml-leader-des-equipements-euv\/\"]}]},{\"@type\":\"BreadcrumbList\",\"@id\":\"https:\/\/www.ecinews.fr\/fr\/un-francais-pour-diriger-asml-leader-des-equipements-euv\/#breadcrumb\",\"itemListElement\":[{\"@type\":\"ListItem\",\"position\":1,\"name\":\"Home\",\"item\":\"https:\/\/www.ecinews.fr\/fr\/\"},{\"@type\":\"ListItem\",\"position\":2,\"name\":\"Un fran\u00e7ais pour diriger ASML leader des \u00e9quipements EUV\u00a0\"}]},{\"@type\":\"WebSite\",\"@id\":\"https:\/\/www.eenewseurope.com\/en\/#website\",\"url\":\"https:\/\/www.eenewseurope.com\/en\/\",\"name\":\"EENewsEurope\",\"description\":\"Just another WordPress site\",\"publisher\":{\"@id\":\"https:\/\/www.eenewseurope.com\/en\/#organization\"},\"potentialAction\":[{\"@type\":\"SearchAction\",\"target\":{\"@type\":\"EntryPoint\",\"urlTemplate\":\"https:\/\/www.eenewseurope.com\/en\/?s={search_term_string}\"},\"query-input\":\"required name=search_term_string\"}],\"inLanguage\":\"fr-FR\"},{\"@type\":\"Organization\",\"@id\":\"https:\/\/www.eenewseurope.com\/en\/#organization\",\"name\":\"EENewsEurope\",\"url\":\"https:\/\/www.eenewseurope.com\/en\/\",\"logo\":{\"@type\":\"ImageObject\",\"inLanguage\":\"fr-FR\",\"@id\":\"https:\/\/www.eenewseurope.com\/en\/#\/schema\/logo\/image\/\",\"url\":\"https:\/\/www.ecinews.fr\/wp-content\/uploads\/2022\/02\/logo-1.jpg\",\"contentUrl\":\"https:\/\/www.ecinews.fr\/wp-content\/uploads\/2022\/02\/logo-1.jpg\",\"width\":283,\"height\":113,\"caption\":\"EENewsEurope\"},\"image\":{\"@id\":\"https:\/\/www.eenewseurope.com\/en\/#\/schema\/logo\/image\/\"}},{\"@type\":\"Person\",\"@id\":\"https:\/\/www.eenewseurope.com\/en\/#\/schema\/person\/0aa2cfb0bd8949724a68cbac8d8321b4\",\"name\":\"A Delapalisse\",\"image\":{\"@type\":\"ImageObject\",\"inLanguage\":\"fr-FR\",\"@id\":\"https:\/\/www.eenewseurope.com\/en\/#\/schema\/person\/image\/211ac42237c2e9683c0964086c393cb4\",\"url\":\"https:\/\/secure.gravatar.com\/avatar\/ad45a8c5da24bc9c7c4940dd1c48a695?s=96&d=mm&r=g\",\"contentUrl\":\"https:\/\/secure.gravatar.com\/avatar\/ad45a8c5da24bc9c7c4940dd1c48a695?s=96&d=mm&r=g\",\"caption\":\"A Delapalisse\"},\"sameAs\":[\"http:\/\/ECI\"]}]}<\/script>","yoast_head_json":{"title":"Un fran\u00e7ais pour diriger ASML leader des \u00e9quipements EUV\u00a0 ...","description":"Christophe Fouquet remplacera Peter Wennink, CEO et copr\u00e9sident, et Martin van den Brink, directeur technique et copr\u00e9sident.","robots":{"index":"index","follow":"follow","max-snippet":"max-snippet:-1","max-image-preview":"max-image-preview:large","max-video-preview":"max-video-preview:-1"},"canonical":"https:\/\/www.ecinews.fr\/fr\/wp-json\/wp\/v2\/posts\/438385\/","og_locale":"fr_FR","og_type":"article","og_title":"Un fran\u00e7ais pour diriger ASML leader des \u00e9quipements EUV\u00a0","og_description":"Christophe Fouquet remplacera Peter Wennink, CEO et copr\u00e9sident, et Martin van den Brink, directeur technique et copr\u00e9sident.","og_url":"https:\/\/www.ecinews.fr\/fr\/wp-json\/wp\/v2\/posts\/438385\/","og_site_name":"EENewsEurope","article_published_time":"2023-12-01T15:30:44+00:00","article_modified_time":"2023-12-01T15:31:42+00:00","og_image":[{"width":525,"height":295,"url":"https:\/\/www.ecinews.fr\/wp-content\/uploads\/2023\/12\/christophe-fouquet.webp","type":"image\/webp"}],"author":"A Delapalisse, Nick Flaherty","twitter_card":"summary_large_image","twitter_misc":{"Written by":"A Delapalisse","Est. reading time":"4 minutes"},"schema":{"@context":"https:\/\/schema.org","@graph":[{"@type":"Article","@id":"https:\/\/www.ecinews.fr\/fr\/un-francais-pour-diriger-asml-leader-des-equipements-euv\/#article","isPartOf":{"@id":"https:\/\/www.ecinews.fr\/fr\/un-francais-pour-diriger-asml-leader-des-equipements-euv\/"},"author":{"name":"A Delapalisse","@id":"https:\/\/www.eenewseurope.com\/en\/#\/schema\/person\/0aa2cfb0bd8949724a68cbac8d8321b4"},"headline":"Un fran\u00e7ais pour diriger ASML leader des \u00e9quipements EUV\u00a0","datePublished":"2023-12-01T15:30:44+00:00","dateModified":"2023-12-01T15:31:42+00:00","mainEntityOfPage":{"@id":"https:\/\/www.ecinews.fr\/fr\/un-francais-pour-diriger-asml-leader-des-equipements-euv\/"},"wordCount":869,"publisher":{"@id":"https:\/\/www.eenewseurope.com\/en\/#organization"},"keywords":["ASML","EUV","Semiconducteurs"],"articleSection":["Technologies"],"inLanguage":"fr-FR"},{"@type":"WebPage","@id":"https:\/\/www.ecinews.fr\/fr\/un-francais-pour-diriger-asml-leader-des-equipements-euv\/","url":"https:\/\/www.ecinews.fr\/fr\/un-francais-pour-diriger-asml-leader-des-equipements-euv\/","name":"Un fran\u00e7ais pour diriger ASML leader des \u00e9quipements EUV\u00a0 -","isPartOf":{"@id":"https:\/\/www.eenewseurope.com\/en\/#website"},"datePublished":"2023-12-01T15:30:44+00:00","dateModified":"2023-12-01T15:31:42+00:00","description":"Christophe Fouquet remplacera Peter Wennink, CEO et copr\u00e9sident, et Martin van den Brink, directeur technique et copr\u00e9sident.","breadcrumb":{"@id":"https:\/\/www.ecinews.fr\/fr\/un-francais-pour-diriger-asml-leader-des-equipements-euv\/#breadcrumb"},"inLanguage":"fr-FR","potentialAction":[{"@type":"ReadAction","target":["https:\/\/www.ecinews.fr\/fr\/un-francais-pour-diriger-asml-leader-des-equipements-euv\/"]}]},{"@type":"BreadcrumbList","@id":"https:\/\/www.ecinews.fr\/fr\/un-francais-pour-diriger-asml-leader-des-equipements-euv\/#breadcrumb","itemListElement":[{"@type":"ListItem","position":1,"name":"Home","item":"https:\/\/www.ecinews.fr\/fr\/"},{"@type":"ListItem","position":2,"name":"Un fran\u00e7ais pour diriger ASML leader des \u00e9quipements EUV\u00a0"}]},{"@type":"WebSite","@id":"https:\/\/www.eenewseurope.com\/en\/#website","url":"https:\/\/www.eenewseurope.com\/en\/","name":"EENewsEurope","description":"Just another WordPress site","publisher":{"@id":"https:\/\/www.eenewseurope.com\/en\/#organization"},"potentialAction":[{"@type":"SearchAction","target":{"@type":"EntryPoint","urlTemplate":"https:\/\/www.eenewseurope.com\/en\/?s={search_term_string}"},"query-input":"required name=search_term_string"}],"inLanguage":"fr-FR"},{"@type":"Organization","@id":"https:\/\/www.eenewseurope.com\/en\/#organization","name":"EENewsEurope","url":"https:\/\/www.eenewseurope.com\/en\/","logo":{"@type":"ImageObject","inLanguage":"fr-FR","@id":"https:\/\/www.eenewseurope.com\/en\/#\/schema\/logo\/image\/","url":"https:\/\/www.ecinews.fr\/wp-content\/uploads\/2022\/02\/logo-1.jpg","contentUrl":"https:\/\/www.ecinews.fr\/wp-content\/uploads\/2022\/02\/logo-1.jpg","width":283,"height":113,"caption":"EENewsEurope"},"image":{"@id":"https:\/\/www.eenewseurope.com\/en\/#\/schema\/logo\/image\/"}},{"@type":"Person","@id":"https:\/\/www.eenewseurope.com\/en\/#\/schema\/person\/0aa2cfb0bd8949724a68cbac8d8321b4","name":"A Delapalisse","image":{"@type":"ImageObject","inLanguage":"fr-FR","@id":"https:\/\/www.eenewseurope.com\/en\/#\/schema\/person\/image\/211ac42237c2e9683c0964086c393cb4","url":"https:\/\/secure.gravatar.com\/avatar\/ad45a8c5da24bc9c7c4940dd1c48a695?s=96&d=mm&r=g","contentUrl":"https:\/\/secure.gravatar.com\/avatar\/ad45a8c5da24bc9c7c4940dd1c48a695?s=96&d=mm&r=g","caption":"A Delapalisse"},"sameAs":["http:\/\/ECI"]}]}},"authors":[{"term_id":1153,"user_id":34,"is_guest":0,"slug":"adelapalisse","display_name":"A Delapalisse","avatar_url":"https:\/\/secure.gravatar.com\/avatar\/ad45a8c5da24bc9c7c4940dd1c48a695?s=96&d=mm&r=g","0":null,"1":"","2":"","3":"","4":"","5":"","6":"","7":"","8":""},{"term_id":3640,"user_id":0,"is_guest":1,"slug":"nick-flaherty","display_name":"Nick Flaherty","avatar_url":"https:\/\/secure.gravatar.com\/avatar\/?s=96&d=mm&r=g","0":null,"1":"","2":"","3":"","4":"","5":"","6":"","7":"","8":""}],"_links":{"self":[{"href":"https:\/\/www.ecinews.fr\/fr\/wp-json\/wp\/v2\/posts\/438385"}],"collection":[{"href":"https:\/\/www.ecinews.fr\/fr\/wp-json\/wp\/v2\/posts"}],"about":[{"href":"https:\/\/www.ecinews.fr\/fr\/wp-json\/wp\/v2\/types\/post"}],"author":[{"embeddable":true,"href":"https:\/\/www.ecinews.fr\/fr\/wp-json\/wp\/v2\/users\/34"}],"replies":[{"embeddable":true,"href":"https:\/\/www.ecinews.fr\/fr\/wp-json\/wp\/v2\/comments?post=438385"}],"version-history":[{"count":0,"href":"https:\/\/www.ecinews.fr\/fr\/wp-json\/wp\/v2\/posts\/438385\/revisions"}],"wp:featuredmedia":[{"embeddable":true,"href":"https:\/\/www.ecinews.fr\/fr\/wp-json\/wp\/v2\/media\/438353"}],"wp:attachment":[{"href":"https:\/\/www.ecinews.fr\/fr\/wp-json\/wp\/v2\/media?parent=438385"}],"wp:term":[{"taxonomy":"category","embeddable":true,"href":"https:\/\/www.ecinews.fr\/fr\/wp-json\/wp\/v2\/categories?post=438385"},{"taxonomy":"post_tag","embeddable":true,"href":"https:\/\/www.ecinews.fr\/fr\/wp-json\/wp\/v2\/tags?post=438385"},{"taxonomy":"domains","embeddable":true,"href":"https:\/\/www.ecinews.fr\/fr\/wp-json\/wp\/v2\/domains?post=438385"},{"taxonomy":"author","embeddable":true,"href":"https:\/\/www.ecinews.fr\/fr\/wp-json\/wp\/v2\/ppma_author?post=438385"}],"curies":[{"name":"wp","href":"https:\/\/api.w.org\/{rel}","templated":true}]}}