{"id":438335,"date":"2023-12-01T10:28:35","date_gmt":"2023-12-01T09:28:35","guid":{"rendered":"https:\/\/www.ecinews.fr\/?p=438335"},"modified":"2023-12-01T10:28:35","modified_gmt":"2023-12-01T09:28:35","slug":"la-technologie-du-francais-secure-ic-integree-dans-les-puces-derniere-generation-de-mediatek","status":"publish","type":"post","link":"https:\/\/www.ecinews.fr\/fr\/la-technologie-du-francais-secure-ic-integree-dans-les-puces-derniere-generation-de-mediatek\/","title":{"rendered":"La technologie du fran\u00e7ais Secure-IC int\u00e9gr\u00e9e dans les puces derni\u00e8re g\u00e9n\u00e9ration de MediaTek"},"content":{"rendered":"<h3><span style=\"font-size: 16px;\">Secure-IC, acteur majeur de l\u2019\u00e9cosyst\u00e8me fran\u00e7ais et fournisseur \u00e0 travers le monde de solutions compl\u00e8tes de cybers\u00e9curit\u00e9 pour les syst\u00e8mes embarqu\u00e9s et les objets connect\u00e9s, annonce que sa solution de cybers\u00e9curit\u00e9 embarqu\u00e9e Securyzr\u00a0iSE\u00a0(integrated\u00a0Secure Element) 900 a \u00e9t\u00e9 int\u00e9gr\u00e9e dans la puce de smartphone phare de\u00a0MediaTek, le Dimensity 9300.<\/span><\/h3>\n<p>Securyzr\u00a0de Secure-IC assure la protection des donn\u00e9es sensibles et des processus critiques au sein du chipset, en emp\u00eachant les acc\u00e8s non autoris\u00e9s et en pr\u00e9servant l&rsquo;int\u00e9grit\u00e9 du syst\u00e8me. L&rsquo;adoption de Securyzr<sup>TM<\/sup>, combin\u00e9e au support de certification au niveau du syst\u00e8me de Secure-IC, permet au\u00a0SoC\u00a0de\u00a0MediaTek\u00a0d&rsquo;\u00eatre\u00a0certifi\u00e9\u00a0Common\u00a0Criteria\u00a0level\u00a04+ (AVA_VAN.5).\u00a0Suite au\u00a0succ\u00e8s de ce projet, Secure-IC continuera \u00e0 fournir \u00e0\u00a0MediaTek\u00a0d&rsquo;autres solutions de s\u00e9curit\u00e9.<br \/>\nMediaTek\u00a0est une\u00a0soci\u00e9t\u00e9 mondiale de semi-conducteurs\u00a0fabless\u00a0(sans usine), leader dans le d\u00e9veloppement de syst\u00e8mes sur puce (SoC) innovants pour les produits mobiles, de divertissement \u00e0 domicile, de connectivit\u00e9 et IoT. Sorti en novembre 2023,\u00a0Dimensity 9300 de\u00a0MediaTek\u00a0red\u00e9finit l&rsquo;informatique mobile gr\u00e2ce \u00e0 ses fonctionnalit\u00e9s de pointe.<br \/>\nDepuis sa cr\u00e9ation, Secure-IC se consacre \u00e0 offrir au march\u00e9 des innovations de pointe en mati\u00e8re de s\u00e9curit\u00e9. L&rsquo;int\u00e9gration de la\u00a0technologie de\u00a0Secure-IC dans le Dimensity 9300 de\u00a0MediaTek\u00a0marque une \u00e9tape importante\u00a0dans la croissance de la soci\u00e9t\u00e9 fran\u00e7aise. La s\u00e9rie Securyzr\u00a0iSE\u00a0900 de Secure-IC renforce le\u00a0MediaTek\u00a0Dimensity 9300 avec une couche de s\u00e9curit\u00e9 avanc\u00e9e. Cette technologie garantit l&rsquo;int\u00e9grit\u00e9 du syst\u00e8me en jouant le r\u00f4le de racine de confiance (RoT) et fournit une capacit\u00e9 de traitement s\u00e9curis\u00e9e (SPU &#8211; Secure\u00a0Processing\u00a0Unit), d&rsquo;une robustesse et d&rsquo;une fiabilit\u00e9 reconnues.<br \/>\nEn tant qu&rsquo;enclave s\u00e9curis\u00e9e au sein du\u00a0MediaTek\u00a0Dimensity 9300, Securyzr\u00a0iSE\u00a0900 joue un r\u00f4le essentiel dans la protection des op\u00e9rations critiques tout au long du cycle de vie des\u00a0produits, telles que le d\u00e9marrage s\u00e9curis\u00e9, les mises \u00e0 jour du micrologiciel, la gestion des cl\u00e9s et les services cryptographiques. Il surveille en permanence ces processus s\u00e9curis\u00e9s pour garantir leur r\u00e9silience face \u00e0 des perturbations potentielles telles que les attaques\u00a0cyber\u00a0physiques, en att\u00e9nuant les menaces potentielles avec la plus grande fiabilit\u00e9. Parall\u00e8lement, Secure-IC a fourni des solutions logicielles robustes, tant au niveau de l&rsquo;\u00e9l\u00e9ment s\u00e9curis\u00e9 int\u00e9gr\u00e9\u00a0(integrated\u00a0Secure Element)\u00a0que de l&rsquo;h\u00f4te, y compris des capacit\u00e9s avanc\u00e9es de gestion du cycle de vie de la s\u00e9curit\u00e9 et un syst\u00e8me d&rsquo;exploitation (OS) s\u00e9curis\u00e9.\u00a0En plus de jouer le r\u00f4le de racine de confiance, Securyzr\u00a0iSE\u00a0900 est \u00e9galement utilis\u00e9 pour permettre aux processus et aux applications sensibles de fonctionner dans une zone s\u00e9curis\u00e9e isol\u00e9e.<\/p>\n<p>L&rsquo;adoption de Securyzr\u00a0iSE\u00a0(integrated\u00a0Secure Element), associ\u00e9e \u00e0 l&rsquo;\u00e9laboration compl\u00e9mentaire par Secure-IC d&rsquo;un dossier de certification complet, permet au\u00a0SoC\u00a0de\u00a0MediaTek\u00a0d&rsquo;\u00eatre conforme aux Common\u00a0Criteria\u00a0de niveau 4+ (CC-PP-0117 &#8211; Secure\u00a0Sub-System in System-on-Chip). Secure-IC met \u00e0 profit son exp\u00e9rience dans de multiples syst\u00e8mes de certification, et en tant qu&rsquo;acteur actif dans les organismes de certification et de normalisation, pour soutenir le produit phare de\u00a0MediaTek\u00a0pour smartphone.<br \/>\n\u00ab\u00a0Secure-IC est\u00a0fier d\u2019avoir \u00e9t\u00e9 retenu pour devenir\u00a0le partenaire de confiance\u00a0qui fournit\u00a0\u00e0\u00a0MediaTek\u00a0des\u00a0solutions de s\u00e9curit\u00e9, qui plus est pour son\u00a0chipset\u00a0phare, le Dimensity 9300\u00a0\u00bb, a d\u00e9clar\u00e9 Hassan Triqui,\u00a0CEO\u00a0de Secure-IC (photo).\u00a0\u00ab\u00a0Cette collaboration souligne notre engagement \u00e0 s\u00e9curiser le monde num\u00e9rique, et nous sommes ravis de jouer un r\u00f4le central en garantissant l&rsquo;int\u00e9grit\u00e9 et la s\u00e9curit\u00e9 des\u00a0SoC\u00a0de\u00a0MediaTek.\u00a0\u00bb<br \/>\n\u00ab\u00a0L&rsquo;int\u00e9gration de la technologie de s\u00e9curit\u00e9 de pointe de Secure-IC dans notre Dimensity 9300 repr\u00e9sente une avanc\u00e9e significative dans notre mission d&rsquo;offrir les meilleures solutions lorsque nos clients ach\u00e8tent nos produits phares. Ensemble, nous continuerons \u00e0 innover, en veillant \u00e0 ce que notre Dimensity 9300 \u00e9tablisse de nouvelles r\u00e9f\u00e9rences en termes de s\u00e9curit\u00e9 et de performance.\u00a0\u00bb\u00a0d\u00e9clare Dr.\u00a0Yenchi\u00a0Lee,\u00a0Deputy\u00a0General Manager\u00a0de\u00a0MediaTek\u00a0Wireless Communications Business.<\/p>\n<p>&nbsp;<\/p>\n<p><strong>\u00c0 propos de Secure-IC\u00a0:<\/strong><br \/>\nAvec une pr\u00e9sence et des clients sur les 5 continents, Secure-IC est un acteur majeur de l\u2019\u00e9cosyst\u00e8me fran\u00e7ais et fournisseur \u00e0 travers le monde de solutions compl\u00e8tes de cybers\u00e9curit\u00e9 pour les syst\u00e8mes embarqu\u00e9s et les objets connect\u00e9s. S\u2019appuyant sur une approche unique appel\u00e9e PESC (\u00ab\u00a0Protect,\u00a0Evaluate, Service &amp;\u00a0Certify\u00a0\u00bb i.e. Prot\u00e9ger, \u00c9valuer, Servir et Certifier), Secure-IC se positionne en partenaire de ses clients pour les accompagner tout au long du processus de conception des circuits int\u00e9gr\u00e9s et au-del\u00e0. S\u2019appuyant sur des activit\u00e9s d\u2019innovation et de recherche, Secure-IC fournit des technologies de protection de pointe \u00e9prouv\u00e9es, des \u00e9l\u00e9ments de s\u00e9curit\u00e9 int\u00e9gr\u00e9s et des plateformes d\u2019\u00e9valuation de la s\u00e9curit\u00e9 pour satisfaire les plus hauts niveaux de certification des diff\u00e9rents march\u00e9s (comme l\u2019automobile, l\u2019AIoT, la d\u00e9fense, les paiements et transactions, la m\u00e9moire et le stockage, les serveurs et le cloud).<\/p>\n<p><a href=\"https:\/\/www.secure-ic.com\/\">www.secure-ic.com<\/a><\/p>\n<p>&nbsp;<\/p>\n<p><strong>\u00c0 propos de\u00a0MediaTek\u00a0:<\/strong><br \/>\nMediaTek\u00a0Incorporated\u00a0est une soci\u00e9t\u00e9 mondiale de semi-conducteurs sans usine qui\u00a0permet la fabrique\u00a0pr\u00e8s de 2 milliards d&rsquo;appareils connect\u00e9s par an. Nous sommes un leader du march\u00e9 dans le d\u00e9veloppement de syst\u00e8mes sur puce (SoC) innovants pour les produits mobiles, de divertissement \u00e0 domicile, de connectivit\u00e9 et IoT. Notre d\u00e9vouement \u00e0 l&rsquo;innovation nous a positionn\u00e9s comme une force motrice du march\u00e9 dans plusieurs domaines technologiques cl\u00e9s, notamment les technologies mobiles \u00e0 haute efficacit\u00e9 \u00e9nerg\u00e9tique, les\u00a0solutions automobiles et une large gamme de produits multim\u00e9dias avanc\u00e9s tels que les smartphones, les tablettes, les t\u00e9l\u00e9viseurs num\u00e9riques, la 5G, les assistants vocaux (VAD) et les\u00a0wearables.\u00a0MediaTek\u00a0inspire\u00a0et permet d\u2019\u00e9largir\u00a0ses\u00a0horizons et\u00a0d\u2019atteindre\u00a0ses\u00a0objectifs gr\u00e2ce \u00e0 une technologie intelligente, plus facilement et plus efficacement que jamais. Nous travaillons avec les marques que vous aimez pour rendre la technologie accessible \u00e0 tous, et c&rsquo;est ce qui motive tout ce que nous faisons.\u00a0<\/p>\n<p><a href=\"http:\/\/www.mediatek.com\/\">www.mediatek.com<\/a><\/p>\n<p><a href=\"https:\/\/news.google.com\/publications\/CAAqBwgKMJbcwQswuPfYAw?hl=fr&amp;gl=BE&amp;ceid=BE:fr\">Suivre ECInews sur Google news<\/a><\/p>\n","protected":false},"excerpt":{"rendered":"<p>Secure-IC, acteur majeur de l\u2019\u00e9cosyst\u00e8me fran\u00e7ais et fournisseur \u00e0 travers le monde de solutions compl\u00e8tes de cybers\u00e9curit\u00e9 pour les syst\u00e8mes embarqu\u00e9s et les objets connect\u00e9s, annonce que sa solution de cybers\u00e9curit\u00e9 embarqu\u00e9e Securyzr\u00a0iSE\u00a0(integrated\u00a0Secure Element) 900 a \u00e9t\u00e9 int\u00e9gr\u00e9e dans la puce de smartphone phare de\u00a0MediaTek, le Dimensity 9300. Securyzr\u00a0de Secure-IC assure la protection des donn\u00e9es [&hellip;]<\/p>\n","protected":false},"author":36,"featured_media":438336,"comment_status":"closed","ping_status":"closed","sticky":false,"template":"","format":"standard","meta":{"_acf_changed":false,"footnotes":""},"categories":[886],"tags":[936],"domains":[47],"ppma_author":[1154],"class_list":["post-438335","post","type-post","status-publish","format-standard","has-post-thumbnail","hentry","category-news-fr","tag-circuits-integres","domains-electronique-eci"],"acf":[],"yoast_head":"<title>La technologie du fran\u00e7ais Secure-IC int\u00e9gr\u00e9e dans les puces...<\/title>\n<meta name=\"description\" content=\"Secure-IC annonce que sa solution de cybers\u00e9curit\u00e9 embarqu\u00e9e Securyzr\u00a0iSE\u00a0(integrated\u00a0Secure Element) 900 a \u00e9t\u00e9 int\u00e9gr\u00e9e dans la puce de smartphone...\" \/>\n<meta name=\"robots\" content=\"index, follow, max-snippet:-1, max-image-preview:large, max-video-preview:-1\" \/>\n<link rel=\"canonical\" href=\"https:\/\/www.ecinews.fr\/fr\/wp-json\/wp\/v2\/posts\/438335\/\" \/>\n<meta property=\"og:locale\" content=\"fr_FR\" \/>\n<meta property=\"og:type\" content=\"article\" \/>\n<meta property=\"og:title\" content=\"La technologie du fran\u00e7ais Secure-IC int\u00e9gr\u00e9e dans les puces derni\u00e8re g\u00e9n\u00e9ration de MediaTek\" \/>\n<meta property=\"og:description\" content=\"Secure-IC annonce que sa solution de cybers\u00e9curit\u00e9 embarqu\u00e9e Securyzr\u00a0iSE\u00a0(integrated\u00a0Secure Element) 900 a \u00e9t\u00e9 int\u00e9gr\u00e9e dans la puce de smartphone phare de\u00a0MediaTek, le Dimensity 9300.\" \/>\n<meta property=\"og:url\" content=\"https:\/\/www.ecinews.fr\/fr\/wp-json\/wp\/v2\/posts\/438335\/\" \/>\n<meta property=\"og:site_name\" content=\"EENewsEurope\" \/>\n<meta property=\"article:published_time\" content=\"2023-12-01T09:28:35+00:00\" \/>\n<meta property=\"og:image\" content=\"https:\/\/www.ecinews.fr\/wp-content\/uploads\/2023\/12\/ECI3004_Secure-IC-HassanTriqui-scaled.jpg\" \/>\n\t<meta property=\"og:image:width\" content=\"1080\" \/>\n\t<meta property=\"og:image:height\" content=\"795\" \/>\n\t<meta property=\"og:image:type\" content=\"image\/jpeg\" \/>\n<meta name=\"author\" content=\"Alain Dieul\" \/>\n<meta name=\"twitter:card\" content=\"summary_large_image\" \/>\n<meta name=\"twitter:label1\" content=\"Written by\" \/>\n\t<meta name=\"twitter:data1\" content=\"Alain Dieul\" \/>\n\t<meta name=\"twitter:label2\" content=\"Est. reading time\" \/>\n\t<meta name=\"twitter:data2\" content=\"5 minutes\" \/>\n<script type=\"application\/ld+json\" class=\"yoast-schema-graph\">{\"@context\":\"https:\/\/schema.org\",\"@graph\":[{\"@type\":\"Article\",\"@id\":\"https:\/\/www.ecinews.fr\/fr\/la-technologie-du-francais-secure-ic-integree-dans-les-puces-derniere-generation-de-mediatek\/#article\",\"isPartOf\":{\"@id\":\"https:\/\/www.ecinews.fr\/fr\/la-technologie-du-francais-secure-ic-integree-dans-les-puces-derniere-generation-de-mediatek\/\"},\"author\":{\"name\":\"Alain Dieul\",\"@id\":\"https:\/\/www.eenewseurope.com\/en\/#\/schema\/person\/e4387676ad67ce722325c7832f3c3762\"},\"headline\":\"La technologie du fran\u00e7ais Secure-IC int\u00e9gr\u00e9e dans les puces derni\u00e8re g\u00e9n\u00e9ration de MediaTek\",\"datePublished\":\"2023-12-01T09:28:35+00:00\",\"dateModified\":\"2023-12-01T09:28:35+00:00\",\"mainEntityOfPage\":{\"@id\":\"https:\/\/www.ecinews.fr\/fr\/la-technologie-du-francais-secure-ic-integree-dans-les-puces-derniere-generation-de-mediatek\/\"},\"wordCount\":1077,\"publisher\":{\"@id\":\"https:\/\/www.eenewseurope.com\/en\/#organization\"},\"keywords\":[\"Circuits int\u00e9gr\u00e9s\"],\"articleSection\":[\"Actualit\u00e9 g\u00e9n\u00e9rale\"],\"inLanguage\":\"fr-FR\"},{\"@type\":\"WebPage\",\"@id\":\"https:\/\/www.ecinews.fr\/fr\/la-technologie-du-francais-secure-ic-integree-dans-les-puces-derniere-generation-de-mediatek\/\",\"url\":\"https:\/\/www.ecinews.fr\/fr\/la-technologie-du-francais-secure-ic-integree-dans-les-puces-derniere-generation-de-mediatek\/\",\"name\":\"La technologie du fran\u00e7ais Secure-IC int\u00e9gr\u00e9e dans les puces derni\u00e8re g\u00e9n\u00e9ration de MediaTek -\",\"isPartOf\":{\"@id\":\"https:\/\/www.eenewseurope.com\/en\/#website\"},\"datePublished\":\"2023-12-01T09:28:35+00:00\",\"dateModified\":\"2023-12-01T09:28:35+00:00\",\"description\":\"Secure-IC annonce que sa solution de cybers\u00e9curit\u00e9 embarqu\u00e9e Securyzr\u00a0iSE\u00a0(integrated\u00a0Secure Element) 900 a \u00e9t\u00e9 int\u00e9gr\u00e9e dans la puce de smartphone phare de\u00a0MediaTek, le Dimensity 9300.\",\"breadcrumb\":{\"@id\":\"https:\/\/www.ecinews.fr\/fr\/la-technologie-du-francais-secure-ic-integree-dans-les-puces-derniere-generation-de-mediatek\/#breadcrumb\"},\"inLanguage\":\"fr-FR\",\"potentialAction\":[{\"@type\":\"ReadAction\",\"target\":[\"https:\/\/www.ecinews.fr\/fr\/la-technologie-du-francais-secure-ic-integree-dans-les-puces-derniere-generation-de-mediatek\/\"]}]},{\"@type\":\"BreadcrumbList\",\"@id\":\"https:\/\/www.ecinews.fr\/fr\/la-technologie-du-francais-secure-ic-integree-dans-les-puces-derniere-generation-de-mediatek\/#breadcrumb\",\"itemListElement\":[{\"@type\":\"ListItem\",\"position\":1,\"name\":\"Home\",\"item\":\"https:\/\/www.ecinews.fr\/fr\/\"},{\"@type\":\"ListItem\",\"position\":2,\"name\":\"La technologie du fran\u00e7ais Secure-IC int\u00e9gr\u00e9e dans les puces derni\u00e8re g\u00e9n\u00e9ration de MediaTek\"}]},{\"@type\":\"WebSite\",\"@id\":\"https:\/\/www.eenewseurope.com\/en\/#website\",\"url\":\"https:\/\/www.eenewseurope.com\/en\/\",\"name\":\"EENewsEurope\",\"description\":\"Just another WordPress site\",\"publisher\":{\"@id\":\"https:\/\/www.eenewseurope.com\/en\/#organization\"},\"potentialAction\":[{\"@type\":\"SearchAction\",\"target\":{\"@type\":\"EntryPoint\",\"urlTemplate\":\"https:\/\/www.eenewseurope.com\/en\/?s={search_term_string}\"},\"query-input\":\"required name=search_term_string\"}],\"inLanguage\":\"fr-FR\"},{\"@type\":\"Organization\",\"@id\":\"https:\/\/www.eenewseurope.com\/en\/#organization\",\"name\":\"EENewsEurope\",\"url\":\"https:\/\/www.eenewseurope.com\/en\/\",\"logo\":{\"@type\":\"ImageObject\",\"inLanguage\":\"fr-FR\",\"@id\":\"https:\/\/www.eenewseurope.com\/en\/#\/schema\/logo\/image\/\",\"url\":\"https:\/\/www.ecinews.fr\/wp-content\/uploads\/2022\/02\/logo-1.jpg\",\"contentUrl\":\"https:\/\/www.ecinews.fr\/wp-content\/uploads\/2022\/02\/logo-1.jpg\",\"width\":283,\"height\":113,\"caption\":\"EENewsEurope\"},\"image\":{\"@id\":\"https:\/\/www.eenewseurope.com\/en\/#\/schema\/logo\/image\/\"}},{\"@type\":\"Person\",\"@id\":\"https:\/\/www.eenewseurope.com\/en\/#\/schema\/person\/e4387676ad67ce722325c7832f3c3762\",\"name\":\"Alain Dieul\",\"image\":{\"@type\":\"ImageObject\",\"inLanguage\":\"fr-FR\",\"@id\":\"https:\/\/www.eenewseurope.com\/en\/#\/schema\/person\/image\/736120675699dbbf0f0f282b9a9cfb75\",\"url\":\"https:\/\/secure.gravatar.com\/avatar\/bc93b056d07515be5b8eecd4acf49c5c?s=96&d=mm&r=g\",\"contentUrl\":\"https:\/\/secure.gravatar.com\/avatar\/bc93b056d07515be5b8eecd4acf49c5c?s=96&d=mm&r=g\",\"caption\":\"Alain Dieul\"},\"sameAs\":[\"http:\/\/ECINews\"]}]}<\/script>","yoast_head_json":{"title":"La technologie du fran\u00e7ais Secure-IC int\u00e9gr\u00e9e dans les puces...","description":"Secure-IC annonce que sa solution de cybers\u00e9curit\u00e9 embarqu\u00e9e Securyzr\u00a0iSE\u00a0(integrated\u00a0Secure Element) 900 a \u00e9t\u00e9 int\u00e9gr\u00e9e dans la puce de smartphone...","robots":{"index":"index","follow":"follow","max-snippet":"max-snippet:-1","max-image-preview":"max-image-preview:large","max-video-preview":"max-video-preview:-1"},"canonical":"https:\/\/www.ecinews.fr\/fr\/wp-json\/wp\/v2\/posts\/438335\/","og_locale":"fr_FR","og_type":"article","og_title":"La technologie du fran\u00e7ais Secure-IC int\u00e9gr\u00e9e dans les puces derni\u00e8re g\u00e9n\u00e9ration de MediaTek","og_description":"Secure-IC annonce que sa solution de cybers\u00e9curit\u00e9 embarqu\u00e9e Securyzr\u00a0iSE\u00a0(integrated\u00a0Secure Element) 900 a \u00e9t\u00e9 int\u00e9gr\u00e9e dans la puce de smartphone phare de\u00a0MediaTek, le Dimensity 9300.","og_url":"https:\/\/www.ecinews.fr\/fr\/wp-json\/wp\/v2\/posts\/438335\/","og_site_name":"EENewsEurope","article_published_time":"2023-12-01T09:28:35+00:00","og_image":[{"width":1080,"height":795,"url":"https:\/\/www.ecinews.fr\/wp-content\/uploads\/2023\/12\/ECI3004_Secure-IC-HassanTriqui-scaled.jpg","type":"image\/jpeg"}],"author":"Alain Dieul","twitter_card":"summary_large_image","twitter_misc":{"Written by":"Alain Dieul","Est. reading time":"5 minutes"},"schema":{"@context":"https:\/\/schema.org","@graph":[{"@type":"Article","@id":"https:\/\/www.ecinews.fr\/fr\/la-technologie-du-francais-secure-ic-integree-dans-les-puces-derniere-generation-de-mediatek\/#article","isPartOf":{"@id":"https:\/\/www.ecinews.fr\/fr\/la-technologie-du-francais-secure-ic-integree-dans-les-puces-derniere-generation-de-mediatek\/"},"author":{"name":"Alain Dieul","@id":"https:\/\/www.eenewseurope.com\/en\/#\/schema\/person\/e4387676ad67ce722325c7832f3c3762"},"headline":"La technologie du fran\u00e7ais Secure-IC int\u00e9gr\u00e9e dans les puces derni\u00e8re g\u00e9n\u00e9ration de MediaTek","datePublished":"2023-12-01T09:28:35+00:00","dateModified":"2023-12-01T09:28:35+00:00","mainEntityOfPage":{"@id":"https:\/\/www.ecinews.fr\/fr\/la-technologie-du-francais-secure-ic-integree-dans-les-puces-derniere-generation-de-mediatek\/"},"wordCount":1077,"publisher":{"@id":"https:\/\/www.eenewseurope.com\/en\/#organization"},"keywords":["Circuits int\u00e9gr\u00e9s"],"articleSection":["Actualit\u00e9 g\u00e9n\u00e9rale"],"inLanguage":"fr-FR"},{"@type":"WebPage","@id":"https:\/\/www.ecinews.fr\/fr\/la-technologie-du-francais-secure-ic-integree-dans-les-puces-derniere-generation-de-mediatek\/","url":"https:\/\/www.ecinews.fr\/fr\/la-technologie-du-francais-secure-ic-integree-dans-les-puces-derniere-generation-de-mediatek\/","name":"La technologie du fran\u00e7ais Secure-IC int\u00e9gr\u00e9e dans les puces derni\u00e8re g\u00e9n\u00e9ration de MediaTek -","isPartOf":{"@id":"https:\/\/www.eenewseurope.com\/en\/#website"},"datePublished":"2023-12-01T09:28:35+00:00","dateModified":"2023-12-01T09:28:35+00:00","description":"Secure-IC annonce que sa solution de cybers\u00e9curit\u00e9 embarqu\u00e9e Securyzr\u00a0iSE\u00a0(integrated\u00a0Secure Element) 900 a \u00e9t\u00e9 int\u00e9gr\u00e9e dans la puce de smartphone phare de\u00a0MediaTek, le Dimensity 9300.","breadcrumb":{"@id":"https:\/\/www.ecinews.fr\/fr\/la-technologie-du-francais-secure-ic-integree-dans-les-puces-derniere-generation-de-mediatek\/#breadcrumb"},"inLanguage":"fr-FR","potentialAction":[{"@type":"ReadAction","target":["https:\/\/www.ecinews.fr\/fr\/la-technologie-du-francais-secure-ic-integree-dans-les-puces-derniere-generation-de-mediatek\/"]}]},{"@type":"BreadcrumbList","@id":"https:\/\/www.ecinews.fr\/fr\/la-technologie-du-francais-secure-ic-integree-dans-les-puces-derniere-generation-de-mediatek\/#breadcrumb","itemListElement":[{"@type":"ListItem","position":1,"name":"Home","item":"https:\/\/www.ecinews.fr\/fr\/"},{"@type":"ListItem","position":2,"name":"La technologie du fran\u00e7ais Secure-IC int\u00e9gr\u00e9e dans les puces derni\u00e8re g\u00e9n\u00e9ration de MediaTek"}]},{"@type":"WebSite","@id":"https:\/\/www.eenewseurope.com\/en\/#website","url":"https:\/\/www.eenewseurope.com\/en\/","name":"EENewsEurope","description":"Just another WordPress site","publisher":{"@id":"https:\/\/www.eenewseurope.com\/en\/#organization"},"potentialAction":[{"@type":"SearchAction","target":{"@type":"EntryPoint","urlTemplate":"https:\/\/www.eenewseurope.com\/en\/?s={search_term_string}"},"query-input":"required name=search_term_string"}],"inLanguage":"fr-FR"},{"@type":"Organization","@id":"https:\/\/www.eenewseurope.com\/en\/#organization","name":"EENewsEurope","url":"https:\/\/www.eenewseurope.com\/en\/","logo":{"@type":"ImageObject","inLanguage":"fr-FR","@id":"https:\/\/www.eenewseurope.com\/en\/#\/schema\/logo\/image\/","url":"https:\/\/www.ecinews.fr\/wp-content\/uploads\/2022\/02\/logo-1.jpg","contentUrl":"https:\/\/www.ecinews.fr\/wp-content\/uploads\/2022\/02\/logo-1.jpg","width":283,"height":113,"caption":"EENewsEurope"},"image":{"@id":"https:\/\/www.eenewseurope.com\/en\/#\/schema\/logo\/image\/"}},{"@type":"Person","@id":"https:\/\/www.eenewseurope.com\/en\/#\/schema\/person\/e4387676ad67ce722325c7832f3c3762","name":"Alain Dieul","image":{"@type":"ImageObject","inLanguage":"fr-FR","@id":"https:\/\/www.eenewseurope.com\/en\/#\/schema\/person\/image\/736120675699dbbf0f0f282b9a9cfb75","url":"https:\/\/secure.gravatar.com\/avatar\/bc93b056d07515be5b8eecd4acf49c5c?s=96&d=mm&r=g","contentUrl":"https:\/\/secure.gravatar.com\/avatar\/bc93b056d07515be5b8eecd4acf49c5c?s=96&d=mm&r=g","caption":"Alain Dieul"},"sameAs":["http:\/\/ECINews"]}]}},"authors":[{"term_id":1154,"user_id":36,"is_guest":0,"slug":"alain-dieul","display_name":"Alain Dieul","avatar_url":"https:\/\/secure.gravatar.com\/avatar\/bc93b056d07515be5b8eecd4acf49c5c?s=96&d=mm&r=g","0":null,"1":"","2":"","3":"","4":"","5":"","6":"","7":"","8":""}],"_links":{"self":[{"href":"https:\/\/www.ecinews.fr\/fr\/wp-json\/wp\/v2\/posts\/438335"}],"collection":[{"href":"https:\/\/www.ecinews.fr\/fr\/wp-json\/wp\/v2\/posts"}],"about":[{"href":"https:\/\/www.ecinews.fr\/fr\/wp-json\/wp\/v2\/types\/post"}],"author":[{"embeddable":true,"href":"https:\/\/www.ecinews.fr\/fr\/wp-json\/wp\/v2\/users\/36"}],"replies":[{"embeddable":true,"href":"https:\/\/www.ecinews.fr\/fr\/wp-json\/wp\/v2\/comments?post=438335"}],"version-history":[{"count":0,"href":"https:\/\/www.ecinews.fr\/fr\/wp-json\/wp\/v2\/posts\/438335\/revisions"}],"wp:featuredmedia":[{"embeddable":true,"href":"https:\/\/www.ecinews.fr\/fr\/wp-json\/wp\/v2\/media\/438336"}],"wp:attachment":[{"href":"https:\/\/www.ecinews.fr\/fr\/wp-json\/wp\/v2\/media?parent=438335"}],"wp:term":[{"taxonomy":"category","embeddable":true,"href":"https:\/\/www.ecinews.fr\/fr\/wp-json\/wp\/v2\/categories?post=438335"},{"taxonomy":"post_tag","embeddable":true,"href":"https:\/\/www.ecinews.fr\/fr\/wp-json\/wp\/v2\/tags?post=438335"},{"taxonomy":"domains","embeddable":true,"href":"https:\/\/www.ecinews.fr\/fr\/wp-json\/wp\/v2\/domains?post=438335"},{"taxonomy":"author","embeddable":true,"href":"https:\/\/www.ecinews.fr\/fr\/wp-json\/wp\/v2\/ppma_author?post=438335"}],"curies":[{"name":"wp","href":"https:\/\/api.w.org\/{rel}","templated":true}]}}