{"id":437537,"date":"2023-11-20T19:30:53","date_gmt":"2023-11-20T18:30:53","guid":{"rendered":"https:\/\/www.ecinews.fr\/?p=437537"},"modified":"2023-11-21T10:12:40","modified_gmt":"2023-11-21T09:12:40","slug":"kyocera-fineceramics-europe-double-ses-capacites-de-production-en-allemagne","status":"publish","type":"post","link":"https:\/\/www.ecinews.fr\/fr\/kyocera-fineceramics-europe-double-ses-capacites-de-production-en-allemagne\/","title":{"rendered":"Kyocera Fineceramics double ses capacit\u00e9s de production en Allemagne"},"content":{"rendered":"<h3><span style=\"font-size: 16px;\">Au cours de l\u2019exercice 2023\/2024, Kyocera Fineceramics Europe GmbH compte investir pr\u00e8s de 34 millions d\u2019euros dans ses deux sites europ\u00e9ens, situ\u00e9s \u00e0 Mannheim (Bade-Wurtemberg) et \u00e0 Selb (Bavi\u00e8re).<\/span><\/h3>\n<p>Kyocera souligne \u00e0 quel point ces sites industriels allemands, forces motrices pour l\u2019ensemble du march\u00e9 europ\u00e9en, sont d\u2019une importance capitale pour la soci\u00e9t\u00e9. Kyocera Fineceramics Europe GmbH fait partie des principaux fournisseurs mondiaux de c\u00e9ramiques de haute performance, adapt\u00e9es \u00e0 diverses utilisations industrielles, telles qu\u2019\u00e0 la construction automobile, aux technologies \u00e9nerg\u00e9tiques et m\u00e9dicales ou encore \u00e0 la fabrication de semi-conducteurs. \u00ab La transformation industrielle en Allemagne repr\u00e9sente un d\u00e9fi de taille, surtout dans un domaine n\u00e9cessitant autant d\u2019\u00e9nergie que le n\u00f4tre. C\u2019est pourquoi associer l\u2019\u00e9conomie et l\u2019\u00e9cologie nous tient particuli\u00e8rement \u00e0 c\u0153ur et nos investissements portent pr\u00e9cis\u00e9ment sur ce point \u00bb, a d\u00e9clar\u00e9 le Dr. Carsten Ru\u00dfner, pr\u00e9sident de Kyocera Fineceramics Europe GmbH.<\/p>\n<p><strong>Investissements durables dans les infrastructures, les installations et le personnel<\/strong><\/p>\n<p>La demande de produits Kyocera est forte et les carnets de commandes de la soci\u00e9t\u00e9 sont bien remplis. Elle souhaite se d\u00e9velopper davantage et suit pour cela une strat\u00e9gie de d\u00e9veloppement pr\u00e9cise\u00a0: \u00ab\u00a0Les effets \u00e0 court terme de la valeur actionnariale ne constitue pas une priorit\u00e9 pour le groupe Kyocera. Pour nous, c\u2019est la perspective \u00e0 long terme qui est essentielle\u00a0: notre objectif est de devenir leader du march\u00e9 europ\u00e9en de la c\u00e9ramique technique\u00a0\u00bb, a affirm\u00e9 le Dr. Carsten Ru\u00dfner.<br \/>\nDepuis le rachat et la fusion des deux soci\u00e9t\u00e9s (le fabricant de c\u00e9ramiques de type non oxyde H. C. Starck Ceramics GmbH \u00e0 Selb et l\u2019unit\u00e9 de production de c\u00e9ramique de la Friatec GmbH \u00e0 Mannheim), KYOCERA Fineceramics Europe GmbH a recrut\u00e9 plus de 200 nouveaux membres du personnel. \u00ab La construction du nouveau centre administratif et logistique \u00e0 Mannheim a d\u00e9but\u00e9 en mars cette ann\u00e9e et notre objectif au cours des prochains mois est de d\u00e9velopper de fa\u00e7on cibl\u00e9e nos installations de production. \u00c0 Selb, nous allons am\u00e9nager des b\u00e2timents d\u00e9j\u00e0 existants et en construire de nouveaux sur d\u2019autres terrains que nous avons acquis \u00bb, a ajout\u00e9 Armin Kayser, vice-pr\u00e9sident ex\u00e9cutif de Kyocera Fineceramics Europe GmbH. Ainsi, de nouvelles installations de production vont \u00eatre install\u00e9es dans des b\u00e2timents qui existent d\u00e9j\u00e0 \u00e0 Mannheim et l\u2019approvisionnement \u00e9nerg\u00e9tique va \u00eatre revu et adapt\u00e9. Une structure \u00e9cologique en bois, des modules photovolta\u00efques pour la production d\u2019\u00e9lectricit\u00e9 ainsi qu\u2019une alimentation des installations de chauffage et de refroidissement gr\u00e2ce \u00e0 la chaleur dissip\u00e9e par les fours de frittage sont notamment pr\u00e9vus.<br \/>\n\u00ab\u00a0Les capacit\u00e9s de nos deux sites (de c\u00e9ramiques industrielles g\u00e9n\u00e9rales \u00e0 Mannheim, de c\u00e9ramiques principalement destin\u00e9es \u00e0 la production de semi-conducteurs \u00e0 Selb) seront pr\u00e9serv\u00e9es. Mannheim est \u00e9galement le si\u00e8ge social europ\u00e9en de la soci\u00e9t\u00e9 Kyocera Fineceramics, proposant \u00e0 la vente des produits japonais en plus de ceux fabriqu\u00e9s sur nos sites en Allemagne.\u00a0Kyocera souhaite en m\u00eame temps renforcer la collaboration entre Mannheim et Selb\u00a0\u00bb, a conclu Armin Kayser.<\/p>\n<p><strong>Priorit\u00e9 aux technologies semi-conductrices et m\u00e9dicales<br \/>\n<\/strong>Kyocera proc\u00e8de actuellement au taillage de plus de 200 mat\u00e9riaux en c\u00e9ramique diff\u00e9rents, adapt\u00e9s aux divers besoins des clients. Dans le cadre de la production de semi-conducteurs, ces mat\u00e9riaux se distinguent par leur r\u00e9sistance aux temp\u00e9ratures \u00e9lev\u00e9es, aux produits chimiques et \u00e0 l\u2019utilisation de plasmas ou de faisceaux d\u2019ions. Ainsi, les c\u00e9ramiques Kyocera peuvent \u00eatre utilis\u00e9es dans de nombreux domaines essentiels, tels que la lithographie, le d\u00e9p\u00f4t et la diffusion, le recuit thermique rapide, l\u2019implantation ionique, la m\u00e9decine ou encore la m\u00e9trologie.<br \/>\nLes c\u00e9ramiques de haute performance doivent r\u00e9pondre \u00e0 des exigences diff\u00e9rentes selon les domaines m\u00e9dicaux, tels que la radiologie ou la radioth\u00e9rapie oncologique par exemple. Depuis des d\u00e9cennies, les c\u00e9ramiques \u00e0 base d\u2019oxydes de Kyocera d\u00e9montrent leurs propri\u00e9t\u00e9s de fa\u00e7on remarquable.<\/p>\n<p><a href=\"http:\/\/www.kyocera.fr\/\">www.kyocera.fr<\/a><\/p>\n<p><a href=\"https:\/\/news.google.com\/publications\/CAAqBwgKMJbcwQswuPfYAw?hl=fr&amp;gl=BE&amp;ceid=BE:fr\">Suivre ECInews sur Google news<\/a><\/p>\n","protected":false},"excerpt":{"rendered":"<p>Au cours de l\u2019exercice 2023\/2024, Kyocera Fineceramics Europe GmbH compte investir pr\u00e8s de 34 millions d\u2019euros dans ses deux sites europ\u00e9ens, situ\u00e9s \u00e0 Mannheim (Bade-Wurtemberg) et \u00e0 Selb (Bavi\u00e8re). Kyocera souligne \u00e0 quel point ces sites industriels allemands, forces motrices pour l\u2019ensemble du march\u00e9 europ\u00e9en, sont d\u2019une importance capitale pour la soci\u00e9t\u00e9. Kyocera Fineceramics Europe [&hellip;]<\/p>\n","protected":false},"author":36,"featured_media":437538,"comment_status":"closed","ping_status":"closed","sticky":false,"template":"","format":"standard","meta":{"_acf_changed":false,"footnotes":""},"categories":[886],"tags":[5177],"domains":[47],"ppma_author":[1154],"class_list":["post-437537","post","type-post","status-publish","format-standard","has-post-thumbnail","hentry","category-news-fr","tag-ceramique","domains-electronique-eci"],"acf":[],"yoast_head":"<title>Kyocera Fineceramics double ses capacit\u00e9s de production en All...<\/title>\n<meta name=\"description\" content=\"Au cours de l\u2019exercice 2023\/2024, KYOCERA Fineceramics Europe GmbH compte investir pr\u00e8s de 34 millions d\u2019euros dans ses deux sites europ\u00e9ens, situ\u00e9s...\" \/>\n<meta name=\"robots\" content=\"index, follow, max-snippet:-1, max-image-preview:large, max-video-preview:-1\" \/>\n<link rel=\"canonical\" href=\"https:\/\/www.ecinews.fr\/fr\/wp-json\/wp\/v2\/posts\/437537\/\" \/>\n<meta property=\"og:locale\" content=\"fr_FR\" \/>\n<meta property=\"og:type\" content=\"article\" \/>\n<meta property=\"og:title\" content=\"Kyocera Fineceramics double ses capacit\u00e9s de production en Allemagne\" \/>\n<meta property=\"og:description\" content=\"Au cours de l\u2019exercice 2023\/2024, KYOCERA Fineceramics Europe GmbH compte investir pr\u00e8s de 34 millions d\u2019euros dans ses deux sites europ\u00e9ens, situ\u00e9s \u00e0 Mannheim (Bade-Wurtemberg) et \u00e0 Selb (Bavi\u00e8re).\" \/>\n<meta property=\"og:url\" content=\"https:\/\/www.ecinews.fr\/fr\/wp-json\/wp\/v2\/posts\/437537\/\" \/>\n<meta property=\"og:site_name\" content=\"EENewsEurope\" \/>\n<meta property=\"article:published_time\" content=\"2023-11-20T18:30:53+00:00\" \/>\n<meta property=\"article:modified_time\" content=\"2023-11-21T09:12:40+00:00\" \/>\n<meta property=\"og:image\" content=\"https:\/\/www.ecinews.fr\/wp-content\/uploads\/2023\/11\/ECI2095_Kyocera-actu.jpg\" \/>\n\t<meta property=\"og:image:width\" content=\"753\" \/>\n\t<meta property=\"og:image:height\" content=\"455\" \/>\n\t<meta property=\"og:image:type\" content=\"image\/jpeg\" \/>\n<meta name=\"author\" content=\"Alain Dieul\" \/>\n<meta name=\"twitter:card\" content=\"summary_large_image\" \/>\n<meta name=\"twitter:label1\" content=\"Written by\" \/>\n\t<meta name=\"twitter:data1\" content=\"Alain Dieul\" \/>\n\t<meta name=\"twitter:label2\" content=\"Est. reading time\" \/>\n\t<meta name=\"twitter:data2\" content=\"3 minutes\" \/>\n<script type=\"application\/ld+json\" class=\"yoast-schema-graph\">{\"@context\":\"https:\/\/schema.org\",\"@graph\":[{\"@type\":\"Article\",\"@id\":\"https:\/\/www.ecinews.fr\/fr\/kyocera-fineceramics-europe-double-ses-capacites-de-production-en-allemagne\/#article\",\"isPartOf\":{\"@id\":\"https:\/\/www.ecinews.fr\/fr\/kyocera-fineceramics-europe-double-ses-capacites-de-production-en-allemagne\/\"},\"author\":{\"name\":\"Alain Dieul\",\"@id\":\"https:\/\/www.eenewseurope.com\/en\/#\/schema\/person\/e4387676ad67ce722325c7832f3c3762\"},\"headline\":\"Kyocera Fineceramics double ses capacit\u00e9s de production en Allemagne\",\"datePublished\":\"2023-11-20T18:30:53+00:00\",\"dateModified\":\"2023-11-21T09:12:40+00:00\",\"mainEntityOfPage\":{\"@id\":\"https:\/\/www.ecinews.fr\/fr\/kyocera-fineceramics-europe-double-ses-capacites-de-production-en-allemagne\/\"},\"wordCount\":706,\"publisher\":{\"@id\":\"https:\/\/www.eenewseurope.com\/en\/#organization\"},\"keywords\":[\"C\u00e9ramique\"],\"articleSection\":[\"Actualit\u00e9 g\u00e9n\u00e9rale\"],\"inLanguage\":\"fr-FR\"},{\"@type\":\"WebPage\",\"@id\":\"https:\/\/www.ecinews.fr\/fr\/kyocera-fineceramics-europe-double-ses-capacites-de-production-en-allemagne\/\",\"url\":\"https:\/\/www.ecinews.fr\/fr\/kyocera-fineceramics-europe-double-ses-capacites-de-production-en-allemagne\/\",\"name\":\"Kyocera Fineceramics double ses capacit\u00e9s de production en Allemagne -\",\"isPartOf\":{\"@id\":\"https:\/\/www.eenewseurope.com\/en\/#website\"},\"datePublished\":\"2023-11-20T18:30:53+00:00\",\"dateModified\":\"2023-11-21T09:12:40+00:00\",\"description\":\"Au cours de l\u2019exercice 2023\/2024, KYOCERA Fineceramics Europe GmbH compte investir pr\u00e8s de 34 millions d\u2019euros dans ses deux sites europ\u00e9ens, situ\u00e9s \u00e0 Mannheim (Bade-Wurtemberg) et \u00e0 Selb (Bavi\u00e8re).\",\"breadcrumb\":{\"@id\":\"https:\/\/www.ecinews.fr\/fr\/kyocera-fineceramics-europe-double-ses-capacites-de-production-en-allemagne\/#breadcrumb\"},\"inLanguage\":\"fr-FR\",\"potentialAction\":[{\"@type\":\"ReadAction\",\"target\":[\"https:\/\/www.ecinews.fr\/fr\/kyocera-fineceramics-europe-double-ses-capacites-de-production-en-allemagne\/\"]}]},{\"@type\":\"BreadcrumbList\",\"@id\":\"https:\/\/www.ecinews.fr\/fr\/kyocera-fineceramics-europe-double-ses-capacites-de-production-en-allemagne\/#breadcrumb\",\"itemListElement\":[{\"@type\":\"ListItem\",\"position\":1,\"name\":\"Home\",\"item\":\"https:\/\/www.ecinews.fr\/fr\/\"},{\"@type\":\"ListItem\",\"position\":2,\"name\":\"Kyocera Fineceramics double ses capacit\u00e9s de production en Allemagne\"}]},{\"@type\":\"WebSite\",\"@id\":\"https:\/\/www.eenewseurope.com\/en\/#website\",\"url\":\"https:\/\/www.eenewseurope.com\/en\/\",\"name\":\"EENewsEurope\",\"description\":\"Just another WordPress site\",\"publisher\":{\"@id\":\"https:\/\/www.eenewseurope.com\/en\/#organization\"},\"potentialAction\":[{\"@type\":\"SearchAction\",\"target\":{\"@type\":\"EntryPoint\",\"urlTemplate\":\"https:\/\/www.eenewseurope.com\/en\/?s={search_term_string}\"},\"query-input\":\"required name=search_term_string\"}],\"inLanguage\":\"fr-FR\"},{\"@type\":\"Organization\",\"@id\":\"https:\/\/www.eenewseurope.com\/en\/#organization\",\"name\":\"EENewsEurope\",\"url\":\"https:\/\/www.eenewseurope.com\/en\/\",\"logo\":{\"@type\":\"ImageObject\",\"inLanguage\":\"fr-FR\",\"@id\":\"https:\/\/www.eenewseurope.com\/en\/#\/schema\/logo\/image\/\",\"url\":\"https:\/\/www.ecinews.fr\/wp-content\/uploads\/2022\/02\/logo-1.jpg\",\"contentUrl\":\"https:\/\/www.ecinews.fr\/wp-content\/uploads\/2022\/02\/logo-1.jpg\",\"width\":283,\"height\":113,\"caption\":\"EENewsEurope\"},\"image\":{\"@id\":\"https:\/\/www.eenewseurope.com\/en\/#\/schema\/logo\/image\/\"}},{\"@type\":\"Person\",\"@id\":\"https:\/\/www.eenewseurope.com\/en\/#\/schema\/person\/e4387676ad67ce722325c7832f3c3762\",\"name\":\"Alain Dieul\",\"image\":{\"@type\":\"ImageObject\",\"inLanguage\":\"fr-FR\",\"@id\":\"https:\/\/www.eenewseurope.com\/en\/#\/schema\/person\/image\/736120675699dbbf0f0f282b9a9cfb75\",\"url\":\"https:\/\/secure.gravatar.com\/avatar\/bc93b056d07515be5b8eecd4acf49c5c?s=96&d=mm&r=g\",\"contentUrl\":\"https:\/\/secure.gravatar.com\/avatar\/bc93b056d07515be5b8eecd4acf49c5c?s=96&d=mm&r=g\",\"caption\":\"Alain Dieul\"},\"sameAs\":[\"http:\/\/ECINews\"]}]}<\/script>","yoast_head_json":{"title":"Kyocera Fineceramics double ses capacit\u00e9s de production en All...","description":"Au cours de l\u2019exercice 2023\/2024, KYOCERA Fineceramics Europe GmbH compte investir pr\u00e8s de 34 millions d\u2019euros dans ses deux sites europ\u00e9ens, situ\u00e9s...","robots":{"index":"index","follow":"follow","max-snippet":"max-snippet:-1","max-image-preview":"max-image-preview:large","max-video-preview":"max-video-preview:-1"},"canonical":"https:\/\/www.ecinews.fr\/fr\/wp-json\/wp\/v2\/posts\/437537\/","og_locale":"fr_FR","og_type":"article","og_title":"Kyocera Fineceramics double ses capacit\u00e9s de production en Allemagne","og_description":"Au cours de l\u2019exercice 2023\/2024, KYOCERA Fineceramics Europe GmbH compte investir pr\u00e8s de 34 millions d\u2019euros dans ses deux sites europ\u00e9ens, situ\u00e9s \u00e0 Mannheim (Bade-Wurtemberg) et \u00e0 Selb (Bavi\u00e8re).","og_url":"https:\/\/www.ecinews.fr\/fr\/wp-json\/wp\/v2\/posts\/437537\/","og_site_name":"EENewsEurope","article_published_time":"2023-11-20T18:30:53+00:00","article_modified_time":"2023-11-21T09:12:40+00:00","og_image":[{"width":753,"height":455,"url":"https:\/\/www.ecinews.fr\/wp-content\/uploads\/2023\/11\/ECI2095_Kyocera-actu.jpg","type":"image\/jpeg"}],"author":"Alain Dieul","twitter_card":"summary_large_image","twitter_misc":{"Written by":"Alain Dieul","Est. reading time":"3 minutes"},"schema":{"@context":"https:\/\/schema.org","@graph":[{"@type":"Article","@id":"https:\/\/www.ecinews.fr\/fr\/kyocera-fineceramics-europe-double-ses-capacites-de-production-en-allemagne\/#article","isPartOf":{"@id":"https:\/\/www.ecinews.fr\/fr\/kyocera-fineceramics-europe-double-ses-capacites-de-production-en-allemagne\/"},"author":{"name":"Alain Dieul","@id":"https:\/\/www.eenewseurope.com\/en\/#\/schema\/person\/e4387676ad67ce722325c7832f3c3762"},"headline":"Kyocera Fineceramics double ses capacit\u00e9s de production en Allemagne","datePublished":"2023-11-20T18:30:53+00:00","dateModified":"2023-11-21T09:12:40+00:00","mainEntityOfPage":{"@id":"https:\/\/www.ecinews.fr\/fr\/kyocera-fineceramics-europe-double-ses-capacites-de-production-en-allemagne\/"},"wordCount":706,"publisher":{"@id":"https:\/\/www.eenewseurope.com\/en\/#organization"},"keywords":["C\u00e9ramique"],"articleSection":["Actualit\u00e9 g\u00e9n\u00e9rale"],"inLanguage":"fr-FR"},{"@type":"WebPage","@id":"https:\/\/www.ecinews.fr\/fr\/kyocera-fineceramics-europe-double-ses-capacites-de-production-en-allemagne\/","url":"https:\/\/www.ecinews.fr\/fr\/kyocera-fineceramics-europe-double-ses-capacites-de-production-en-allemagne\/","name":"Kyocera Fineceramics double ses capacit\u00e9s de production en Allemagne -","isPartOf":{"@id":"https:\/\/www.eenewseurope.com\/en\/#website"},"datePublished":"2023-11-20T18:30:53+00:00","dateModified":"2023-11-21T09:12:40+00:00","description":"Au cours de l\u2019exercice 2023\/2024, KYOCERA Fineceramics Europe GmbH compte investir pr\u00e8s de 34 millions d\u2019euros dans ses deux sites europ\u00e9ens, situ\u00e9s \u00e0 Mannheim (Bade-Wurtemberg) et \u00e0 Selb (Bavi\u00e8re).","breadcrumb":{"@id":"https:\/\/www.ecinews.fr\/fr\/kyocera-fineceramics-europe-double-ses-capacites-de-production-en-allemagne\/#breadcrumb"},"inLanguage":"fr-FR","potentialAction":[{"@type":"ReadAction","target":["https:\/\/www.ecinews.fr\/fr\/kyocera-fineceramics-europe-double-ses-capacites-de-production-en-allemagne\/"]}]},{"@type":"BreadcrumbList","@id":"https:\/\/www.ecinews.fr\/fr\/kyocera-fineceramics-europe-double-ses-capacites-de-production-en-allemagne\/#breadcrumb","itemListElement":[{"@type":"ListItem","position":1,"name":"Home","item":"https:\/\/www.ecinews.fr\/fr\/"},{"@type":"ListItem","position":2,"name":"Kyocera Fineceramics double ses capacit\u00e9s de production en Allemagne"}]},{"@type":"WebSite","@id":"https:\/\/www.eenewseurope.com\/en\/#website","url":"https:\/\/www.eenewseurope.com\/en\/","name":"EENewsEurope","description":"Just another WordPress site","publisher":{"@id":"https:\/\/www.eenewseurope.com\/en\/#organization"},"potentialAction":[{"@type":"SearchAction","target":{"@type":"EntryPoint","urlTemplate":"https:\/\/www.eenewseurope.com\/en\/?s={search_term_string}"},"query-input":"required name=search_term_string"}],"inLanguage":"fr-FR"},{"@type":"Organization","@id":"https:\/\/www.eenewseurope.com\/en\/#organization","name":"EENewsEurope","url":"https:\/\/www.eenewseurope.com\/en\/","logo":{"@type":"ImageObject","inLanguage":"fr-FR","@id":"https:\/\/www.eenewseurope.com\/en\/#\/schema\/logo\/image\/","url":"https:\/\/www.ecinews.fr\/wp-content\/uploads\/2022\/02\/logo-1.jpg","contentUrl":"https:\/\/www.ecinews.fr\/wp-content\/uploads\/2022\/02\/logo-1.jpg","width":283,"height":113,"caption":"EENewsEurope"},"image":{"@id":"https:\/\/www.eenewseurope.com\/en\/#\/schema\/logo\/image\/"}},{"@type":"Person","@id":"https:\/\/www.eenewseurope.com\/en\/#\/schema\/person\/e4387676ad67ce722325c7832f3c3762","name":"Alain Dieul","image":{"@type":"ImageObject","inLanguage":"fr-FR","@id":"https:\/\/www.eenewseurope.com\/en\/#\/schema\/person\/image\/736120675699dbbf0f0f282b9a9cfb75","url":"https:\/\/secure.gravatar.com\/avatar\/bc93b056d07515be5b8eecd4acf49c5c?s=96&d=mm&r=g","contentUrl":"https:\/\/secure.gravatar.com\/avatar\/bc93b056d07515be5b8eecd4acf49c5c?s=96&d=mm&r=g","caption":"Alain Dieul"},"sameAs":["http:\/\/ECINews"]}]}},"authors":[{"term_id":1154,"user_id":36,"is_guest":0,"slug":"alain-dieul","display_name":"Alain Dieul","avatar_url":"https:\/\/secure.gravatar.com\/avatar\/bc93b056d07515be5b8eecd4acf49c5c?s=96&d=mm&r=g","0":null,"1":"","2":"","3":"","4":"","5":"","6":"","7":"","8":""}],"_links":{"self":[{"href":"https:\/\/www.ecinews.fr\/fr\/wp-json\/wp\/v2\/posts\/437537"}],"collection":[{"href":"https:\/\/www.ecinews.fr\/fr\/wp-json\/wp\/v2\/posts"}],"about":[{"href":"https:\/\/www.ecinews.fr\/fr\/wp-json\/wp\/v2\/types\/post"}],"author":[{"embeddable":true,"href":"https:\/\/www.ecinews.fr\/fr\/wp-json\/wp\/v2\/users\/36"}],"replies":[{"embeddable":true,"href":"https:\/\/www.ecinews.fr\/fr\/wp-json\/wp\/v2\/comments?post=437537"}],"version-history":[{"count":0,"href":"https:\/\/www.ecinews.fr\/fr\/wp-json\/wp\/v2\/posts\/437537\/revisions"}],"wp:featuredmedia":[{"embeddable":true,"href":"https:\/\/www.ecinews.fr\/fr\/wp-json\/wp\/v2\/media\/437538"}],"wp:attachment":[{"href":"https:\/\/www.ecinews.fr\/fr\/wp-json\/wp\/v2\/media?parent=437537"}],"wp:term":[{"taxonomy":"category","embeddable":true,"href":"https:\/\/www.ecinews.fr\/fr\/wp-json\/wp\/v2\/categories?post=437537"},{"taxonomy":"post_tag","embeddable":true,"href":"https:\/\/www.ecinews.fr\/fr\/wp-json\/wp\/v2\/tags?post=437537"},{"taxonomy":"domains","embeddable":true,"href":"https:\/\/www.ecinews.fr\/fr\/wp-json\/wp\/v2\/domains?post=437537"},{"taxonomy":"author","embeddable":true,"href":"https:\/\/www.ecinews.fr\/fr\/wp-json\/wp\/v2\/ppma_author?post=437537"}],"curies":[{"name":"wp","href":"https:\/\/api.w.org\/{rel}","templated":true}]}}