{"id":437529,"date":"2023-11-20T19:21:30","date_gmt":"2023-11-20T18:21:30","guid":{"rendered":"https:\/\/www.ecinews.fr\/?p=437529"},"modified":"2023-11-20T19:21:30","modified_gmt":"2023-11-20T18:21:30","slug":"le-groupe-wae-reprend-la-snees","status":"publish","type":"post","link":"https:\/\/www.ecinews.fr\/fr\/le-groupe-wae-reprend-la-snees\/","title":{"rendered":"Le Groupe WAE reprend la SNEES"},"content":{"rendered":"<h3><span style=\"font-size: 16px;\">Fond\u00e9 et dirig\u00e9 par Fr\u00e9d\u00e9ric Fabre, le Groupe WAE, dont le si\u00e8ge social est \u00e0 Avrill\u00e9 (Maine-et-Loire), change de dimension. Le 30\/10\/2023, il a finalis\u00e9 l\u2019acquisition de la SNEES (Soci\u00e9t\u00e9 Nouvelle d\u2019Equipement Electronique Sarthoise), bas\u00e9e \u00e0 Sabl\u00e9-sur-Sarthe.<\/span><\/h3>\n<p>Cet EMS (Electronics Manufacturing Service) est sp\u00e9cialis\u00e9 dans la fabrication en s\u00e9rie de cartes \u00e9lectroniques.<br \/>\nAvec cette 4\u00e8me op\u00e9ration de croissance externe, en six ans, le Groupe WAE internalise une nouvelle activit\u00e9 et augmente ses capacit\u00e9s de production dans l\u2019Hexagone. Depuis 2017, dans une logique d\u2019int\u00e9gration verticale, de compl\u00e9mentarit\u00e9 des comp\u00e9tences et de construction d\u2019une offre globale \u00ab de l\u2019id\u00e9e au produit \u00bb, West Advanced Electronic Group a successivement rassembl\u00e9 sous sa banni\u00e8re :<\/p>\n<p><strong>QUASAR CONCEPT<\/strong> &#8211; Avrill\u00e9 (Maine-et-Loire) Bureau d\u2019\u00e9tudes \u00e9lectronique, industrialisation et fabrication en s\u00e9rie ; \u00e9tude, conception et fabrication de bancs de test<\/p>\n<p><strong>CAO CONCEPT<\/strong> &#8211; Angers (Maine-et-Loire) Design et conception de cartes \u00e9lectroniques, prototypage<\/p>\n<p><strong>SERETEC<\/strong> &#8211; Villebon-sur-Yvette (Essonne) Bureau d\u2019\u00e9tudes m\u00e9canique et industrialisation de produits, sp\u00e9cialis\u00e9 en plasturgie<\/p>\n<p>Avec le renfort de la SNEES, et son unit\u00e9 de production de 5000 m\u00b2, le Groupe WAE compte d\u00e9sormais 120 salari\u00e9s, r\u00e9partis sur six sites, en France et \u00e0 l\u2019international, pour un chiffre d\u2019affaires consolid\u00e9 de 15 millions d\u2019euros. L\u2019int\u00e9gration de la SNEES, aux c\u00f4t\u00e9s de QUASAR CONCEPT, CAO CONCEPT et SERETEC renforce la port\u00e9e du projet industriel du Groupe WAE via une couverture encore \u00e9largie des m\u00e9tiers de l\u2019\u00e9lectronique, logiciels embarqu\u00e9s et m\u00e9canique.<\/p>\n<p>&nbsp;<\/p>\n<p><strong>SNEES : production \u00ab made in France \u00bb, expertise et comp\u00e9tences en Pays de la Loire<\/strong><br \/>\nCr\u00e9\u00e9e en 1980 \u00e0 Sabl\u00e9-sur-Sarthe, la SNEES avait \u00e9t\u00e9 reprise en 2010 par Philippe Monnier qui accompagnera le processus de transmission. L\u2019entreprise est forte de 40 collaborateurs.<br \/>\nAu sein d\u2019une usine de 5000 m\u00b2, elle dispose d\u2019un parc r\u00e9cent de machines dont trois lignes automatis\u00e9es pour la fabrication en s\u00e9rie de cartes \u00e9lectroniques et une ligne automatis\u00e9e pour la fabrication de prototypes et les petites s\u00e9ries.<\/p>\n<p>La SNEES r\u00e9alise aussi l\u2019int\u00e9gration de sous-ensembles et produits finis ainsi que du c\u00e2blage filaire.<\/p>\n<p><a title=\"   https:\/\/group-wae.com\/\" href=\"%20  https:\/\/group-wae.com\/\">https:\/\/group-wae.com<\/a><\/p>\n<p><u><a href=\"https:\/\/news.google.com\/publications\/CAAqBwgKMJbcwQswuPfYAw?hl=fr&amp;gl=BE&amp;ceid=BE:fr\">Suivre ECInews sur Google news<\/a><\/u><\/p>\n","protected":false},"excerpt":{"rendered":"<p>Fond\u00e9 et dirig\u00e9 par Fr\u00e9d\u00e9ric Fabre, le Groupe WAE, dont le si\u00e8ge social est \u00e0 Avrill\u00e9 (Maine-et-Loire), change de dimension. Le 30\/10\/2023, il a finalis\u00e9 l\u2019acquisition de la SNEES (Soci\u00e9t\u00e9 Nouvelle d\u2019Equipement Electronique Sarthoise), bas\u00e9e \u00e0 Sabl\u00e9-sur-Sarthe. Cet EMS (Electronics Manufacturing Service) est sp\u00e9cialis\u00e9 dans la fabrication en s\u00e9rie de cartes \u00e9lectroniques. Avec cette 4\u00e8me [&hellip;]<\/p>\n","protected":false},"author":36,"featured_media":437530,"comment_status":"closed","ping_status":"closed","sticky":false,"template":"","format":"standard","meta":{"_acf_changed":false,"footnotes":""},"categories":[886],"tags":[894,989],"domains":[47],"ppma_author":[1154],"class_list":["post-437529","post","type-post","status-publish","format-standard","has-post-thumbnail","hentry","category-news-fr","tag-boards-embedded-cards-fr","tag-production","domains-electronique-eci"],"acf":[],"yoast_head":"<title>Le Groupe WAE reprend la SNEES ...<\/title>\n<meta name=\"description\" content=\"Le Groupe WAE, dont le si\u00e8ge social est \u00e0 Avrill\u00e9 (Maine-et-Loire), a finalis\u00e9 l\u2019acquisition de la SNEES (Soci\u00e9t\u00e9 Nouvelle d\u2019Equipement...\" \/>\n<meta name=\"robots\" content=\"index, follow, max-snippet:-1, max-image-preview:large, max-video-preview:-1\" \/>\n<link rel=\"canonical\" href=\"https:\/\/www.ecinews.fr\/fr\/wp-json\/wp\/v2\/posts\/437529\/\" \/>\n<meta property=\"og:locale\" content=\"fr_FR\" \/>\n<meta property=\"og:type\" content=\"article\" \/>\n<meta property=\"og:title\" content=\"Le Groupe WAE reprend la SNEES\" \/>\n<meta property=\"og:description\" content=\"Le Groupe WAE, dont le si\u00e8ge social est \u00e0 Avrill\u00e9 (Maine-et-Loire), a finalis\u00e9 l\u2019acquisition de la SNEES (Soci\u00e9t\u00e9 Nouvelle d\u2019Equipement Electronique Sarthoise), bas\u00e9e \u00e0 Sabl\u00e9-sur-Sarthe.\" \/>\n<meta property=\"og:url\" content=\"https:\/\/www.ecinews.fr\/fr\/wp-json\/wp\/v2\/posts\/437529\/\" \/>\n<meta property=\"og:site_name\" content=\"EENewsEurope\" \/>\n<meta property=\"article:published_time\" content=\"2023-11-20T18:21:30+00:00\" \/>\n<meta property=\"og:image\" content=\"https:\/\/www.ecinews.fr\/wp-content\/uploads\/2023\/11\/ECI3008_VAE_Group-actu.jpg\" \/>\n\t<meta property=\"og:image:width\" content=\"414\" \/>\n\t<meta property=\"og:image:height\" content=\"282\" \/>\n\t<meta property=\"og:image:type\" content=\"image\/jpeg\" \/>\n<meta name=\"author\" content=\"Alain Dieul\" \/>\n<meta name=\"twitter:card\" content=\"summary_large_image\" \/>\n<meta name=\"twitter:label1\" content=\"Written by\" \/>\n\t<meta name=\"twitter:data1\" content=\"Alain Dieul\" \/>\n\t<meta name=\"twitter:label2\" content=\"Est. reading time\" \/>\n\t<meta name=\"twitter:data2\" content=\"2 minutes\" \/>\n<script type=\"application\/ld+json\" class=\"yoast-schema-graph\">{\"@context\":\"https:\/\/schema.org\",\"@graph\":[{\"@type\":\"Article\",\"@id\":\"https:\/\/www.ecinews.fr\/fr\/le-groupe-wae-reprend-la-snees\/#article\",\"isPartOf\":{\"@id\":\"https:\/\/www.ecinews.fr\/fr\/le-groupe-wae-reprend-la-snees\/\"},\"author\":{\"name\":\"Alain Dieul\",\"@id\":\"https:\/\/www.eenewseurope.com\/en\/#\/schema\/person\/e4387676ad67ce722325c7832f3c3762\"},\"headline\":\"Le Groupe WAE reprend la SNEES\",\"datePublished\":\"2023-11-20T18:21:30+00:00\",\"dateModified\":\"2023-11-20T18:21:30+00:00\",\"mainEntityOfPage\":{\"@id\":\"https:\/\/www.ecinews.fr\/fr\/le-groupe-wae-reprend-la-snees\/\"},\"wordCount\":381,\"publisher\":{\"@id\":\"https:\/\/www.eenewseurope.com\/en\/#organization\"},\"keywords\":[\"Boards &amp; Embedded Cards\",\"Production\"],\"articleSection\":[\"Actualit\u00e9 g\u00e9n\u00e9rale\"],\"inLanguage\":\"fr-FR\"},{\"@type\":\"WebPage\",\"@id\":\"https:\/\/www.ecinews.fr\/fr\/le-groupe-wae-reprend-la-snees\/\",\"url\":\"https:\/\/www.ecinews.fr\/fr\/le-groupe-wae-reprend-la-snees\/\",\"name\":\"Le Groupe WAE reprend la SNEES -\",\"isPartOf\":{\"@id\":\"https:\/\/www.eenewseurope.com\/en\/#website\"},\"datePublished\":\"2023-11-20T18:21:30+00:00\",\"dateModified\":\"2023-11-20T18:21:30+00:00\",\"description\":\"Le Groupe WAE, dont le si\u00e8ge social est \u00e0 Avrill\u00e9 (Maine-et-Loire), a finalis\u00e9 l\u2019acquisition de la SNEES (Soci\u00e9t\u00e9 Nouvelle d\u2019Equipement Electronique Sarthoise), bas\u00e9e \u00e0 Sabl\u00e9-sur-Sarthe.\",\"breadcrumb\":{\"@id\":\"https:\/\/www.ecinews.fr\/fr\/le-groupe-wae-reprend-la-snees\/#breadcrumb\"},\"inLanguage\":\"fr-FR\",\"potentialAction\":[{\"@type\":\"ReadAction\",\"target\":[\"https:\/\/www.ecinews.fr\/fr\/le-groupe-wae-reprend-la-snees\/\"]}]},{\"@type\":\"BreadcrumbList\",\"@id\":\"https:\/\/www.ecinews.fr\/fr\/le-groupe-wae-reprend-la-snees\/#breadcrumb\",\"itemListElement\":[{\"@type\":\"ListItem\",\"position\":1,\"name\":\"Home\",\"item\":\"https:\/\/www.ecinews.fr\/fr\/\"},{\"@type\":\"ListItem\",\"position\":2,\"name\":\"Le Groupe WAE reprend la SNEES\"}]},{\"@type\":\"WebSite\",\"@id\":\"https:\/\/www.eenewseurope.com\/en\/#website\",\"url\":\"https:\/\/www.eenewseurope.com\/en\/\",\"name\":\"EENewsEurope\",\"description\":\"Just another WordPress site\",\"publisher\":{\"@id\":\"https:\/\/www.eenewseurope.com\/en\/#organization\"},\"potentialAction\":[{\"@type\":\"SearchAction\",\"target\":{\"@type\":\"EntryPoint\",\"urlTemplate\":\"https:\/\/www.eenewseurope.com\/en\/?s={search_term_string}\"},\"query-input\":\"required name=search_term_string\"}],\"inLanguage\":\"fr-FR\"},{\"@type\":\"Organization\",\"@id\":\"https:\/\/www.eenewseurope.com\/en\/#organization\",\"name\":\"EENewsEurope\",\"url\":\"https:\/\/www.eenewseurope.com\/en\/\",\"logo\":{\"@type\":\"ImageObject\",\"inLanguage\":\"fr-FR\",\"@id\":\"https:\/\/www.eenewseurope.com\/en\/#\/schema\/logo\/image\/\",\"url\":\"https:\/\/www.ecinews.fr\/wp-content\/uploads\/2022\/02\/logo-1.jpg\",\"contentUrl\":\"https:\/\/www.ecinews.fr\/wp-content\/uploads\/2022\/02\/logo-1.jpg\",\"width\":283,\"height\":113,\"caption\":\"EENewsEurope\"},\"image\":{\"@id\":\"https:\/\/www.eenewseurope.com\/en\/#\/schema\/logo\/image\/\"}},{\"@type\":\"Person\",\"@id\":\"https:\/\/www.eenewseurope.com\/en\/#\/schema\/person\/e4387676ad67ce722325c7832f3c3762\",\"name\":\"Alain Dieul\",\"image\":{\"@type\":\"ImageObject\",\"inLanguage\":\"fr-FR\",\"@id\":\"https:\/\/www.eenewseurope.com\/en\/#\/schema\/person\/image\/736120675699dbbf0f0f282b9a9cfb75\",\"url\":\"https:\/\/secure.gravatar.com\/avatar\/bc93b056d07515be5b8eecd4acf49c5c?s=96&d=mm&r=g\",\"contentUrl\":\"https:\/\/secure.gravatar.com\/avatar\/bc93b056d07515be5b8eecd4acf49c5c?s=96&d=mm&r=g\",\"caption\":\"Alain Dieul\"},\"sameAs\":[\"http:\/\/ECINews\"]}]}<\/script>","yoast_head_json":{"title":"Le Groupe WAE reprend la SNEES ...","description":"Le Groupe WAE, dont le si\u00e8ge social est \u00e0 Avrill\u00e9 (Maine-et-Loire), a finalis\u00e9 l\u2019acquisition de la SNEES (Soci\u00e9t\u00e9 Nouvelle d\u2019Equipement...","robots":{"index":"index","follow":"follow","max-snippet":"max-snippet:-1","max-image-preview":"max-image-preview:large","max-video-preview":"max-video-preview:-1"},"canonical":"https:\/\/www.ecinews.fr\/fr\/wp-json\/wp\/v2\/posts\/437529\/","og_locale":"fr_FR","og_type":"article","og_title":"Le Groupe WAE reprend la SNEES","og_description":"Le Groupe WAE, dont le si\u00e8ge social est \u00e0 Avrill\u00e9 (Maine-et-Loire), a finalis\u00e9 l\u2019acquisition de la SNEES (Soci\u00e9t\u00e9 Nouvelle d\u2019Equipement Electronique Sarthoise), bas\u00e9e \u00e0 Sabl\u00e9-sur-Sarthe.","og_url":"https:\/\/www.ecinews.fr\/fr\/wp-json\/wp\/v2\/posts\/437529\/","og_site_name":"EENewsEurope","article_published_time":"2023-11-20T18:21:30+00:00","og_image":[{"width":414,"height":282,"url":"https:\/\/www.ecinews.fr\/wp-content\/uploads\/2023\/11\/ECI3008_VAE_Group-actu.jpg","type":"image\/jpeg"}],"author":"Alain Dieul","twitter_card":"summary_large_image","twitter_misc":{"Written by":"Alain Dieul","Est. reading time":"2 minutes"},"schema":{"@context":"https:\/\/schema.org","@graph":[{"@type":"Article","@id":"https:\/\/www.ecinews.fr\/fr\/le-groupe-wae-reprend-la-snees\/#article","isPartOf":{"@id":"https:\/\/www.ecinews.fr\/fr\/le-groupe-wae-reprend-la-snees\/"},"author":{"name":"Alain Dieul","@id":"https:\/\/www.eenewseurope.com\/en\/#\/schema\/person\/e4387676ad67ce722325c7832f3c3762"},"headline":"Le Groupe WAE reprend la SNEES","datePublished":"2023-11-20T18:21:30+00:00","dateModified":"2023-11-20T18:21:30+00:00","mainEntityOfPage":{"@id":"https:\/\/www.ecinews.fr\/fr\/le-groupe-wae-reprend-la-snees\/"},"wordCount":381,"publisher":{"@id":"https:\/\/www.eenewseurope.com\/en\/#organization"},"keywords":["Boards &amp; Embedded Cards","Production"],"articleSection":["Actualit\u00e9 g\u00e9n\u00e9rale"],"inLanguage":"fr-FR"},{"@type":"WebPage","@id":"https:\/\/www.ecinews.fr\/fr\/le-groupe-wae-reprend-la-snees\/","url":"https:\/\/www.ecinews.fr\/fr\/le-groupe-wae-reprend-la-snees\/","name":"Le Groupe WAE reprend la SNEES -","isPartOf":{"@id":"https:\/\/www.eenewseurope.com\/en\/#website"},"datePublished":"2023-11-20T18:21:30+00:00","dateModified":"2023-11-20T18:21:30+00:00","description":"Le Groupe WAE, dont le si\u00e8ge social est \u00e0 Avrill\u00e9 (Maine-et-Loire), a finalis\u00e9 l\u2019acquisition de la SNEES (Soci\u00e9t\u00e9 Nouvelle d\u2019Equipement Electronique Sarthoise), bas\u00e9e \u00e0 Sabl\u00e9-sur-Sarthe.","breadcrumb":{"@id":"https:\/\/www.ecinews.fr\/fr\/le-groupe-wae-reprend-la-snees\/#breadcrumb"},"inLanguage":"fr-FR","potentialAction":[{"@type":"ReadAction","target":["https:\/\/www.ecinews.fr\/fr\/le-groupe-wae-reprend-la-snees\/"]}]},{"@type":"BreadcrumbList","@id":"https:\/\/www.ecinews.fr\/fr\/le-groupe-wae-reprend-la-snees\/#breadcrumb","itemListElement":[{"@type":"ListItem","position":1,"name":"Home","item":"https:\/\/www.ecinews.fr\/fr\/"},{"@type":"ListItem","position":2,"name":"Le Groupe WAE reprend la SNEES"}]},{"@type":"WebSite","@id":"https:\/\/www.eenewseurope.com\/en\/#website","url":"https:\/\/www.eenewseurope.com\/en\/","name":"EENewsEurope","description":"Just another WordPress site","publisher":{"@id":"https:\/\/www.eenewseurope.com\/en\/#organization"},"potentialAction":[{"@type":"SearchAction","target":{"@type":"EntryPoint","urlTemplate":"https:\/\/www.eenewseurope.com\/en\/?s={search_term_string}"},"query-input":"required name=search_term_string"}],"inLanguage":"fr-FR"},{"@type":"Organization","@id":"https:\/\/www.eenewseurope.com\/en\/#organization","name":"EENewsEurope","url":"https:\/\/www.eenewseurope.com\/en\/","logo":{"@type":"ImageObject","inLanguage":"fr-FR","@id":"https:\/\/www.eenewseurope.com\/en\/#\/schema\/logo\/image\/","url":"https:\/\/www.ecinews.fr\/wp-content\/uploads\/2022\/02\/logo-1.jpg","contentUrl":"https:\/\/www.ecinews.fr\/wp-content\/uploads\/2022\/02\/logo-1.jpg","width":283,"height":113,"caption":"EENewsEurope"},"image":{"@id":"https:\/\/www.eenewseurope.com\/en\/#\/schema\/logo\/image\/"}},{"@type":"Person","@id":"https:\/\/www.eenewseurope.com\/en\/#\/schema\/person\/e4387676ad67ce722325c7832f3c3762","name":"Alain Dieul","image":{"@type":"ImageObject","inLanguage":"fr-FR","@id":"https:\/\/www.eenewseurope.com\/en\/#\/schema\/person\/image\/736120675699dbbf0f0f282b9a9cfb75","url":"https:\/\/secure.gravatar.com\/avatar\/bc93b056d07515be5b8eecd4acf49c5c?s=96&d=mm&r=g","contentUrl":"https:\/\/secure.gravatar.com\/avatar\/bc93b056d07515be5b8eecd4acf49c5c?s=96&d=mm&r=g","caption":"Alain Dieul"},"sameAs":["http:\/\/ECINews"]}]}},"authors":[{"term_id":1154,"user_id":36,"is_guest":0,"slug":"alain-dieul","display_name":"Alain Dieul","avatar_url":"https:\/\/secure.gravatar.com\/avatar\/bc93b056d07515be5b8eecd4acf49c5c?s=96&d=mm&r=g","0":null,"1":"","2":"","3":"","4":"","5":"","6":"","7":"","8":""}],"_links":{"self":[{"href":"https:\/\/www.ecinews.fr\/fr\/wp-json\/wp\/v2\/posts\/437529"}],"collection":[{"href":"https:\/\/www.ecinews.fr\/fr\/wp-json\/wp\/v2\/posts"}],"about":[{"href":"https:\/\/www.ecinews.fr\/fr\/wp-json\/wp\/v2\/types\/post"}],"author":[{"embeddable":true,"href":"https:\/\/www.ecinews.fr\/fr\/wp-json\/wp\/v2\/users\/36"}],"replies":[{"embeddable":true,"href":"https:\/\/www.ecinews.fr\/fr\/wp-json\/wp\/v2\/comments?post=437529"}],"version-history":[{"count":0,"href":"https:\/\/www.ecinews.fr\/fr\/wp-json\/wp\/v2\/posts\/437529\/revisions"}],"wp:featuredmedia":[{"embeddable":true,"href":"https:\/\/www.ecinews.fr\/fr\/wp-json\/wp\/v2\/media\/437530"}],"wp:attachment":[{"href":"https:\/\/www.ecinews.fr\/fr\/wp-json\/wp\/v2\/media?parent=437529"}],"wp:term":[{"taxonomy":"category","embeddable":true,"href":"https:\/\/www.ecinews.fr\/fr\/wp-json\/wp\/v2\/categories?post=437529"},{"taxonomy":"post_tag","embeddable":true,"href":"https:\/\/www.ecinews.fr\/fr\/wp-json\/wp\/v2\/tags?post=437529"},{"taxonomy":"domains","embeddable":true,"href":"https:\/\/www.ecinews.fr\/fr\/wp-json\/wp\/v2\/domains?post=437529"},{"taxonomy":"author","embeddable":true,"href":"https:\/\/www.ecinews.fr\/fr\/wp-json\/wp\/v2\/ppma_author?post=437529"}],"curies":[{"name":"wp","href":"https:\/\/api.w.org\/{rel}","templated":true}]}}