{"id":437375,"date":"2023-11-17T14:15:44","date_gmt":"2023-11-17T13:15:44","guid":{"rendered":"https:\/\/www.eenewseurope.com\/?p=437375"},"modified":"2023-11-20T10:03:59","modified_gmt":"2023-11-20T09:03:59","slug":"infineon-vise-30-milliards-deuros-en-2030-30-by-30","status":"publish","type":"post","link":"https:\/\/www.ecinews.fr\/fr\/infineon-vise-30-milliards-deuros-en-2030-30-by-30\/","title":{"rendered":"Infineon vise un CA de 30 milliards d&rsquo;Euros d&rsquo;ici 2030"},"content":{"rendered":"<h3>Les clients sont pr\u00eats \u00e0 payer Infineon Technologies pour conserver des stocks afin d&rsquo;\u00e9viter les probl\u00e8mes li\u00e9s \u00e0 la cha\u00eene d&rsquo;approvisionnement, d\u00e9clare le PDG Jochen Hanebeck, alors que l&rsquo;entreprise vise \u00e0 atteindre un chiffre d&rsquo;affaires de 30 milliards d&rsquo;euros d&rsquo;ici \u00e0 2030.<\/h3>\n<p>Cette d\u00e9cision intervient alors que la croissance d&rsquo;Infineon ralentit, apr\u00e8s des recettes de 16,3 milliards d&rsquo;euros en 2023, soit une hausse de 15 % sur un an. L&rsquo;ann\u00e9e prochaine, la croissance devrait \u00eatre nettement plus faible (4 %), le ralentissement sensible des march\u00e9s industriels et de consommation freinant la croissance des secteurs de l&rsquo;\u00e9lectromobilit\u00e9 et de l&rsquo;\u00e9lectricit\u00e9.<\/p>\n<p>Cela se traduit par le fait que les clients du secteur automobile \u00e9puisent leurs stocks et paient m\u00eame Infineon pour qu&rsquo;elle les garde pour eux.<\/p>\n<p>\u00ab\u00a0Nous proposons un fonds de r\u00e9silience pour les semiconducteurs et les clients du secteur automobile peuvent nous demander de stocker certains volumes\u00a0\u00bb, a d\u00e9clar\u00e9 M. Hanebeck (ci-dessus) \u00e0 <em>eeNews Europe\/ECInews<\/em> \u00e0 Munich. \u00ab\u00a0Cela a beaucoup de sens, nous ne sommes pas dans une un production de \u00ab\u00a0juste \u00e0 temps\u00a0\u00bb et les d\u00e9lais de fabrication sont de 6 \u00e0 9 mois pour les microcontr\u00f4leurs. Pour ce service de stockage, nous facturons un certain montant\u00a0\u00bb.<\/p>\n<p>L&rsquo;objectif est d&rsquo;atteindre 30 milliards d&rsquo;euros d&rsquo;ici 2030. \u00ab\u00a0Les pr\u00e9visions de croissance des recettes \u00e0 long terme devraient \u00eatre sup\u00e9rieures \u00e0 10 % tout au long du cycle, de sorte qu&rsquo;en 5, 6 et 7 ans, nous atteindrons facilement les 30 milliards d&rsquo;euros\u00a0\u00bb, a-t-il d\u00e9clar\u00e9, confirmant l&rsquo;objectif de 2030.<\/p>\n<ul>\n<li><a href=\"https:\/\/www.eenewseurope.com\/en\/infineon-completes-acquisition-of-gan-systems\/\">Infineon ach\u00e8ve l&rsquo;acquisition de GaN Systems<\/a><\/li>\n<li><a href=\"https:\/\/www.eenewseurope.com\/en\/infineon-buys-uwb-pioneer-3db-access\/\">Infineon rach\u00e8te 3db Access, pionnier de la technologie UWB<\/a><\/li>\n<li><a href=\"https:\/\/www.eenewseurope.com\/en\/infineon-to-lead-ai-based-european-industry-5-0-research-project\/\">Infineon dirige un projet de recherche europ\u00e9en sur l&rsquo;industrie 5.0 bas\u00e9 sur l&rsquo;IA<\/a><\/li>\n<\/ul>\n<p>\u00ab\u00a0Nous avons connu une ann\u00e9e 2023 remarquable, avec des chiffres records dans un environnement difficile\u00a0\u00bb, a d\u00e9clar\u00e9 M. Haneback. \u00ab\u00a0Le chiffre d&rsquo;affaires et les b\u00e9n\u00e9fices sont sup\u00e9rieurs \u00e0 nos attentes et confirment nos objectifs les plus ambitieux. La demande automobile ne faiblit pas et le carnet de commandes \u00e0 la fin du mois de septembre s&rsquo;\u00e9levait \u00e0 29 milliards d&rsquo;euros, ce qui, apr\u00e8s 32 milliards d&rsquo;euros l&rsquo;ann\u00e9e derni\u00e8re, montre que le comportement des clients est en train de se normaliser. Mais le carnet de commandes de l&rsquo;automobile repr\u00e9sente toujours plus du double des revenus annuels de la division\u00a0\u00bb, a-t-il d\u00e9clar\u00e9.<\/p>\n<p>\u00ab\u00a0L&rsquo;environnement de march\u00e9 a \u00e9t\u00e9 tr\u00e8s mitig\u00e9 en 2023. L&rsquo;e-mobilit\u00e9 et l&rsquo;\u00e9nergie ont progress\u00e9, mais la consommation, les communications et l&rsquo;IoT ont connu une accalmie temporaire de la demande. Le ralentissement dans l&rsquo;industrie se poursuivra pendant une bonne partie de l&rsquo;ann\u00e9e 2024 et une reprise n&rsquo;est pas encore en vue pour les produits grand public\u00a0\u00bb, a-t-il d\u00e9clar\u00e9.<\/p>\n<ul>\n<li><a href=\"https:\/\/www.eenewseurope.com\/en\/infineon-takes-on-wolfspeed-for-worlds-largest-sic-fab-in-e5bn-battle\/\">Infineon fait appel \u00e0 Wolfspeed pour la plus grande usine SiC du monde<\/a><\/li>\n<li><a href=\"https:\/\/www.eenewseurope.com\/en\/stellantis-to-secure-sic-manufacturing-capacity-from-infineon\/\">Infineon et Stellantis s&rsquo;appr\u00eatent \u00e0 fournir un grand nombre de semi-conducteurs SiC<\/a><\/li>\n<li><a href=\"https:\/\/www.eenewseurope.com\/en\/infineon-further-strengthens-sic-supply-chain\/\">Infineon renforce encore sa cha\u00eene d&rsquo;approvisionnement en SiC<\/a><\/li>\n<\/ul>\n<p>L&rsquo;entreprise est toujours \u00e0 la recherche d&rsquo;acquisitions cibl\u00e9es, mais elle a exclu d&rsquo;acheter un fournisseur de wafers de carbure de silicium pour assurer une int\u00e9gration verticale.<\/p>\n<p>\u00ab\u00a0Nous obtenons des substrats de toutes sortes de fournisseurs diff\u00e9rents\u00a0\u00bb, a d\u00e9clar\u00e9 M. Hanebeck. \u00ab\u00a0Nous avons \u00e9tudi\u00e9 les substrats il y a quelques ann\u00e9es avec la possible acquisition de Wolfspeed qui a \u00e9t\u00e9 ajourn\u00e9e et nous avons m\u00fbrement r\u00e9fl\u00e9chi avant de prendre une participation. C&rsquo;\u00e9tait en 2017 et nous voyons aujourd&rsquo;hui de nombreux acteurs sur le march\u00e9, dont plus de 50 en Chine, qui veulent fabriquer des substrats. Nous ne voyons pas la n\u00e9cessit\u00e9 d&rsquo;un approvisionnement propre, le march\u00e9 se d\u00e9veloppera tout comme le march\u00e9 des substrats de silicium, nous n&rsquo;y voyons pas un avantage strat\u00e9gique et nous pr\u00e9f\u00e9rerions utiliser les fonds disponibles pour d\u00e9velopper d&rsquo;autres parties de la cha\u00eene de valeur\u00a0\u00bb, a-t-il d\u00e9clar\u00e9.<\/p>\n<p>\u00ab\u00a0Nous ne d\u00e9pendons pas des acquisitions pour atteindre nos objectifs de croissance, mais le monde est tr\u00e8s dynamique et il y a toujours de nouvelles technologies qui \u00e9mergent. L&rsquo;UWB en est un bon exemple, c&rsquo;est pourquoi nous prospectons le march\u00e9 \u00e0 la recherche d&rsquo;autres cibles de fusion-acquisition, qui peuvent ou non se chiffrer en milliards d&rsquo;euros, mais nous n&rsquo;avons pas besoin d&rsquo;une acquisition transformationnelle\u00a0\u00bb, a-t-il d\u00e9clar\u00e9.<\/p>\n<p>&nbsp;<\/p>\n<p><a href=\"http:\/\/www.infineon.com\">www.infineon.com<\/a><\/p>\n","protected":false},"excerpt":{"rendered":"<p>Les clients sont pr\u00eats \u00e0 payer Infineon Technologies pour conserver des stocks afin d&rsquo;\u00e9viter les probl\u00e8mes li\u00e9s \u00e0 la cha\u00eene d&rsquo;approvisionnement, d\u00e9clare le PDG Jochen Hanebeck, alors que l&rsquo;entreprise vise \u00e0 atteindre un chiffre d&rsquo;affaires de 30 milliards d&rsquo;euros d&rsquo;ici \u00e0 2030. Cette d\u00e9cision intervient alors que la croissance d&rsquo;Infineon ralentit, apr\u00e8s des recettes de [&hellip;]<\/p>\n","protected":false},"author":34,"featured_media":437184,"comment_status":"closed","ping_status":"closed","sticky":false,"template":"","format":"standard","meta":{"_acf_changed":false,"footnotes":""},"categories":[880],"tags":[3422,3420,1558,2265],"domains":[47],"ppma_author":[1153,3640],"class_list":["post-437375","post","type-post","status-publish","format-standard","has-post-thumbnail","hentry","category-actualites-economiques","tag-infineon-fr","tag-mcu-mpu","tag-semiconducteurs","tag-sic-fr","domains-electronique-eci"],"acf":[],"yoast_head":"<title>Infineon vise un CA de 30 milliards d&#039;Euros d&#039;ici 2030 ...<\/title>\n<meta name=\"description\" content=\"Les clients paient Infineon pour d\u00e9tenir des stocks, d\u00e9clare le CEO Jochen Hanebeck, qui vise un 30 milliards d&#039;euros d&#039;ici \u00e0 2030.\" \/>\n<meta name=\"robots\" content=\"index, follow, max-snippet:-1, max-image-preview:large, max-video-preview:-1\" \/>\n<link rel=\"canonical\" href=\"https:\/\/www.ecinews.fr\/fr\/wp-json\/wp\/v2\/posts\/437375\/\" \/>\n<meta property=\"og:locale\" content=\"fr_FR\" \/>\n<meta property=\"og:type\" content=\"article\" \/>\n<meta property=\"og:title\" content=\"Infineon vise un CA de 30 milliards d&#039;Euros d&#039;ici 2030\" \/>\n<meta property=\"og:description\" content=\"Les clients paient Infineon pour d\u00e9tenir des stocks, d\u00e9clare le CEO Jochen Hanebeck, qui vise un 30 milliards d&#039;euros d&#039;ici \u00e0 2030.\" \/>\n<meta property=\"og:url\" content=\"https:\/\/www.ecinews.fr\/fr\/wp-json\/wp\/v2\/posts\/437375\/\" \/>\n<meta property=\"og:site_name\" content=\"EENewsEurope\" \/>\n<meta property=\"article:published_time\" content=\"2023-11-17T13:15:44+00:00\" \/>\n<meta property=\"article:modified_time\" content=\"2023-11-20T09:03:59+00:00\" \/>\n<meta property=\"og:image\" content=\"https:\/\/www.ecinews.fr\/wp-content\/uploads\/2023\/11\/Infineon-Hanebeck-scaled-e1700058871684.jpg\" \/>\n\t<meta property=\"og:image:width\" content=\"1080\" \/>\n\t<meta property=\"og:image:height\" content=\"810\" \/>\n\t<meta property=\"og:image:type\" content=\"image\/jpeg\" \/>\n<meta name=\"author\" content=\"A Delapalisse, Nick Flaherty\" \/>\n<meta name=\"twitter:card\" content=\"summary_large_image\" \/>\n<meta name=\"twitter:label1\" content=\"Written by\" \/>\n\t<meta name=\"twitter:data1\" content=\"A Delapalisse\" \/>\n\t<meta name=\"twitter:label2\" content=\"Est. reading time\" \/>\n\t<meta name=\"twitter:data2\" content=\"3 minutes\" \/>\n<script type=\"application\/ld+json\" class=\"yoast-schema-graph\">{\"@context\":\"https:\/\/schema.org\",\"@graph\":[{\"@type\":\"Article\",\"@id\":\"https:\/\/www.ecinews.fr\/fr\/infineon-vise-30-milliards-deuros-en-2030-30-by-30\/#article\",\"isPartOf\":{\"@id\":\"https:\/\/www.ecinews.fr\/fr\/infineon-vise-30-milliards-deuros-en-2030-30-by-30\/\"},\"author\":{\"name\":\"A Delapalisse\",\"@id\":\"https:\/\/www.ecinews.fr\/fr\/#\/schema\/person\/0aa2cfb0bd8949724a68cbac8d8321b4\"},\"headline\":\"Infineon vise un CA de 30 milliards d&rsquo;Euros d&rsquo;ici 2030\",\"datePublished\":\"2023-11-17T13:15:44+00:00\",\"dateModified\":\"2023-11-20T09:03:59+00:00\",\"mainEntityOfPage\":{\"@id\":\"https:\/\/www.ecinews.fr\/fr\/infineon-vise-30-milliards-deuros-en-2030-30-by-30\/\"},\"wordCount\":747,\"publisher\":{\"@id\":\"https:\/\/www.ecinews.fr\/fr\/#organization\"},\"keywords\":[\"Infineon\",\"MCU\/MPU\",\"Semiconducteurs\",\"SiC\"],\"articleSection\":[\"Actualit\u00e9s \u00e9conomiques\"],\"inLanguage\":\"fr-FR\"},{\"@type\":\"WebPage\",\"@id\":\"https:\/\/www.ecinews.fr\/fr\/infineon-vise-30-milliards-deuros-en-2030-30-by-30\/\",\"url\":\"https:\/\/www.ecinews.fr\/fr\/infineon-vise-30-milliards-deuros-en-2030-30-by-30\/\",\"name\":\"Infineon vise un CA de 30 milliards d'Euros d'ici 2030 -\",\"isPartOf\":{\"@id\":\"https:\/\/www.ecinews.fr\/fr\/#website\"},\"datePublished\":\"2023-11-17T13:15:44+00:00\",\"dateModified\":\"2023-11-20T09:03:59+00:00\",\"description\":\"Les clients paient Infineon pour d\u00e9tenir des stocks, d\u00e9clare le CEO Jochen Hanebeck, qui vise un 30 milliards d'euros d'ici \u00e0 2030.\",\"breadcrumb\":{\"@id\":\"https:\/\/www.ecinews.fr\/fr\/infineon-vise-30-milliards-deuros-en-2030-30-by-30\/#breadcrumb\"},\"inLanguage\":\"fr-FR\",\"potentialAction\":[{\"@type\":\"ReadAction\",\"target\":[\"https:\/\/www.ecinews.fr\/fr\/infineon-vise-30-milliards-deuros-en-2030-30-by-30\/\"]}]},{\"@type\":\"BreadcrumbList\",\"@id\":\"https:\/\/www.ecinews.fr\/fr\/infineon-vise-30-milliards-deuros-en-2030-30-by-30\/#breadcrumb\",\"itemListElement\":[{\"@type\":\"ListItem\",\"position\":1,\"name\":\"Home\",\"item\":\"https:\/\/www.ecinews.fr\/fr\/\"},{\"@type\":\"ListItem\",\"position\":2,\"name\":\"Infineon vise un CA de 30 milliards d&rsquo;Euros d&rsquo;ici 2030\"}]},{\"@type\":\"WebSite\",\"@id\":\"https:\/\/www.ecinews.fr\/fr\/#website\",\"url\":\"https:\/\/www.ecinews.fr\/fr\/\",\"name\":\"EENewsEurope\",\"description\":\"Just another WordPress site\",\"publisher\":{\"@id\":\"https:\/\/www.ecinews.fr\/fr\/#organization\"},\"potentialAction\":[{\"@type\":\"SearchAction\",\"target\":{\"@type\":\"EntryPoint\",\"urlTemplate\":\"https:\/\/www.ecinews.fr\/fr\/?s={search_term_string}\"},\"query-input\":\"required name=search_term_string\"}],\"inLanguage\":\"fr-FR\"},{\"@type\":\"Organization\",\"@id\":\"https:\/\/www.ecinews.fr\/fr\/#organization\",\"name\":\"EENewsEurope\",\"url\":\"https:\/\/www.ecinews.fr\/fr\/\",\"logo\":{\"@type\":\"ImageObject\",\"inLanguage\":\"fr-FR\",\"@id\":\"https:\/\/www.ecinews.fr\/fr\/#\/schema\/logo\/image\/\",\"url\":\"https:\/\/www.ecinews.fr\/wp-content\/uploads\/2022\/02\/logo-1.jpg\",\"contentUrl\":\"https:\/\/www.ecinews.fr\/wp-content\/uploads\/2022\/02\/logo-1.jpg\",\"width\":283,\"height\":113,\"caption\":\"EENewsEurope\"},\"image\":{\"@id\":\"https:\/\/www.ecinews.fr\/fr\/#\/schema\/logo\/image\/\"}},{\"@type\":\"Person\",\"@id\":\"https:\/\/www.ecinews.fr\/fr\/#\/schema\/person\/0aa2cfb0bd8949724a68cbac8d8321b4\",\"name\":\"A Delapalisse\",\"image\":{\"@type\":\"ImageObject\",\"inLanguage\":\"fr-FR\",\"@id\":\"https:\/\/www.ecinews.fr\/fr\/#\/schema\/person\/image\/211ac42237c2e9683c0964086c393cb4\",\"url\":\"https:\/\/secure.gravatar.com\/avatar\/ad45a8c5da24bc9c7c4940dd1c48a695?s=96&d=mm&r=g\",\"contentUrl\":\"https:\/\/secure.gravatar.com\/avatar\/ad45a8c5da24bc9c7c4940dd1c48a695?s=96&d=mm&r=g\",\"caption\":\"A Delapalisse\"},\"sameAs\":[\"http:\/\/ECI\"]}]}<\/script>","yoast_head_json":{"title":"Infineon vise un CA de 30 milliards d'Euros d'ici 2030 ...","description":"Les clients paient Infineon pour d\u00e9tenir des stocks, d\u00e9clare le CEO Jochen Hanebeck, qui vise un 30 milliards d'euros d'ici \u00e0 2030.","robots":{"index":"index","follow":"follow","max-snippet":"max-snippet:-1","max-image-preview":"max-image-preview:large","max-video-preview":"max-video-preview:-1"},"canonical":"https:\/\/www.ecinews.fr\/fr\/wp-json\/wp\/v2\/posts\/437375\/","og_locale":"fr_FR","og_type":"article","og_title":"Infineon vise un CA de 30 milliards d'Euros d'ici 2030","og_description":"Les clients paient Infineon pour d\u00e9tenir des stocks, d\u00e9clare le CEO Jochen Hanebeck, qui vise un 30 milliards d'euros d'ici \u00e0 2030.","og_url":"https:\/\/www.ecinews.fr\/fr\/wp-json\/wp\/v2\/posts\/437375\/","og_site_name":"EENewsEurope","article_published_time":"2023-11-17T13:15:44+00:00","article_modified_time":"2023-11-20T09:03:59+00:00","og_image":[{"width":1080,"height":810,"url":"https:\/\/www.ecinews.fr\/wp-content\/uploads\/2023\/11\/Infineon-Hanebeck-scaled-e1700058871684.jpg","type":"image\/jpeg"}],"author":"A Delapalisse, Nick Flaherty","twitter_card":"summary_large_image","twitter_misc":{"Written by":"A Delapalisse","Est. reading time":"3 minutes"},"schema":{"@context":"https:\/\/schema.org","@graph":[{"@type":"Article","@id":"https:\/\/www.ecinews.fr\/fr\/infineon-vise-30-milliards-deuros-en-2030-30-by-30\/#article","isPartOf":{"@id":"https:\/\/www.ecinews.fr\/fr\/infineon-vise-30-milliards-deuros-en-2030-30-by-30\/"},"author":{"name":"A Delapalisse","@id":"https:\/\/www.ecinews.fr\/fr\/#\/schema\/person\/0aa2cfb0bd8949724a68cbac8d8321b4"},"headline":"Infineon vise un CA de 30 milliards d&rsquo;Euros d&rsquo;ici 2030","datePublished":"2023-11-17T13:15:44+00:00","dateModified":"2023-11-20T09:03:59+00:00","mainEntityOfPage":{"@id":"https:\/\/www.ecinews.fr\/fr\/infineon-vise-30-milliards-deuros-en-2030-30-by-30\/"},"wordCount":747,"publisher":{"@id":"https:\/\/www.ecinews.fr\/fr\/#organization"},"keywords":["Infineon","MCU\/MPU","Semiconducteurs","SiC"],"articleSection":["Actualit\u00e9s \u00e9conomiques"],"inLanguage":"fr-FR"},{"@type":"WebPage","@id":"https:\/\/www.ecinews.fr\/fr\/infineon-vise-30-milliards-deuros-en-2030-30-by-30\/","url":"https:\/\/www.ecinews.fr\/fr\/infineon-vise-30-milliards-deuros-en-2030-30-by-30\/","name":"Infineon vise un CA de 30 milliards d'Euros d'ici 2030 -","isPartOf":{"@id":"https:\/\/www.ecinews.fr\/fr\/#website"},"datePublished":"2023-11-17T13:15:44+00:00","dateModified":"2023-11-20T09:03:59+00:00","description":"Les clients paient Infineon pour d\u00e9tenir des stocks, d\u00e9clare le CEO Jochen Hanebeck, qui vise un 30 milliards d'euros d'ici \u00e0 2030.","breadcrumb":{"@id":"https:\/\/www.ecinews.fr\/fr\/infineon-vise-30-milliards-deuros-en-2030-30-by-30\/#breadcrumb"},"inLanguage":"fr-FR","potentialAction":[{"@type":"ReadAction","target":["https:\/\/www.ecinews.fr\/fr\/infineon-vise-30-milliards-deuros-en-2030-30-by-30\/"]}]},{"@type":"BreadcrumbList","@id":"https:\/\/www.ecinews.fr\/fr\/infineon-vise-30-milliards-deuros-en-2030-30-by-30\/#breadcrumb","itemListElement":[{"@type":"ListItem","position":1,"name":"Home","item":"https:\/\/www.ecinews.fr\/fr\/"},{"@type":"ListItem","position":2,"name":"Infineon vise un CA de 30 milliards d&rsquo;Euros d&rsquo;ici 2030"}]},{"@type":"WebSite","@id":"https:\/\/www.ecinews.fr\/fr\/#website","url":"https:\/\/www.ecinews.fr\/fr\/","name":"EENewsEurope","description":"Just another WordPress site","publisher":{"@id":"https:\/\/www.ecinews.fr\/fr\/#organization"},"potentialAction":[{"@type":"SearchAction","target":{"@type":"EntryPoint","urlTemplate":"https:\/\/www.ecinews.fr\/fr\/?s={search_term_string}"},"query-input":"required name=search_term_string"}],"inLanguage":"fr-FR"},{"@type":"Organization","@id":"https:\/\/www.ecinews.fr\/fr\/#organization","name":"EENewsEurope","url":"https:\/\/www.ecinews.fr\/fr\/","logo":{"@type":"ImageObject","inLanguage":"fr-FR","@id":"https:\/\/www.ecinews.fr\/fr\/#\/schema\/logo\/image\/","url":"https:\/\/www.ecinews.fr\/wp-content\/uploads\/2022\/02\/logo-1.jpg","contentUrl":"https:\/\/www.ecinews.fr\/wp-content\/uploads\/2022\/02\/logo-1.jpg","width":283,"height":113,"caption":"EENewsEurope"},"image":{"@id":"https:\/\/www.ecinews.fr\/fr\/#\/schema\/logo\/image\/"}},{"@type":"Person","@id":"https:\/\/www.ecinews.fr\/fr\/#\/schema\/person\/0aa2cfb0bd8949724a68cbac8d8321b4","name":"A Delapalisse","image":{"@type":"ImageObject","inLanguage":"fr-FR","@id":"https:\/\/www.ecinews.fr\/fr\/#\/schema\/person\/image\/211ac42237c2e9683c0964086c393cb4","url":"https:\/\/secure.gravatar.com\/avatar\/ad45a8c5da24bc9c7c4940dd1c48a695?s=96&d=mm&r=g","contentUrl":"https:\/\/secure.gravatar.com\/avatar\/ad45a8c5da24bc9c7c4940dd1c48a695?s=96&d=mm&r=g","caption":"A Delapalisse"},"sameAs":["http:\/\/ECI"]}]}},"authors":[{"term_id":1153,"user_id":34,"is_guest":0,"slug":"adelapalisse","display_name":"A Delapalisse","avatar_url":"https:\/\/secure.gravatar.com\/avatar\/ad45a8c5da24bc9c7c4940dd1c48a695?s=96&d=mm&r=g","0":null,"1":"","2":"","3":"","4":"","5":"","6":"","7":"","8":""},{"term_id":3640,"user_id":0,"is_guest":1,"slug":"nick-flaherty","display_name":"Nick Flaherty","avatar_url":"https:\/\/secure.gravatar.com\/avatar\/?s=96&d=mm&r=g","0":null,"1":"","2":"","3":"","4":"","5":"","6":"","7":"","8":""}],"_links":{"self":[{"href":"https:\/\/www.ecinews.fr\/fr\/wp-json\/wp\/v2\/posts\/437375"}],"collection":[{"href":"https:\/\/www.ecinews.fr\/fr\/wp-json\/wp\/v2\/posts"}],"about":[{"href":"https:\/\/www.ecinews.fr\/fr\/wp-json\/wp\/v2\/types\/post"}],"author":[{"embeddable":true,"href":"https:\/\/www.ecinews.fr\/fr\/wp-json\/wp\/v2\/users\/34"}],"replies":[{"embeddable":true,"href":"https:\/\/www.ecinews.fr\/fr\/wp-json\/wp\/v2\/comments?post=437375"}],"version-history":[{"count":0,"href":"https:\/\/www.ecinews.fr\/fr\/wp-json\/wp\/v2\/posts\/437375\/revisions"}],"wp:featuredmedia":[{"embeddable":true,"href":"https:\/\/www.ecinews.fr\/fr\/wp-json\/wp\/v2\/media\/437184"}],"wp:attachment":[{"href":"https:\/\/www.ecinews.fr\/fr\/wp-json\/wp\/v2\/media?parent=437375"}],"wp:term":[{"taxonomy":"category","embeddable":true,"href":"https:\/\/www.ecinews.fr\/fr\/wp-json\/wp\/v2\/categories?post=437375"},{"taxonomy":"post_tag","embeddable":true,"href":"https:\/\/www.ecinews.fr\/fr\/wp-json\/wp\/v2\/tags?post=437375"},{"taxonomy":"domains","embeddable":true,"href":"https:\/\/www.ecinews.fr\/fr\/wp-json\/wp\/v2\/domains?post=437375"},{"taxonomy":"author","embeddable":true,"href":"https:\/\/www.ecinews.fr\/fr\/wp-json\/wp\/v2\/ppma_author?post=437375"}],"curies":[{"name":"wp","href":"https:\/\/api.w.org\/{rel}","templated":true}]}}