{"id":437321,"date":"2023-11-16T19:14:19","date_gmt":"2023-11-16T18:14:19","guid":{"rendered":"https:\/\/www.eenewseurope.com\/?p=437321"},"modified":"2023-11-16T19:14:47","modified_gmt":"2023-11-16T18:14:47","slug":"microsoft-devoile-ses-propres-processeurs","status":"publish","type":"post","link":"https:\/\/www.ecinews.fr\/fr\/microsoft-devoile-ses-propres-processeurs\/","title":{"rendered":"Microsoft d\u00e9voile ses propres processeurs"},"content":{"rendered":"<h2>Comme pr\u00e9vu, Microsoft a annonc\u00e9 qu&rsquo;elle avait d\u00e9velopp\u00e9 son propre processeur d&rsquo;IA, mais n&rsquo;a fourni que peu de d\u00e9tails. La r\u00e9v\u00e9lation a eu lieu lors de la conf\u00e9rence des d\u00e9veloppeurs Microsoft Ignite, en m\u00eame temps que celle d&rsquo;un processeur serveur polyvalent bas\u00e9 sur la technologie Arm.<\/h2>\n<p>Les deux puces con\u00e7ues sur mesure sont : le Microsoft Azure Maia 100 AI Accelerator, optimis\u00e9 pour les t\u00e2ches d&rsquo;intelligence artificielle (IA) et pour l&rsquo;IA g\u00e9n\u00e9rative, et le Microsoft Azure Cobalt 100 CPU, un processeur bas\u00e9 sur Arm con\u00e7u pour ex\u00e9cuter des charges de travail de calcul \u00e0 usage g\u00e9n\u00e9ral sur le cloud Microsoft.<\/p>\n<p>L&rsquo;entreprise n&rsquo;a pas r\u00e9v\u00e9l\u00e9 beaucoup de d\u00e9tails sur les puces ni de crit\u00e8res de performance, mais elle a indiqu\u00e9 qu&rsquo;elles commenceraient \u00e0 \u00eatre d\u00e9ploy\u00e9es dans les centres de donn\u00e9es de Microsoft au d\u00e9but de l&rsquo;ann\u00e9e 2024.<\/p>\n<p>La puce d&rsquo;acc\u00e9l\u00e9ration Maia 100 AI a \u00e9t\u00e9 con\u00e7ue pour ex\u00e9cuter des charges de travail d&rsquo;IA sur la plateforme Azure de Microsoft et la conception a \u00e9t\u00e9 partag\u00e9e avec OpenAI, un fournisseur de mod\u00e8les d&rsquo;IA g\u00e9n\u00e9rative, pour obtenir un retour d&rsquo;information. Cette puce est fabriqu\u00e9e selon un processus de 5 nanom\u00e8tres et comprendrait 105 milliards de transistors.<\/p>\n<p>La puce, dont le nom de code \u00e9tait auparavant Athena, est en cours de d\u00e9veloppement depuis 2019 et constitue effectivement une alternative \u00e0 la H100 de Nvidia (voir <a href=\"https:\/\/www.eenewseurope.com\/en\/report-microsoft-set-to-reveal-own-ai-chip\/\">Rapport : Microsoft s&rsquo;appr\u00eate \u00e0 d\u00e9voiler sa propre puce d&rsquo;IA<\/a>). Des rapports datant du d\u00e9but de l&rsquo;ann\u00e9e 2023 laissaient entendre que Microsoft s&rsquo;\u00e9tait associ\u00e9 \u00e0 Advanced Micro Devices Inc. pour d\u00e9velopper Athena et, comme AMD est le conc\u00e9dant de licence de sa technologie GPU, il pourrait s&rsquo;agir d&rsquo;une source de propri\u00e9t\u00e9 intellectuelle au sein d&rsquo;une puce.<\/p>\n<p>L&rsquo;unit\u00e9 centrale Cobalt 100 utilise l&rsquo;architecture de jeu d&rsquo;instructions Arm et se veut un processeur plus polyvalent pour les centres de donn\u00e9es, mais toujours optimis\u00e9 pour l&rsquo;efficacit\u00e9 \u00e9nerg\u00e9tique.<\/p>\n<p>Cobalt 100 est un processeur 64 bits dot\u00e9 de 128 c\u0153urs, et Microsoft aurait d\u00e9clar\u00e9 qu&rsquo;il permettait de r\u00e9duire de 40 % la consommation d&rsquo;\u00e9nergie par rapport aux autres puces \u00e0 architecture Arm utilis\u00e9es par Azure.<\/p>\n<p>Cobalt 100 est en fait une alternative aux puces serveur Ampere Arm.<\/p>\n<h4>Liens et articles connexes :<\/h4>\n<p><a href=\"http:\/\/www.microsoft.com\">www.microsoft.com<\/a><\/p>\n<h4>Articles de presse :<\/h4>\n<p><a href=\"https:\/\/www.eenewseurope.com\/en\/report-microsoft-set-to-reveal-own-ai-chip\/\">Rapport : Microsoft s&rsquo;appr\u00eate \u00e0 d\u00e9voiler sa propre puce d&rsquo;IA<\/a><\/p>\n<p><a href=\"https:\/\/www.eenewseurope.com\/en\/nvidia-comes-under-european-anti-competitive-scrutiny\/\">Nvidia fait l&rsquo;objet d&rsquo;un examen anticoncurrentiel de la part de l&rsquo;Union europ\u00e9enne<\/a><\/p>\n<p><a href=\"https:\/\/www.eenewseurope.com\/en\/nvidia-set-to-become-top-chip-company-this-year\/\">Nvidia devrait devenir le premier fabricant de puces cette ann\u00e9e<\/a><\/p>\n<p><a href=\"https:\/\/www.eenewseurope.com\/en\/1-3bn-to-build-worlds-largest-ai-supercomputer\/\">1,3 milliard de dollars pour construire le plus grand superordinateur d&rsquo;IA au monde<\/a><\/p>\n","protected":false},"excerpt":{"rendered":"<p>Comme pr\u00e9vu, Microsoft a annonc\u00e9 qu&rsquo;elle avait d\u00e9velopp\u00e9 son propre processeur d&rsquo;IA, mais n&rsquo;a fourni que peu de d\u00e9tails. La r\u00e9v\u00e9lation a eu lieu lors de la conf\u00e9rence des d\u00e9veloppeurs Microsoft Ignite, en m\u00eame temps que celle d&rsquo;un processeur serveur polyvalent bas\u00e9 sur la technologie Arm. Les deux puces con\u00e7ues sur mesure sont : le [&hellip;]<\/p>\n","protected":false},"author":34,"featured_media":437284,"comment_status":"closed","ping_status":"closed","sticky":false,"template":"","format":"standard","meta":{"_acf_changed":false,"footnotes":""},"categories":[883],"tags":[2616,1935,2198,906],"domains":[47],"ppma_author":[1153,3631],"class_list":["post-437321","post","type-post","status-publish","format-standard","has-post-thumbnail","hentry","category-technologies","tag-cloud-fr","tag-data-centers","tag-ia","tag-mpus-mcus-fr","domains-electronique-eci"],"acf":[],"yoast_head":"<title>Microsoft d\u00e9voile ses propres processeurs ...<\/title>\n<meta name=\"description\" content=\"Comme pr\u00e9vu, Microsoft a annonc\u00e9 qu&#039;elle avait d\u00e9velopp\u00e9 son propre processeur d&#039;IA, mais n&#039;a fourni pratiquement aucun d\u00e9tail.\" \/>\n<meta name=\"robots\" content=\"index, follow, max-snippet:-1, max-image-preview:large, max-video-preview:-1\" \/>\n<link rel=\"canonical\" href=\"https:\/\/www.ecinews.fr\/fr\/wp-json\/wp\/v2\/posts\/437321\/\" \/>\n<meta property=\"og:locale\" content=\"fr_FR\" \/>\n<meta property=\"og:type\" content=\"article\" \/>\n<meta property=\"og:title\" content=\"Microsoft d\u00e9voile ses propres processeurs\" \/>\n<meta property=\"og:description\" content=\"Comme pr\u00e9vu, Microsoft a annonc\u00e9 qu&#039;elle avait d\u00e9velopp\u00e9 son propre processeur d&#039;IA, mais n&#039;a fourni pratiquement aucun d\u00e9tail.\" \/>\n<meta property=\"og:url\" content=\"https:\/\/www.ecinews.fr\/fr\/wp-json\/wp\/v2\/posts\/437321\/\" \/>\n<meta property=\"og:site_name\" content=\"EENewsEurope\" \/>\n<meta property=\"article:published_time\" content=\"2023-11-16T18:14:19+00:00\" \/>\n<meta property=\"article:modified_time\" content=\"2023-11-16T18:14:47+00:00\" \/>\n<meta property=\"og:image\" content=\"https:\/\/www.ecinews.fr\/wp-content\/uploads\/2023\/11\/Maia100_630.jpg\" \/>\n\t<meta property=\"og:image:width\" content=\"600\" \/>\n\t<meta property=\"og:image:height\" content=\"393\" \/>\n\t<meta property=\"og:image:type\" content=\"image\/jpeg\" \/>\n<meta name=\"author\" content=\"A Delapalisse, Peter Clarke\" \/>\n<meta name=\"twitter:card\" content=\"summary_large_image\" \/>\n<meta name=\"twitter:label1\" content=\"Written by\" \/>\n\t<meta name=\"twitter:data1\" content=\"A Delapalisse\" \/>\n\t<meta name=\"twitter:label2\" content=\"Est. reading time\" \/>\n\t<meta name=\"twitter:data2\" content=\"2 minutes\" \/>\n<script type=\"application\/ld+json\" class=\"yoast-schema-graph\">{\"@context\":\"https:\/\/schema.org\",\"@graph\":[{\"@type\":\"Article\",\"@id\":\"https:\/\/www.ecinews.fr\/fr\/microsoft-devoile-ses-propres-processeurs\/#article\",\"isPartOf\":{\"@id\":\"https:\/\/www.ecinews.fr\/fr\/microsoft-devoile-ses-propres-processeurs\/\"},\"author\":{\"name\":\"A Delapalisse\",\"@id\":\"https:\/\/www.ecinews.fr\/fr\/#\/schema\/person\/0aa2cfb0bd8949724a68cbac8d8321b4\"},\"headline\":\"Microsoft d\u00e9voile ses propres processeurs\",\"datePublished\":\"2023-11-16T18:14:19+00:00\",\"dateModified\":\"2023-11-16T18:14:47+00:00\",\"mainEntityOfPage\":{\"@id\":\"https:\/\/www.ecinews.fr\/fr\/microsoft-devoile-ses-propres-processeurs\/\"},\"wordCount\":474,\"publisher\":{\"@id\":\"https:\/\/www.ecinews.fr\/fr\/#organization\"},\"keywords\":[\"Cloud\",\"Data Centers\",\"IA\",\"MPUs\/MCUs\"],\"articleSection\":[\"Technologies\"],\"inLanguage\":\"fr-FR\"},{\"@type\":\"WebPage\",\"@id\":\"https:\/\/www.ecinews.fr\/fr\/microsoft-devoile-ses-propres-processeurs\/\",\"url\":\"https:\/\/www.ecinews.fr\/fr\/microsoft-devoile-ses-propres-processeurs\/\",\"name\":\"Microsoft d\u00e9voile ses propres processeurs\",\"isPartOf\":{\"@id\":\"https:\/\/www.ecinews.fr\/fr\/#website\"},\"datePublished\":\"2023-11-16T18:14:19+00:00\",\"dateModified\":\"2023-11-16T18:14:47+00:00\",\"description\":\"Comme pr\u00e9vu, Microsoft a annonc\u00e9 qu'elle avait d\u00e9velopp\u00e9 son propre processeur d'IA, mais n'a fourni pratiquement aucun d\u00e9tail.\",\"breadcrumb\":{\"@id\":\"https:\/\/www.ecinews.fr\/fr\/microsoft-devoile-ses-propres-processeurs\/#breadcrumb\"},\"inLanguage\":\"fr-FR\",\"potentialAction\":[{\"@type\":\"ReadAction\",\"target\":[\"https:\/\/www.ecinews.fr\/fr\/microsoft-devoile-ses-propres-processeurs\/\"]}]},{\"@type\":\"BreadcrumbList\",\"@id\":\"https:\/\/www.ecinews.fr\/fr\/microsoft-devoile-ses-propres-processeurs\/#breadcrumb\",\"itemListElement\":[{\"@type\":\"ListItem\",\"position\":1,\"name\":\"Home\",\"item\":\"https:\/\/www.ecinews.fr\/fr\/\"},{\"@type\":\"ListItem\",\"position\":2,\"name\":\"Microsoft d\u00e9voile ses propres processeurs\"}]},{\"@type\":\"WebSite\",\"@id\":\"https:\/\/www.ecinews.fr\/fr\/#website\",\"url\":\"https:\/\/www.ecinews.fr\/fr\/\",\"name\":\"EENewsEurope\",\"description\":\"Just another WordPress site\",\"publisher\":{\"@id\":\"https:\/\/www.ecinews.fr\/fr\/#organization\"},\"potentialAction\":[{\"@type\":\"SearchAction\",\"target\":{\"@type\":\"EntryPoint\",\"urlTemplate\":\"https:\/\/www.ecinews.fr\/fr\/?s={search_term_string}\"},\"query-input\":\"required name=search_term_string\"}],\"inLanguage\":\"fr-FR\"},{\"@type\":\"Organization\",\"@id\":\"https:\/\/www.ecinews.fr\/fr\/#organization\",\"name\":\"EENewsEurope\",\"url\":\"https:\/\/www.ecinews.fr\/fr\/\",\"logo\":{\"@type\":\"ImageObject\",\"inLanguage\":\"fr-FR\",\"@id\":\"https:\/\/www.ecinews.fr\/fr\/#\/schema\/logo\/image\/\",\"url\":\"https:\/\/www.ecinews.fr\/wp-content\/uploads\/2022\/02\/logo-1.jpg\",\"contentUrl\":\"https:\/\/www.ecinews.fr\/wp-content\/uploads\/2022\/02\/logo-1.jpg\",\"width\":283,\"height\":113,\"caption\":\"EENewsEurope\"},\"image\":{\"@id\":\"https:\/\/www.ecinews.fr\/fr\/#\/schema\/logo\/image\/\"}},{\"@type\":\"Person\",\"@id\":\"https:\/\/www.ecinews.fr\/fr\/#\/schema\/person\/0aa2cfb0bd8949724a68cbac8d8321b4\",\"name\":\"A Delapalisse\",\"image\":{\"@type\":\"ImageObject\",\"inLanguage\":\"fr-FR\",\"@id\":\"https:\/\/www.ecinews.fr\/fr\/#\/schema\/person\/image\/211ac42237c2e9683c0964086c393cb4\",\"url\":\"https:\/\/secure.gravatar.com\/avatar\/ad45a8c5da24bc9c7c4940dd1c48a695?s=96&d=mm&r=g\",\"contentUrl\":\"https:\/\/secure.gravatar.com\/avatar\/ad45a8c5da24bc9c7c4940dd1c48a695?s=96&d=mm&r=g\",\"caption\":\"A Delapalisse\"},\"sameAs\":[\"http:\/\/ECI\"]}]}<\/script>","yoast_head_json":{"title":"Microsoft d\u00e9voile ses propres processeurs ...","description":"Comme pr\u00e9vu, Microsoft a annonc\u00e9 qu'elle avait d\u00e9velopp\u00e9 son propre processeur d'IA, mais n'a fourni pratiquement aucun d\u00e9tail.","robots":{"index":"index","follow":"follow","max-snippet":"max-snippet:-1","max-image-preview":"max-image-preview:large","max-video-preview":"max-video-preview:-1"},"canonical":"https:\/\/www.ecinews.fr\/fr\/wp-json\/wp\/v2\/posts\/437321\/","og_locale":"fr_FR","og_type":"article","og_title":"Microsoft d\u00e9voile ses propres processeurs","og_description":"Comme pr\u00e9vu, Microsoft a annonc\u00e9 qu'elle avait d\u00e9velopp\u00e9 son propre processeur d'IA, mais n'a fourni pratiquement aucun d\u00e9tail.","og_url":"https:\/\/www.ecinews.fr\/fr\/wp-json\/wp\/v2\/posts\/437321\/","og_site_name":"EENewsEurope","article_published_time":"2023-11-16T18:14:19+00:00","article_modified_time":"2023-11-16T18:14:47+00:00","og_image":[{"width":600,"height":393,"url":"https:\/\/www.ecinews.fr\/wp-content\/uploads\/2023\/11\/Maia100_630.jpg","type":"image\/jpeg"}],"author":"A Delapalisse, Peter Clarke","twitter_card":"summary_large_image","twitter_misc":{"Written by":"A Delapalisse","Est. reading time":"2 minutes"},"schema":{"@context":"https:\/\/schema.org","@graph":[{"@type":"Article","@id":"https:\/\/www.ecinews.fr\/fr\/microsoft-devoile-ses-propres-processeurs\/#article","isPartOf":{"@id":"https:\/\/www.ecinews.fr\/fr\/microsoft-devoile-ses-propres-processeurs\/"},"author":{"name":"A Delapalisse","@id":"https:\/\/www.ecinews.fr\/fr\/#\/schema\/person\/0aa2cfb0bd8949724a68cbac8d8321b4"},"headline":"Microsoft d\u00e9voile ses propres processeurs","datePublished":"2023-11-16T18:14:19+00:00","dateModified":"2023-11-16T18:14:47+00:00","mainEntityOfPage":{"@id":"https:\/\/www.ecinews.fr\/fr\/microsoft-devoile-ses-propres-processeurs\/"},"wordCount":474,"publisher":{"@id":"https:\/\/www.ecinews.fr\/fr\/#organization"},"keywords":["Cloud","Data Centers","IA","MPUs\/MCUs"],"articleSection":["Technologies"],"inLanguage":"fr-FR"},{"@type":"WebPage","@id":"https:\/\/www.ecinews.fr\/fr\/microsoft-devoile-ses-propres-processeurs\/","url":"https:\/\/www.ecinews.fr\/fr\/microsoft-devoile-ses-propres-processeurs\/","name":"Microsoft d\u00e9voile ses propres processeurs","isPartOf":{"@id":"https:\/\/www.ecinews.fr\/fr\/#website"},"datePublished":"2023-11-16T18:14:19+00:00","dateModified":"2023-11-16T18:14:47+00:00","description":"Comme pr\u00e9vu, Microsoft a annonc\u00e9 qu'elle avait d\u00e9velopp\u00e9 son propre processeur d'IA, mais n'a fourni pratiquement aucun d\u00e9tail.","breadcrumb":{"@id":"https:\/\/www.ecinews.fr\/fr\/microsoft-devoile-ses-propres-processeurs\/#breadcrumb"},"inLanguage":"fr-FR","potentialAction":[{"@type":"ReadAction","target":["https:\/\/www.ecinews.fr\/fr\/microsoft-devoile-ses-propres-processeurs\/"]}]},{"@type":"BreadcrumbList","@id":"https:\/\/www.ecinews.fr\/fr\/microsoft-devoile-ses-propres-processeurs\/#breadcrumb","itemListElement":[{"@type":"ListItem","position":1,"name":"Home","item":"https:\/\/www.ecinews.fr\/fr\/"},{"@type":"ListItem","position":2,"name":"Microsoft d\u00e9voile ses propres processeurs"}]},{"@type":"WebSite","@id":"https:\/\/www.ecinews.fr\/fr\/#website","url":"https:\/\/www.ecinews.fr\/fr\/","name":"EENewsEurope","description":"Just another WordPress site","publisher":{"@id":"https:\/\/www.ecinews.fr\/fr\/#organization"},"potentialAction":[{"@type":"SearchAction","target":{"@type":"EntryPoint","urlTemplate":"https:\/\/www.ecinews.fr\/fr\/?s={search_term_string}"},"query-input":"required name=search_term_string"}],"inLanguage":"fr-FR"},{"@type":"Organization","@id":"https:\/\/www.ecinews.fr\/fr\/#organization","name":"EENewsEurope","url":"https:\/\/www.ecinews.fr\/fr\/","logo":{"@type":"ImageObject","inLanguage":"fr-FR","@id":"https:\/\/www.ecinews.fr\/fr\/#\/schema\/logo\/image\/","url":"https:\/\/www.ecinews.fr\/wp-content\/uploads\/2022\/02\/logo-1.jpg","contentUrl":"https:\/\/www.ecinews.fr\/wp-content\/uploads\/2022\/02\/logo-1.jpg","width":283,"height":113,"caption":"EENewsEurope"},"image":{"@id":"https:\/\/www.ecinews.fr\/fr\/#\/schema\/logo\/image\/"}},{"@type":"Person","@id":"https:\/\/www.ecinews.fr\/fr\/#\/schema\/person\/0aa2cfb0bd8949724a68cbac8d8321b4","name":"A Delapalisse","image":{"@type":"ImageObject","inLanguage":"fr-FR","@id":"https:\/\/www.ecinews.fr\/fr\/#\/schema\/person\/image\/211ac42237c2e9683c0964086c393cb4","url":"https:\/\/secure.gravatar.com\/avatar\/ad45a8c5da24bc9c7c4940dd1c48a695?s=96&d=mm&r=g","contentUrl":"https:\/\/secure.gravatar.com\/avatar\/ad45a8c5da24bc9c7c4940dd1c48a695?s=96&d=mm&r=g","caption":"A Delapalisse"},"sameAs":["http:\/\/ECI"]}]}},"authors":[{"term_id":1153,"user_id":34,"is_guest":0,"slug":"adelapalisse","display_name":"A Delapalisse","avatar_url":"https:\/\/secure.gravatar.com\/avatar\/ad45a8c5da24bc9c7c4940dd1c48a695?s=96&d=mm&r=g","0":null,"1":"","2":"","3":"","4":"","5":"","6":"","7":"","8":""},{"term_id":3631,"user_id":0,"is_guest":1,"slug":"peter-clarke","display_name":"Peter Clarke","avatar_url":"https:\/\/secure.gravatar.com\/avatar\/?s=96&d=mm&r=g","0":null,"1":"","2":"","3":"","4":"","5":"","6":"","7":"","8":""}],"_links":{"self":[{"href":"https:\/\/www.ecinews.fr\/fr\/wp-json\/wp\/v2\/posts\/437321"}],"collection":[{"href":"https:\/\/www.ecinews.fr\/fr\/wp-json\/wp\/v2\/posts"}],"about":[{"href":"https:\/\/www.ecinews.fr\/fr\/wp-json\/wp\/v2\/types\/post"}],"author":[{"embeddable":true,"href":"https:\/\/www.ecinews.fr\/fr\/wp-json\/wp\/v2\/users\/34"}],"replies":[{"embeddable":true,"href":"https:\/\/www.ecinews.fr\/fr\/wp-json\/wp\/v2\/comments?post=437321"}],"version-history":[{"count":0,"href":"https:\/\/www.ecinews.fr\/fr\/wp-json\/wp\/v2\/posts\/437321\/revisions"}],"wp:featuredmedia":[{"embeddable":true,"href":"https:\/\/www.ecinews.fr\/fr\/wp-json\/wp\/v2\/media\/437284"}],"wp:attachment":[{"href":"https:\/\/www.ecinews.fr\/fr\/wp-json\/wp\/v2\/media?parent=437321"}],"wp:term":[{"taxonomy":"category","embeddable":true,"href":"https:\/\/www.ecinews.fr\/fr\/wp-json\/wp\/v2\/categories?post=437321"},{"taxonomy":"post_tag","embeddable":true,"href":"https:\/\/www.ecinews.fr\/fr\/wp-json\/wp\/v2\/tags?post=437321"},{"taxonomy":"domains","embeddable":true,"href":"https:\/\/www.ecinews.fr\/fr\/wp-json\/wp\/v2\/domains?post=437321"},{"taxonomy":"author","embeddable":true,"href":"https:\/\/www.ecinews.fr\/fr\/wp-json\/wp\/v2\/ppma_author?post=437321"}],"curies":[{"name":"wp","href":"https:\/\/api.w.org\/{rel}","templated":true}]}}