{"id":437211,"date":"2023-11-15T19:13:37","date_gmt":"2023-11-15T18:13:37","guid":{"rendered":"https:\/\/www.ecinews.fr\/?p=437211"},"modified":"2023-11-15T19:13:37","modified_gmt":"2023-11-15T18:13:37","slug":"greenano-un-master-dedie-aux-nanomateriaux-pour-les-transitions-verte-et-numerique","status":"publish","type":"post","link":"https:\/\/www.ecinews.fr\/fr\/greenano-un-master-dedie-aux-nanomateriaux-pour-les-transitions-verte-et-numerique\/","title":{"rendered":"GREENANO, un master d\u00e9di\u00e9 aux nanomat\u00e9riaux pour les transitions verte et num\u00e9rique"},"content":{"rendered":"<table>\n<tbody>\n<tr>\n<td>\n<h3><span style=\"font-size: 16px;\">Mines Nancy et la Facult\u00e9 des Sciences et Technologies, membres de l\u2019Universit\u00e9 de Lorraine, s\u2019associent \u00e0 l\u2019Universit\u00e9 Tor Vergata de Rome, \u00e0 l\u2019Institut CNR de la Structure de la Mati\u00e8re en Italie et \u00e0 la Jozef Stefan International Postgraduate School en Slov\u00e9nie pour proposer \u00e0 la rentr\u00e9e 2024, GREENANO, le master conjoint Erasmus Mundus d\u00e9di\u00e9 aux nanomat\u00e9riaux pour les transitions verte et num\u00e9rique.<\/span><\/h3>\n<p>Ce programme d\u2019excellence labellis\u00e9 Erasmus Mundus et soutenu par l\u2019Union Europ\u00e9enne s\u2019adresse \u00e0 des \u00e9tudiants venus du monde entier pour les former aux nanotechnologies et aux \u00e9cotechnologies et leur apprendre \u00e0 r\u00e9duire les risques environnementaux et \u00e0 surmonter la diminution de la disponibilit\u00e9 des ressources naturelles, \u00e0 travers une exp\u00e9rience \u00e9ducative interdisciplinaire et internationale unique.<\/p>\n<p><strong>Ouvrir la voi<\/strong><strong>e europ\u00e9enne \u00e0 une technologie verte<br \/>\n<\/strong>L\u2019objectif de GREENANO est de former une nouvelle g\u00e9n\u00e9ration d\u2019ing\u00e9nieurs, de chercheurs et de responsables du d\u00e9veloppement durable, afin de les pr\u00e9parer \u00e0 relever les d\u00e9fis majeurs pos\u00e9s par les transitions verte et num\u00e9rique.<br \/>\nLes \u00e9tudiants travailleront en \u00e9troite collaboration avec des chercheurs internationaux de haut niveau et des partenaires industriels, ce qui leur permettra d\u2019acqu\u00e9rir une exp\u00e9rience ancr\u00e9e dans le monde r\u00e9el.<br \/>\n<em>\u00ab\u00a0Greenano est motiv\u00e9 par la vision du Green Deal europ\u00e9en. Notre mission est de pr\u00e9parer une nouvelle g\u00e9n\u00e9ration \u00ab\u00a0d\u2019innovateurs\u00a0\u00bb experts en nanotechnologie pour les transitions verte et num\u00e9rique. Nous mettons l\u2019accent sur la durabilit\u00e9, la science des mat\u00e9riaux de haut niveau et les comp\u00e9tences pratiques tout en maintenant des normes environnementales strictes. Ce faisant, nous souhaitons contribuer activement \u00e0 l\u2019objectif ambitieux de neutralit\u00e9 climatique de l\u2019UE \u00e0 l\u2019horizon 2050\u00a0\u00bb<\/em> affirme Alexandre Nomin\u00e9, responsable du GREENANO Erasmus Mundus Joint Master (EMJM), enseignant \u00e0 Mines Nancy et chercheur \u00e0 l\u2019Institut Jean Lamour.<\/p>\n<p><strong>Former les \u00e9tudiants internationaux aux nouveaux mat\u00e9riaux pour une technologie durable<br \/>\n<\/strong>Le programme p\u00e9dagogique d\u2019une dur\u00e9e de 2 ans couvre cinq piliers fondamentaux\u00a0: science fondamentale, ing\u00e9nierie, durabilit\u00e9, travaux pratiques et projets. Durant ce master, les \u00e9tudiants auront l\u2019opportunit\u00e9 d\u2019\u00e9voluer dans les diff\u00e9rents \u00e9tablissements partenaires\u00a0:<br \/>\nAu cours du premier semestre \u00e0 l\u2019Universit\u00e9 de Lorraine (Mines Nancy et la Facult\u00e9 des Sciences et Technologies de Nancy), les \u00e9tudiants travailleront sur la physique de l\u2019\u00e9tat solide et la science des mat\u00e9riaux, en mettant l\u2019accent sur la durabilit\u00e9 des mati\u00e8res premi\u00e8res. Ils participeront \u00e9galement \u00e0 une \u00e9cole d\u2019hiver \u00e0 l\u2019Institut Jean Lamour qui leur fournira une exp\u00e9rience pratique et des applications concr\u00e8tes.<br \/>\nLe second semestre se tiendra \u00e0 l\u2019Universit\u00e9 Tor Vergata de Rome et \u00e0 l\u2019institut CNR de la structure de la mati\u00e8re, pour mettre l\u2019accent sur les nanomat\u00e9riaux. Les \u00e9tudiants travailleront sur l\u2019\u00e9tude des nanostructures, des nanodispositifs et de leur large \u00e9ventail d\u2019applications. Les \u00e9tudiants participeront \u00e0 une \u00e9cole d\u2019\u00e9t\u00e9 organis\u00e9e par l\u2019Institut de la structure de la mati\u00e8re du CNR en collaboration avec Elettra Sincrotrone Trieste afin d\u2019explorer la durabilit\u00e9 des mati\u00e8res premi\u00e8res critiques avec des mat\u00e9riaux \u00e0 base de carbone.<br \/>\nLe troisi\u00e8me semestre intensifiera l\u2019exploration des nanotechnologies, du traitement des mat\u00e9riaux et des aspect environnementaux \u00e0 la Jozef Stefan International Postgraduate School de Ljubljana (Slov\u00e9nie). L\u2019accent sera mis sur les principes de l\u2019\u00e9conomie circulaire et de la durabilit\u00e9 dans une perspective industrielle plus large. Le semestre se conclura par un hacktahon qui pr\u00e9parera les \u00e9tudiants \u00e0 relever des d\u00e9fis pratiques et \u00e0 r\u00e9soudre des probl\u00e8mes de mani\u00e8re cr\u00e9ative.<br \/>\nLe quatri\u00e8me et dernier semestre sera consacr\u00e9 \u00e0 l\u2019exp\u00e9rience professionnelle, avec la possibilit\u00e9 de r\u00e9aliser des stages dans divers endroits du monde, y compris dans des institutions de recherche, des partenaires industriels et des agences nationales.<\/p>\n<p><strong>Un master conjoint labellis\u00e9 Erasmus Mundus\u00a0: la reconnaissance d\u2019une formation internationale de pointe soutenue par l\u2019Union Europ\u00e9enne <br \/>\n<\/strong>Labellis\u00e9 Erasmus Mundus par l\u2019Union Europ\u00e9enne, gage de l\u2019excellence de la formation \u00e0 l\u2019\u00e9chelle mondiale, les \u00e9tudiants venus du monde entier b\u00e9n\u00e9ficieront d\u2019une bourse d\u2019\u00e9tude significative (jusqu\u2019\u00e0 1 400 euros par mois) durant les 2 ann\u00e9es du cursus.<br \/>\nA l\u2019issue du programme, les \u00e9tudiants se verront d\u00e9cerner trois dipl\u00f4mes nationaux de niveau master, d\u00e9livr\u00e9s par l\u2019Universit\u00e9 de Lorraine, l\u2019Universit\u00e9 Tor Vergata, et l\u2019Ecole Internationale Sup\u00e9rieur de Jozef Stefan ainsi qu\u2019un suppl\u00e9ment au dipl\u00f4me conjoint afin de renforcer leurs r\u00e9f\u00e9rences mondiales.<\/p>\n<p><strong>Les inscriptions ouvrent du 1<sup>er<\/sup> novembre 2023 au 1er f\u00e9vrier 2024 sur le site <a href=\"https:\/\/www.greenanomaster.eu\/\">greenanomaster.eu<\/a><\/strong><\/p>\n<p><u><a href=\"https:\/\/news.google.com\/publications\/CAAqBwgKMJbcwQswuPfYAw?hl=fr&amp;gl=BE&amp;ceid=BE:fr\">Suivre ECInews sur Google news<\/a><\/u><\/p>\n<\/td>\n<\/tr>\n<\/tbody>\n<\/table>\n","protected":false},"excerpt":{"rendered":"<p>Mines Nancy et la Facult\u00e9 des Sciences et Technologies, membres de l\u2019Universit\u00e9 de Lorraine, s\u2019associent \u00e0 l\u2019Universit\u00e9 Tor Vergata de Rome, \u00e0 l\u2019Institut CNR de la Structure de la Mati\u00e8re en Italie et \u00e0 la Jozef Stefan International Postgraduate School en Slov\u00e9nie pour proposer \u00e0 la rentr\u00e9e 2024, GREENANO, le master conjoint Erasmus Mundus d\u00e9di\u00e9 [&hellip;]<\/p>\n","protected":false},"author":36,"featured_media":437212,"comment_status":"closed","ping_status":"closed","sticky":false,"template":"","format":"standard","meta":{"_acf_changed":false,"footnotes":""},"categories":[886],"tags":[1131],"domains":[47],"ppma_author":[1154],"class_list":["post-437211","post","type-post","status-publish","format-standard","has-post-thumbnail","hentry","category-news-fr","tag-enseignement_formation","domains-electronique-eci"],"acf":[],"yoast_head":"<title>GREENANO, un master d\u00e9di\u00e9 aux nanomat\u00e9riaux pour les transit...<\/title>\n<meta name=\"description\" content=\"Mines Nancy et la Facult\u00e9 des Sciences et Technologies s\u2019associent \u00e0 l\u2019Universit\u00e9 Tor Vergata de Rome, \u00e0 l\u2019Institut CNR de la Structure de la...\" \/>\n<meta name=\"robots\" content=\"index, follow, max-snippet:-1, max-image-preview:large, max-video-preview:-1\" \/>\n<link rel=\"canonical\" href=\"https:\/\/www.ecinews.fr\/fr\/wp-json\/wp\/v2\/posts\/437211\/\" \/>\n<meta property=\"og:locale\" content=\"fr_FR\" \/>\n<meta property=\"og:type\" content=\"article\" \/>\n<meta property=\"og:title\" content=\"GREENANO, un master d\u00e9di\u00e9 aux nanomat\u00e9riaux pour les transitions verte et num\u00e9rique\" \/>\n<meta property=\"og:description\" content=\"Mines Nancy et la Facult\u00e9 des Sciences et Technologies s\u2019associent \u00e0 l\u2019Universit\u00e9 Tor Vergata de Rome, \u00e0 l\u2019Institut CNR de la Structure de la Mati\u00e8re en Italie et \u00e0 la Jozef Stefan International Postgraduate School en Slov\u00e9nie pour proposer \u00e0 la rentr\u00e9e 2024, GREENANO, le master conjoint Erasmus Mundus d\u00e9di\u00e9 aux nanomat\u00e9riaux pour les transitions verte et num\u00e9rique.\" \/>\n<meta property=\"og:url\" content=\"https:\/\/www.ecinews.fr\/fr\/wp-json\/wp\/v2\/posts\/437211\/\" \/>\n<meta property=\"og:site_name\" content=\"EENewsEurope\" \/>\n<meta property=\"article:published_time\" content=\"2023-11-15T18:13:37+00:00\" \/>\n<meta property=\"og:image\" content=\"https:\/\/www.ecinews.fr\/wp-content\/uploads\/2023\/11\/ECI2075_MinesNancy_actu.jpg\" \/>\n\t<meta property=\"og:image:width\" content=\"125\" \/>\n\t<meta property=\"og:image:height\" content=\"125\" \/>\n\t<meta property=\"og:image:type\" content=\"image\/jpeg\" \/>\n<meta name=\"author\" content=\"Alain Dieul\" \/>\n<meta name=\"twitter:card\" content=\"summary_large_image\" \/>\n<meta name=\"twitter:label1\" content=\"Written by\" \/>\n\t<meta name=\"twitter:data1\" content=\"Alain Dieul\" \/>\n\t<meta name=\"twitter:label2\" content=\"Est. reading time\" \/>\n\t<meta name=\"twitter:data2\" content=\"4 minutes\" \/>\n<script type=\"application\/ld+json\" class=\"yoast-schema-graph\">{\"@context\":\"https:\/\/schema.org\",\"@graph\":[{\"@type\":\"Article\",\"@id\":\"https:\/\/www.ecinews.fr\/fr\/greenano-un-master-dedie-aux-nanomateriaux-pour-les-transitions-verte-et-numerique\/#article\",\"isPartOf\":{\"@id\":\"https:\/\/www.ecinews.fr\/fr\/greenano-un-master-dedie-aux-nanomateriaux-pour-les-transitions-verte-et-numerique\/\"},\"author\":{\"name\":\"Alain Dieul\",\"@id\":\"https:\/\/www.eenewseurope.com\/en\/#\/schema\/person\/e4387676ad67ce722325c7832f3c3762\"},\"headline\":\"GREENANO, un master d\u00e9di\u00e9 aux nanomat\u00e9riaux pour les transitions verte et num\u00e9rique\",\"datePublished\":\"2023-11-15T18:13:37+00:00\",\"dateModified\":\"2023-11-15T18:13:37+00:00\",\"mainEntityOfPage\":{\"@id\":\"https:\/\/www.ecinews.fr\/fr\/greenano-un-master-dedie-aux-nanomateriaux-pour-les-transitions-verte-et-numerique\/\"},\"wordCount\":793,\"publisher\":{\"@id\":\"https:\/\/www.eenewseurope.com\/en\/#organization\"},\"keywords\":[\"Enseignement_Formation\"],\"articleSection\":[\"Actualit\u00e9 g\u00e9n\u00e9rale\"],\"inLanguage\":\"fr-FR\"},{\"@type\":\"WebPage\",\"@id\":\"https:\/\/www.ecinews.fr\/fr\/greenano-un-master-dedie-aux-nanomateriaux-pour-les-transitions-verte-et-numerique\/\",\"url\":\"https:\/\/www.ecinews.fr\/fr\/greenano-un-master-dedie-aux-nanomateriaux-pour-les-transitions-verte-et-numerique\/\",\"name\":\"GREENANO, un master d\u00e9di\u00e9 aux nanomat\u00e9riaux pour les transitions verte et num\u00e9rique -\",\"isPartOf\":{\"@id\":\"https:\/\/www.eenewseurope.com\/en\/#website\"},\"datePublished\":\"2023-11-15T18:13:37+00:00\",\"dateModified\":\"2023-11-15T18:13:37+00:00\",\"description\":\"Mines Nancy et la Facult\u00e9 des Sciences et Technologies s\u2019associent \u00e0 l\u2019Universit\u00e9 Tor Vergata de Rome, \u00e0 l\u2019Institut CNR de la Structure de la Mati\u00e8re en Italie et \u00e0 la Jozef Stefan International Postgraduate School en Slov\u00e9nie pour proposer \u00e0 la rentr\u00e9e 2024, GREENANO, le master conjoint Erasmus Mundus d\u00e9di\u00e9 aux nanomat\u00e9riaux pour les transitions verte et num\u00e9rique.\",\"breadcrumb\":{\"@id\":\"https:\/\/www.ecinews.fr\/fr\/greenano-un-master-dedie-aux-nanomateriaux-pour-les-transitions-verte-et-numerique\/#breadcrumb\"},\"inLanguage\":\"fr-FR\",\"potentialAction\":[{\"@type\":\"ReadAction\",\"target\":[\"https:\/\/www.ecinews.fr\/fr\/greenano-un-master-dedie-aux-nanomateriaux-pour-les-transitions-verte-et-numerique\/\"]}]},{\"@type\":\"BreadcrumbList\",\"@id\":\"https:\/\/www.ecinews.fr\/fr\/greenano-un-master-dedie-aux-nanomateriaux-pour-les-transitions-verte-et-numerique\/#breadcrumb\",\"itemListElement\":[{\"@type\":\"ListItem\",\"position\":1,\"name\":\"Home\",\"item\":\"https:\/\/www.ecinews.fr\/fr\/\"},{\"@type\":\"ListItem\",\"position\":2,\"name\":\"GREENANO, un master d\u00e9di\u00e9 aux nanomat\u00e9riaux pour les transitions verte et num\u00e9rique\"}]},{\"@type\":\"WebSite\",\"@id\":\"https:\/\/www.eenewseurope.com\/en\/#website\",\"url\":\"https:\/\/www.eenewseurope.com\/en\/\",\"name\":\"EENewsEurope\",\"description\":\"Just another WordPress site\",\"publisher\":{\"@id\":\"https:\/\/www.eenewseurope.com\/en\/#organization\"},\"potentialAction\":[{\"@type\":\"SearchAction\",\"target\":{\"@type\":\"EntryPoint\",\"urlTemplate\":\"https:\/\/www.eenewseurope.com\/en\/?s={search_term_string}\"},\"query-input\":\"required name=search_term_string\"}],\"inLanguage\":\"fr-FR\"},{\"@type\":\"Organization\",\"@id\":\"https:\/\/www.eenewseurope.com\/en\/#organization\",\"name\":\"EENewsEurope\",\"url\":\"https:\/\/www.eenewseurope.com\/en\/\",\"logo\":{\"@type\":\"ImageObject\",\"inLanguage\":\"fr-FR\",\"@id\":\"https:\/\/www.eenewseurope.com\/en\/#\/schema\/logo\/image\/\",\"url\":\"https:\/\/www.ecinews.fr\/wp-content\/uploads\/2022\/02\/logo-1.jpg\",\"contentUrl\":\"https:\/\/www.ecinews.fr\/wp-content\/uploads\/2022\/02\/logo-1.jpg\",\"width\":283,\"height\":113,\"caption\":\"EENewsEurope\"},\"image\":{\"@id\":\"https:\/\/www.eenewseurope.com\/en\/#\/schema\/logo\/image\/\"}},{\"@type\":\"Person\",\"@id\":\"https:\/\/www.eenewseurope.com\/en\/#\/schema\/person\/e4387676ad67ce722325c7832f3c3762\",\"name\":\"Alain Dieul\",\"image\":{\"@type\":\"ImageObject\",\"inLanguage\":\"fr-FR\",\"@id\":\"https:\/\/www.eenewseurope.com\/en\/#\/schema\/person\/image\/736120675699dbbf0f0f282b9a9cfb75\",\"url\":\"https:\/\/secure.gravatar.com\/avatar\/bc93b056d07515be5b8eecd4acf49c5c?s=96&d=mm&r=g\",\"contentUrl\":\"https:\/\/secure.gravatar.com\/avatar\/bc93b056d07515be5b8eecd4acf49c5c?s=96&d=mm&r=g\",\"caption\":\"Alain Dieul\"},\"sameAs\":[\"http:\/\/ECINews\"]}]}<\/script>","yoast_head_json":{"title":"GREENANO, un master d\u00e9di\u00e9 aux nanomat\u00e9riaux pour les transit...","description":"Mines Nancy et la Facult\u00e9 des Sciences et Technologies s\u2019associent \u00e0 l\u2019Universit\u00e9 Tor Vergata de Rome, \u00e0 l\u2019Institut CNR de la Structure de la...","robots":{"index":"index","follow":"follow","max-snippet":"max-snippet:-1","max-image-preview":"max-image-preview:large","max-video-preview":"max-video-preview:-1"},"canonical":"https:\/\/www.ecinews.fr\/fr\/wp-json\/wp\/v2\/posts\/437211\/","og_locale":"fr_FR","og_type":"article","og_title":"GREENANO, un master d\u00e9di\u00e9 aux nanomat\u00e9riaux pour les transitions verte et num\u00e9rique","og_description":"Mines Nancy et la Facult\u00e9 des Sciences et Technologies s\u2019associent \u00e0 l\u2019Universit\u00e9 Tor Vergata de Rome, \u00e0 l\u2019Institut CNR de la Structure de la Mati\u00e8re en Italie et \u00e0 la Jozef Stefan International Postgraduate School en Slov\u00e9nie pour proposer \u00e0 la rentr\u00e9e 2024, GREENANO, le master conjoint Erasmus Mundus d\u00e9di\u00e9 aux nanomat\u00e9riaux pour les transitions verte et num\u00e9rique.","og_url":"https:\/\/www.ecinews.fr\/fr\/wp-json\/wp\/v2\/posts\/437211\/","og_site_name":"EENewsEurope","article_published_time":"2023-11-15T18:13:37+00:00","og_image":[{"width":125,"height":125,"url":"https:\/\/www.ecinews.fr\/wp-content\/uploads\/2023\/11\/ECI2075_MinesNancy_actu.jpg","type":"image\/jpeg"}],"author":"Alain Dieul","twitter_card":"summary_large_image","twitter_misc":{"Written by":"Alain Dieul","Est. reading time":"4 minutes"},"schema":{"@context":"https:\/\/schema.org","@graph":[{"@type":"Article","@id":"https:\/\/www.ecinews.fr\/fr\/greenano-un-master-dedie-aux-nanomateriaux-pour-les-transitions-verte-et-numerique\/#article","isPartOf":{"@id":"https:\/\/www.ecinews.fr\/fr\/greenano-un-master-dedie-aux-nanomateriaux-pour-les-transitions-verte-et-numerique\/"},"author":{"name":"Alain Dieul","@id":"https:\/\/www.eenewseurope.com\/en\/#\/schema\/person\/e4387676ad67ce722325c7832f3c3762"},"headline":"GREENANO, un master d\u00e9di\u00e9 aux nanomat\u00e9riaux pour les transitions verte et num\u00e9rique","datePublished":"2023-11-15T18:13:37+00:00","dateModified":"2023-11-15T18:13:37+00:00","mainEntityOfPage":{"@id":"https:\/\/www.ecinews.fr\/fr\/greenano-un-master-dedie-aux-nanomateriaux-pour-les-transitions-verte-et-numerique\/"},"wordCount":793,"publisher":{"@id":"https:\/\/www.eenewseurope.com\/en\/#organization"},"keywords":["Enseignement_Formation"],"articleSection":["Actualit\u00e9 g\u00e9n\u00e9rale"],"inLanguage":"fr-FR"},{"@type":"WebPage","@id":"https:\/\/www.ecinews.fr\/fr\/greenano-un-master-dedie-aux-nanomateriaux-pour-les-transitions-verte-et-numerique\/","url":"https:\/\/www.ecinews.fr\/fr\/greenano-un-master-dedie-aux-nanomateriaux-pour-les-transitions-verte-et-numerique\/","name":"GREENANO, un master d\u00e9di\u00e9 aux nanomat\u00e9riaux pour les transitions verte et num\u00e9rique -","isPartOf":{"@id":"https:\/\/www.eenewseurope.com\/en\/#website"},"datePublished":"2023-11-15T18:13:37+00:00","dateModified":"2023-11-15T18:13:37+00:00","description":"Mines Nancy et la Facult\u00e9 des Sciences et Technologies s\u2019associent \u00e0 l\u2019Universit\u00e9 Tor Vergata de Rome, \u00e0 l\u2019Institut CNR de la Structure de la Mati\u00e8re en Italie et \u00e0 la Jozef Stefan International Postgraduate School en Slov\u00e9nie pour proposer \u00e0 la rentr\u00e9e 2024, GREENANO, le master conjoint Erasmus Mundus d\u00e9di\u00e9 aux nanomat\u00e9riaux pour les transitions verte et num\u00e9rique.","breadcrumb":{"@id":"https:\/\/www.ecinews.fr\/fr\/greenano-un-master-dedie-aux-nanomateriaux-pour-les-transitions-verte-et-numerique\/#breadcrumb"},"inLanguage":"fr-FR","potentialAction":[{"@type":"ReadAction","target":["https:\/\/www.ecinews.fr\/fr\/greenano-un-master-dedie-aux-nanomateriaux-pour-les-transitions-verte-et-numerique\/"]}]},{"@type":"BreadcrumbList","@id":"https:\/\/www.ecinews.fr\/fr\/greenano-un-master-dedie-aux-nanomateriaux-pour-les-transitions-verte-et-numerique\/#breadcrumb","itemListElement":[{"@type":"ListItem","position":1,"name":"Home","item":"https:\/\/www.ecinews.fr\/fr\/"},{"@type":"ListItem","position":2,"name":"GREENANO, un master d\u00e9di\u00e9 aux nanomat\u00e9riaux pour les transitions verte et num\u00e9rique"}]},{"@type":"WebSite","@id":"https:\/\/www.eenewseurope.com\/en\/#website","url":"https:\/\/www.eenewseurope.com\/en\/","name":"EENewsEurope","description":"Just another WordPress site","publisher":{"@id":"https:\/\/www.eenewseurope.com\/en\/#organization"},"potentialAction":[{"@type":"SearchAction","target":{"@type":"EntryPoint","urlTemplate":"https:\/\/www.eenewseurope.com\/en\/?s={search_term_string}"},"query-input":"required name=search_term_string"}],"inLanguage":"fr-FR"},{"@type":"Organization","@id":"https:\/\/www.eenewseurope.com\/en\/#organization","name":"EENewsEurope","url":"https:\/\/www.eenewseurope.com\/en\/","logo":{"@type":"ImageObject","inLanguage":"fr-FR","@id":"https:\/\/www.eenewseurope.com\/en\/#\/schema\/logo\/image\/","url":"https:\/\/www.ecinews.fr\/wp-content\/uploads\/2022\/02\/logo-1.jpg","contentUrl":"https:\/\/www.ecinews.fr\/wp-content\/uploads\/2022\/02\/logo-1.jpg","width":283,"height":113,"caption":"EENewsEurope"},"image":{"@id":"https:\/\/www.eenewseurope.com\/en\/#\/schema\/logo\/image\/"}},{"@type":"Person","@id":"https:\/\/www.eenewseurope.com\/en\/#\/schema\/person\/e4387676ad67ce722325c7832f3c3762","name":"Alain Dieul","image":{"@type":"ImageObject","inLanguage":"fr-FR","@id":"https:\/\/www.eenewseurope.com\/en\/#\/schema\/person\/image\/736120675699dbbf0f0f282b9a9cfb75","url":"https:\/\/secure.gravatar.com\/avatar\/bc93b056d07515be5b8eecd4acf49c5c?s=96&d=mm&r=g","contentUrl":"https:\/\/secure.gravatar.com\/avatar\/bc93b056d07515be5b8eecd4acf49c5c?s=96&d=mm&r=g","caption":"Alain Dieul"},"sameAs":["http:\/\/ECINews"]}]}},"authors":[{"term_id":1154,"user_id":36,"is_guest":0,"slug":"alain-dieul","display_name":"Alain Dieul","avatar_url":"https:\/\/secure.gravatar.com\/avatar\/bc93b056d07515be5b8eecd4acf49c5c?s=96&d=mm&r=g","0":null,"1":"","2":"","3":"","4":"","5":"","6":"","7":"","8":""}],"_links":{"self":[{"href":"https:\/\/www.ecinews.fr\/fr\/wp-json\/wp\/v2\/posts\/437211"}],"collection":[{"href":"https:\/\/www.ecinews.fr\/fr\/wp-json\/wp\/v2\/posts"}],"about":[{"href":"https:\/\/www.ecinews.fr\/fr\/wp-json\/wp\/v2\/types\/post"}],"author":[{"embeddable":true,"href":"https:\/\/www.ecinews.fr\/fr\/wp-json\/wp\/v2\/users\/36"}],"replies":[{"embeddable":true,"href":"https:\/\/www.ecinews.fr\/fr\/wp-json\/wp\/v2\/comments?post=437211"}],"version-history":[{"count":0,"href":"https:\/\/www.ecinews.fr\/fr\/wp-json\/wp\/v2\/posts\/437211\/revisions"}],"wp:featuredmedia":[{"embeddable":true,"href":"https:\/\/www.ecinews.fr\/fr\/wp-json\/wp\/v2\/media\/437212"}],"wp:attachment":[{"href":"https:\/\/www.ecinews.fr\/fr\/wp-json\/wp\/v2\/media?parent=437211"}],"wp:term":[{"taxonomy":"category","embeddable":true,"href":"https:\/\/www.ecinews.fr\/fr\/wp-json\/wp\/v2\/categories?post=437211"},{"taxonomy":"post_tag","embeddable":true,"href":"https:\/\/www.ecinews.fr\/fr\/wp-json\/wp\/v2\/tags?post=437211"},{"taxonomy":"domains","embeddable":true,"href":"https:\/\/www.ecinews.fr\/fr\/wp-json\/wp\/v2\/domains?post=437211"},{"taxonomy":"author","embeddable":true,"href":"https:\/\/www.ecinews.fr\/fr\/wp-json\/wp\/v2\/ppma_author?post=437211"}],"curies":[{"name":"wp","href":"https:\/\/api.w.org\/{rel}","templated":true}]}}