{"id":437207,"date":"2023-11-15T19:08:56","date_gmt":"2023-11-15T18:08:56","guid":{"rendered":"https:\/\/www.ecinews.fr\/?p=437207"},"modified":"2023-11-15T19:08:56","modified_gmt":"2023-11-15T18:08:56","slug":"ordinateurs-mono-carte-integres-avec-les-derniers-processeurs-intel","status":"publish","type":"post","link":"https:\/\/www.ecinews.fr\/fr\/ordinateurs-mono-carte-integres-avec-les-derniers-processeurs-intel\/","title":{"rendered":"Ordinateurs mono-carte int\u00e9gr\u00e9s avec les derniers processeurs Intel"},"content":{"rendered":"<h3><span style=\"font-size: 16px;\">Advantech annonce que ses ordinateurs mono-carte int\u00e9gr\u00e9s (ESBC) seront mis \u00e0 niveau avec les derniers processeurs Intel Core de 13e g\u00e9n\u00e9ration, les processeurs mobiles Intel Core et Intel Processeur s\u00e9rie N.<\/span><\/h3>\n<p>Les nouveaux processeurs Intel apporteront des am\u00e9liorations significatives de performances \u00e0 ces produits, les rendant encore plus id\u00e9aux pour les usines intelligentes, l&rsquo;automatisation des machines, la vision industrielle, les transports, le m\u00e9dical, la vente au d\u00e9tail et les applications d&rsquo;IA de pointe.<br \/>\nLes derniers processeurs d&rsquo;Intel seront int\u00e9gr\u00e9s dans 3 produits sur des ESBC 2,5&Prime; (pico-ITX), 3,5&Prime; et 4&Prime;. La mise \u00e0 niveau am\u00e9liorera l&rsquo;efficacit\u00e9 des applications dans les usines intelligentes, la vente au d\u00e9tail, les soins de sant\u00e9 et la gestion de l&rsquo;\u00e9nergie. En retour, cela acc\u00e9l\u00e9rera consid\u00e9rablement le d\u00e9veloppement et le d\u00e9ploiement de l\u2019IoT industriel dans le monde.<\/p>\n<p>Les produits Advantech qui seront \u00e9quip\u00e9s des nouveaux processeurs Intel Core de 13e g\u00e9n\u00e9ration, des processeurs mobiles Intel Core et des processeurs Intel s\u00e9rie N seront lanc\u00e9s successivement du troisi\u00e8me trimestre 2023 au premier trimestre 2024. Les nouveaux processeurs augmenteront le monothread performances jusqu&rsquo;\u00e0 1,04x, les performances multithreads jusqu&rsquo;\u00e0 1,34x et les performances d&rsquo;inf\u00e9rence de classification d&rsquo;image CPU jusqu&rsquo;\u00e0 1,25x par rapport aux processeurs Intel Core de 12e g\u00e9n\u00e9ration. Ces am\u00e9liorations augmenteront consid\u00e9rablement l\u2019efficacit\u00e9 de nombreuses applications AIoT.<\/p>\n<p><a title=\"www.advantech.com\" href=\"http:\/\/www.advantech.com\">www.advantech.com<\/a><\/p>\n<p><u><a href=\"https:\/\/news.google.com\/publications\/CAAqBwgKMJbcwQswuPfYAw?hl=fr&amp;gl=BE&amp;ceid=BE:fr\">Suivre ECInews sur Google news<\/a><\/u><\/p>\n","protected":false},"excerpt":{"rendered":"<p>Advantech annonce que ses ordinateurs mono-carte int\u00e9gr\u00e9s (ESBC) seront mis \u00e0 niveau avec les derniers processeurs Intel Core de 13e g\u00e9n\u00e9ration, les processeurs mobiles Intel Core et Intel Processeur s\u00e9rie N. Les nouveaux processeurs Intel apporteront des am\u00e9liorations significatives de performances \u00e0 ces produits, les rendant encore plus id\u00e9aux pour les usines intelligentes, l&rsquo;automatisation des [&hellip;]<\/p>\n","protected":false},"author":36,"featured_media":437208,"comment_status":"closed","ping_status":"closed","sticky":false,"template":"","format":"standard","meta":{"_acf_changed":false,"footnotes":""},"categories":[881],"tags":[894],"domains":[47],"ppma_author":[1154],"class_list":["post-437207","post","type-post","status-publish","format-standard","has-post-thumbnail","hentry","category-nouveaux-produits","tag-boards-embedded-cards-fr","domains-electronique-eci"],"acf":[],"yoast_head":"<title>Ordinateurs mono-carte int\u00e9gr\u00e9s avec les derniers processeurs...<\/title>\n<meta name=\"description\" content=\"Advantech annonce que ses ordinateurs mono-carte int\u00e9gr\u00e9s (ESBC) seront mis \u00e0 niveau avec les derniers processeurs Intel Core de 13e g\u00e9n\u00e9ration, les...\" \/>\n<meta name=\"robots\" content=\"index, follow, max-snippet:-1, max-image-preview:large, max-video-preview:-1\" \/>\n<link rel=\"canonical\" href=\"https:\/\/www.ecinews.fr\/fr\/wp-json\/wp\/v2\/posts\/437207\/\" \/>\n<meta property=\"og:locale\" content=\"fr_FR\" \/>\n<meta property=\"og:type\" content=\"article\" \/>\n<meta property=\"og:title\" content=\"Ordinateurs mono-carte int\u00e9gr\u00e9s avec les derniers processeurs Intel\" \/>\n<meta property=\"og:description\" content=\"Advantech annonce que ses ordinateurs mono-carte int\u00e9gr\u00e9s (ESBC) seront mis \u00e0 niveau avec les derniers processeurs Intel Core de 13e g\u00e9n\u00e9ration, les processeurs mobiles Intel Core et Intel Processeur s\u00e9rie N.\" \/>\n<meta property=\"og:url\" content=\"https:\/\/www.ecinews.fr\/fr\/wp-json\/wp\/v2\/posts\/437207\/\" \/>\n<meta property=\"og:site_name\" content=\"EENewsEurope\" \/>\n<meta property=\"article:published_time\" content=\"2023-11-15T18:08:56+00:00\" \/>\n<meta property=\"og:image\" content=\"https:\/\/www.ecinews.fr\/wp-content\/uploads\/2023\/11\/ECI2071_Advantech-scaled.jpeg\" \/>\n\t<meta property=\"og:image:width\" content=\"1080\" \/>\n\t<meta property=\"og:image:height\" content=\"720\" \/>\n\t<meta property=\"og:image:type\" content=\"image\/jpeg\" \/>\n<meta name=\"author\" content=\"Alain Dieul\" \/>\n<meta name=\"twitter:card\" content=\"summary_large_image\" \/>\n<meta name=\"twitter:label1\" content=\"Written by\" \/>\n\t<meta name=\"twitter:data1\" content=\"Alain Dieul\" \/>\n\t<meta name=\"twitter:label2\" content=\"Est. reading time\" \/>\n\t<meta name=\"twitter:data2\" content=\"1 minute\" \/>\n<script type=\"application\/ld+json\" class=\"yoast-schema-graph\">{\"@context\":\"https:\/\/schema.org\",\"@graph\":[{\"@type\":\"Article\",\"@id\":\"https:\/\/www.ecinews.fr\/fr\/ordinateurs-mono-carte-integres-avec-les-derniers-processeurs-intel\/#article\",\"isPartOf\":{\"@id\":\"https:\/\/www.ecinews.fr\/fr\/ordinateurs-mono-carte-integres-avec-les-derniers-processeurs-intel\/\"},\"author\":{\"name\":\"Alain Dieul\",\"@id\":\"https:\/\/www.eenewseurope.com\/en\/#\/schema\/person\/e4387676ad67ce722325c7832f3c3762\"},\"headline\":\"Ordinateurs mono-carte int\u00e9gr\u00e9s avec les derniers processeurs Intel\",\"datePublished\":\"2023-11-15T18:08:56+00:00\",\"dateModified\":\"2023-11-15T18:08:56+00:00\",\"mainEntityOfPage\":{\"@id\":\"https:\/\/www.ecinews.fr\/fr\/ordinateurs-mono-carte-integres-avec-les-derniers-processeurs-intel\/\"},\"wordCount\":256,\"publisher\":{\"@id\":\"https:\/\/www.eenewseurope.com\/en\/#organization\"},\"keywords\":[\"Boards &amp; Embedded Cards\"],\"articleSection\":[\"Nouveaux produits\"],\"inLanguage\":\"fr-FR\"},{\"@type\":\"WebPage\",\"@id\":\"https:\/\/www.ecinews.fr\/fr\/ordinateurs-mono-carte-integres-avec-les-derniers-processeurs-intel\/\",\"url\":\"https:\/\/www.ecinews.fr\/fr\/ordinateurs-mono-carte-integres-avec-les-derniers-processeurs-intel\/\",\"name\":\"Ordinateurs mono-carte int\u00e9gr\u00e9s avec les derniers processeurs Intel -\",\"isPartOf\":{\"@id\":\"https:\/\/www.eenewseurope.com\/en\/#website\"},\"datePublished\":\"2023-11-15T18:08:56+00:00\",\"dateModified\":\"2023-11-15T18:08:56+00:00\",\"description\":\"Advantech annonce que ses ordinateurs mono-carte int\u00e9gr\u00e9s (ESBC) seront mis \u00e0 niveau avec les derniers processeurs Intel Core de 13e g\u00e9n\u00e9ration, les processeurs mobiles Intel Core et Intel Processeur s\u00e9rie N.\",\"breadcrumb\":{\"@id\":\"https:\/\/www.ecinews.fr\/fr\/ordinateurs-mono-carte-integres-avec-les-derniers-processeurs-intel\/#breadcrumb\"},\"inLanguage\":\"fr-FR\",\"potentialAction\":[{\"@type\":\"ReadAction\",\"target\":[\"https:\/\/www.ecinews.fr\/fr\/ordinateurs-mono-carte-integres-avec-les-derniers-processeurs-intel\/\"]}]},{\"@type\":\"BreadcrumbList\",\"@id\":\"https:\/\/www.ecinews.fr\/fr\/ordinateurs-mono-carte-integres-avec-les-derniers-processeurs-intel\/#breadcrumb\",\"itemListElement\":[{\"@type\":\"ListItem\",\"position\":1,\"name\":\"Home\",\"item\":\"https:\/\/www.ecinews.fr\/fr\/\"},{\"@type\":\"ListItem\",\"position\":2,\"name\":\"Ordinateurs mono-carte int\u00e9gr\u00e9s avec les derniers processeurs Intel\"}]},{\"@type\":\"WebSite\",\"@id\":\"https:\/\/www.eenewseurope.com\/en\/#website\",\"url\":\"https:\/\/www.eenewseurope.com\/en\/\",\"name\":\"EENewsEurope\",\"description\":\"Just another WordPress site\",\"publisher\":{\"@id\":\"https:\/\/www.eenewseurope.com\/en\/#organization\"},\"potentialAction\":[{\"@type\":\"SearchAction\",\"target\":{\"@type\":\"EntryPoint\",\"urlTemplate\":\"https:\/\/www.eenewseurope.com\/en\/?s={search_term_string}\"},\"query-input\":\"required name=search_term_string\"}],\"inLanguage\":\"fr-FR\"},{\"@type\":\"Organization\",\"@id\":\"https:\/\/www.eenewseurope.com\/en\/#organization\",\"name\":\"EENewsEurope\",\"url\":\"https:\/\/www.eenewseurope.com\/en\/\",\"logo\":{\"@type\":\"ImageObject\",\"inLanguage\":\"fr-FR\",\"@id\":\"https:\/\/www.eenewseurope.com\/en\/#\/schema\/logo\/image\/\",\"url\":\"https:\/\/www.ecinews.fr\/wp-content\/uploads\/2022\/02\/logo-1.jpg\",\"contentUrl\":\"https:\/\/www.ecinews.fr\/wp-content\/uploads\/2022\/02\/logo-1.jpg\",\"width\":283,\"height\":113,\"caption\":\"EENewsEurope\"},\"image\":{\"@id\":\"https:\/\/www.eenewseurope.com\/en\/#\/schema\/logo\/image\/\"}},{\"@type\":\"Person\",\"@id\":\"https:\/\/www.eenewseurope.com\/en\/#\/schema\/person\/e4387676ad67ce722325c7832f3c3762\",\"name\":\"Alain Dieul\",\"image\":{\"@type\":\"ImageObject\",\"inLanguage\":\"fr-FR\",\"@id\":\"https:\/\/www.eenewseurope.com\/en\/#\/schema\/person\/image\/736120675699dbbf0f0f282b9a9cfb75\",\"url\":\"https:\/\/secure.gravatar.com\/avatar\/bc93b056d07515be5b8eecd4acf49c5c?s=96&d=mm&r=g\",\"contentUrl\":\"https:\/\/secure.gravatar.com\/avatar\/bc93b056d07515be5b8eecd4acf49c5c?s=96&d=mm&r=g\",\"caption\":\"Alain Dieul\"},\"sameAs\":[\"http:\/\/ECINews\"]}]}<\/script>","yoast_head_json":{"title":"Ordinateurs mono-carte int\u00e9gr\u00e9s avec les derniers processeurs...","description":"Advantech annonce que ses ordinateurs mono-carte int\u00e9gr\u00e9s (ESBC) seront mis \u00e0 niveau avec les derniers processeurs Intel Core de 13e g\u00e9n\u00e9ration, les...","robots":{"index":"index","follow":"follow","max-snippet":"max-snippet:-1","max-image-preview":"max-image-preview:large","max-video-preview":"max-video-preview:-1"},"canonical":"https:\/\/www.ecinews.fr\/fr\/wp-json\/wp\/v2\/posts\/437207\/","og_locale":"fr_FR","og_type":"article","og_title":"Ordinateurs mono-carte int\u00e9gr\u00e9s avec les derniers processeurs Intel","og_description":"Advantech annonce que ses ordinateurs mono-carte int\u00e9gr\u00e9s (ESBC) seront mis \u00e0 niveau avec les derniers processeurs Intel Core de 13e g\u00e9n\u00e9ration, les processeurs mobiles Intel Core et Intel Processeur s\u00e9rie N.","og_url":"https:\/\/www.ecinews.fr\/fr\/wp-json\/wp\/v2\/posts\/437207\/","og_site_name":"EENewsEurope","article_published_time":"2023-11-15T18:08:56+00:00","og_image":[{"width":1080,"height":720,"url":"https:\/\/www.ecinews.fr\/wp-content\/uploads\/2023\/11\/ECI2071_Advantech-scaled.jpeg","type":"image\/jpeg"}],"author":"Alain Dieul","twitter_card":"summary_large_image","twitter_misc":{"Written by":"Alain Dieul","Est. reading time":"1 minute"},"schema":{"@context":"https:\/\/schema.org","@graph":[{"@type":"Article","@id":"https:\/\/www.ecinews.fr\/fr\/ordinateurs-mono-carte-integres-avec-les-derniers-processeurs-intel\/#article","isPartOf":{"@id":"https:\/\/www.ecinews.fr\/fr\/ordinateurs-mono-carte-integres-avec-les-derniers-processeurs-intel\/"},"author":{"name":"Alain Dieul","@id":"https:\/\/www.eenewseurope.com\/en\/#\/schema\/person\/e4387676ad67ce722325c7832f3c3762"},"headline":"Ordinateurs mono-carte int\u00e9gr\u00e9s avec les derniers processeurs Intel","datePublished":"2023-11-15T18:08:56+00:00","dateModified":"2023-11-15T18:08:56+00:00","mainEntityOfPage":{"@id":"https:\/\/www.ecinews.fr\/fr\/ordinateurs-mono-carte-integres-avec-les-derniers-processeurs-intel\/"},"wordCount":256,"publisher":{"@id":"https:\/\/www.eenewseurope.com\/en\/#organization"},"keywords":["Boards &amp; Embedded Cards"],"articleSection":["Nouveaux produits"],"inLanguage":"fr-FR"},{"@type":"WebPage","@id":"https:\/\/www.ecinews.fr\/fr\/ordinateurs-mono-carte-integres-avec-les-derniers-processeurs-intel\/","url":"https:\/\/www.ecinews.fr\/fr\/ordinateurs-mono-carte-integres-avec-les-derniers-processeurs-intel\/","name":"Ordinateurs mono-carte int\u00e9gr\u00e9s avec les derniers processeurs Intel -","isPartOf":{"@id":"https:\/\/www.eenewseurope.com\/en\/#website"},"datePublished":"2023-11-15T18:08:56+00:00","dateModified":"2023-11-15T18:08:56+00:00","description":"Advantech annonce que ses ordinateurs mono-carte int\u00e9gr\u00e9s (ESBC) seront mis \u00e0 niveau avec les derniers processeurs Intel Core de 13e g\u00e9n\u00e9ration, les processeurs mobiles Intel Core et Intel Processeur s\u00e9rie N.","breadcrumb":{"@id":"https:\/\/www.ecinews.fr\/fr\/ordinateurs-mono-carte-integres-avec-les-derniers-processeurs-intel\/#breadcrumb"},"inLanguage":"fr-FR","potentialAction":[{"@type":"ReadAction","target":["https:\/\/www.ecinews.fr\/fr\/ordinateurs-mono-carte-integres-avec-les-derniers-processeurs-intel\/"]}]},{"@type":"BreadcrumbList","@id":"https:\/\/www.ecinews.fr\/fr\/ordinateurs-mono-carte-integres-avec-les-derniers-processeurs-intel\/#breadcrumb","itemListElement":[{"@type":"ListItem","position":1,"name":"Home","item":"https:\/\/www.ecinews.fr\/fr\/"},{"@type":"ListItem","position":2,"name":"Ordinateurs mono-carte int\u00e9gr\u00e9s avec les derniers processeurs Intel"}]},{"@type":"WebSite","@id":"https:\/\/www.eenewseurope.com\/en\/#website","url":"https:\/\/www.eenewseurope.com\/en\/","name":"EENewsEurope","description":"Just another WordPress site","publisher":{"@id":"https:\/\/www.eenewseurope.com\/en\/#organization"},"potentialAction":[{"@type":"SearchAction","target":{"@type":"EntryPoint","urlTemplate":"https:\/\/www.eenewseurope.com\/en\/?s={search_term_string}"},"query-input":"required name=search_term_string"}],"inLanguage":"fr-FR"},{"@type":"Organization","@id":"https:\/\/www.eenewseurope.com\/en\/#organization","name":"EENewsEurope","url":"https:\/\/www.eenewseurope.com\/en\/","logo":{"@type":"ImageObject","inLanguage":"fr-FR","@id":"https:\/\/www.eenewseurope.com\/en\/#\/schema\/logo\/image\/","url":"https:\/\/www.ecinews.fr\/wp-content\/uploads\/2022\/02\/logo-1.jpg","contentUrl":"https:\/\/www.ecinews.fr\/wp-content\/uploads\/2022\/02\/logo-1.jpg","width":283,"height":113,"caption":"EENewsEurope"},"image":{"@id":"https:\/\/www.eenewseurope.com\/en\/#\/schema\/logo\/image\/"}},{"@type":"Person","@id":"https:\/\/www.eenewseurope.com\/en\/#\/schema\/person\/e4387676ad67ce722325c7832f3c3762","name":"Alain Dieul","image":{"@type":"ImageObject","inLanguage":"fr-FR","@id":"https:\/\/www.eenewseurope.com\/en\/#\/schema\/person\/image\/736120675699dbbf0f0f282b9a9cfb75","url":"https:\/\/secure.gravatar.com\/avatar\/bc93b056d07515be5b8eecd4acf49c5c?s=96&d=mm&r=g","contentUrl":"https:\/\/secure.gravatar.com\/avatar\/bc93b056d07515be5b8eecd4acf49c5c?s=96&d=mm&r=g","caption":"Alain Dieul"},"sameAs":["http:\/\/ECINews"]}]}},"authors":[{"term_id":1154,"user_id":36,"is_guest":0,"slug":"alain-dieul","display_name":"Alain Dieul","avatar_url":"https:\/\/secure.gravatar.com\/avatar\/bc93b056d07515be5b8eecd4acf49c5c?s=96&d=mm&r=g","0":null,"1":"","2":"","3":"","4":"","5":"","6":"","7":"","8":""}],"_links":{"self":[{"href":"https:\/\/www.ecinews.fr\/fr\/wp-json\/wp\/v2\/posts\/437207"}],"collection":[{"href":"https:\/\/www.ecinews.fr\/fr\/wp-json\/wp\/v2\/posts"}],"about":[{"href":"https:\/\/www.ecinews.fr\/fr\/wp-json\/wp\/v2\/types\/post"}],"author":[{"embeddable":true,"href":"https:\/\/www.ecinews.fr\/fr\/wp-json\/wp\/v2\/users\/36"}],"replies":[{"embeddable":true,"href":"https:\/\/www.ecinews.fr\/fr\/wp-json\/wp\/v2\/comments?post=437207"}],"version-history":[{"count":0,"href":"https:\/\/www.ecinews.fr\/fr\/wp-json\/wp\/v2\/posts\/437207\/revisions"}],"wp:featuredmedia":[{"embeddable":true,"href":"https:\/\/www.ecinews.fr\/fr\/wp-json\/wp\/v2\/media\/437208"}],"wp:attachment":[{"href":"https:\/\/www.ecinews.fr\/fr\/wp-json\/wp\/v2\/media?parent=437207"}],"wp:term":[{"taxonomy":"category","embeddable":true,"href":"https:\/\/www.ecinews.fr\/fr\/wp-json\/wp\/v2\/categories?post=437207"},{"taxonomy":"post_tag","embeddable":true,"href":"https:\/\/www.ecinews.fr\/fr\/wp-json\/wp\/v2\/tags?post=437207"},{"taxonomy":"domains","embeddable":true,"href":"https:\/\/www.ecinews.fr\/fr\/wp-json\/wp\/v2\/domains?post=437207"},{"taxonomy":"author","embeddable":true,"href":"https:\/\/www.ecinews.fr\/fr\/wp-json\/wp\/v2\/ppma_author?post=437207"}],"curies":[{"name":"wp","href":"https:\/\/api.w.org\/{rel}","templated":true}]}}