{"id":436850,"date":"2023-11-11T09:08:28","date_gmt":"2023-11-11T08:08:28","guid":{"rendered":"https:\/\/www.eenewseurope.com\/?p=436850"},"modified":"2023-11-10T21:12:13","modified_gmt":"2023-11-10T20:12:13","slug":"la-commission-devrait-alouer-425-milliards-deuros-a-la-photonique","status":"publish","type":"post","link":"https:\/\/www.ecinews.fr\/fr\/la-commission-devrait-alouer-425-milliards-deuros-a-la-photonique\/","title":{"rendered":"La Commission devrait alouer 4,25 milliards d&rsquo;euros \u00e0 la photonique"},"content":{"rendered":"<h2>Une d\u00e9l\u00e9gation d&rsquo;entreprises europ\u00e9ennes sp\u00e9cialis\u00e9es dans les puces photoniques a pr\u00e9sent\u00e9 aux fonctionnaires de la Commission europ\u00e9enne un plan pr\u00e9voyant une aide de 4,25 milliards d&rsquo;euros de la part des contribuables.<\/h2>\n<p>Les PDG de huit entreprises europ\u00e9ennes de photonique int\u00e9gr\u00e9e ont pr\u00e9sent\u00e9 aux fonctionnaires de la Commission europ\u00e9enne un plan visant \u00e0 cr\u00e9er une cha\u00eene d&rsquo;approvisionnement europ\u00e9enne solide pour les circuits int\u00e9gr\u00e9s photoniques.<\/p>\n<p>Le plan a \u00e9t\u00e9 pr\u00e9sent\u00e9 lors d&rsquo;un sommet qui s&rsquo;est tenu \u00e0 Eindhoven, aux Pays-Bas, et le programme d&rsquo;aide devrait s&rsquo;\u00e9taler sur huit ans. Ces fonds contribueront \u00e0 la mise en place d&rsquo;un \u00e9cosyst\u00e8me de fabrication de circuits int\u00e9gr\u00e9s photoniques en Europe et permettront aux petites entreprises d&rsquo;avoir acc\u00e8s \u00e0 la fabrication de petits volumes et \u00e0 des \u00e9chantillons.<\/p>\n<p>La d\u00e9l\u00e9gation a estim\u00e9 que si l&rsquo;argent n&rsquo;\u00e9tait pas trouv\u00e9, l&rsquo;Europe risquait de rater une occasion et d&rsquo;\u00eatre oblig\u00e9e de compter sur l&rsquo;Asie et les \u00c9tats-Unis pour obtenir la technologie, selon le rapport.<\/p>\n<p>\u00ab\u00a0L&rsquo;UE dispose actuellement d&rsquo;une industrie photonique int\u00e9gr\u00e9e dynamique et en pleine croissance, mais sans capacit\u00e9 de fabrication, de test et d&#8217;emballage en volume, nous sommes incroyablement vuln\u00e9rables aux \u00e9v\u00e9nements mondiaux et aux politiques des pays concurrents\u00a0\u00bb, a d\u00e9clar\u00e9 Johan Feenstra, PDG de Smart Photonics, \u00e0 l&rsquo;occasion du sommet, selon <em>Reuters<\/em>.<\/p>\n<p>La proposition contient un certain nombre de recommandations, notamment<\/p>\n<ul>\n<li>Fournir plus de 2 milliards d&rsquo;euros d&rsquo;incitations pour la capacit\u00e9 de fabrication de circuits int\u00e9gr\u00e9s photoniques InP et SiN \u00e0 l&rsquo;\u00e9chelle industrielle en Europe.<\/li>\n<li>Permettre aux PME de l&rsquo;UE d&rsquo;acc\u00e9der \u00e0 des installations industrielles de test et d&rsquo;exp\u00e9rimentation photoniques qui refl\u00e8tent en partie les lignes commerciales, avec les derniers \u00e9quipements et outils commerciaux de traitement de wafers, dans les tailles de wafers standard de l&rsquo;industrie.<\/li>\n<li>Cr\u00e9er un fonds de r\u00e9silience de la cha\u00eene d&rsquo;approvisionnement des circuits int\u00e9gr\u00e9s photoniques industriels, dot\u00e9 de 200 millions d&rsquo;euros, afin de soutenir les investissements n\u00e9cessaires pour renforcer les liens et minimiser les vuln\u00e9rabilit\u00e9s.<\/li>\n<li>Mettre \u00e0 disposition un fonds de 360 millions d&rsquo;euros pour stimuler le d\u00e9veloppement d&rsquo;applications en proposant des bandes de conception, conduisant \u00e0 la cr\u00e9ation d&rsquo;IP de conception photonique industrielle et \u00e0 la validation sur la base d&rsquo;essais de mat\u00e9riel.<\/li>\n<li>Promouvoir et encourager la collaboration entre les clusters verticaux et l&rsquo;\u00e9cosyst\u00e8me europ\u00e9en des circuits int\u00e9gr\u00e9s photoniques.<\/li>\n<\/ul>\n<p>L&rsquo;Union europ\u00e9enne a d\u00e9j\u00e0 d\u00e9sign\u00e9 la photonique comme l&rsquo;une des technologies cl\u00e9s pour l&rsquo;avenir et le sujet est inclus dans le financement potentiel de la loi sur les puces europ\u00e9ennes, d&rsquo;un montant de 43 milliards d&rsquo;euros. Toutefois, l&rsquo;accent a \u00e9t\u00e9 mis sur l&rsquo;encouragement des investissements dans la fabrication europ\u00e9enne de puces automobiles et industrielles et, potentiellement, de puces plus avanc\u00e9es pour le calcul \u00e0 haute performance et l&rsquo;IA.<\/p>\n<p>Ces initiatives ont \u00e9t\u00e9 bas\u00e9es sur l&rsquo;\u00e9lectronique \u00e0 semiconducteurs, avec le risque de n\u00e9gliger des circuits photoniques plus innovants mais, jusqu&rsquo;\u00e0 pr\u00e9sent, moins commerciaux.<\/p>\n<p>Smart Photonics BV (Eindhoven, Pays-Bas) est une fonderie sp\u00e9cialis\u00e9e dans les semiconducteurs photoniques \u00e0 base de phosphure d&rsquo;indium. L&rsquo;entreprise a \u00e9t\u00e9 fond\u00e9e en mars 2012 en tant que spin-off de l&rsquo;Universit\u00e9 technique d&rsquo;Eindhoven.<\/p>\n<p>En juillet 2023, l&rsquo;entreprise a annonc\u00e9 qu&rsquo;elle avait obtenu un financement de 100 millions d&rsquo;euros\u00a0 aupr\u00e8s des investisseurs ASML, NXP Semiconductors et VDL Groep, ainsi que des institutions financi\u00e8res ING, BOP Impact Ventures et Deep Tech Fund. En outre, le gouvernement n\u00e9erlandais a d\u00e9clar\u00e9 qu&rsquo;il fournirait 60 millions d&rsquo;euros dans le cadre du projet PhotonDelta du Fonds national de croissance.<\/p>\n<p>Smart Photonics a l&rsquo;intention d&rsquo;utiliser les fonds pour d\u00e9velopper la capacit\u00e9 de fabrication et les kits de conception de processus (PDK).<\/p>\n<p>Les huit entreprises et organisations repr\u00e9sent\u00e9es sont<\/p>\n<ul>\n<li>X-Fab<\/li>\n<li>Photonique intelligente<\/li>\n<li>Aixtron SE<\/li>\n<li>PHIX Photonics Assembly<\/li>\n<li>VLC Photonics<\/li>\n<li>Almae Technologies<\/li>\n<li>Ligentec<\/li>\n<li>PhotonDelta<\/li>\n<\/ul>\n<h4>Liens et articles connexes :<\/h4>\n<p><a href=\"http:\/\/www.photondelta.com\">www.photondelta.com<\/a><\/p>\n<p><a href=\"http:\/\/www.smartphonics.com\">www.smartphonics.com<\/a><\/p>\n<h4>Articles de presse :<\/h4>\n<p><a href=\"https:\/\/www.eenewseurope.com\/en\/intel-exits-silicon-photonics-with-jabil-move\/\">Intel vend sa ligne de produits photoniques en silicium \u00e0 Jabil<\/a><\/p>\n<p><a href=\"https:\/\/www.eenewseurope.com\/en\/tsmc-teams-with-nvidia-broadcom-on-silicon-photonics\/\">TSMC s&rsquo;associe \u00e0 Nvidia et Broadcom pour la photonique du silicium<\/a><\/p>\n<p><a href=\"https:\/\/www.eenewseurope.com\/en\/rockley-photonics-emerges-from-chapter-11-raises-35m\/\">Rockley Photonics sort du chapitre 11 et l\u00e8ve 35 millions de dollars<\/a><\/p>\n","protected":false},"excerpt":{"rendered":"<p>Une d\u00e9l\u00e9gation d&rsquo;entreprises europ\u00e9ennes sp\u00e9cialis\u00e9es dans les puces photoniques a pr\u00e9sent\u00e9 aux fonctionnaires de la Commission europ\u00e9enne un plan pr\u00e9voyant une aide de 4,25 milliards d&rsquo;euros de la part des contribuables. Les PDG de huit entreprises europ\u00e9ennes de photonique int\u00e9gr\u00e9e ont pr\u00e9sent\u00e9 aux fonctionnaires de la Commission europ\u00e9enne un plan visant \u00e0 cr\u00e9er une cha\u00eene [&hellip;]<\/p>\n","protected":false},"author":34,"featured_media":436520,"comment_status":"closed","ping_status":"closed","sticky":false,"template":"","format":"standard","meta":{"_acf_changed":false,"footnotes":""},"categories":[883],"tags":[1920,1040],"domains":[47],"ppma_author":[1153,3631],"class_list":["post-436850","post","type-post","status-publish","format-standard","has-post-thumbnail","hentry","category-technologies","tag-optoelectronique","tag-photonique","domains-electronique-eci"],"acf":[],"yoast_head":"<title>La Commission devrait alouer 4,25 milliards \u20ac \u00e0 la photonique ...<\/title>\n<meta name=\"description\" content=\"8 entreprises europ\u00e9ennes photoniques ont pr\u00e9sent\u00e9 \u00e0 la Commission europ\u00e9enne un plan visant \u00e0 obtenir une aide de 4,25 milliards d&#039;euros.\" \/>\n<meta name=\"robots\" content=\"index, follow, max-snippet:-1, max-image-preview:large, max-video-preview:-1\" \/>\n<link rel=\"canonical\" href=\"https:\/\/www.ecinews.fr\/fr\/wp-json\/wp\/v2\/posts\/436850\/\" \/>\n<meta property=\"og:locale\" content=\"fr_FR\" \/>\n<meta property=\"og:type\" content=\"article\" \/>\n<meta property=\"og:title\" content=\"La Commission devrait alouer 4,25 milliards d&#039;euros \u00e0 la photonique\" \/>\n<meta property=\"og:description\" content=\"8 entreprises europ\u00e9ennes photoniques ont pr\u00e9sent\u00e9 \u00e0 la Commission europ\u00e9enne un plan visant \u00e0 obtenir une aide de 4,25 milliards d&#039;euros.\" \/>\n<meta property=\"og:url\" content=\"https:\/\/www.ecinews.fr\/fr\/wp-json\/wp\/v2\/posts\/436850\/\" \/>\n<meta property=\"og:site_name\" content=\"EENewsEurope\" \/>\n<meta property=\"article:published_time\" content=\"2023-11-11T08:08:28+00:00\" \/>\n<meta property=\"article:modified_time\" content=\"2023-11-10T20:12:13+00:00\" \/>\n<meta property=\"og:image\" content=\"https:\/\/www.eenewseurope.com\/wp-content\/uploads\/2023\/11\/PhotonDelta630.jpg\" \/>\n\t<meta property=\"og:image:width\" content=\"630\" \/>\n\t<meta property=\"og:image:height\" content=\"366\" \/>\n\t<meta property=\"og:image:type\" content=\"image\/jpeg\" \/>\n<meta name=\"author\" content=\"A Delapalisse, Peter Clarke\" \/>\n<meta name=\"twitter:card\" content=\"summary_large_image\" \/>\n<meta name=\"twitter:label1\" content=\"Written by\" \/>\n\t<meta name=\"twitter:data1\" content=\"A Delapalisse\" \/>\n\t<meta name=\"twitter:label2\" content=\"Est. reading time\" \/>\n\t<meta name=\"twitter:data2\" content=\"3 minutes\" \/>\n<script type=\"application\/ld+json\" class=\"yoast-schema-graph\">{\"@context\":\"https:\/\/schema.org\",\"@graph\":[{\"@type\":\"Article\",\"@id\":\"https:\/\/www.eenewseurope.com\/fr\/la-commission-devrait-alouer-425-milliards-deuros-a-la-photonique\/#article\",\"isPartOf\":{\"@id\":\"https:\/\/www.eenewseurope.com\/fr\/la-commission-devrait-alouer-425-milliards-deuros-a-la-photonique\/\"},\"author\":{\"name\":\"A Delapalisse\",\"@id\":\"https:\/\/www.ecinews.fr\/fr\/#\/schema\/person\/0aa2cfb0bd8949724a68cbac8d8321b4\"},\"headline\":\"La Commission devrait alouer 4,25 milliards d&rsquo;euros \u00e0 la photonique\",\"datePublished\":\"2023-11-11T08:08:28+00:00\",\"dateModified\":\"2023-11-10T20:12:13+00:00\",\"mainEntityOfPage\":{\"@id\":\"https:\/\/www.eenewseurope.com\/fr\/la-commission-devrait-alouer-425-milliards-deuros-a-la-photonique\/\"},\"wordCount\":748,\"publisher\":{\"@id\":\"https:\/\/www.ecinews.fr\/fr\/#organization\"},\"keywords\":[\"Opto\u00e9lectronique\",\"photonique\"],\"articleSection\":[\"Technologies\"],\"inLanguage\":\"fr-FR\"},{\"@type\":\"WebPage\",\"@id\":\"https:\/\/www.eenewseurope.com\/fr\/la-commission-devrait-alouer-425-milliards-deuros-a-la-photonique\/\",\"url\":\"https:\/\/www.eenewseurope.com\/fr\/la-commission-devrait-alouer-425-milliards-deuros-a-la-photonique\/\",\"name\":\"La Commission devrait alouer 4,25 milliards \u20ac \u00e0 la photonique\",\"isPartOf\":{\"@id\":\"https:\/\/www.ecinews.fr\/fr\/#website\"},\"datePublished\":\"2023-11-11T08:08:28+00:00\",\"dateModified\":\"2023-11-10T20:12:13+00:00\",\"description\":\"8 entreprises europ\u00e9ennes photoniques ont pr\u00e9sent\u00e9 \u00e0 la Commission europ\u00e9enne un plan visant \u00e0 obtenir une aide de 4,25 milliards d'euros.\",\"breadcrumb\":{\"@id\":\"https:\/\/www.eenewseurope.com\/fr\/la-commission-devrait-alouer-425-milliards-deuros-a-la-photonique\/#breadcrumb\"},\"inLanguage\":\"fr-FR\",\"potentialAction\":[{\"@type\":\"ReadAction\",\"target\":[\"https:\/\/www.eenewseurope.com\/fr\/la-commission-devrait-alouer-425-milliards-deuros-a-la-photonique\/\"]}]},{\"@type\":\"BreadcrumbList\",\"@id\":\"https:\/\/www.eenewseurope.com\/fr\/la-commission-devrait-alouer-425-milliards-deuros-a-la-photonique\/#breadcrumb\",\"itemListElement\":[{\"@type\":\"ListItem\",\"position\":1,\"name\":\"Home\",\"item\":\"https:\/\/www.ecinews.fr\/fr\/\"},{\"@type\":\"ListItem\",\"position\":2,\"name\":\"La Commission devrait alouer 4,25 milliards d&rsquo;euros \u00e0 la photonique\"}]},{\"@type\":\"WebSite\",\"@id\":\"https:\/\/www.ecinews.fr\/fr\/#website\",\"url\":\"https:\/\/www.ecinews.fr\/fr\/\",\"name\":\"EENewsEurope\",\"description\":\"Just another WordPress site\",\"publisher\":{\"@id\":\"https:\/\/www.ecinews.fr\/fr\/#organization\"},\"potentialAction\":[{\"@type\":\"SearchAction\",\"target\":{\"@type\":\"EntryPoint\",\"urlTemplate\":\"https:\/\/www.ecinews.fr\/fr\/?s={search_term_string}\"},\"query-input\":\"required name=search_term_string\"}],\"inLanguage\":\"fr-FR\"},{\"@type\":\"Organization\",\"@id\":\"https:\/\/www.ecinews.fr\/fr\/#organization\",\"name\":\"EENewsEurope\",\"url\":\"https:\/\/www.ecinews.fr\/fr\/\",\"logo\":{\"@type\":\"ImageObject\",\"inLanguage\":\"fr-FR\",\"@id\":\"https:\/\/www.ecinews.fr\/fr\/#\/schema\/logo\/image\/\",\"url\":\"https:\/\/www.ecinews.fr\/wp-content\/uploads\/2022\/02\/logo-1.jpg\",\"contentUrl\":\"https:\/\/www.ecinews.fr\/wp-content\/uploads\/2022\/02\/logo-1.jpg\",\"width\":283,\"height\":113,\"caption\":\"EENewsEurope\"},\"image\":{\"@id\":\"https:\/\/www.ecinews.fr\/fr\/#\/schema\/logo\/image\/\"}},{\"@type\":\"Person\",\"@id\":\"https:\/\/www.ecinews.fr\/fr\/#\/schema\/person\/0aa2cfb0bd8949724a68cbac8d8321b4\",\"name\":\"A Delapalisse\",\"image\":{\"@type\":\"ImageObject\",\"inLanguage\":\"fr-FR\",\"@id\":\"https:\/\/www.ecinews.fr\/fr\/#\/schema\/person\/image\/211ac42237c2e9683c0964086c393cb4\",\"url\":\"https:\/\/secure.gravatar.com\/avatar\/ad45a8c5da24bc9c7c4940dd1c48a695?s=96&d=mm&r=g\",\"contentUrl\":\"https:\/\/secure.gravatar.com\/avatar\/ad45a8c5da24bc9c7c4940dd1c48a695?s=96&d=mm&r=g\",\"caption\":\"A Delapalisse\"},\"sameAs\":[\"http:\/\/ECI\"]}]}<\/script>","yoast_head_json":{"title":"La Commission devrait alouer 4,25 milliards \u20ac \u00e0 la photonique ...","description":"8 entreprises europ\u00e9ennes photoniques ont pr\u00e9sent\u00e9 \u00e0 la Commission europ\u00e9enne un plan visant \u00e0 obtenir une aide de 4,25 milliards d'euros.","robots":{"index":"index","follow":"follow","max-snippet":"max-snippet:-1","max-image-preview":"max-image-preview:large","max-video-preview":"max-video-preview:-1"},"canonical":"https:\/\/www.ecinews.fr\/fr\/wp-json\/wp\/v2\/posts\/436850\/","og_locale":"fr_FR","og_type":"article","og_title":"La Commission devrait alouer 4,25 milliards d'euros \u00e0 la photonique","og_description":"8 entreprises europ\u00e9ennes photoniques ont pr\u00e9sent\u00e9 \u00e0 la Commission europ\u00e9enne un plan visant \u00e0 obtenir une aide de 4,25 milliards d'euros.","og_url":"https:\/\/www.ecinews.fr\/fr\/wp-json\/wp\/v2\/posts\/436850\/","og_site_name":"EENewsEurope","article_published_time":"2023-11-11T08:08:28+00:00","article_modified_time":"2023-11-10T20:12:13+00:00","og_image":[{"width":630,"height":366,"url":"https:\/\/www.eenewseurope.com\/wp-content\/uploads\/2023\/11\/PhotonDelta630.jpg","type":"image\/jpeg"}],"author":"A Delapalisse, Peter Clarke","twitter_card":"summary_large_image","twitter_misc":{"Written by":"A Delapalisse","Est. reading time":"3 minutes"},"schema":{"@context":"https:\/\/schema.org","@graph":[{"@type":"Article","@id":"https:\/\/www.eenewseurope.com\/fr\/la-commission-devrait-alouer-425-milliards-deuros-a-la-photonique\/#article","isPartOf":{"@id":"https:\/\/www.eenewseurope.com\/fr\/la-commission-devrait-alouer-425-milliards-deuros-a-la-photonique\/"},"author":{"name":"A Delapalisse","@id":"https:\/\/www.ecinews.fr\/fr\/#\/schema\/person\/0aa2cfb0bd8949724a68cbac8d8321b4"},"headline":"La Commission devrait alouer 4,25 milliards d&rsquo;euros \u00e0 la photonique","datePublished":"2023-11-11T08:08:28+00:00","dateModified":"2023-11-10T20:12:13+00:00","mainEntityOfPage":{"@id":"https:\/\/www.eenewseurope.com\/fr\/la-commission-devrait-alouer-425-milliards-deuros-a-la-photonique\/"},"wordCount":748,"publisher":{"@id":"https:\/\/www.ecinews.fr\/fr\/#organization"},"keywords":["Opto\u00e9lectronique","photonique"],"articleSection":["Technologies"],"inLanguage":"fr-FR"},{"@type":"WebPage","@id":"https:\/\/www.eenewseurope.com\/fr\/la-commission-devrait-alouer-425-milliards-deuros-a-la-photonique\/","url":"https:\/\/www.eenewseurope.com\/fr\/la-commission-devrait-alouer-425-milliards-deuros-a-la-photonique\/","name":"La Commission devrait alouer 4,25 milliards \u20ac \u00e0 la photonique","isPartOf":{"@id":"https:\/\/www.ecinews.fr\/fr\/#website"},"datePublished":"2023-11-11T08:08:28+00:00","dateModified":"2023-11-10T20:12:13+00:00","description":"8 entreprises europ\u00e9ennes photoniques ont pr\u00e9sent\u00e9 \u00e0 la Commission europ\u00e9enne un plan visant \u00e0 obtenir une aide de 4,25 milliards d'euros.","breadcrumb":{"@id":"https:\/\/www.eenewseurope.com\/fr\/la-commission-devrait-alouer-425-milliards-deuros-a-la-photonique\/#breadcrumb"},"inLanguage":"fr-FR","potentialAction":[{"@type":"ReadAction","target":["https:\/\/www.eenewseurope.com\/fr\/la-commission-devrait-alouer-425-milliards-deuros-a-la-photonique\/"]}]},{"@type":"BreadcrumbList","@id":"https:\/\/www.eenewseurope.com\/fr\/la-commission-devrait-alouer-425-milliards-deuros-a-la-photonique\/#breadcrumb","itemListElement":[{"@type":"ListItem","position":1,"name":"Home","item":"https:\/\/www.ecinews.fr\/fr\/"},{"@type":"ListItem","position":2,"name":"La Commission devrait alouer 4,25 milliards d&rsquo;euros \u00e0 la photonique"}]},{"@type":"WebSite","@id":"https:\/\/www.ecinews.fr\/fr\/#website","url":"https:\/\/www.ecinews.fr\/fr\/","name":"EENewsEurope","description":"Just another WordPress site","publisher":{"@id":"https:\/\/www.ecinews.fr\/fr\/#organization"},"potentialAction":[{"@type":"SearchAction","target":{"@type":"EntryPoint","urlTemplate":"https:\/\/www.ecinews.fr\/fr\/?s={search_term_string}"},"query-input":"required name=search_term_string"}],"inLanguage":"fr-FR"},{"@type":"Organization","@id":"https:\/\/www.ecinews.fr\/fr\/#organization","name":"EENewsEurope","url":"https:\/\/www.ecinews.fr\/fr\/","logo":{"@type":"ImageObject","inLanguage":"fr-FR","@id":"https:\/\/www.ecinews.fr\/fr\/#\/schema\/logo\/image\/","url":"https:\/\/www.ecinews.fr\/wp-content\/uploads\/2022\/02\/logo-1.jpg","contentUrl":"https:\/\/www.ecinews.fr\/wp-content\/uploads\/2022\/02\/logo-1.jpg","width":283,"height":113,"caption":"EENewsEurope"},"image":{"@id":"https:\/\/www.ecinews.fr\/fr\/#\/schema\/logo\/image\/"}},{"@type":"Person","@id":"https:\/\/www.ecinews.fr\/fr\/#\/schema\/person\/0aa2cfb0bd8949724a68cbac8d8321b4","name":"A Delapalisse","image":{"@type":"ImageObject","inLanguage":"fr-FR","@id":"https:\/\/www.ecinews.fr\/fr\/#\/schema\/person\/image\/211ac42237c2e9683c0964086c393cb4","url":"https:\/\/secure.gravatar.com\/avatar\/ad45a8c5da24bc9c7c4940dd1c48a695?s=96&d=mm&r=g","contentUrl":"https:\/\/secure.gravatar.com\/avatar\/ad45a8c5da24bc9c7c4940dd1c48a695?s=96&d=mm&r=g","caption":"A Delapalisse"},"sameAs":["http:\/\/ECI"]}]}},"authors":[{"term_id":1153,"user_id":34,"is_guest":0,"slug":"adelapalisse","display_name":"A Delapalisse","avatar_url":"https:\/\/secure.gravatar.com\/avatar\/ad45a8c5da24bc9c7c4940dd1c48a695?s=96&d=mm&r=g","0":null,"1":"","2":"","3":"","4":"","5":"","6":"","7":"","8":""},{"term_id":3631,"user_id":0,"is_guest":1,"slug":"peter-clarke","display_name":"Peter Clarke","avatar_url":"https:\/\/secure.gravatar.com\/avatar\/?s=96&d=mm&r=g","0":null,"1":"","2":"","3":"","4":"","5":"","6":"","7":"","8":""}],"_links":{"self":[{"href":"https:\/\/www.ecinews.fr\/fr\/wp-json\/wp\/v2\/posts\/436850"}],"collection":[{"href":"https:\/\/www.ecinews.fr\/fr\/wp-json\/wp\/v2\/posts"}],"about":[{"href":"https:\/\/www.ecinews.fr\/fr\/wp-json\/wp\/v2\/types\/post"}],"author":[{"embeddable":true,"href":"https:\/\/www.ecinews.fr\/fr\/wp-json\/wp\/v2\/users\/34"}],"replies":[{"embeddable":true,"href":"https:\/\/www.ecinews.fr\/fr\/wp-json\/wp\/v2\/comments?post=436850"}],"version-history":[{"count":0,"href":"https:\/\/www.ecinews.fr\/fr\/wp-json\/wp\/v2\/posts\/436850\/revisions"}],"wp:featuredmedia":[{"embeddable":true,"href":"https:\/\/www.ecinews.fr\/fr\/wp-json\/wp\/v2\/media\/436520"}],"wp:attachment":[{"href":"https:\/\/www.ecinews.fr\/fr\/wp-json\/wp\/v2\/media?parent=436850"}],"wp:term":[{"taxonomy":"category","embeddable":true,"href":"https:\/\/www.ecinews.fr\/fr\/wp-json\/wp\/v2\/categories?post=436850"},{"taxonomy":"post_tag","embeddable":true,"href":"https:\/\/www.ecinews.fr\/fr\/wp-json\/wp\/v2\/tags?post=436850"},{"taxonomy":"domains","embeddable":true,"href":"https:\/\/www.ecinews.fr\/fr\/wp-json\/wp\/v2\/domains?post=436850"},{"taxonomy":"author","embeddable":true,"href":"https:\/\/www.ecinews.fr\/fr\/wp-json\/wp\/v2\/ppma_author?post=436850"}],"curies":[{"name":"wp","href":"https:\/\/api.w.org\/{rel}","templated":true}]}}