{"id":436710,"date":"2023-11-09T15:53:53","date_gmt":"2023-11-09T14:53:53","guid":{"rendered":"https:\/\/www.eenewseurope.com\/?p=436710"},"modified":"2023-11-09T15:53:53","modified_gmt":"2023-11-09T14:53:53","slug":"vishay-rachete-la-fab-de-newport-a-nexperia-pour-117-millions","status":"publish","type":"post","link":"https:\/\/www.ecinews.fr\/fr\/vishay-rachete-la-fab-de-newport-a-nexperia-pour-117-millions\/","title":{"rendered":"Vishay rach\u00e8te la Fab de Newport \u00e0 Nexperia pour $117 millions"},"content":{"rendered":"<h3>Vishay Intertechnology a conclu un accord avec Nexperia pour racheter la Fab de composants de puissance en difficult\u00e9 de Newport, au Pays de Galles.<\/h3>\n<p>Toutefois, l&rsquo;accord comprend \u00e9galement les droits d&rsquo;un tiers non sp\u00e9cifi\u00e9 sur l&rsquo;achat d&rsquo;un site de 28 acres \u00e0 Newport avec une Fab de wafers de 200 mm certifi\u00e9e pour l&rsquo;industrie automobile.<\/p>\n<p>Le site, qui est la plus grande Fab du Royaume-Uni, a \u00e9t\u00e9 rachet\u00e9 par Nexperia pour un montant de 87 millions de dollars en juillet 2021. Elle \u00e9tait consid\u00e9r\u00e9e comme un \u00e9l\u00e9ment potentiel de la strat\u00e9gie britannique en mati\u00e8re de semiconducteurs, avec une fonderie de semiconducteurs compos\u00e9s souveraine.<\/p>\n<p>Le courtier ATREG, bas\u00e9 \u00e0 Seattle, a conseill\u00e9 Nexperia dans sa recherche d&rsquo;un acqu\u00e9reur apr\u00e8s que le gouvernement britannique a impos\u00e9 la vente de Nexperia en raison de ses liens avec son propri\u00e9taire chinois : <a href=\"https:\/\/www.eenewseurope.com\/en\/nexperia-engages-broker-to-sell-newport-wafer-fab\/\">Broker engaged to sell Newport wafer fab<\/a><\/p>\n<p>\u00ab\u00a0Nexperia aurait pr\u00e9f\u00e9r\u00e9 poursuivre la strat\u00e9gie \u00e0 long terme qu&rsquo;elle a mise en \u0153uvre lorsqu&rsquo;elle a acquis l&rsquo;usine en manque d&rsquo;investissement en 2021 et pr\u00e9vu des investissements massifs en \u00e9quipement et en personnel \u00ab\u00a0, a d\u00e9clar\u00e9 Toni Versluijs, Country Manager, Nexperia UK.<\/p>\n<p>\u00ab\u00a0Toutefois, ces plans d&rsquo;investissement ont \u00e9t\u00e9 interrompus par l&rsquo;ordre de d\u00e9sinvestissement inattendu et injustifi\u00e9 pris par le gouvernement britannique en novembre 2022. La demande du gouvernement britannique, combin\u00e9e \u00e0 la faiblesse du march\u00e9 mondial des semiconducteurs, nous a r\u00e9cemment amen\u00e9s \u00e0 annoncer notre intention de r\u00e9duire le nombre d&#8217;employ\u00e9s sur le site d&rsquo;au moins 100 personnes. Le site a besoin de clart\u00e9 quant \u00e0 son avenir pour \u00e9viter de nouvelles pertes, et c&rsquo;est ce qu&rsquo;apporte cette annonce.<\/p>\n<ul>\n<li><a href=\"https:\/\/www.eenewseurope.com\/en\/nexperia-defends-newport-deal\/\">Nexperia d\u00e9fend l&rsquo;accord avec Newport <\/a><\/li>\n<li><a href=\"https:\/\/www.eenewseurope.com\/en\/nexperia-lawyers-up-for-fight-over-newport-wafer-fab\/\">Nexperia se pr\u00e9pare \u00e0 se battre contre Newport Wafer Fab<\/a><\/li>\n<li><a href=\"https:\/\/www.eenewseurope.com\/en\/nexperia-forced-to-sell-newport-wafer-fab-stake\/\">Nexperia contraint de vendre sa participation dans Newport Wafer Fab<\/a><\/li>\n<\/ul>\n<p>\u00ab\u00a0De toutes les options, cet accord avec Vishay est la plus viable pour assurer l&rsquo;avenir du site, car Vishay &#8211; comme Nexperia &#8211; dispose d&rsquo;une solide base de clients pour les capacit\u00e9s de l&rsquo;usine. Pour le site, l&rsquo;engagement de Vishay \u00e0 faire de la Newport Wafer Fab une r\u00e9ussite est encourageant. La position de Nexperia \u00e0 l&rsquo;\u00e9gard de la d\u00e9cision du gouvernement britannique reste inchang\u00e9e\u00a0\u00bb, a-t-il d\u00e9clar\u00e9.<\/p>\n<p>Vishay, dont le si\u00e8ge est aux \u00c9tats-Unis, envisage d&rsquo;utiliser la Fab pour la fabrication de ses composants de puissance en carbure de silicium.<\/p>\n<p>\u00ab\u00a0En acceptant d&rsquo;acqu\u00e9rir Newport Wafer Fab, notre objectif est de pr\u00e9server les emplois des employ\u00e9s hautement qualifi\u00e9s et d\u00e9vou\u00e9s et d&rsquo;investir le capital n\u00e9cessaire pour mettre en place la production de nos MOSFETs et diodes SiC Trench. Gr\u00e2ce \u00e0 son bilan solide et \u00e0 ses liquidit\u00e9s abondantes, Vishay apportera imm\u00e9diatement la stabilit\u00e9 et la fiabilit\u00e9 de ses flux de tr\u00e9sorerie pour faire en sorte que l&rsquo;usine devienne pleinement op\u00e9rationnelle et rentable\u00a0\u00bb, a d\u00e9clar\u00e9 Joel Smejkal, pr\u00e9sident-directeur g\u00e9n\u00e9ral de Vishay.<\/p>\n<p>\u00a0\u00bb Sous une nouvelle direction au d\u00e9but de 2023, Vishay s&rsquo;est fix\u00e9 l&rsquo;objectif ambitieux d&rsquo;investir environ 1,2 milliard de dollars en capacit\u00e9 sur une p\u00e9riode de trois ans afin de positionner l&rsquo;entreprise pour saisir les opportunit\u00e9s cr\u00e9\u00e9es par les m\u00e9gatendances de l&rsquo;e-mobilit\u00e9 et de la durabilit\u00e9 n\u00e9cessaires \u00e0 une \u00e9conomie Net Zero. Bien que cette transaction soit compl\u00e9mentaire \u00e0 notre strat\u00e9gie d&rsquo;investissement en capital, l&rsquo;ajout de Newport Wafer Fab \u00e0 notre empreinte manufacturi\u00e8re sera d\u00e9terminant pour atteindre notre objectif d&rsquo;expansion des capacit\u00e9s pour nos clients et pour acc\u00e9l\u00e9rer notre strat\u00e9gie SiC\u00a0\u00bb, a-t-il ajout\u00e9.<\/p>\n<p>\u00ab\u00a0Pour Vishay, l&rsquo;acquisition de Newport Wafer Fab permet d&rsquo;allier nos plans d&rsquo;expansion des capacit\u00e9s pour nos clients des march\u00e9s finaux de l&rsquo;automobile et de l&rsquo;industrie, ainsi que l&rsquo;objectif strat\u00e9gique du Royaume-Uni d&rsquo;am\u00e9liorer la r\u00e9silience de la cha\u00eene d&rsquo;approvisionnement. Outre l&rsquo;augmentation des capacit\u00e9s, nous avons l&rsquo;intention de collaborer avec le Compound Semiconductor Cluster dans le sud du pays de Galles et de nous associer aux principales parties prenantes engag\u00e9es dans le d\u00e9veloppement de l&rsquo;industrie des semiconducteurs au Royaume-Uni, y compris les partenaires universitaires et communautaires au Royaume-Uni et en particulier dans le sud du pays de Galles. Nous sommes impatients d&rsquo;accueillir les employ\u00e9s de Newport Wafer Fab au sein de Vishay et de travailler en partenariat avec les autorit\u00e9s locales et les gouvernements gallois et britannique afin d&rsquo;assurer la croissance \u00e0 long terme de l&rsquo;usine et d&rsquo;apporter de la valeur \u00e0 nos clients et \u00e0 nos actionnaires.<\/p>\n<p>Marc Zandman, pr\u00e9sident ex\u00e9cutif du conseil d&rsquo;administration de Vishay, a d\u00e9clar\u00e9 : \u00ab\u00a0Le conseil d&rsquo;administration de Vishay a pris l&rsquo;an dernier la d\u00e9cision cruciale d&rsquo;orienter l&rsquo;entreprise vers une croissance rentable sous une nouvelle direction, en tirant parti de la solide g\u00e9n\u00e9ration de flux de tr\u00e9sorerie de l&rsquo;entreprise, de ses capacit\u00e9s op\u00e9rationnelles et de son vaste portefeuille de produits. Un \u00e9l\u00e9ment cl\u00e9 de ce changement strat\u00e9gique est l&rsquo;investissement dans les technologies et les capacit\u00e9s suppl\u00e9mentaires afin de positionner Vishay pour capitaliser sur les m\u00e9gatendances de l&rsquo;e-mobilit\u00e9 et de la durabilit\u00e9. L&rsquo;acquisition de Newport Wafer Fab d\u00e9montre l&rsquo;engagement de Vishay \u00e0 mettre en \u0153uvre ce changement strat\u00e9gique et \u00e0 am\u00e9liorer les rendements pour nos actionnaires\u00a0\u00bb.<\/p>\n<ul>\n<li><a href=\"https:\/\/www.eenewseurope.com\/en\/nexperia-plans-to-cut-100-jobs-at-newport-wafer-fab\/\">Projet de suppression de 100 emplois dans l&rsquo;usine de fabrication de plaquettes de Newport<\/a><\/li>\n<li><a href=\"https:\/\/www.eenewseurope.com\/en\/technology-fund-looks-to-possible-newport-wafer-fab-rescue\/\">Le fonds technologique envisage un \u00e9ventuel sauvetage de la soci\u00e9t\u00e9 fab<\/a><\/li>\n<li><a href=\"https:\/\/www.eenewseurope.com\/en\/iqe-has-vision-for-billion-pound-foundry-in-newport\/\">IQE envisage une fonderie d&rsquo;un milliard de livres sterling \u00e0 Newport<\/a><\/li>\n<\/ul>\n<p>La cl\u00f4ture de la transaction de Newport wafer fab est soumise \u00e0 l&rsquo;examen du gouvernement britannique, aux droits d&rsquo;achat d&rsquo;un tiers et aux conditions de cl\u00f4ture habituelles, et devrait avoir lieu au cours du premier trimestre 2024.<\/p>\n<p>www.Vishay.com <a href=\"https:\/\/www.globenewswire.com\/Tracker?data=iso4JS369h459c8B920U8RZvQVUjdc9xClSVbauZFgcsJ2ZqaXOP4sYPL9ZpDZ7rHIJDO9KLGq1PDtM5QBWLlQ==\">;<\/a> <a href=\"http:\/\/www.nexperia.com\">www.nexperia.com<\/a><\/p>\n<p>&nbsp;<\/p>\n<p>&nbsp;<\/p>\n<p>&nbsp;<\/p>\n<p>&nbsp;<\/p>\n","protected":false},"excerpt":{"rendered":"<p>Vishay Intertechnology a conclu un accord avec Nexperia pour racheter la Fab de composants de puissance en difficult\u00e9 de Newport, au Pays de Galles. Toutefois, l&rsquo;accord comprend \u00e9galement les droits d&rsquo;un tiers non sp\u00e9cifi\u00e9 sur l&rsquo;achat d&rsquo;un site de 28 acres \u00e0 Newport avec une Fab de wafers de 200 mm certifi\u00e9e pour l&rsquo;industrie automobile. [&hellip;]<\/p>\n","protected":false},"author":36,"featured_media":399548,"comment_status":"closed","ping_status":"closed","sticky":false,"template":"","format":"standard","meta":{"_acf_changed":false,"footnotes":""},"categories":[880],"tags":[2528,5101,2421],"domains":[47],"ppma_author":[1154,3640],"class_list":["post-436710","post","type-post","status-publish","format-standard","has-post-thumbnail","hentry","category-actualites-economiques","tag-nexperia-fr","tag-vishay","tag-wafer-fabs","domains-electronique-eci"],"acf":[],"yoast_head":"<title>Vishay rach\u00e8te la Fab de Newport \u00e0 Nexperia pour $117 millions ...<\/title>\n<meta name=\"description\" content=\"Vishay a conclu un accord avec Nexperia pour racheter la Fab de Newport, au Pays de Galles, suite \u00e0 la d\u00e9cision du gouvernement UK.\" \/>\n<meta name=\"robots\" content=\"index, follow, max-snippet:-1, max-image-preview:large, max-video-preview:-1\" \/>\n<link rel=\"canonical\" href=\"https:\/\/www.ecinews.fr\/fr\/wp-json\/wp\/v2\/posts\/436710\/\" \/>\n<meta property=\"og:locale\" content=\"fr_FR\" \/>\n<meta property=\"og:type\" content=\"article\" \/>\n<meta property=\"og:title\" content=\"Vishay rach\u00e8te la Fab de Newport \u00e0 Nexperia pour $117 millions\" \/>\n<meta property=\"og:description\" content=\"Vishay a conclu un accord avec Nexperia pour racheter la Fab de Newport, au Pays de Galles, suite \u00e0 la d\u00e9cision du gouvernement UK.\" \/>\n<meta property=\"og:url\" content=\"https:\/\/www.ecinews.fr\/fr\/wp-json\/wp\/v2\/posts\/436710\/\" \/>\n<meta property=\"og:site_name\" content=\"EENewsEurope\" \/>\n<meta property=\"article:published_time\" content=\"2023-11-09T14:53:53+00:00\" \/>\n<meta property=\"og:image\" content=\"https:\/\/www.ecinews.fr\/wp-content\/uploads\/2022\/10\/NewportWaferFab-scaled.jpg\" \/>\n\t<meta property=\"og:image:width\" content=\"1080\" \/>\n\t<meta property=\"og:image:height\" content=\"764\" \/>\n\t<meta property=\"og:image:type\" content=\"image\/jpeg\" \/>\n<meta name=\"author\" content=\"Alain Dieul, Nick Flaherty\" \/>\n<meta name=\"twitter:card\" content=\"summary_large_image\" \/>\n<meta name=\"twitter:label1\" content=\"Written by\" \/>\n\t<meta name=\"twitter:data1\" content=\"Alain Dieul\" \/>\n\t<meta name=\"twitter:label2\" content=\"Est. reading time\" \/>\n\t<meta name=\"twitter:data2\" content=\"4 minutes\" \/>\n<script type=\"application\/ld+json\" class=\"yoast-schema-graph\">{\"@context\":\"https:\/\/schema.org\",\"@graph\":[{\"@type\":\"Article\",\"@id\":\"https:\/\/www.ecinews.fr\/fr\/vishay-rachete-la-fab-de-newport-a-nexperia-pour-117-millions\/#article\",\"isPartOf\":{\"@id\":\"https:\/\/www.ecinews.fr\/fr\/vishay-rachete-la-fab-de-newport-a-nexperia-pour-117-millions\/\"},\"author\":{\"name\":\"Alain Dieul\",\"@id\":\"https:\/\/www.ecinews.fr\/fr\/#\/schema\/person\/e4387676ad67ce722325c7832f3c3762\"},\"headline\":\"Vishay rach\u00e8te la Fab de Newport \u00e0 Nexperia pour $117 millions\",\"datePublished\":\"2023-11-09T14:53:53+00:00\",\"dateModified\":\"2023-11-09T14:53:53+00:00\",\"mainEntityOfPage\":{\"@id\":\"https:\/\/www.ecinews.fr\/fr\/vishay-rachete-la-fab-de-newport-a-nexperia-pour-117-millions\/\"},\"wordCount\":1022,\"publisher\":{\"@id\":\"https:\/\/www.ecinews.fr\/fr\/#organization\"},\"keywords\":[\"Nexperia\",\"Vishay\",\"Wafer fabs\"],\"articleSection\":[\"Actualit\u00e9s \u00e9conomiques\"],\"inLanguage\":\"fr-FR\"},{\"@type\":\"WebPage\",\"@id\":\"https:\/\/www.ecinews.fr\/fr\/vishay-rachete-la-fab-de-newport-a-nexperia-pour-117-millions\/\",\"url\":\"https:\/\/www.ecinews.fr\/fr\/vishay-rachete-la-fab-de-newport-a-nexperia-pour-117-millions\/\",\"name\":\"Vishay rach\u00e8te la Fab de Newport \u00e0 Nexperia pour $117 millions -\",\"isPartOf\":{\"@id\":\"https:\/\/www.ecinews.fr\/fr\/#website\"},\"datePublished\":\"2023-11-09T14:53:53+00:00\",\"dateModified\":\"2023-11-09T14:53:53+00:00\",\"description\":\"Vishay a conclu un accord avec Nexperia pour racheter la Fab de Newport, au Pays de Galles, suite \u00e0 la d\u00e9cision du gouvernement UK.\",\"breadcrumb\":{\"@id\":\"https:\/\/www.ecinews.fr\/fr\/vishay-rachete-la-fab-de-newport-a-nexperia-pour-117-millions\/#breadcrumb\"},\"inLanguage\":\"fr-FR\",\"potentialAction\":[{\"@type\":\"ReadAction\",\"target\":[\"https:\/\/www.ecinews.fr\/fr\/vishay-rachete-la-fab-de-newport-a-nexperia-pour-117-millions\/\"]}]},{\"@type\":\"BreadcrumbList\",\"@id\":\"https:\/\/www.ecinews.fr\/fr\/vishay-rachete-la-fab-de-newport-a-nexperia-pour-117-millions\/#breadcrumb\",\"itemListElement\":[{\"@type\":\"ListItem\",\"position\":1,\"name\":\"Home\",\"item\":\"https:\/\/www.ecinews.fr\/fr\/\"},{\"@type\":\"ListItem\",\"position\":2,\"name\":\"Vishay rach\u00e8te la Fab de Newport \u00e0 Nexperia pour $117 millions\"}]},{\"@type\":\"WebSite\",\"@id\":\"https:\/\/www.ecinews.fr\/fr\/#website\",\"url\":\"https:\/\/www.ecinews.fr\/fr\/\",\"name\":\"EENewsEurope\",\"description\":\"Just another WordPress site\",\"publisher\":{\"@id\":\"https:\/\/www.ecinews.fr\/fr\/#organization\"},\"potentialAction\":[{\"@type\":\"SearchAction\",\"target\":{\"@type\":\"EntryPoint\",\"urlTemplate\":\"https:\/\/www.ecinews.fr\/fr\/?s={search_term_string}\"},\"query-input\":\"required name=search_term_string\"}],\"inLanguage\":\"fr-FR\"},{\"@type\":\"Organization\",\"@id\":\"https:\/\/www.ecinews.fr\/fr\/#organization\",\"name\":\"EENewsEurope\",\"url\":\"https:\/\/www.ecinews.fr\/fr\/\",\"logo\":{\"@type\":\"ImageObject\",\"inLanguage\":\"fr-FR\",\"@id\":\"https:\/\/www.ecinews.fr\/fr\/#\/schema\/logo\/image\/\",\"url\":\"https:\/\/www.ecinews.fr\/wp-content\/uploads\/2022\/02\/logo-1.jpg\",\"contentUrl\":\"https:\/\/www.ecinews.fr\/wp-content\/uploads\/2022\/02\/logo-1.jpg\",\"width\":283,\"height\":113,\"caption\":\"EENewsEurope\"},\"image\":{\"@id\":\"https:\/\/www.ecinews.fr\/fr\/#\/schema\/logo\/image\/\"}},{\"@type\":\"Person\",\"@id\":\"https:\/\/www.ecinews.fr\/fr\/#\/schema\/person\/e4387676ad67ce722325c7832f3c3762\",\"name\":\"Alain Dieul\",\"image\":{\"@type\":\"ImageObject\",\"inLanguage\":\"fr-FR\",\"@id\":\"https:\/\/www.ecinews.fr\/fr\/#\/schema\/person\/image\/736120675699dbbf0f0f282b9a9cfb75\",\"url\":\"https:\/\/secure.gravatar.com\/avatar\/bc93b056d07515be5b8eecd4acf49c5c?s=96&d=mm&r=g\",\"contentUrl\":\"https:\/\/secure.gravatar.com\/avatar\/bc93b056d07515be5b8eecd4acf49c5c?s=96&d=mm&r=g\",\"caption\":\"Alain Dieul\"},\"sameAs\":[\"http:\/\/ECINews\"]}]}<\/script>","yoast_head_json":{"title":"Vishay rach\u00e8te la Fab de Newport \u00e0 Nexperia pour $117 millions ...","description":"Vishay a conclu un accord avec Nexperia pour racheter la Fab de Newport, au Pays de Galles, suite \u00e0 la d\u00e9cision du gouvernement UK.","robots":{"index":"index","follow":"follow","max-snippet":"max-snippet:-1","max-image-preview":"max-image-preview:large","max-video-preview":"max-video-preview:-1"},"canonical":"https:\/\/www.ecinews.fr\/fr\/wp-json\/wp\/v2\/posts\/436710\/","og_locale":"fr_FR","og_type":"article","og_title":"Vishay rach\u00e8te la Fab de Newport \u00e0 Nexperia pour $117 millions","og_description":"Vishay a conclu un accord avec Nexperia pour racheter la Fab de Newport, au Pays de Galles, suite \u00e0 la d\u00e9cision du gouvernement UK.","og_url":"https:\/\/www.ecinews.fr\/fr\/wp-json\/wp\/v2\/posts\/436710\/","og_site_name":"EENewsEurope","article_published_time":"2023-11-09T14:53:53+00:00","og_image":[{"width":1080,"height":764,"url":"https:\/\/www.ecinews.fr\/wp-content\/uploads\/2022\/10\/NewportWaferFab-scaled.jpg","type":"image\/jpeg"}],"author":"Alain Dieul, Nick Flaherty","twitter_card":"summary_large_image","twitter_misc":{"Written by":"Alain Dieul","Est. reading time":"4 minutes"},"schema":{"@context":"https:\/\/schema.org","@graph":[{"@type":"Article","@id":"https:\/\/www.ecinews.fr\/fr\/vishay-rachete-la-fab-de-newport-a-nexperia-pour-117-millions\/#article","isPartOf":{"@id":"https:\/\/www.ecinews.fr\/fr\/vishay-rachete-la-fab-de-newport-a-nexperia-pour-117-millions\/"},"author":{"name":"Alain Dieul","@id":"https:\/\/www.ecinews.fr\/fr\/#\/schema\/person\/e4387676ad67ce722325c7832f3c3762"},"headline":"Vishay rach\u00e8te la Fab de Newport \u00e0 Nexperia pour $117 millions","datePublished":"2023-11-09T14:53:53+00:00","dateModified":"2023-11-09T14:53:53+00:00","mainEntityOfPage":{"@id":"https:\/\/www.ecinews.fr\/fr\/vishay-rachete-la-fab-de-newport-a-nexperia-pour-117-millions\/"},"wordCount":1022,"publisher":{"@id":"https:\/\/www.ecinews.fr\/fr\/#organization"},"keywords":["Nexperia","Vishay","Wafer fabs"],"articleSection":["Actualit\u00e9s \u00e9conomiques"],"inLanguage":"fr-FR"},{"@type":"WebPage","@id":"https:\/\/www.ecinews.fr\/fr\/vishay-rachete-la-fab-de-newport-a-nexperia-pour-117-millions\/","url":"https:\/\/www.ecinews.fr\/fr\/vishay-rachete-la-fab-de-newport-a-nexperia-pour-117-millions\/","name":"Vishay rach\u00e8te la Fab de Newport \u00e0 Nexperia pour $117 millions -","isPartOf":{"@id":"https:\/\/www.ecinews.fr\/fr\/#website"},"datePublished":"2023-11-09T14:53:53+00:00","dateModified":"2023-11-09T14:53:53+00:00","description":"Vishay a conclu un accord avec Nexperia pour racheter la Fab de Newport, au Pays de Galles, suite \u00e0 la d\u00e9cision du gouvernement UK.","breadcrumb":{"@id":"https:\/\/www.ecinews.fr\/fr\/vishay-rachete-la-fab-de-newport-a-nexperia-pour-117-millions\/#breadcrumb"},"inLanguage":"fr-FR","potentialAction":[{"@type":"ReadAction","target":["https:\/\/www.ecinews.fr\/fr\/vishay-rachete-la-fab-de-newport-a-nexperia-pour-117-millions\/"]}]},{"@type":"BreadcrumbList","@id":"https:\/\/www.ecinews.fr\/fr\/vishay-rachete-la-fab-de-newport-a-nexperia-pour-117-millions\/#breadcrumb","itemListElement":[{"@type":"ListItem","position":1,"name":"Home","item":"https:\/\/www.ecinews.fr\/fr\/"},{"@type":"ListItem","position":2,"name":"Vishay rach\u00e8te la Fab de Newport \u00e0 Nexperia pour $117 millions"}]},{"@type":"WebSite","@id":"https:\/\/www.ecinews.fr\/fr\/#website","url":"https:\/\/www.ecinews.fr\/fr\/","name":"EENewsEurope","description":"Just another WordPress site","publisher":{"@id":"https:\/\/www.ecinews.fr\/fr\/#organization"},"potentialAction":[{"@type":"SearchAction","target":{"@type":"EntryPoint","urlTemplate":"https:\/\/www.ecinews.fr\/fr\/?s={search_term_string}"},"query-input":"required name=search_term_string"}],"inLanguage":"fr-FR"},{"@type":"Organization","@id":"https:\/\/www.ecinews.fr\/fr\/#organization","name":"EENewsEurope","url":"https:\/\/www.ecinews.fr\/fr\/","logo":{"@type":"ImageObject","inLanguage":"fr-FR","@id":"https:\/\/www.ecinews.fr\/fr\/#\/schema\/logo\/image\/","url":"https:\/\/www.ecinews.fr\/wp-content\/uploads\/2022\/02\/logo-1.jpg","contentUrl":"https:\/\/www.ecinews.fr\/wp-content\/uploads\/2022\/02\/logo-1.jpg","width":283,"height":113,"caption":"EENewsEurope"},"image":{"@id":"https:\/\/www.ecinews.fr\/fr\/#\/schema\/logo\/image\/"}},{"@type":"Person","@id":"https:\/\/www.ecinews.fr\/fr\/#\/schema\/person\/e4387676ad67ce722325c7832f3c3762","name":"Alain Dieul","image":{"@type":"ImageObject","inLanguage":"fr-FR","@id":"https:\/\/www.ecinews.fr\/fr\/#\/schema\/person\/image\/736120675699dbbf0f0f282b9a9cfb75","url":"https:\/\/secure.gravatar.com\/avatar\/bc93b056d07515be5b8eecd4acf49c5c?s=96&d=mm&r=g","contentUrl":"https:\/\/secure.gravatar.com\/avatar\/bc93b056d07515be5b8eecd4acf49c5c?s=96&d=mm&r=g","caption":"Alain Dieul"},"sameAs":["http:\/\/ECINews"]}]}},"authors":[{"term_id":1154,"user_id":36,"is_guest":0,"slug":"alain-dieul","display_name":"Alain Dieul","avatar_url":"https:\/\/secure.gravatar.com\/avatar\/bc93b056d07515be5b8eecd4acf49c5c?s=96&d=mm&r=g","0":null,"1":"","2":"","3":"","4":"","5":"","6":"","7":"","8":""},{"term_id":3640,"user_id":0,"is_guest":1,"slug":"nick-flaherty","display_name":"Nick Flaherty","avatar_url":"https:\/\/secure.gravatar.com\/avatar\/?s=96&d=mm&r=g","0":null,"1":"","2":"","3":"","4":"","5":"","6":"","7":"","8":""}],"_links":{"self":[{"href":"https:\/\/www.ecinews.fr\/fr\/wp-json\/wp\/v2\/posts\/436710"}],"collection":[{"href":"https:\/\/www.ecinews.fr\/fr\/wp-json\/wp\/v2\/posts"}],"about":[{"href":"https:\/\/www.ecinews.fr\/fr\/wp-json\/wp\/v2\/types\/post"}],"author":[{"embeddable":true,"href":"https:\/\/www.ecinews.fr\/fr\/wp-json\/wp\/v2\/users\/36"}],"replies":[{"embeddable":true,"href":"https:\/\/www.ecinews.fr\/fr\/wp-json\/wp\/v2\/comments?post=436710"}],"version-history":[{"count":0,"href":"https:\/\/www.ecinews.fr\/fr\/wp-json\/wp\/v2\/posts\/436710\/revisions"}],"wp:featuredmedia":[{"embeddable":true,"href":"https:\/\/www.ecinews.fr\/fr\/wp-json\/wp\/v2\/media\/399548"}],"wp:attachment":[{"href":"https:\/\/www.ecinews.fr\/fr\/wp-json\/wp\/v2\/media?parent=436710"}],"wp:term":[{"taxonomy":"category","embeddable":true,"href":"https:\/\/www.ecinews.fr\/fr\/wp-json\/wp\/v2\/categories?post=436710"},{"taxonomy":"post_tag","embeddable":true,"href":"https:\/\/www.ecinews.fr\/fr\/wp-json\/wp\/v2\/tags?post=436710"},{"taxonomy":"domains","embeddable":true,"href":"https:\/\/www.ecinews.fr\/fr\/wp-json\/wp\/v2\/domains?post=436710"},{"taxonomy":"author","embeddable":true,"href":"https:\/\/www.ecinews.fr\/fr\/wp-json\/wp\/v2\/ppma_author?post=436710"}],"curies":[{"name":"wp","href":"https:\/\/api.w.org\/{rel}","templated":true}]}}