{"id":435905,"date":"2023-11-01T09:58:45","date_gmt":"2023-11-01T08:58:45","guid":{"rendered":"https:\/\/www.eenewseurope.com\/?p=435905"},"modified":"2023-11-01T12:16:04","modified_gmt":"2023-11-01T11:16:04","slug":"bosch-vend-trois-activites-liees-aux-immeubles-intelligents","status":"publish","type":"post","link":"https:\/\/www.ecinews.fr\/fr\/bosch-vend-trois-activites-liees-aux-immeubles-intelligents\/","title":{"rendered":"Bosch vend trois activit\u00e9s li\u00e9es aux immeubles intelligents"},"content":{"rendered":"<h3>Bosch cherche des repreneurs pour ses trois entreprises de produits pour les b\u00e2timents intelligents, qui emploient plus d&rsquo;un tiers de son personnel bdans ce domaine.<\/h3>\n<p>La restructuration de sa division Building Technologies permettra \u00e0 Bosch de se concentrer sur ses activit\u00e9s d&rsquo;int\u00e9grateur r\u00e9gional, avec des solutions et des services pour la s\u00e9curit\u00e9 des b\u00e2timents, l&rsquo;efficacit\u00e9 \u00e9nerg\u00e9tique et l&rsquo;automatisation des b\u00e2timents.<\/p>\n<p>Cela conduira \u00e0 la vente de la plupart des produits de la division Building Technologies. Il s&rsquo;agit des unit\u00e9s commerciales Vid\u00e9o, Acc\u00e8s et Intrusion, et Communication, qui emploient plus de 4 300 personnes r\u00e9parties sur 90 sites dans le monde.<\/p>\n<p>Cette acquisition intervient quelques mois seulement apr\u00e8s celle de Paladin Technologies, d\u00e9veloppeur de cam\u00e9ras intelligentes \u00e0 intelligence artificielle, \u00e0 Vancouver, qui emploie plus de 1 500 personnes r\u00e9parties dans 35 bureaux. Paladin devait s&rsquo;ajouter \u00e0 l&rsquo;acquisition par Bosch en 2015 de Climatec, qui fait partie de Bosch Building Technologies et offre des solutions d&rsquo;efficacit\u00e9 \u00e9nerg\u00e9tique, d&rsquo;automatisation des b\u00e2timents, de s\u00e9curit\u00e9 et de protection des personnes pour le march\u00e9 am\u00e9ricain.<\/p>\n<p>Bosch cherche maintenant un acqu\u00e9reur qui reprendra les trois unit\u00e9s d&rsquo;affaires ainsi que leurs collaborateurs et leurs sites. Le secteur des produits pour les syst\u00e8mes d&rsquo;alarme incendie ne sera pas vendu, mais fusionn\u00e9 avec le secteur des int\u00e9grateurs et poursuivi.<\/p>\n<ul>\n<li><a href=\"https:\/\/www.eenewseurope.com\/en\/bosch-expands-in-north-america-with-building-security-group\/\">Bosch s&rsquo;implante en Am\u00e9rique du Nord en achetant des \u00e9quipements de s\u00e9curit\u00e9 pour les b\u00e2timents <\/a><\/li>\n<li><a href=\"https:\/\/www.eenewseurope.com\/en\/xailient-taps-morse-micro-for-halow-ai-cameras\/\">Xailient fait appel \u00e0 Morse Micro pour les cam\u00e9ras IA HaLoW<\/a><\/li>\n<\/ul>\n<p>\u00ab\u00a0Nous voulons devenir l&rsquo;un des leaders mondiaux de l&rsquo;int\u00e9gration de syst\u00e8mes dans la technologie du b\u00e2timent et saisir les opportunit\u00e9s de croissance favorables sur ce march\u00e9. Pour y parvenir, nous devons nous consolider. C&rsquo;est pourquoi nous nous concentrerons \u00e0 l&rsquo;avenir sur l&rsquo;int\u00e9gration de syst\u00e8mes en tant que c\u0153ur de m\u00e9tier\u00a0\u00bb.<br \/>\na d\u00e9clar\u00e9 Christian Fischer. En tant que vice-pr\u00e9sident du conseil d&rsquo;administration de Bosch, il est responsable des secteurs de l&rsquo;\u00e9nergie et des technologies du b\u00e2timent ainsi que des biens de consommation de l&rsquo;entreprise.<\/p>\n<p>\u00ab\u00a0Nous sommes convaincus que nous pourrons trouver un acheteur qui reprendra les trois unit\u00e9s d&rsquo;exploitation et qui renforcera encore l&rsquo;entreprise et lui assurera un avenir s\u00fbr\u00a0\u00bb.<\/p>\n<p>\u00ab\u00a0L&rsquo;activit\u00e9 produits est parfaitement positionn\u00e9e pour un avenir prometteur sous un nouveau propri\u00e9taire : des produits innovants, des collaborateurs hautement qualifi\u00e9s et un environnement de march\u00e9 offrant des opportunit\u00e9s de croissance int\u00e9ressantes\u00a0\u00bb, a d\u00e9clar\u00e9 Thomas Quante, le pr\u00e9sident de Bosch Building Technologies.<\/p>\n<p>La restructuration aboutira \u00e0 la cr\u00e9ation d&rsquo;une division \u00ab\u00a0Building Technologies\u00a0\u00bb qui comptera 7 600 collaborateurs et sera pr\u00e9sente sur 40 sites dans 8 pays. Cette division a pour objectif d&rsquo;\u00eatre un int\u00e9grateur de syst\u00e8mes ind\u00e9pendant des marques avec un large portefeuille de solutions pour l&rsquo;\u00e9nergie et le b\u00e2timent. Elle entend b\u00e9n\u00e9ficier \u00e0 l&rsquo;avenir de la num\u00e9risation et de la demande croissante des clients en mati\u00e8re de s\u00e9curit\u00e9 int\u00e9gr\u00e9e et intelligente des b\u00e2timents, d&rsquo;efficacit\u00e9 \u00e9nerg\u00e9tique et d&rsquo;automatisation des b\u00e2timents.<\/p>\n<p><a href=\"http:\/\/www.bosch.com\">www.bosch.com<\/a><\/p>\n<p>&nbsp;<\/p>\n<p>&nbsp;<\/p>\n","protected":false},"excerpt":{"rendered":"<p>Bosch cherche des repreneurs pour ses trois entreprises de produits pour les b\u00e2timents intelligents, qui emploient plus d&rsquo;un tiers de son personnel bdans ce domaine. La restructuration de sa division Building Technologies permettra \u00e0 Bosch de se concentrer sur ses activit\u00e9s d&rsquo;int\u00e9grateur r\u00e9gional, avec des solutions et des services pour la s\u00e9curit\u00e9 des b\u00e2timents, l&rsquo;efficacit\u00e9 [&hellip;]<\/p>\n","protected":false},"author":34,"featured_media":435564,"comment_status":"closed","ping_status":"closed","sticky":false,"template":"","format":"standard","meta":{"_acf_changed":false,"footnotes":""},"categories":[880],"tags":[3289,919],"domains":[47],"ppma_author":[1153,3640],"class_list":["post-435905","post","type-post","status-publish","format-standard","has-post-thumbnail","hentry","category-actualites-economiques","tag-bosch","tag-iot-fr","domains-electronique-eci"],"acf":[],"yoast_head":"<title>Bosch vend trois activit\u00e9s li\u00e9es aux immeubles intelligents ...<\/title>\n<meta name=\"description\" content=\"Bosch cherche des repreneurs pour ses trois entreprises de produits de construction intelligents, qui emploient pr\u00e8s de 4300 personnes.\" \/>\n<meta name=\"robots\" content=\"index, follow, max-snippet:-1, max-image-preview:large, max-video-preview:-1\" \/>\n<link rel=\"canonical\" href=\"https:\/\/www.ecinews.fr\/fr\/wp-json\/wp\/v2\/posts\/435905\/\" \/>\n<meta property=\"og:locale\" content=\"fr_FR\" \/>\n<meta property=\"og:type\" content=\"article\" \/>\n<meta property=\"og:title\" content=\"Bosch vend trois activit\u00e9s li\u00e9es aux immeubles intelligents\" \/>\n<meta property=\"og:description\" content=\"Bosch cherche des repreneurs pour ses trois entreprises de produits de construction intelligents, qui emploient pr\u00e8s de 4300 personnes.\" \/>\n<meta property=\"og:url\" content=\"https:\/\/www.ecinews.fr\/fr\/wp-json\/wp\/v2\/posts\/435905\/\" \/>\n<meta property=\"og:site_name\" content=\"EENewsEurope\" \/>\n<meta property=\"article:published_time\" content=\"2023-11-01T08:58:45+00:00\" \/>\n<meta property=\"article:modified_time\" content=\"2023-11-01T11:16:04+00:00\" \/>\n<meta property=\"og:image\" content=\"https:\/\/www.ecinews.fr\/wp-content\/uploads\/2023\/10\/Bosch-smart-building-sell-off.jpg\" \/>\n\t<meta property=\"og:image:width\" content=\"640\" \/>\n\t<meta property=\"og:image:height\" content=\"360\" \/>\n\t<meta property=\"og:image:type\" content=\"image\/jpeg\" \/>\n<meta name=\"author\" content=\"A Delapalisse, Nick Flaherty\" \/>\n<meta name=\"twitter:card\" content=\"summary_large_image\" \/>\n<meta name=\"twitter:label1\" content=\"Written by\" \/>\n\t<meta name=\"twitter:data1\" content=\"A Delapalisse\" \/>\n\t<meta name=\"twitter:label2\" content=\"Est. reading time\" \/>\n\t<meta name=\"twitter:data2\" content=\"3 minutes\" \/>\n<script type=\"application\/ld+json\" class=\"yoast-schema-graph\">{\"@context\":\"https:\/\/schema.org\",\"@graph\":[{\"@type\":\"Article\",\"@id\":\"https:\/\/www.ecinews.fr\/fr\/bosch-vend-trois-activites-liees-aux-immeubles-intelligents\/#article\",\"isPartOf\":{\"@id\":\"https:\/\/www.ecinews.fr\/fr\/bosch-vend-trois-activites-liees-aux-immeubles-intelligents\/\"},\"author\":{\"name\":\"A Delapalisse\",\"@id\":\"https:\/\/www.ecinews.fr\/fr\/#\/schema\/person\/0aa2cfb0bd8949724a68cbac8d8321b4\"},\"headline\":\"Bosch vend trois activit\u00e9s li\u00e9es aux immeubles intelligents\",\"datePublished\":\"2023-11-01T08:58:45+00:00\",\"dateModified\":\"2023-11-01T11:16:04+00:00\",\"mainEntityOfPage\":{\"@id\":\"https:\/\/www.ecinews.fr\/fr\/bosch-vend-trois-activites-liees-aux-immeubles-intelligents\/\"},\"wordCount\":551,\"publisher\":{\"@id\":\"https:\/\/www.ecinews.fr\/fr\/#organization\"},\"keywords\":[\"Bosch\",\"IoT\"],\"articleSection\":[\"Actualit\u00e9s \u00e9conomiques\"],\"inLanguage\":\"fr-FR\"},{\"@type\":\"WebPage\",\"@id\":\"https:\/\/www.ecinews.fr\/fr\/bosch-vend-trois-activites-liees-aux-immeubles-intelligents\/\",\"url\":\"https:\/\/www.ecinews.fr\/fr\/bosch-vend-trois-activites-liees-aux-immeubles-intelligents\/\",\"name\":\"Bosch vend trois activit\u00e9s li\u00e9es aux immeubles intelligents -\",\"isPartOf\":{\"@id\":\"https:\/\/www.ecinews.fr\/fr\/#website\"},\"datePublished\":\"2023-11-01T08:58:45+00:00\",\"dateModified\":\"2023-11-01T11:16:04+00:00\",\"description\":\"Bosch cherche des repreneurs pour ses trois entreprises de produits de construction intelligents, qui emploient pr\u00e8s de 4300 personnes.\",\"breadcrumb\":{\"@id\":\"https:\/\/www.ecinews.fr\/fr\/bosch-vend-trois-activites-liees-aux-immeubles-intelligents\/#breadcrumb\"},\"inLanguage\":\"fr-FR\",\"potentialAction\":[{\"@type\":\"ReadAction\",\"target\":[\"https:\/\/www.ecinews.fr\/fr\/bosch-vend-trois-activites-liees-aux-immeubles-intelligents\/\"]}]},{\"@type\":\"BreadcrumbList\",\"@id\":\"https:\/\/www.ecinews.fr\/fr\/bosch-vend-trois-activites-liees-aux-immeubles-intelligents\/#breadcrumb\",\"itemListElement\":[{\"@type\":\"ListItem\",\"position\":1,\"name\":\"Home\",\"item\":\"https:\/\/www.ecinews.fr\/fr\/\"},{\"@type\":\"ListItem\",\"position\":2,\"name\":\"Bosch vend trois activit\u00e9s li\u00e9es aux immeubles intelligents\"}]},{\"@type\":\"WebSite\",\"@id\":\"https:\/\/www.ecinews.fr\/fr\/#website\",\"url\":\"https:\/\/www.ecinews.fr\/fr\/\",\"name\":\"EENewsEurope\",\"description\":\"Just another WordPress site\",\"publisher\":{\"@id\":\"https:\/\/www.ecinews.fr\/fr\/#organization\"},\"potentialAction\":[{\"@type\":\"SearchAction\",\"target\":{\"@type\":\"EntryPoint\",\"urlTemplate\":\"https:\/\/www.ecinews.fr\/fr\/?s={search_term_string}\"},\"query-input\":\"required name=search_term_string\"}],\"inLanguage\":\"fr-FR\"},{\"@type\":\"Organization\",\"@id\":\"https:\/\/www.ecinews.fr\/fr\/#organization\",\"name\":\"EENewsEurope\",\"url\":\"https:\/\/www.ecinews.fr\/fr\/\",\"logo\":{\"@type\":\"ImageObject\",\"inLanguage\":\"fr-FR\",\"@id\":\"https:\/\/www.ecinews.fr\/fr\/#\/schema\/logo\/image\/\",\"url\":\"https:\/\/www.ecinews.fr\/wp-content\/uploads\/2022\/02\/logo-1.jpg\",\"contentUrl\":\"https:\/\/www.ecinews.fr\/wp-content\/uploads\/2022\/02\/logo-1.jpg\",\"width\":283,\"height\":113,\"caption\":\"EENewsEurope\"},\"image\":{\"@id\":\"https:\/\/www.ecinews.fr\/fr\/#\/schema\/logo\/image\/\"}},{\"@type\":\"Person\",\"@id\":\"https:\/\/www.ecinews.fr\/fr\/#\/schema\/person\/0aa2cfb0bd8949724a68cbac8d8321b4\",\"name\":\"A Delapalisse\",\"image\":{\"@type\":\"ImageObject\",\"inLanguage\":\"fr-FR\",\"@id\":\"https:\/\/www.ecinews.fr\/fr\/#\/schema\/person\/image\/211ac42237c2e9683c0964086c393cb4\",\"url\":\"https:\/\/secure.gravatar.com\/avatar\/ad45a8c5da24bc9c7c4940dd1c48a695?s=96&d=mm&r=g\",\"contentUrl\":\"https:\/\/secure.gravatar.com\/avatar\/ad45a8c5da24bc9c7c4940dd1c48a695?s=96&d=mm&r=g\",\"caption\":\"A Delapalisse\"},\"sameAs\":[\"http:\/\/ECI\"]}]}<\/script>","yoast_head_json":{"title":"Bosch vend trois activit\u00e9s li\u00e9es aux immeubles intelligents ...","description":"Bosch cherche des repreneurs pour ses trois entreprises de produits de construction intelligents, qui emploient pr\u00e8s de 4300 personnes.","robots":{"index":"index","follow":"follow","max-snippet":"max-snippet:-1","max-image-preview":"max-image-preview:large","max-video-preview":"max-video-preview:-1"},"canonical":"https:\/\/www.ecinews.fr\/fr\/wp-json\/wp\/v2\/posts\/435905\/","og_locale":"fr_FR","og_type":"article","og_title":"Bosch vend trois activit\u00e9s li\u00e9es aux immeubles intelligents","og_description":"Bosch cherche des repreneurs pour ses trois entreprises de produits de construction intelligents, qui emploient pr\u00e8s de 4300 personnes.","og_url":"https:\/\/www.ecinews.fr\/fr\/wp-json\/wp\/v2\/posts\/435905\/","og_site_name":"EENewsEurope","article_published_time":"2023-11-01T08:58:45+00:00","article_modified_time":"2023-11-01T11:16:04+00:00","og_image":[{"width":640,"height":360,"url":"https:\/\/www.ecinews.fr\/wp-content\/uploads\/2023\/10\/Bosch-smart-building-sell-off.jpg","type":"image\/jpeg"}],"author":"A Delapalisse, Nick Flaherty","twitter_card":"summary_large_image","twitter_misc":{"Written by":"A Delapalisse","Est. reading time":"3 minutes"},"schema":{"@context":"https:\/\/schema.org","@graph":[{"@type":"Article","@id":"https:\/\/www.ecinews.fr\/fr\/bosch-vend-trois-activites-liees-aux-immeubles-intelligents\/#article","isPartOf":{"@id":"https:\/\/www.ecinews.fr\/fr\/bosch-vend-trois-activites-liees-aux-immeubles-intelligents\/"},"author":{"name":"A Delapalisse","@id":"https:\/\/www.ecinews.fr\/fr\/#\/schema\/person\/0aa2cfb0bd8949724a68cbac8d8321b4"},"headline":"Bosch vend trois activit\u00e9s li\u00e9es aux immeubles intelligents","datePublished":"2023-11-01T08:58:45+00:00","dateModified":"2023-11-01T11:16:04+00:00","mainEntityOfPage":{"@id":"https:\/\/www.ecinews.fr\/fr\/bosch-vend-trois-activites-liees-aux-immeubles-intelligents\/"},"wordCount":551,"publisher":{"@id":"https:\/\/www.ecinews.fr\/fr\/#organization"},"keywords":["Bosch","IoT"],"articleSection":["Actualit\u00e9s \u00e9conomiques"],"inLanguage":"fr-FR"},{"@type":"WebPage","@id":"https:\/\/www.ecinews.fr\/fr\/bosch-vend-trois-activites-liees-aux-immeubles-intelligents\/","url":"https:\/\/www.ecinews.fr\/fr\/bosch-vend-trois-activites-liees-aux-immeubles-intelligents\/","name":"Bosch vend trois activit\u00e9s li\u00e9es aux immeubles intelligents -","isPartOf":{"@id":"https:\/\/www.ecinews.fr\/fr\/#website"},"datePublished":"2023-11-01T08:58:45+00:00","dateModified":"2023-11-01T11:16:04+00:00","description":"Bosch cherche des repreneurs pour ses trois entreprises de produits de construction intelligents, qui emploient pr\u00e8s de 4300 personnes.","breadcrumb":{"@id":"https:\/\/www.ecinews.fr\/fr\/bosch-vend-trois-activites-liees-aux-immeubles-intelligents\/#breadcrumb"},"inLanguage":"fr-FR","potentialAction":[{"@type":"ReadAction","target":["https:\/\/www.ecinews.fr\/fr\/bosch-vend-trois-activites-liees-aux-immeubles-intelligents\/"]}]},{"@type":"BreadcrumbList","@id":"https:\/\/www.ecinews.fr\/fr\/bosch-vend-trois-activites-liees-aux-immeubles-intelligents\/#breadcrumb","itemListElement":[{"@type":"ListItem","position":1,"name":"Home","item":"https:\/\/www.ecinews.fr\/fr\/"},{"@type":"ListItem","position":2,"name":"Bosch vend trois activit\u00e9s li\u00e9es aux immeubles intelligents"}]},{"@type":"WebSite","@id":"https:\/\/www.ecinews.fr\/fr\/#website","url":"https:\/\/www.ecinews.fr\/fr\/","name":"EENewsEurope","description":"Just another WordPress site","publisher":{"@id":"https:\/\/www.ecinews.fr\/fr\/#organization"},"potentialAction":[{"@type":"SearchAction","target":{"@type":"EntryPoint","urlTemplate":"https:\/\/www.ecinews.fr\/fr\/?s={search_term_string}"},"query-input":"required name=search_term_string"}],"inLanguage":"fr-FR"},{"@type":"Organization","@id":"https:\/\/www.ecinews.fr\/fr\/#organization","name":"EENewsEurope","url":"https:\/\/www.ecinews.fr\/fr\/","logo":{"@type":"ImageObject","inLanguage":"fr-FR","@id":"https:\/\/www.ecinews.fr\/fr\/#\/schema\/logo\/image\/","url":"https:\/\/www.ecinews.fr\/wp-content\/uploads\/2022\/02\/logo-1.jpg","contentUrl":"https:\/\/www.ecinews.fr\/wp-content\/uploads\/2022\/02\/logo-1.jpg","width":283,"height":113,"caption":"EENewsEurope"},"image":{"@id":"https:\/\/www.ecinews.fr\/fr\/#\/schema\/logo\/image\/"}},{"@type":"Person","@id":"https:\/\/www.ecinews.fr\/fr\/#\/schema\/person\/0aa2cfb0bd8949724a68cbac8d8321b4","name":"A Delapalisse","image":{"@type":"ImageObject","inLanguage":"fr-FR","@id":"https:\/\/www.ecinews.fr\/fr\/#\/schema\/person\/image\/211ac42237c2e9683c0964086c393cb4","url":"https:\/\/secure.gravatar.com\/avatar\/ad45a8c5da24bc9c7c4940dd1c48a695?s=96&d=mm&r=g","contentUrl":"https:\/\/secure.gravatar.com\/avatar\/ad45a8c5da24bc9c7c4940dd1c48a695?s=96&d=mm&r=g","caption":"A Delapalisse"},"sameAs":["http:\/\/ECI"]}]}},"authors":[{"term_id":1153,"user_id":34,"is_guest":0,"slug":"adelapalisse","display_name":"A Delapalisse","avatar_url":"https:\/\/secure.gravatar.com\/avatar\/ad45a8c5da24bc9c7c4940dd1c48a695?s=96&d=mm&r=g","0":null,"1":"","2":"","3":"","4":"","5":"","6":"","7":"","8":""},{"term_id":3640,"user_id":0,"is_guest":1,"slug":"nick-flaherty","display_name":"Nick Flaherty","avatar_url":"https:\/\/secure.gravatar.com\/avatar\/?s=96&d=mm&r=g","0":null,"1":"","2":"","3":"","4":"","5":"","6":"","7":"","8":""}],"_links":{"self":[{"href":"https:\/\/www.ecinews.fr\/fr\/wp-json\/wp\/v2\/posts\/435905"}],"collection":[{"href":"https:\/\/www.ecinews.fr\/fr\/wp-json\/wp\/v2\/posts"}],"about":[{"href":"https:\/\/www.ecinews.fr\/fr\/wp-json\/wp\/v2\/types\/post"}],"author":[{"embeddable":true,"href":"https:\/\/www.ecinews.fr\/fr\/wp-json\/wp\/v2\/users\/34"}],"replies":[{"embeddable":true,"href":"https:\/\/www.ecinews.fr\/fr\/wp-json\/wp\/v2\/comments?post=435905"}],"version-history":[{"count":0,"href":"https:\/\/www.ecinews.fr\/fr\/wp-json\/wp\/v2\/posts\/435905\/revisions"}],"wp:featuredmedia":[{"embeddable":true,"href":"https:\/\/www.ecinews.fr\/fr\/wp-json\/wp\/v2\/media\/435564"}],"wp:attachment":[{"href":"https:\/\/www.ecinews.fr\/fr\/wp-json\/wp\/v2\/media?parent=435905"}],"wp:term":[{"taxonomy":"category","embeddable":true,"href":"https:\/\/www.ecinews.fr\/fr\/wp-json\/wp\/v2\/categories?post=435905"},{"taxonomy":"post_tag","embeddable":true,"href":"https:\/\/www.ecinews.fr\/fr\/wp-json\/wp\/v2\/tags?post=435905"},{"taxonomy":"domains","embeddable":true,"href":"https:\/\/www.ecinews.fr\/fr\/wp-json\/wp\/v2\/domains?post=435905"},{"taxonomy":"author","embeddable":true,"href":"https:\/\/www.ecinews.fr\/fr\/wp-json\/wp\/v2\/ppma_author?post=435905"}],"curies":[{"name":"wp","href":"https:\/\/api.w.org\/{rel}","templated":true}]}}