{"id":434760,"date":"2023-10-18T11:52:42","date_gmt":"2023-10-18T09:52:42","guid":{"rendered":"https:\/\/www.ecinews.fr\/?p=434760"},"modified":"2023-10-18T11:53:47","modified_gmt":"2023-10-18T09:53:47","slug":"x-fab-va-beneficier-dun-financement-europeen-pour-son-innovation-dans-la-technologie-des-semi-conducteurs","status":"publish","type":"post","link":"https:\/\/www.ecinews.fr\/fr\/x-fab-va-beneficier-dun-financement-europeen-pour-son-innovation-dans-la-technologie-des-semi-conducteurs\/","title":{"rendered":"X-FAB va b\u00e9n\u00e9ficier d\u2019un financement europ\u00e9en pour son innovation dans la technologie des semi-conducteurs"},"content":{"rendered":"<h3><span style=\"font-size: 16px;\">Le fondeur X-FAB Group sp\u00e9cialis\u00e9 dans la production de semi-conducteurs \u00e0 signaux analogiques\/mixtes, est sur le point de b\u00e9n\u00e9ficier d&rsquo;importantes subventions dans le cadre du nouveau Projet Important d&rsquo;Int\u00e9r\u00eat Europ\u00e9en Commun pour la Micro\u00e9lectronique et les Technologies de Communication (PIIEC ME\/CT).<\/span><\/h3>\n<p>Le financement, d&rsquo;un montant total d&rsquo;environ 80 millions d&rsquo;euros, sera accord\u00e9 par les gouvernements participants de la France et de l&rsquo;Allemagne. Ce programme soutient l&rsquo;innovation dans les domaines de la micro\u00e9lectronique et des solutions de communication, jouant un r\u00f4le vital dans la r\u00e9alisation des objectifs europ\u00e9ens en mati\u00e8re de digitalisation, de d\u00e9veloppement durable et de souverainet\u00e9 technologique.<\/p>\n<p>Le financement s&rsquo;\u00e9tendra sur trois usines de X-FAB, chacune se concentrant sur des aspects distincts de la technologie des semi-conducteurs. Celle de Corbeil-Essonnes en France se sp\u00e9cialise dans les capteurs intelligents et les circuits de commande, les nouvelles architectures, la photonique et les technologies RF. Le site a r\u00e9cemment lanc\u00e9 sa production en 110 nm sur tranches de 200 mm, gr\u00e2ce \u00e0 la technologie de pointe BCD-sur-SOI d\u00e9velopp\u00e9e dans le cadre du programme IPCEI ME pr\u00e9c\u00e9dent.<\/p>\n<p>Le site d&rsquo;Erfurt en Allemagne travaille sur le d\u00e9veloppement d\u2019une plateforme de fabrication unique et novatrice pour les syst\u00e8mes de capteurs int\u00e9gr\u00e9s intelligents. X-FAB enrichit ainsi consid\u00e9rablement son offre technologique dans les domaines des syst\u00e8mes de capteurs intelligents, de l&rsquo;int\u00e9gration 3D et de l&rsquo;int\u00e9gration de puces h\u00e9t\u00e9rog\u00e8nes au moyen de l&rsquo;impression par micro-transfert et contribue \u00e0 \u00e9largir l&rsquo;\u00e9tat de l&rsquo;art international en mati\u00e8re de technologies d&rsquo;int\u00e9gration de syst\u00e8mes et d\u2019assemblage avanc\u00e9.<\/p>\n<p>Sur le site d&rsquo;Itzehoe en Allemagne, X-FAB se concentrera sur le d\u00e9veloppement et la mise en \u0153uvre de nouvelles m\u00e9thodes de traitement des tranches en verre.<\/p>\n<p><a title=\"www.xfab.com\" href=\"http:\/\/www.xfab.com\">www.xfab.com<\/a><\/p>\n<p><u><a href=\"https:\/\/news.google.com\/publications\/CAAqBwgKMJbcwQswuPfYAw?hl=fr&amp;gl=BE&amp;ceid=BE:fr\">Suivre ECInews sur Google news<\/a><\/u><\/p>\n","protected":false},"excerpt":{"rendered":"<p>Le fondeur X-FAB Group sp\u00e9cialis\u00e9 dans la production de semi-conducteurs \u00e0 signaux analogiques\/mixtes, est sur le point de b\u00e9n\u00e9ficier d&rsquo;importantes subventions dans le cadre du nouveau Projet Important d&rsquo;Int\u00e9r\u00eat Europ\u00e9en Commun pour la Micro\u00e9lectronique et les Technologies de Communication (PIIEC ME\/CT). Le financement, d&rsquo;un montant total d&rsquo;environ 80 millions d&rsquo;euros, sera accord\u00e9 par les gouvernements [&hellip;]<\/p>\n","protected":false},"author":36,"featured_media":434763,"comment_status":"closed","ping_status":"closed","sticky":false,"template":"","format":"standard","meta":{"_acf_changed":false,"footnotes":""},"categories":[880],"tags":[936],"domains":[47],"ppma_author":[1154],"class_list":["post-434760","post","type-post","status-publish","format-standard","has-post-thumbnail","hentry","category-actualites-economiques","tag-circuits-integres","domains-electronique-eci"],"acf":[],"yoast_head":"<title>X-FAB va b\u00e9n\u00e9ficier d\u2019un financement europ\u00e9en pour son inn...<\/title>\n<meta name=\"description\" content=\"Le fondeur X-FAB Group va b\u00e9n\u00e9ficier d&#039;importantes subventions dans le cadre du nouveau Projet Important d&#039;Int\u00e9r\u00eat Europ\u00e9en Commun pour la...\" \/>\n<meta name=\"robots\" content=\"index, follow, max-snippet:-1, max-image-preview:large, max-video-preview:-1\" \/>\n<link rel=\"canonical\" href=\"https:\/\/www.ecinews.fr\/fr\/wp-json\/wp\/v2\/posts\/434760\/\" \/>\n<meta property=\"og:locale\" content=\"fr_FR\" \/>\n<meta property=\"og:type\" content=\"article\" \/>\n<meta property=\"og:title\" content=\"X-FAB va b\u00e9n\u00e9ficier d\u2019un financement europ\u00e9en pour son innovation dans la technologie des semi-conducteurs\" \/>\n<meta property=\"og:description\" content=\"Le fondeur X-FAB Group va b\u00e9n\u00e9ficier d&#039;importantes subventions dans le cadre du nouveau Projet Important d&#039;Int\u00e9r\u00eat Europ\u00e9en Commun pour la Micro\u00e9lectronique et les Technologies de Communication.\" \/>\n<meta property=\"og:url\" content=\"https:\/\/www.ecinews.fr\/fr\/wp-json\/wp\/v2\/posts\/434760\/\" \/>\n<meta property=\"og:site_name\" content=\"EENewsEurope\" \/>\n<meta property=\"article:published_time\" content=\"2023-10-18T09:52:42+00:00\" \/>\n<meta property=\"article:modified_time\" content=\"2023-10-18T09:53:47+00:00\" \/>\n<meta property=\"og:image\" content=\"https:\/\/www.ecinews.fr\/wp-content\/uploads\/2023\/10\/ECI2047_X-FAB-actu-scaled.jpeg\" \/>\n\t<meta property=\"og:image:width\" content=\"1080\" \/>\n\t<meta property=\"og:image:height\" content=\"716\" \/>\n\t<meta property=\"og:image:type\" content=\"image\/jpeg\" \/>\n<meta name=\"author\" content=\"Alain Dieul\" \/>\n<meta name=\"twitter:card\" content=\"summary_large_image\" \/>\n<meta name=\"twitter:label1\" content=\"Written by\" \/>\n\t<meta name=\"twitter:data1\" content=\"Alain Dieul\" \/>\n\t<meta name=\"twitter:label2\" content=\"Est. reading time\" \/>\n\t<meta name=\"twitter:data2\" content=\"2 minutes\" \/>\n<script type=\"application\/ld+json\" class=\"yoast-schema-graph\">{\"@context\":\"https:\/\/schema.org\",\"@graph\":[{\"@type\":\"Article\",\"@id\":\"https:\/\/www.ecinews.fr\/fr\/x-fab-va-beneficier-dun-financement-europeen-pour-son-innovation-dans-la-technologie-des-semi-conducteurs\/#article\",\"isPartOf\":{\"@id\":\"https:\/\/www.ecinews.fr\/fr\/x-fab-va-beneficier-dun-financement-europeen-pour-son-innovation-dans-la-technologie-des-semi-conducteurs\/\"},\"author\":{\"name\":\"Alain Dieul\",\"@id\":\"https:\/\/www.eenewseurope.com\/en\/#\/schema\/person\/e4387676ad67ce722325c7832f3c3762\"},\"headline\":\"X-FAB va b\u00e9n\u00e9ficier d\u2019un financement europ\u00e9en pour son innovation dans la technologie des semi-conducteurs\",\"datePublished\":\"2023-10-18T09:52:42+00:00\",\"dateModified\":\"2023-10-18T09:53:47+00:00\",\"mainEntityOfPage\":{\"@id\":\"https:\/\/www.ecinews.fr\/fr\/x-fab-va-beneficier-dun-financement-europeen-pour-son-innovation-dans-la-technologie-des-semi-conducteurs\/\"},\"wordCount\":347,\"publisher\":{\"@id\":\"https:\/\/www.eenewseurope.com\/en\/#organization\"},\"keywords\":[\"Circuits int\u00e9gr\u00e9s\"],\"articleSection\":[\"Actualit\u00e9s \u00e9conomiques\"],\"inLanguage\":\"fr-FR\"},{\"@type\":\"WebPage\",\"@id\":\"https:\/\/www.ecinews.fr\/fr\/x-fab-va-beneficier-dun-financement-europeen-pour-son-innovation-dans-la-technologie-des-semi-conducteurs\/\",\"url\":\"https:\/\/www.ecinews.fr\/fr\/x-fab-va-beneficier-dun-financement-europeen-pour-son-innovation-dans-la-technologie-des-semi-conducteurs\/\",\"name\":\"X-FAB va b\u00e9n\u00e9ficier d\u2019un financement europ\u00e9en pour son innovation dans la technologie des semi-conducteurs -\",\"isPartOf\":{\"@id\":\"https:\/\/www.eenewseurope.com\/en\/#website\"},\"datePublished\":\"2023-10-18T09:52:42+00:00\",\"dateModified\":\"2023-10-18T09:53:47+00:00\",\"description\":\"Le fondeur X-FAB Group va b\u00e9n\u00e9ficier d'importantes subventions dans le cadre du nouveau Projet Important d'Int\u00e9r\u00eat Europ\u00e9en Commun pour la Micro\u00e9lectronique et les Technologies de Communication.\",\"breadcrumb\":{\"@id\":\"https:\/\/www.ecinews.fr\/fr\/x-fab-va-beneficier-dun-financement-europeen-pour-son-innovation-dans-la-technologie-des-semi-conducteurs\/#breadcrumb\"},\"inLanguage\":\"fr-FR\",\"potentialAction\":[{\"@type\":\"ReadAction\",\"target\":[\"https:\/\/www.ecinews.fr\/fr\/x-fab-va-beneficier-dun-financement-europeen-pour-son-innovation-dans-la-technologie-des-semi-conducteurs\/\"]}]},{\"@type\":\"BreadcrumbList\",\"@id\":\"https:\/\/www.ecinews.fr\/fr\/x-fab-va-beneficier-dun-financement-europeen-pour-son-innovation-dans-la-technologie-des-semi-conducteurs\/#breadcrumb\",\"itemListElement\":[{\"@type\":\"ListItem\",\"position\":1,\"name\":\"Home\",\"item\":\"https:\/\/www.ecinews.fr\/fr\/\"},{\"@type\":\"ListItem\",\"position\":2,\"name\":\"X-FAB va b\u00e9n\u00e9ficier d\u2019un financement europ\u00e9en pour son innovation dans la technologie des semi-conducteurs\"}]},{\"@type\":\"WebSite\",\"@id\":\"https:\/\/www.eenewseurope.com\/en\/#website\",\"url\":\"https:\/\/www.eenewseurope.com\/en\/\",\"name\":\"EENewsEurope\",\"description\":\"Just another WordPress site\",\"publisher\":{\"@id\":\"https:\/\/www.eenewseurope.com\/en\/#organization\"},\"potentialAction\":[{\"@type\":\"SearchAction\",\"target\":{\"@type\":\"EntryPoint\",\"urlTemplate\":\"https:\/\/www.eenewseurope.com\/en\/?s={search_term_string}\"},\"query-input\":\"required name=search_term_string\"}],\"inLanguage\":\"fr-FR\"},{\"@type\":\"Organization\",\"@id\":\"https:\/\/www.eenewseurope.com\/en\/#organization\",\"name\":\"EENewsEurope\",\"url\":\"https:\/\/www.eenewseurope.com\/en\/\",\"logo\":{\"@type\":\"ImageObject\",\"inLanguage\":\"fr-FR\",\"@id\":\"https:\/\/www.eenewseurope.com\/en\/#\/schema\/logo\/image\/\",\"url\":\"https:\/\/www.ecinews.fr\/wp-content\/uploads\/2022\/02\/logo-1.jpg\",\"contentUrl\":\"https:\/\/www.ecinews.fr\/wp-content\/uploads\/2022\/02\/logo-1.jpg\",\"width\":283,\"height\":113,\"caption\":\"EENewsEurope\"},\"image\":{\"@id\":\"https:\/\/www.eenewseurope.com\/en\/#\/schema\/logo\/image\/\"}},{\"@type\":\"Person\",\"@id\":\"https:\/\/www.eenewseurope.com\/en\/#\/schema\/person\/e4387676ad67ce722325c7832f3c3762\",\"name\":\"Alain Dieul\",\"image\":{\"@type\":\"ImageObject\",\"inLanguage\":\"fr-FR\",\"@id\":\"https:\/\/www.eenewseurope.com\/en\/#\/schema\/person\/image\/736120675699dbbf0f0f282b9a9cfb75\",\"url\":\"https:\/\/secure.gravatar.com\/avatar\/bc93b056d07515be5b8eecd4acf49c5c?s=96&d=mm&r=g\",\"contentUrl\":\"https:\/\/secure.gravatar.com\/avatar\/bc93b056d07515be5b8eecd4acf49c5c?s=96&d=mm&r=g\",\"caption\":\"Alain Dieul\"},\"sameAs\":[\"http:\/\/ECINews\"]}]}<\/script>","yoast_head_json":{"title":"X-FAB va b\u00e9n\u00e9ficier d\u2019un financement europ\u00e9en pour son inn...","description":"Le fondeur X-FAB Group va b\u00e9n\u00e9ficier d'importantes subventions dans le cadre du nouveau Projet Important d'Int\u00e9r\u00eat Europ\u00e9en Commun pour la...","robots":{"index":"index","follow":"follow","max-snippet":"max-snippet:-1","max-image-preview":"max-image-preview:large","max-video-preview":"max-video-preview:-1"},"canonical":"https:\/\/www.ecinews.fr\/fr\/wp-json\/wp\/v2\/posts\/434760\/","og_locale":"fr_FR","og_type":"article","og_title":"X-FAB va b\u00e9n\u00e9ficier d\u2019un financement europ\u00e9en pour son innovation dans la technologie des semi-conducteurs","og_description":"Le fondeur X-FAB Group va b\u00e9n\u00e9ficier d'importantes subventions dans le cadre du nouveau Projet Important d'Int\u00e9r\u00eat Europ\u00e9en Commun pour la Micro\u00e9lectronique et les Technologies de Communication.","og_url":"https:\/\/www.ecinews.fr\/fr\/wp-json\/wp\/v2\/posts\/434760\/","og_site_name":"EENewsEurope","article_published_time":"2023-10-18T09:52:42+00:00","article_modified_time":"2023-10-18T09:53:47+00:00","og_image":[{"width":1080,"height":716,"url":"https:\/\/www.ecinews.fr\/wp-content\/uploads\/2023\/10\/ECI2047_X-FAB-actu-scaled.jpeg","type":"image\/jpeg"}],"author":"Alain Dieul","twitter_card":"summary_large_image","twitter_misc":{"Written by":"Alain Dieul","Est. reading time":"2 minutes"},"schema":{"@context":"https:\/\/schema.org","@graph":[{"@type":"Article","@id":"https:\/\/www.ecinews.fr\/fr\/x-fab-va-beneficier-dun-financement-europeen-pour-son-innovation-dans-la-technologie-des-semi-conducteurs\/#article","isPartOf":{"@id":"https:\/\/www.ecinews.fr\/fr\/x-fab-va-beneficier-dun-financement-europeen-pour-son-innovation-dans-la-technologie-des-semi-conducteurs\/"},"author":{"name":"Alain Dieul","@id":"https:\/\/www.eenewseurope.com\/en\/#\/schema\/person\/e4387676ad67ce722325c7832f3c3762"},"headline":"X-FAB va b\u00e9n\u00e9ficier d\u2019un financement europ\u00e9en pour son innovation dans la technologie des semi-conducteurs","datePublished":"2023-10-18T09:52:42+00:00","dateModified":"2023-10-18T09:53:47+00:00","mainEntityOfPage":{"@id":"https:\/\/www.ecinews.fr\/fr\/x-fab-va-beneficier-dun-financement-europeen-pour-son-innovation-dans-la-technologie-des-semi-conducteurs\/"},"wordCount":347,"publisher":{"@id":"https:\/\/www.eenewseurope.com\/en\/#organization"},"keywords":["Circuits int\u00e9gr\u00e9s"],"articleSection":["Actualit\u00e9s \u00e9conomiques"],"inLanguage":"fr-FR"},{"@type":"WebPage","@id":"https:\/\/www.ecinews.fr\/fr\/x-fab-va-beneficier-dun-financement-europeen-pour-son-innovation-dans-la-technologie-des-semi-conducteurs\/","url":"https:\/\/www.ecinews.fr\/fr\/x-fab-va-beneficier-dun-financement-europeen-pour-son-innovation-dans-la-technologie-des-semi-conducteurs\/","name":"X-FAB va b\u00e9n\u00e9ficier d\u2019un financement europ\u00e9en pour son innovation dans la technologie des semi-conducteurs -","isPartOf":{"@id":"https:\/\/www.eenewseurope.com\/en\/#website"},"datePublished":"2023-10-18T09:52:42+00:00","dateModified":"2023-10-18T09:53:47+00:00","description":"Le fondeur X-FAB Group va b\u00e9n\u00e9ficier d'importantes subventions dans le cadre du nouveau Projet Important d'Int\u00e9r\u00eat Europ\u00e9en Commun pour la Micro\u00e9lectronique et les Technologies de Communication.","breadcrumb":{"@id":"https:\/\/www.ecinews.fr\/fr\/x-fab-va-beneficier-dun-financement-europeen-pour-son-innovation-dans-la-technologie-des-semi-conducteurs\/#breadcrumb"},"inLanguage":"fr-FR","potentialAction":[{"@type":"ReadAction","target":["https:\/\/www.ecinews.fr\/fr\/x-fab-va-beneficier-dun-financement-europeen-pour-son-innovation-dans-la-technologie-des-semi-conducteurs\/"]}]},{"@type":"BreadcrumbList","@id":"https:\/\/www.ecinews.fr\/fr\/x-fab-va-beneficier-dun-financement-europeen-pour-son-innovation-dans-la-technologie-des-semi-conducteurs\/#breadcrumb","itemListElement":[{"@type":"ListItem","position":1,"name":"Home","item":"https:\/\/www.ecinews.fr\/fr\/"},{"@type":"ListItem","position":2,"name":"X-FAB va b\u00e9n\u00e9ficier d\u2019un financement europ\u00e9en pour son innovation dans la technologie des semi-conducteurs"}]},{"@type":"WebSite","@id":"https:\/\/www.eenewseurope.com\/en\/#website","url":"https:\/\/www.eenewseurope.com\/en\/","name":"EENewsEurope","description":"Just another WordPress site","publisher":{"@id":"https:\/\/www.eenewseurope.com\/en\/#organization"},"potentialAction":[{"@type":"SearchAction","target":{"@type":"EntryPoint","urlTemplate":"https:\/\/www.eenewseurope.com\/en\/?s={search_term_string}"},"query-input":"required name=search_term_string"}],"inLanguage":"fr-FR"},{"@type":"Organization","@id":"https:\/\/www.eenewseurope.com\/en\/#organization","name":"EENewsEurope","url":"https:\/\/www.eenewseurope.com\/en\/","logo":{"@type":"ImageObject","inLanguage":"fr-FR","@id":"https:\/\/www.eenewseurope.com\/en\/#\/schema\/logo\/image\/","url":"https:\/\/www.ecinews.fr\/wp-content\/uploads\/2022\/02\/logo-1.jpg","contentUrl":"https:\/\/www.ecinews.fr\/wp-content\/uploads\/2022\/02\/logo-1.jpg","width":283,"height":113,"caption":"EENewsEurope"},"image":{"@id":"https:\/\/www.eenewseurope.com\/en\/#\/schema\/logo\/image\/"}},{"@type":"Person","@id":"https:\/\/www.eenewseurope.com\/en\/#\/schema\/person\/e4387676ad67ce722325c7832f3c3762","name":"Alain Dieul","image":{"@type":"ImageObject","inLanguage":"fr-FR","@id":"https:\/\/www.eenewseurope.com\/en\/#\/schema\/person\/image\/736120675699dbbf0f0f282b9a9cfb75","url":"https:\/\/secure.gravatar.com\/avatar\/bc93b056d07515be5b8eecd4acf49c5c?s=96&d=mm&r=g","contentUrl":"https:\/\/secure.gravatar.com\/avatar\/bc93b056d07515be5b8eecd4acf49c5c?s=96&d=mm&r=g","caption":"Alain Dieul"},"sameAs":["http:\/\/ECINews"]}]}},"authors":[{"term_id":1154,"user_id":36,"is_guest":0,"slug":"alain-dieul","display_name":"Alain Dieul","avatar_url":"https:\/\/secure.gravatar.com\/avatar\/bc93b056d07515be5b8eecd4acf49c5c?s=96&d=mm&r=g","0":null,"1":"","2":"","3":"","4":"","5":"","6":"","7":"","8":""}],"_links":{"self":[{"href":"https:\/\/www.ecinews.fr\/fr\/wp-json\/wp\/v2\/posts\/434760"}],"collection":[{"href":"https:\/\/www.ecinews.fr\/fr\/wp-json\/wp\/v2\/posts"}],"about":[{"href":"https:\/\/www.ecinews.fr\/fr\/wp-json\/wp\/v2\/types\/post"}],"author":[{"embeddable":true,"href":"https:\/\/www.ecinews.fr\/fr\/wp-json\/wp\/v2\/users\/36"}],"replies":[{"embeddable":true,"href":"https:\/\/www.ecinews.fr\/fr\/wp-json\/wp\/v2\/comments?post=434760"}],"version-history":[{"count":0,"href":"https:\/\/www.ecinews.fr\/fr\/wp-json\/wp\/v2\/posts\/434760\/revisions"}],"wp:featuredmedia":[{"embeddable":true,"href":"https:\/\/www.ecinews.fr\/fr\/wp-json\/wp\/v2\/media\/434763"}],"wp:attachment":[{"href":"https:\/\/www.ecinews.fr\/fr\/wp-json\/wp\/v2\/media?parent=434760"}],"wp:term":[{"taxonomy":"category","embeddable":true,"href":"https:\/\/www.ecinews.fr\/fr\/wp-json\/wp\/v2\/categories?post=434760"},{"taxonomy":"post_tag","embeddable":true,"href":"https:\/\/www.ecinews.fr\/fr\/wp-json\/wp\/v2\/tags?post=434760"},{"taxonomy":"domains","embeddable":true,"href":"https:\/\/www.ecinews.fr\/fr\/wp-json\/wp\/v2\/domains?post=434760"},{"taxonomy":"author","embeddable":true,"href":"https:\/\/www.ecinews.fr\/fr\/wp-json\/wp\/v2\/ppma_author?post=434760"}],"curies":[{"name":"wp","href":"https:\/\/api.w.org\/{rel}","templated":true}]}}