{"id":434686,"date":"2023-10-17T23:04:45","date_gmt":"2023-10-17T21:04:45","guid":{"rendered":"https:\/\/www.ecinews.fr\/?p=434686"},"modified":"2023-10-17T23:04:45","modified_gmt":"2023-10-17T21:04:45","slug":"connecteur-usb-3-1-type-c-sureleve-cms","status":"publish","type":"post","link":"https:\/\/www.ecinews.fr\/fr\/connecteur-usb-3-1-type-c-sureleve-cms\/","title":{"rendered":"Connecteur USB 3.1 TYPE-C sur\u00e9lev\u00e9 CMS"},"content":{"rendered":"<h3><span style=\"font-size: 16px;\">W\u00fcrth Elektronik \u00e9largit sa gamme USB-C avec un connecteur horizontal \u00e0 24 broches enti\u00e8rement configur\u00e9 pour l\u2019assemblage CMS.<\/span><\/h3>\n<p>Ce\u00a0<a href=\"https:\/\/www.we-online.com\/en\/components\/products\/USB_3_1_TYPE_C_RECEPTACLE_HORIZONTAL_HIGH_SMT\">connecteur USB 3.1 Type-C<\/a>\u00a0se distingue par sa conception sur\u00e9lev\u00e9e : il permet un contr\u00f4le optique complet de la soudure gr\u00e2ce \u00e0 ses deux rang\u00e9es comportant chacune douze contacts. En tant que connecteur Type-C enti\u00e8rement \u00e9quip\u00e9, il est non seulement compatible avec la sp\u00e9cification USB 3.2 Gen 1&#215;2 et les normes USB Power Delivery, mais peut \u00e9galement \u00eatre utilis\u00e9 pour les modes alternatifs et accessoires. Cela inclut la transmission de signaux analogiques via les broches (D+\/D-).<\/p>\n<p>Le WR-COM USB 3.1 Type-C sur\u00e9lev\u00e9 CMS est con\u00e7u pour au moins 10 000 manoeuvres et des temp\u00e9ratures de fonctionnement allant de -40 \u00e0 +120 \u00b0C. Le placage or dans la zone de contact pour assurer la meilleure connexion possible avec la carte, concerne non seulement les contacts des broches, mais aussi les broches de maintien ext\u00e9rieures du blindage. Ce connecteur stable convient \u00e0 toutes les applications grand public et informatiques con\u00e7ues pour exploiter les possibilit\u00e9s offertes par la norme USB 3.2 Gen 1&#215;2 en termes de transfert de donn\u00e9es et d\u2019\u00e9nergie. Le dernier membre de la famille de produits USB est d\u00e9sormais disponible en stock sans quantit\u00e9 minimale de commande, et des \u00e9chantillons gratuits sont disponibles sur demande.<\/p>\n<p><a href=\"http:\/\/www.we-online.com\/\">www.we-online.com<\/a><\/p>\n<p><u><a href=\"https:\/\/news.google.com\/publications\/CAAqBwgKMJbcwQswuPfYAw?hl=fr&amp;gl=BE&amp;ceid=BE:fr\">Suivre ECInews sur Google news<\/a><\/u><\/p>\n<p>&nbsp;<\/p>\n","protected":false},"excerpt":{"rendered":"<p>W\u00fcrth Elektronik \u00e9largit sa gamme USB-C avec un connecteur horizontal \u00e0 24 broches enti\u00e8rement configur\u00e9 pour l\u2019assemblage CMS. Ce\u00a0connecteur USB 3.1 Type-C\u00a0se distingue par sa conception sur\u00e9lev\u00e9e : il permet un contr\u00f4le optique complet de la soudure gr\u00e2ce \u00e0 ses deux rang\u00e9es comportant chacune douze contacts. En tant que connecteur Type-C enti\u00e8rement \u00e9quip\u00e9, il est [&hellip;]<\/p>\n","protected":false},"author":36,"featured_media":434687,"comment_status":"closed","ping_status":"closed","sticky":false,"template":"","format":"standard","meta":{"_acf_changed":false,"footnotes":""},"categories":[881],"tags":[938],"domains":[47],"ppma_author":[1154],"class_list":["post-434686","post","type-post","status-publish","format-standard","has-post-thumbnail","hentry","category-nouveaux-produits","tag-connectique","domains-electronique-eci"],"acf":[],"yoast_head":"<title>Connecteur USB 3.1 TYPE-C sur\u00e9lev\u00e9 CMS ...<\/title>\n<meta name=\"description\" content=\"W\u00fcrth Elektronik \u00e9largit sa gamme USB-C avec un connecteur horizontal \u00e0 24 broches enti\u00e8rement configur\u00e9 pour l\u2019assemblage CMS.\" \/>\n<meta name=\"robots\" content=\"index, follow, max-snippet:-1, max-image-preview:large, max-video-preview:-1\" \/>\n<link rel=\"canonical\" href=\"https:\/\/www.ecinews.fr\/fr\/wp-json\/wp\/v2\/posts\/434686\/\" \/>\n<meta property=\"og:locale\" content=\"fr_FR\" \/>\n<meta property=\"og:type\" content=\"article\" \/>\n<meta property=\"og:title\" content=\"Connecteur USB 3.1 TYPE-C sur\u00e9lev\u00e9 CMS\" \/>\n<meta property=\"og:description\" content=\"W\u00fcrth Elektronik \u00e9largit sa gamme USB-C avec un connecteur horizontal \u00e0 24 broches enti\u00e8rement configur\u00e9 pour l\u2019assemblage CMS.\" \/>\n<meta property=\"og:url\" content=\"https:\/\/www.ecinews.fr\/fr\/wp-json\/wp\/v2\/posts\/434686\/\" \/>\n<meta property=\"og:site_name\" content=\"EENewsEurope\" \/>\n<meta property=\"article:published_time\" content=\"2023-10-17T21:04:45+00:00\" \/>\n<meta property=\"og:image\" content=\"https:\/\/www.ecinews.fr\/wp-content\/uploads\/2023\/10\/ECI2040_Wurth-Elektronik-scaled.jpg\" \/>\n\t<meta property=\"og:image:width\" content=\"1080\" \/>\n\t<meta property=\"og:image:height\" content=\"1080\" \/>\n\t<meta property=\"og:image:type\" content=\"image\/jpeg\" \/>\n<meta name=\"author\" content=\"Alain Dieul\" \/>\n<meta name=\"twitter:card\" content=\"summary_large_image\" \/>\n<meta name=\"twitter:label1\" content=\"Written by\" \/>\n\t<meta name=\"twitter:data1\" content=\"Alain Dieul\" \/>\n\t<meta name=\"twitter:label2\" content=\"Est. reading time\" \/>\n\t<meta name=\"twitter:data2\" content=\"1 minute\" \/>\n<script type=\"application\/ld+json\" class=\"yoast-schema-graph\">{\"@context\":\"https:\/\/schema.org\",\"@graph\":[{\"@type\":\"Article\",\"@id\":\"https:\/\/www.ecinews.fr\/fr\/connecteur-usb-3-1-type-c-sureleve-cms\/#article\",\"isPartOf\":{\"@id\":\"https:\/\/www.ecinews.fr\/fr\/connecteur-usb-3-1-type-c-sureleve-cms\/\"},\"author\":{\"name\":\"Alain Dieul\",\"@id\":\"https:\/\/www.ecinews.fr\/fr\/#\/schema\/person\/e4387676ad67ce722325c7832f3c3762\"},\"headline\":\"Connecteur USB 3.1 TYPE-C sur\u00e9lev\u00e9 CMS\",\"datePublished\":\"2023-10-17T21:04:45+00:00\",\"dateModified\":\"2023-10-17T21:04:45+00:00\",\"mainEntityOfPage\":{\"@id\":\"https:\/\/www.ecinews.fr\/fr\/connecteur-usb-3-1-type-c-sureleve-cms\/\"},\"wordCount\":236,\"publisher\":{\"@id\":\"https:\/\/www.ecinews.fr\/fr\/#organization\"},\"keywords\":[\"Connectique\"],\"articleSection\":[\"Nouveaux produits\"],\"inLanguage\":\"fr-FR\"},{\"@type\":\"WebPage\",\"@id\":\"https:\/\/www.ecinews.fr\/fr\/connecteur-usb-3-1-type-c-sureleve-cms\/\",\"url\":\"https:\/\/www.ecinews.fr\/fr\/connecteur-usb-3-1-type-c-sureleve-cms\/\",\"name\":\"Connecteur USB 3.1 TYPE-C sur\u00e9lev\u00e9 CMS -\",\"isPartOf\":{\"@id\":\"https:\/\/www.ecinews.fr\/fr\/#website\"},\"datePublished\":\"2023-10-17T21:04:45+00:00\",\"dateModified\":\"2023-10-17T21:04:45+00:00\",\"description\":\"W\u00fcrth Elektronik \u00e9largit sa gamme USB-C avec un connecteur horizontal \u00e0 24 broches enti\u00e8rement configur\u00e9 pour l\u2019assemblage CMS.\",\"breadcrumb\":{\"@id\":\"https:\/\/www.ecinews.fr\/fr\/connecteur-usb-3-1-type-c-sureleve-cms\/#breadcrumb\"},\"inLanguage\":\"fr-FR\",\"potentialAction\":[{\"@type\":\"ReadAction\",\"target\":[\"https:\/\/www.ecinews.fr\/fr\/connecteur-usb-3-1-type-c-sureleve-cms\/\"]}]},{\"@type\":\"BreadcrumbList\",\"@id\":\"https:\/\/www.ecinews.fr\/fr\/connecteur-usb-3-1-type-c-sureleve-cms\/#breadcrumb\",\"itemListElement\":[{\"@type\":\"ListItem\",\"position\":1,\"name\":\"Home\",\"item\":\"https:\/\/www.ecinews.fr\/fr\/\"},{\"@type\":\"ListItem\",\"position\":2,\"name\":\"Connecteur USB 3.1 TYPE-C sur\u00e9lev\u00e9 CMS\"}]},{\"@type\":\"WebSite\",\"@id\":\"https:\/\/www.ecinews.fr\/fr\/#website\",\"url\":\"https:\/\/www.ecinews.fr\/fr\/\",\"name\":\"EENewsEurope\",\"description\":\"Just another WordPress site\",\"publisher\":{\"@id\":\"https:\/\/www.ecinews.fr\/fr\/#organization\"},\"potentialAction\":[{\"@type\":\"SearchAction\",\"target\":{\"@type\":\"EntryPoint\",\"urlTemplate\":\"https:\/\/www.ecinews.fr\/fr\/?s={search_term_string}\"},\"query-input\":\"required name=search_term_string\"}],\"inLanguage\":\"fr-FR\"},{\"@type\":\"Organization\",\"@id\":\"https:\/\/www.ecinews.fr\/fr\/#organization\",\"name\":\"EENewsEurope\",\"url\":\"https:\/\/www.ecinews.fr\/fr\/\",\"logo\":{\"@type\":\"ImageObject\",\"inLanguage\":\"fr-FR\",\"@id\":\"https:\/\/www.ecinews.fr\/fr\/#\/schema\/logo\/image\/\",\"url\":\"https:\/\/www.ecinews.fr\/wp-content\/uploads\/2022\/02\/logo-1.jpg\",\"contentUrl\":\"https:\/\/www.ecinews.fr\/wp-content\/uploads\/2022\/02\/logo-1.jpg\",\"width\":283,\"height\":113,\"caption\":\"EENewsEurope\"},\"image\":{\"@id\":\"https:\/\/www.ecinews.fr\/fr\/#\/schema\/logo\/image\/\"}},{\"@type\":\"Person\",\"@id\":\"https:\/\/www.ecinews.fr\/fr\/#\/schema\/person\/e4387676ad67ce722325c7832f3c3762\",\"name\":\"Alain Dieul\",\"image\":{\"@type\":\"ImageObject\",\"inLanguage\":\"fr-FR\",\"@id\":\"https:\/\/www.ecinews.fr\/fr\/#\/schema\/person\/image\/736120675699dbbf0f0f282b9a9cfb75\",\"url\":\"https:\/\/secure.gravatar.com\/avatar\/bc93b056d07515be5b8eecd4acf49c5c?s=96&d=mm&r=g\",\"contentUrl\":\"https:\/\/secure.gravatar.com\/avatar\/bc93b056d07515be5b8eecd4acf49c5c?s=96&d=mm&r=g\",\"caption\":\"Alain Dieul\"},\"sameAs\":[\"http:\/\/ECINews\"]}]}<\/script>","yoast_head_json":{"title":"Connecteur USB 3.1 TYPE-C sur\u00e9lev\u00e9 CMS ...","description":"W\u00fcrth Elektronik \u00e9largit sa gamme USB-C avec un connecteur horizontal \u00e0 24 broches enti\u00e8rement configur\u00e9 pour l\u2019assemblage CMS.","robots":{"index":"index","follow":"follow","max-snippet":"max-snippet:-1","max-image-preview":"max-image-preview:large","max-video-preview":"max-video-preview:-1"},"canonical":"https:\/\/www.ecinews.fr\/fr\/wp-json\/wp\/v2\/posts\/434686\/","og_locale":"fr_FR","og_type":"article","og_title":"Connecteur USB 3.1 TYPE-C sur\u00e9lev\u00e9 CMS","og_description":"W\u00fcrth Elektronik \u00e9largit sa gamme USB-C avec un connecteur horizontal \u00e0 24 broches enti\u00e8rement configur\u00e9 pour l\u2019assemblage CMS.","og_url":"https:\/\/www.ecinews.fr\/fr\/wp-json\/wp\/v2\/posts\/434686\/","og_site_name":"EENewsEurope","article_published_time":"2023-10-17T21:04:45+00:00","og_image":[{"width":1080,"height":1080,"url":"https:\/\/www.ecinews.fr\/wp-content\/uploads\/2023\/10\/ECI2040_Wurth-Elektronik-scaled.jpg","type":"image\/jpeg"}],"author":"Alain Dieul","twitter_card":"summary_large_image","twitter_misc":{"Written by":"Alain Dieul","Est. reading time":"1 minute"},"schema":{"@context":"https:\/\/schema.org","@graph":[{"@type":"Article","@id":"https:\/\/www.ecinews.fr\/fr\/connecteur-usb-3-1-type-c-sureleve-cms\/#article","isPartOf":{"@id":"https:\/\/www.ecinews.fr\/fr\/connecteur-usb-3-1-type-c-sureleve-cms\/"},"author":{"name":"Alain Dieul","@id":"https:\/\/www.ecinews.fr\/fr\/#\/schema\/person\/e4387676ad67ce722325c7832f3c3762"},"headline":"Connecteur USB 3.1 TYPE-C sur\u00e9lev\u00e9 CMS","datePublished":"2023-10-17T21:04:45+00:00","dateModified":"2023-10-17T21:04:45+00:00","mainEntityOfPage":{"@id":"https:\/\/www.ecinews.fr\/fr\/connecteur-usb-3-1-type-c-sureleve-cms\/"},"wordCount":236,"publisher":{"@id":"https:\/\/www.ecinews.fr\/fr\/#organization"},"keywords":["Connectique"],"articleSection":["Nouveaux produits"],"inLanguage":"fr-FR"},{"@type":"WebPage","@id":"https:\/\/www.ecinews.fr\/fr\/connecteur-usb-3-1-type-c-sureleve-cms\/","url":"https:\/\/www.ecinews.fr\/fr\/connecteur-usb-3-1-type-c-sureleve-cms\/","name":"Connecteur USB 3.1 TYPE-C sur\u00e9lev\u00e9 CMS -","isPartOf":{"@id":"https:\/\/www.ecinews.fr\/fr\/#website"},"datePublished":"2023-10-17T21:04:45+00:00","dateModified":"2023-10-17T21:04:45+00:00","description":"W\u00fcrth Elektronik \u00e9largit sa gamme USB-C avec un connecteur horizontal \u00e0 24 broches enti\u00e8rement configur\u00e9 pour l\u2019assemblage CMS.","breadcrumb":{"@id":"https:\/\/www.ecinews.fr\/fr\/connecteur-usb-3-1-type-c-sureleve-cms\/#breadcrumb"},"inLanguage":"fr-FR","potentialAction":[{"@type":"ReadAction","target":["https:\/\/www.ecinews.fr\/fr\/connecteur-usb-3-1-type-c-sureleve-cms\/"]}]},{"@type":"BreadcrumbList","@id":"https:\/\/www.ecinews.fr\/fr\/connecteur-usb-3-1-type-c-sureleve-cms\/#breadcrumb","itemListElement":[{"@type":"ListItem","position":1,"name":"Home","item":"https:\/\/www.ecinews.fr\/fr\/"},{"@type":"ListItem","position":2,"name":"Connecteur USB 3.1 TYPE-C sur\u00e9lev\u00e9 CMS"}]},{"@type":"WebSite","@id":"https:\/\/www.ecinews.fr\/fr\/#website","url":"https:\/\/www.ecinews.fr\/fr\/","name":"EENewsEurope","description":"Just another WordPress site","publisher":{"@id":"https:\/\/www.ecinews.fr\/fr\/#organization"},"potentialAction":[{"@type":"SearchAction","target":{"@type":"EntryPoint","urlTemplate":"https:\/\/www.ecinews.fr\/fr\/?s={search_term_string}"},"query-input":"required name=search_term_string"}],"inLanguage":"fr-FR"},{"@type":"Organization","@id":"https:\/\/www.ecinews.fr\/fr\/#organization","name":"EENewsEurope","url":"https:\/\/www.ecinews.fr\/fr\/","logo":{"@type":"ImageObject","inLanguage":"fr-FR","@id":"https:\/\/www.ecinews.fr\/fr\/#\/schema\/logo\/image\/","url":"https:\/\/www.ecinews.fr\/wp-content\/uploads\/2022\/02\/logo-1.jpg","contentUrl":"https:\/\/www.ecinews.fr\/wp-content\/uploads\/2022\/02\/logo-1.jpg","width":283,"height":113,"caption":"EENewsEurope"},"image":{"@id":"https:\/\/www.ecinews.fr\/fr\/#\/schema\/logo\/image\/"}},{"@type":"Person","@id":"https:\/\/www.ecinews.fr\/fr\/#\/schema\/person\/e4387676ad67ce722325c7832f3c3762","name":"Alain Dieul","image":{"@type":"ImageObject","inLanguage":"fr-FR","@id":"https:\/\/www.ecinews.fr\/fr\/#\/schema\/person\/image\/736120675699dbbf0f0f282b9a9cfb75","url":"https:\/\/secure.gravatar.com\/avatar\/bc93b056d07515be5b8eecd4acf49c5c?s=96&d=mm&r=g","contentUrl":"https:\/\/secure.gravatar.com\/avatar\/bc93b056d07515be5b8eecd4acf49c5c?s=96&d=mm&r=g","caption":"Alain Dieul"},"sameAs":["http:\/\/ECINews"]}]}},"authors":[{"term_id":1154,"user_id":36,"is_guest":0,"slug":"alain-dieul","display_name":"Alain Dieul","avatar_url":"https:\/\/secure.gravatar.com\/avatar\/bc93b056d07515be5b8eecd4acf49c5c?s=96&d=mm&r=g","0":null,"1":"","2":"","3":"","4":"","5":"","6":"","7":"","8":""}],"_links":{"self":[{"href":"https:\/\/www.ecinews.fr\/fr\/wp-json\/wp\/v2\/posts\/434686"}],"collection":[{"href":"https:\/\/www.ecinews.fr\/fr\/wp-json\/wp\/v2\/posts"}],"about":[{"href":"https:\/\/www.ecinews.fr\/fr\/wp-json\/wp\/v2\/types\/post"}],"author":[{"embeddable":true,"href":"https:\/\/www.ecinews.fr\/fr\/wp-json\/wp\/v2\/users\/36"}],"replies":[{"embeddable":true,"href":"https:\/\/www.ecinews.fr\/fr\/wp-json\/wp\/v2\/comments?post=434686"}],"version-history":[{"count":0,"href":"https:\/\/www.ecinews.fr\/fr\/wp-json\/wp\/v2\/posts\/434686\/revisions"}],"wp:featuredmedia":[{"embeddable":true,"href":"https:\/\/www.ecinews.fr\/fr\/wp-json\/wp\/v2\/media\/434687"}],"wp:attachment":[{"href":"https:\/\/www.ecinews.fr\/fr\/wp-json\/wp\/v2\/media?parent=434686"}],"wp:term":[{"taxonomy":"category","embeddable":true,"href":"https:\/\/www.ecinews.fr\/fr\/wp-json\/wp\/v2\/categories?post=434686"},{"taxonomy":"post_tag","embeddable":true,"href":"https:\/\/www.ecinews.fr\/fr\/wp-json\/wp\/v2\/tags?post=434686"},{"taxonomy":"domains","embeddable":true,"href":"https:\/\/www.ecinews.fr\/fr\/wp-json\/wp\/v2\/domains?post=434686"},{"taxonomy":"author","embeddable":true,"href":"https:\/\/www.ecinews.fr\/fr\/wp-json\/wp\/v2\/ppma_author?post=434686"}],"curies":[{"name":"wp","href":"https:\/\/api.w.org\/{rel}","templated":true}]}}