{"id":434307,"date":"2023-10-11T15:44:56","date_gmt":"2023-10-11T13:44:56","guid":{"rendered":"https:\/\/www.eenewseurope.com\/?p=434307"},"modified":"2023-10-11T15:46:20","modified_gmt":"2023-10-11T13:46:20","slug":"microsoft-sapprete-a-devoiler-sa-propre-puce-dia","status":"publish","type":"post","link":"https:\/\/www.ecinews.fr\/fr\/microsoft-sapprete-a-devoiler-sa-propre-puce-dia\/","title":{"rendered":"Microsoft s&rsquo;appr\u00eate \u00e0 d\u00e9voiler sa propre puce d&rsquo;IA"},"content":{"rendered":"<h2>Selon <em>The Information<\/em>, Microsoft s&rsquo;appr\u00eate \u00e0 d\u00e9voiler sa propre puce con\u00e7ue pour le traitement de l&rsquo;intelligence artificielle lors de sa conf\u00e9rence des d\u00e9veloppeurs Ignite.<\/h2>\n<p>Selon d&rsquo;autres rapports, la puce pourrait s&rsquo;appuyer sur la technologie GPU d&rsquo;AMD. Ce serait un double coup dur pour Nvidia qui fournit actuellement des puces d&rsquo;IA \u00e0 Microsoft pour ses centres de donn\u00e9es.<\/p>\n<p>La puce de Microsoft est con\u00e7ue pour \u00eatre install\u00e9e dans les serveurs des centres de donn\u00e9es, o\u00f9 elle peut \u00eatre utilis\u00e9e pour former et faire fonctionner de grands mod\u00e8les linguistiques LLM pour des fonctions telles que le ChatGPT d&rsquo;OpenAI.<\/p>\n<p>Microsoft Ignite aura lieu du 14 au 17 novembre \u00e0 Seattle, Washington, avec une version abr\u00e9g\u00e9e en ligne les 15 et 16 novembre.<\/p>\n<p>Selon les informations, la puce de processeur d&rsquo;IA, dont le nom de code est Athena, est en cours de d\u00e9veloppement depuis 2019 et constituera une alternative au H100 de Nvidia, ce qui r\u00e9duirait la d\u00e9pendance de Microsoft \u00e0 l&rsquo;\u00e9gard des puces d&rsquo;IA co\u00fbteuses de Nvidia, qui sont \u00e9galement de plus en plus indisponibles en raison des contraintes de la cha\u00eene d&rsquo;approvisionnement.<\/p>\n<p>D&rsquo;autres rapports datant de 2023 sugg\u00e8rent que Microsoft s&rsquo;est associ\u00e9 \u00e0 Advanced Micro Devices Inc. pour d\u00e9velopper Athena. AMD \u00e9tant le conc\u00e9dant de sa technologie GPU, il pourrait \u00eatre une source de propri\u00e9t\u00e9 intellectuelle dans une puce con\u00e7ue par Microsoft, ou \u00eatre \u00e0 la fois conc\u00e9dant et co-d\u00e9veloppeur (voir <a href=\"ARM%20gets%20a%20rival%20as%20AMD%20licenses%20graphics%20to%20Samsung\">Arm se fait un rival alors qu&rsquo;AMD conc\u00e8de une licence de propri\u00e9t\u00e9 intellectuelle graphique \u00e0 Samsung<\/a>).<\/p>\n<p>Cela serait logique car AMD a commenc\u00e9 \u00e0 conc\u00e9der des licences pour sa technologie GPU en 2019.<\/p>\n<p>On ne sait pas quel fondeur fabrique Athena, mais il est presque certain qu&rsquo;il s&rsquo;agit soit de Samsung ou de TSMC, dans l&rsquo;une de leurs technologies de fabrication les plus avanc\u00e9es.<\/p>\n<h4>Liens et articles connexes :<\/h4>\n<p><a href=\"http:\/\/www.microsoft.com\">www.microsoft.com<\/a><\/p>\n<h4>Articles de presse :<\/h4>\n<p><a href=\"https:\/\/www.eenewseurope.com\/en\/nvidia-comes-under-european-anti-competitive-scrutiny\/\">Nvidia fait l&rsquo;objet d&rsquo;un examen anticoncurrentiel de la part de l&rsquo;Union europ\u00e9enne<\/a><\/p>\n<p><a href=\"https:\/\/www.eenewseurope.com\/en\/nvidia-set-to-become-top-chip-company-this-year\/\">Nvidia devrait devenir le premier fabricant de puces cette ann\u00e9e<\/a><\/p>\n<p><a href=\"https:\/\/www.eenewseurope.com\/en\/1-3bn-to-build-worlds-largest-ai-supercomputer\/\">1,3 milliard de dollars pour construire le plus grand superordinateur d&rsquo;IA au monde<\/a><\/p>\n<p>Un <a href=\"ARM%20gets%20a%20rival%20as%20AMD%20licenses%20graphics%20to%20Samsung\">rival pour Arm : AMD accorde une licence \u00e0 Samsung pour sa propri\u00e9t\u00e9 intellectuelle dans le domaine des cartes graphiques<\/a>)<\/p>\n","protected":false},"excerpt":{"rendered":"<p>Selon The Information, Microsoft s&rsquo;appr\u00eate \u00e0 d\u00e9voiler sa propre puce con\u00e7ue pour le traitement de l&rsquo;intelligence artificielle lors de sa conf\u00e9rence des d\u00e9veloppeurs Ignite. Selon d&rsquo;autres rapports, la puce pourrait s&rsquo;appuyer sur la technologie GPU d&rsquo;AMD. Ce serait un double coup dur pour Nvidia qui fournit actuellement des puces d&rsquo;IA \u00e0 Microsoft pour ses centres [&hellip;]<\/p>\n","protected":false},"author":34,"featured_media":434143,"comment_status":"closed","ping_status":"closed","sticky":false,"template":"","format":"standard","meta":{"_acf_changed":false,"footnotes":""},"categories":[883],"tags":[3950,4039,4871],"domains":[47],"ppma_author":[1153,3631],"class_list":["post-434307","post","type-post","status-publish","format-standard","has-post-thumbnail","hentry","category-technologies","tag-gpu-fr","tag-ia-generative","tag-microsoft-fr","domains-electronique-eci"],"acf":[],"yoast_head":"<title>Microsoft s&#039;appr\u00eate \u00e0 d\u00e9voiler sa propre puce d&#039;IA ...<\/title>\n<meta name=\"description\" content=\"Microsoft pr\u00e9voit de d\u00e9voiler sa propre puce con\u00e7ue pour l&#039;intelligence artificielle lors de sa conf\u00e9rence des d\u00e9veloppeurs Microsoft Ignite.\" \/>\n<meta name=\"robots\" content=\"index, follow, max-snippet:-1, max-image-preview:large, max-video-preview:-1\" \/>\n<link rel=\"canonical\" href=\"https:\/\/www.ecinews.fr\/fr\/wp-json\/wp\/v2\/posts\/434307\/\" \/>\n<meta property=\"og:locale\" content=\"fr_FR\" \/>\n<meta property=\"og:type\" content=\"article\" \/>\n<meta property=\"og:title\" content=\"Microsoft s&#039;appr\u00eate \u00e0 d\u00e9voiler sa propre puce d&#039;IA\" \/>\n<meta property=\"og:description\" content=\"Microsoft pr\u00e9voit de d\u00e9voiler sa propre puce con\u00e7ue pour l&#039;intelligence artificielle lors de sa conf\u00e9rence des d\u00e9veloppeurs Microsoft Ignite.\" \/>\n<meta property=\"og:url\" content=\"https:\/\/www.ecinews.fr\/fr\/wp-json\/wp\/v2\/posts\/434307\/\" \/>\n<meta property=\"og:site_name\" content=\"EENewsEurope\" \/>\n<meta property=\"article:published_time\" content=\"2023-10-11T13:44:56+00:00\" \/>\n<meta property=\"article:modified_time\" content=\"2023-10-11T13:46:20+00:00\" \/>\n<meta property=\"og:image\" content=\"https:\/\/www.eenewseurope.com\/wp-content\/uploads\/2023\/10\/Athena630-1.jpg\" \/>\n\t<meta property=\"og:image:width\" content=\"630\" \/>\n\t<meta property=\"og:image:height\" content=\"380\" \/>\n\t<meta property=\"og:image:type\" content=\"image\/jpeg\" \/>\n<meta name=\"author\" content=\"A Delapalisse, Peter Clarke\" \/>\n<meta name=\"twitter:card\" content=\"summary_large_image\" \/>\n<meta name=\"twitter:label1\" content=\"Written by\" \/>\n\t<meta name=\"twitter:data1\" content=\"A Delapalisse\" \/>\n\t<meta name=\"twitter:label2\" content=\"Est. reading time\" \/>\n\t<meta name=\"twitter:data2\" content=\"2 minutes\" \/>\n<script type=\"application\/ld+json\" class=\"yoast-schema-graph\">{\"@context\":\"https:\/\/schema.org\",\"@graph\":[{\"@type\":\"Article\",\"@id\":\"https:\/\/www.eenewseurope.com\/fr\/microsoft-sapprete-a-devoiler-sa-propre-puce-dia\/#article\",\"isPartOf\":{\"@id\":\"https:\/\/www.eenewseurope.com\/fr\/microsoft-sapprete-a-devoiler-sa-propre-puce-dia\/\"},\"author\":{\"name\":\"A Delapalisse\",\"@id\":\"https:\/\/www.ecinews.fr\/fr\/#\/schema\/person\/0aa2cfb0bd8949724a68cbac8d8321b4\"},\"headline\":\"Microsoft s&rsquo;appr\u00eate \u00e0 d\u00e9voiler sa propre puce d&rsquo;IA\",\"datePublished\":\"2023-10-11T13:44:56+00:00\",\"dateModified\":\"2023-10-11T13:46:20+00:00\",\"mainEntityOfPage\":{\"@id\":\"https:\/\/www.eenewseurope.com\/fr\/microsoft-sapprete-a-devoiler-sa-propre-puce-dia\/\"},\"wordCount\":405,\"publisher\":{\"@id\":\"https:\/\/www.ecinews.fr\/fr\/#organization\"},\"keywords\":[\"GPU\",\"IA g\u00e9n\u00e9rative\",\"Microsoft\"],\"articleSection\":[\"Technologies\"],\"inLanguage\":\"fr-FR\"},{\"@type\":\"WebPage\",\"@id\":\"https:\/\/www.eenewseurope.com\/fr\/microsoft-sapprete-a-devoiler-sa-propre-puce-dia\/\",\"url\":\"https:\/\/www.eenewseurope.com\/fr\/microsoft-sapprete-a-devoiler-sa-propre-puce-dia\/\",\"name\":\"Microsoft s'appr\u00eate \u00e0 d\u00e9voiler sa propre puce d'IA\",\"isPartOf\":{\"@id\":\"https:\/\/www.ecinews.fr\/fr\/#website\"},\"datePublished\":\"2023-10-11T13:44:56+00:00\",\"dateModified\":\"2023-10-11T13:46:20+00:00\",\"description\":\"Microsoft pr\u00e9voit de d\u00e9voiler sa propre puce con\u00e7ue pour l'intelligence artificielle lors de sa conf\u00e9rence des d\u00e9veloppeurs Microsoft Ignite.\",\"breadcrumb\":{\"@id\":\"https:\/\/www.eenewseurope.com\/fr\/microsoft-sapprete-a-devoiler-sa-propre-puce-dia\/#breadcrumb\"},\"inLanguage\":\"fr-FR\",\"potentialAction\":[{\"@type\":\"ReadAction\",\"target\":[\"https:\/\/www.eenewseurope.com\/fr\/microsoft-sapprete-a-devoiler-sa-propre-puce-dia\/\"]}]},{\"@type\":\"BreadcrumbList\",\"@id\":\"https:\/\/www.eenewseurope.com\/fr\/microsoft-sapprete-a-devoiler-sa-propre-puce-dia\/#breadcrumb\",\"itemListElement\":[{\"@type\":\"ListItem\",\"position\":1,\"name\":\"Home\",\"item\":\"https:\/\/www.ecinews.fr\/fr\/\"},{\"@type\":\"ListItem\",\"position\":2,\"name\":\"Microsoft s&rsquo;appr\u00eate \u00e0 d\u00e9voiler sa propre puce d&rsquo;IA\"}]},{\"@type\":\"WebSite\",\"@id\":\"https:\/\/www.ecinews.fr\/fr\/#website\",\"url\":\"https:\/\/www.ecinews.fr\/fr\/\",\"name\":\"EENewsEurope\",\"description\":\"Just another WordPress site\",\"publisher\":{\"@id\":\"https:\/\/www.ecinews.fr\/fr\/#organization\"},\"potentialAction\":[{\"@type\":\"SearchAction\",\"target\":{\"@type\":\"EntryPoint\",\"urlTemplate\":\"https:\/\/www.ecinews.fr\/fr\/?s={search_term_string}\"},\"query-input\":\"required name=search_term_string\"}],\"inLanguage\":\"fr-FR\"},{\"@type\":\"Organization\",\"@id\":\"https:\/\/www.ecinews.fr\/fr\/#organization\",\"name\":\"EENewsEurope\",\"url\":\"https:\/\/www.ecinews.fr\/fr\/\",\"logo\":{\"@type\":\"ImageObject\",\"inLanguage\":\"fr-FR\",\"@id\":\"https:\/\/www.ecinews.fr\/fr\/#\/schema\/logo\/image\/\",\"url\":\"https:\/\/www.ecinews.fr\/wp-content\/uploads\/2022\/02\/logo-1.jpg\",\"contentUrl\":\"https:\/\/www.ecinews.fr\/wp-content\/uploads\/2022\/02\/logo-1.jpg\",\"width\":283,\"height\":113,\"caption\":\"EENewsEurope\"},\"image\":{\"@id\":\"https:\/\/www.ecinews.fr\/fr\/#\/schema\/logo\/image\/\"}},{\"@type\":\"Person\",\"@id\":\"https:\/\/www.ecinews.fr\/fr\/#\/schema\/person\/0aa2cfb0bd8949724a68cbac8d8321b4\",\"name\":\"A Delapalisse\",\"image\":{\"@type\":\"ImageObject\",\"inLanguage\":\"fr-FR\",\"@id\":\"https:\/\/www.ecinews.fr\/fr\/#\/schema\/person\/image\/211ac42237c2e9683c0964086c393cb4\",\"url\":\"https:\/\/secure.gravatar.com\/avatar\/ad45a8c5da24bc9c7c4940dd1c48a695?s=96&d=mm&r=g\",\"contentUrl\":\"https:\/\/secure.gravatar.com\/avatar\/ad45a8c5da24bc9c7c4940dd1c48a695?s=96&d=mm&r=g\",\"caption\":\"A Delapalisse\"},\"sameAs\":[\"http:\/\/ECI\"]}]}<\/script>","yoast_head_json":{"title":"Microsoft s'appr\u00eate \u00e0 d\u00e9voiler sa propre puce d'IA ...","description":"Microsoft pr\u00e9voit de d\u00e9voiler sa propre puce con\u00e7ue pour l'intelligence artificielle lors de sa conf\u00e9rence des d\u00e9veloppeurs Microsoft Ignite.","robots":{"index":"index","follow":"follow","max-snippet":"max-snippet:-1","max-image-preview":"max-image-preview:large","max-video-preview":"max-video-preview:-1"},"canonical":"https:\/\/www.ecinews.fr\/fr\/wp-json\/wp\/v2\/posts\/434307\/","og_locale":"fr_FR","og_type":"article","og_title":"Microsoft s'appr\u00eate \u00e0 d\u00e9voiler sa propre puce d'IA","og_description":"Microsoft pr\u00e9voit de d\u00e9voiler sa propre puce con\u00e7ue pour l'intelligence artificielle lors de sa conf\u00e9rence des d\u00e9veloppeurs Microsoft Ignite.","og_url":"https:\/\/www.ecinews.fr\/fr\/wp-json\/wp\/v2\/posts\/434307\/","og_site_name":"EENewsEurope","article_published_time":"2023-10-11T13:44:56+00:00","article_modified_time":"2023-10-11T13:46:20+00:00","og_image":[{"width":630,"height":380,"url":"https:\/\/www.eenewseurope.com\/wp-content\/uploads\/2023\/10\/Athena630-1.jpg","type":"image\/jpeg"}],"author":"A Delapalisse, Peter Clarke","twitter_card":"summary_large_image","twitter_misc":{"Written by":"A Delapalisse","Est. reading time":"2 minutes"},"schema":{"@context":"https:\/\/schema.org","@graph":[{"@type":"Article","@id":"https:\/\/www.eenewseurope.com\/fr\/microsoft-sapprete-a-devoiler-sa-propre-puce-dia\/#article","isPartOf":{"@id":"https:\/\/www.eenewseurope.com\/fr\/microsoft-sapprete-a-devoiler-sa-propre-puce-dia\/"},"author":{"name":"A Delapalisse","@id":"https:\/\/www.ecinews.fr\/fr\/#\/schema\/person\/0aa2cfb0bd8949724a68cbac8d8321b4"},"headline":"Microsoft s&rsquo;appr\u00eate \u00e0 d\u00e9voiler sa propre puce d&rsquo;IA","datePublished":"2023-10-11T13:44:56+00:00","dateModified":"2023-10-11T13:46:20+00:00","mainEntityOfPage":{"@id":"https:\/\/www.eenewseurope.com\/fr\/microsoft-sapprete-a-devoiler-sa-propre-puce-dia\/"},"wordCount":405,"publisher":{"@id":"https:\/\/www.ecinews.fr\/fr\/#organization"},"keywords":["GPU","IA g\u00e9n\u00e9rative","Microsoft"],"articleSection":["Technologies"],"inLanguage":"fr-FR"},{"@type":"WebPage","@id":"https:\/\/www.eenewseurope.com\/fr\/microsoft-sapprete-a-devoiler-sa-propre-puce-dia\/","url":"https:\/\/www.eenewseurope.com\/fr\/microsoft-sapprete-a-devoiler-sa-propre-puce-dia\/","name":"Microsoft s'appr\u00eate \u00e0 d\u00e9voiler sa propre puce d'IA","isPartOf":{"@id":"https:\/\/www.ecinews.fr\/fr\/#website"},"datePublished":"2023-10-11T13:44:56+00:00","dateModified":"2023-10-11T13:46:20+00:00","description":"Microsoft pr\u00e9voit de d\u00e9voiler sa propre puce con\u00e7ue pour l'intelligence artificielle lors de sa conf\u00e9rence des d\u00e9veloppeurs Microsoft Ignite.","breadcrumb":{"@id":"https:\/\/www.eenewseurope.com\/fr\/microsoft-sapprete-a-devoiler-sa-propre-puce-dia\/#breadcrumb"},"inLanguage":"fr-FR","potentialAction":[{"@type":"ReadAction","target":["https:\/\/www.eenewseurope.com\/fr\/microsoft-sapprete-a-devoiler-sa-propre-puce-dia\/"]}]},{"@type":"BreadcrumbList","@id":"https:\/\/www.eenewseurope.com\/fr\/microsoft-sapprete-a-devoiler-sa-propre-puce-dia\/#breadcrumb","itemListElement":[{"@type":"ListItem","position":1,"name":"Home","item":"https:\/\/www.ecinews.fr\/fr\/"},{"@type":"ListItem","position":2,"name":"Microsoft s&rsquo;appr\u00eate \u00e0 d\u00e9voiler sa propre puce d&rsquo;IA"}]},{"@type":"WebSite","@id":"https:\/\/www.ecinews.fr\/fr\/#website","url":"https:\/\/www.ecinews.fr\/fr\/","name":"EENewsEurope","description":"Just another WordPress site","publisher":{"@id":"https:\/\/www.ecinews.fr\/fr\/#organization"},"potentialAction":[{"@type":"SearchAction","target":{"@type":"EntryPoint","urlTemplate":"https:\/\/www.ecinews.fr\/fr\/?s={search_term_string}"},"query-input":"required name=search_term_string"}],"inLanguage":"fr-FR"},{"@type":"Organization","@id":"https:\/\/www.ecinews.fr\/fr\/#organization","name":"EENewsEurope","url":"https:\/\/www.ecinews.fr\/fr\/","logo":{"@type":"ImageObject","inLanguage":"fr-FR","@id":"https:\/\/www.ecinews.fr\/fr\/#\/schema\/logo\/image\/","url":"https:\/\/www.ecinews.fr\/wp-content\/uploads\/2022\/02\/logo-1.jpg","contentUrl":"https:\/\/www.ecinews.fr\/wp-content\/uploads\/2022\/02\/logo-1.jpg","width":283,"height":113,"caption":"EENewsEurope"},"image":{"@id":"https:\/\/www.ecinews.fr\/fr\/#\/schema\/logo\/image\/"}},{"@type":"Person","@id":"https:\/\/www.ecinews.fr\/fr\/#\/schema\/person\/0aa2cfb0bd8949724a68cbac8d8321b4","name":"A Delapalisse","image":{"@type":"ImageObject","inLanguage":"fr-FR","@id":"https:\/\/www.ecinews.fr\/fr\/#\/schema\/person\/image\/211ac42237c2e9683c0964086c393cb4","url":"https:\/\/secure.gravatar.com\/avatar\/ad45a8c5da24bc9c7c4940dd1c48a695?s=96&d=mm&r=g","contentUrl":"https:\/\/secure.gravatar.com\/avatar\/ad45a8c5da24bc9c7c4940dd1c48a695?s=96&d=mm&r=g","caption":"A Delapalisse"},"sameAs":["http:\/\/ECI"]}]}},"authors":[{"term_id":1153,"user_id":34,"is_guest":0,"slug":"adelapalisse","display_name":"A Delapalisse","avatar_url":"https:\/\/secure.gravatar.com\/avatar\/ad45a8c5da24bc9c7c4940dd1c48a695?s=96&d=mm&r=g","0":null,"1":"","2":"","3":"","4":"","5":"","6":"","7":"","8":""},{"term_id":3631,"user_id":0,"is_guest":1,"slug":"peter-clarke","display_name":"Peter Clarke","avatar_url":"https:\/\/secure.gravatar.com\/avatar\/?s=96&d=mm&r=g","0":null,"1":"","2":"","3":"","4":"","5":"","6":"","7":"","8":""}],"_links":{"self":[{"href":"https:\/\/www.ecinews.fr\/fr\/wp-json\/wp\/v2\/posts\/434307"}],"collection":[{"href":"https:\/\/www.ecinews.fr\/fr\/wp-json\/wp\/v2\/posts"}],"about":[{"href":"https:\/\/www.ecinews.fr\/fr\/wp-json\/wp\/v2\/types\/post"}],"author":[{"embeddable":true,"href":"https:\/\/www.ecinews.fr\/fr\/wp-json\/wp\/v2\/users\/34"}],"replies":[{"embeddable":true,"href":"https:\/\/www.ecinews.fr\/fr\/wp-json\/wp\/v2\/comments?post=434307"}],"version-history":[{"count":0,"href":"https:\/\/www.ecinews.fr\/fr\/wp-json\/wp\/v2\/posts\/434307\/revisions"}],"wp:featuredmedia":[{"embeddable":true,"href":"https:\/\/www.ecinews.fr\/fr\/wp-json\/wp\/v2\/media\/434143"}],"wp:attachment":[{"href":"https:\/\/www.ecinews.fr\/fr\/wp-json\/wp\/v2\/media?parent=434307"}],"wp:term":[{"taxonomy":"category","embeddable":true,"href":"https:\/\/www.ecinews.fr\/fr\/wp-json\/wp\/v2\/categories?post=434307"},{"taxonomy":"post_tag","embeddable":true,"href":"https:\/\/www.ecinews.fr\/fr\/wp-json\/wp\/v2\/tags?post=434307"},{"taxonomy":"domains","embeddable":true,"href":"https:\/\/www.ecinews.fr\/fr\/wp-json\/wp\/v2\/domains?post=434307"},{"taxonomy":"author","embeddable":true,"href":"https:\/\/www.ecinews.fr\/fr\/wp-json\/wp\/v2\/ppma_author?post=434307"}],"curies":[{"name":"wp","href":"https:\/\/api.w.org\/{rel}","templated":true}]}}