{"id":434098,"date":"2023-10-09T14:23:59","date_gmt":"2023-10-09T12:23:59","guid":{"rendered":"https:\/\/www.eenewseurope.com\/?p=434098"},"modified":"2023-10-09T18:03:28","modified_gmt":"2023-10-09T16:03:28","slug":"la-france-investit-120-millions-deuros-dans-un-pionnier-des-microleds","status":"publish","type":"post","link":"https:\/\/www.ecinews.fr\/fr\/la-france-investit-120-millions-deuros-dans-un-pionnier-des-microleds\/","title":{"rendered":"La France investit 120 millions d&rsquo;euros dans un pionnier des microLEDs"},"content":{"rendered":"<h3><span style=\"font-size: 16px;\">Aledia \u00e0 Grenoble, pionnier des microLED, a nomm\u00e9 Pierre Laboisse au poste de PDG et a lev\u00e9 120 millions d&rsquo;euros aupr\u00e8s d&rsquo;investisseurs existants, selon Bpifrance.<\/span><\/h3>\n<p>M. Laboisse \u00e9tait auparavant vice-pr\u00e9sident ex\u00e9cutif d&rsquo;AMS-Osram et remplace Giorgio Anania, qui reste membre du conseil d&rsquo;administration de la soci\u00e9t\u00e9.<\/p>\n<p>Aledia SA (Grenoble) a \u00e9t\u00e9 cr\u00e9\u00e9e en 2011 \u00e0 partir de l&rsquo;institut de recherche CEA-Leti pour d\u00e9velopper une technologie microLED 3D bas\u00e9e sur des nanofils de nitrure de gallium fabriqu\u00e9s sur des plaques de silicium de grande surface. La technologie Aledia est actuellement mise en \u0153uvre sur des plaquettes de silicium de 200 mm et \u00e9voluera vers des plaquettes de silicium de 300 mm pour la production en grande s\u00e9rie.<\/p>\n<p>En 2019, Aledia a commenc\u00e9 la construction d&rsquo;une usine pilote de 4 000 m\u00e8tres carr\u00e9s \u00e0 Echirolles, pr\u00e8s de Grenoble, pour la production de LED \u00e0 nanofils sur des plaquettes de 200 mm de diam\u00e8tre, avec un co\u00fbt de projet de 20 millions d&rsquo;euros.<\/p>\n<p>En 2020, Aledia a choisi Champagnier (pr\u00e8s de Grenoble) pour implanter une usine de production de masse de wafers d&rsquo;une valeur de 50 millions d&rsquo;euros.<\/p>\n<div class=\"block-2-columns__column\">\n<div class=\"block-wysiwyg has-background has-white-background\">\n<p><strong>Avantages concurrentiels des microLED par rapport aux autres technologies<\/strong><\/p>\n<p>Par rapport aux produits existants (LCD, OLEDS, LCOS), cette technologie unique, prot\u00e9g\u00e9e par 238 familles de brevets, offre d&rsquo;\u00e9normes opportunit\u00e9s pour le march\u00e9 de l&rsquo;affichage de 120 milliards de dollars :<\/p>\n<ul>\n<li>Efficacit\u00e9 \u00e9nerg\u00e9tique accrue (dur\u00e9e de vie de la batterie plus longue)<\/li>\n<li>Luminosit\u00e9 sup\u00e9rieure (lisibilit\u00e9 en ext\u00e9rieur)<\/li>\n<li>Meilleure qualit\u00e9 des couleurs<\/li>\n<li>Plage dynamique plus \u00e9lev\u00e9e<\/li>\n<li>Vitesse de commutation d&rsquo;affichage plus rapide<\/li>\n<\/ul>\n<p>Le tout \u00e0 un co\u00fbt de fabrication comp\u00e9titif.<\/p>\n<p><strong>Pixels intelligents<\/strong><\/p>\n<p>Aledia a brevet\u00e9 les Smartpixels, qui placent l&rsquo;\u00e9lectronique \u00e0 l&rsquo;int\u00e9rieur de chaque pixel individuel au niveau de la tranche (plus de 100 millions de pixels \u00e0 la fois). Les Smartpixels brevet\u00e9s d&rsquo;Al\u00e9dia permettent de r\u00e9aliser des \u00e9crans flexibles, transparents, avec une plage dynamique plus \u00e9lev\u00e9e, une meilleure qualit\u00e9 d&rsquo;image et un co\u00fbt moindre que les syst\u00e8mes existants, tout en permettant de nouveaux formats par rapport aux \u00e9crans conventionnels.<\/p>\n<p>L&rsquo;architecture brevet\u00e9e d&rsquo;Al\u00e9dia utilise des briques technologiques bien connues, garantissant de faibles risques technologiques.<\/p>\n<p>A ce jour, Aledia a d\u00e9pos\u00e9 52 brevets pour les Smartpixels,<\/p>\n<\/div>\n<\/div>\n<p>BPI a d\u00e9clar\u00e9 : \u00ab\u00a0Le d\u00e9fi consiste maintenant \u00e0 lancer la production et la commercialisation de ses premiers produits.<\/p>\n<p>Les 120 millions d&rsquo;euros proviennent d&rsquo;actionnaires de long terme d&rsquo;Aledia, dont CEA Investissement, Supernova Invest et les fonds SPI et Ecotechnologies g\u00e9r\u00e9s par Bpifrance. La BPI est une banque publique d&rsquo;investissement appartenant \u00e0 l&rsquo;\u00c9tat.<\/p>\n<h4>Liens et articles connexes :<\/h4>\n<p><a href=\"http:\/\/www.aledia.com\">www.aledia.com<\/a><\/p>\n<p><a href=\"http:\/\/www.bpifrance.fr\">www.bpifrance.fr<\/a><\/p>\n<h4><strong>Articles de presse :<\/strong><\/h4>\n<p><a href=\"https:\/\/www.eenewseurope.com\/en\/apple-set-to-drive-microled-revolution-says-yole\/\">Selon Yole, Apple devrait \u00eatre le moteur de la r\u00e9volution microLED <\/a><\/p>\n<p><a href=\"https:\/\/www.eenewseurope.com\/en\/sheffield-startup-to-develop-microled-displays\/\">Une start-up de Sheffield d\u00e9veloppe des \u00e9crans microLED<\/a><\/p>\n<p><a href=\"https:\/\/www.eenewsanalog.com\/news\/tower-make-aledia-nanowire-leds\">Tower va fabriquer les LED \u00e0 nanofils d&rsquo;Aledia<\/a><\/p>\n<p><a href=\"https:\/\/www.eenewsanalog.com\/news\/intel-ikea-back-nanowire-led-pioneer-aledia\">Intel et Ikea soutiennent Aledia, pionnier des LED \u00e0 nanofils <\/a><\/p>\n","protected":false},"excerpt":{"rendered":"<p>Aledia \u00e0 Grenoble, pionnier des microLED, a nomm\u00e9 Pierre Laboisse au poste de PDG et a lev\u00e9 120 millions d&rsquo;euros aupr\u00e8s d&rsquo;investisseurs existants, selon Bpifrance. M. Laboisse \u00e9tait auparavant vice-pr\u00e9sident ex\u00e9cutif d&rsquo;AMS-Osram et remplace Giorgio Anania, qui reste membre du conseil d&rsquo;administration de la soci\u00e9t\u00e9. Aledia SA (Grenoble) a \u00e9t\u00e9 cr\u00e9\u00e9e en 2011 \u00e0 partir [&hellip;]<\/p>\n","protected":false},"author":34,"featured_media":434096,"comment_status":"closed","ping_status":"closed","sticky":false,"template":"","format":"standard","meta":{"_acf_changed":false,"footnotes":""},"categories":[880],"tags":[4852,889,4851,4850,907],"domains":[47],"ppma_author":[1153,3631],"class_list":["post-434098","post","type-post","status-publish","format-standard","has-post-thumbnail","hentry","category-actualites-economiques","tag-aledia","tag-analog-fr","tag-france-fr","tag-microled-fr","tag-optoelectronics-fr","domains-electronique-eci"],"acf":[],"yoast_head":"<title>La France investit 120 millions d&#039;euros dans un pionnier des mi...<\/title>\n<meta name=\"description\" content=\"Le pionnier des microLEDs, Aledia, a nomm\u00e9 Pierre Laboisse au poste de PDG et a lev\u00e9 120 millions d&#039;euros de fonds aupr\u00e8s de bailleurs de fonds existants,...\" \/>\n<meta name=\"robots\" content=\"index, follow, max-snippet:-1, max-image-preview:large, max-video-preview:-1\" \/>\n<link rel=\"canonical\" href=\"https:\/\/www.ecinews.fr\/fr\/wp-json\/wp\/v2\/posts\/434098\/\" \/>\n<meta property=\"og:locale\" content=\"fr_FR\" \/>\n<meta property=\"og:type\" content=\"article\" \/>\n<meta property=\"og:title\" content=\"La France investit 120 millions d&#039;euros dans un pionnier des microLEDs\" \/>\n<meta property=\"og:description\" content=\"Le pionnier des microLEDs, Aledia, a nomm\u00e9 Pierre Laboisse au poste de PDG et a lev\u00e9 120 millions d&#039;euros de fonds aupr\u00e8s de bailleurs de fonds existants, selon Bpifrance.\" \/>\n<meta property=\"og:url\" content=\"https:\/\/www.ecinews.fr\/fr\/wp-json\/wp\/v2\/posts\/434098\/\" \/>\n<meta property=\"og:site_name\" content=\"EENewsEurope\" \/>\n<meta property=\"article:published_time\" content=\"2023-10-09T12:23:59+00:00\" \/>\n<meta property=\"article:modified_time\" content=\"2023-10-09T16:03:28+00:00\" \/>\n<meta property=\"og:image\" content=\"https:\/\/www.ecinews.fr\/wp-content\/uploads\/2023\/10\/AlediaWafer630.jpg\" \/>\n\t<meta property=\"og:image:width\" content=\"630\" \/>\n\t<meta property=\"og:image:height\" content=\"360\" \/>\n\t<meta property=\"og:image:type\" content=\"image\/jpeg\" \/>\n<meta name=\"author\" content=\"A Delapalisse, Peter Clarke\" \/>\n<meta name=\"twitter:card\" content=\"summary_large_image\" \/>\n<meta name=\"twitter:label1\" content=\"Written by\" \/>\n\t<meta name=\"twitter:data1\" content=\"A Delapalisse\" \/>\n\t<meta name=\"twitter:label2\" content=\"Est. reading time\" \/>\n\t<meta name=\"twitter:data2\" content=\"2 minutes\" \/>\n<script type=\"application\/ld+json\" class=\"yoast-schema-graph\">{\"@context\":\"https:\/\/schema.org\",\"@graph\":[{\"@type\":\"Article\",\"@id\":\"https:\/\/www.ecinews.fr\/fr\/la-france-investit-120-millions-deuros-dans-un-pionnier-des-microleds\/#article\",\"isPartOf\":{\"@id\":\"https:\/\/www.ecinews.fr\/fr\/la-france-investit-120-millions-deuros-dans-un-pionnier-des-microleds\/\"},\"author\":{\"name\":\"A Delapalisse\",\"@id\":\"https:\/\/www.ecinews.fr\/fr\/#\/schema\/person\/0aa2cfb0bd8949724a68cbac8d8321b4\"},\"headline\":\"La France investit 120 millions d&rsquo;euros dans un pionnier des microLEDs\",\"datePublished\":\"2023-10-09T12:23:59+00:00\",\"dateModified\":\"2023-10-09T16:03:28+00:00\",\"mainEntityOfPage\":{\"@id\":\"https:\/\/www.ecinews.fr\/fr\/la-france-investit-120-millions-deuros-dans-un-pionnier-des-microleds\/\"},\"wordCount\":507,\"publisher\":{\"@id\":\"https:\/\/www.ecinews.fr\/fr\/#organization\"},\"keywords\":[\"Aledia\",\"Analog\",\"France\",\"microLED\",\"Optoelectronics\"],\"articleSection\":[\"Actualit\u00e9s \u00e9conomiques\"],\"inLanguage\":\"fr-FR\"},{\"@type\":\"WebPage\",\"@id\":\"https:\/\/www.ecinews.fr\/fr\/la-france-investit-120-millions-deuros-dans-un-pionnier-des-microleds\/\",\"url\":\"https:\/\/www.ecinews.fr\/fr\/la-france-investit-120-millions-deuros-dans-un-pionnier-des-microleds\/\",\"name\":\"La France investit 120 millions d'euros dans un pionnier des microLEDs\",\"isPartOf\":{\"@id\":\"https:\/\/www.ecinews.fr\/fr\/#website\"},\"datePublished\":\"2023-10-09T12:23:59+00:00\",\"dateModified\":\"2023-10-09T16:03:28+00:00\",\"description\":\"Le pionnier des microLEDs, Aledia, a nomm\u00e9 Pierre Laboisse au poste de PDG et a lev\u00e9 120 millions d'euros de fonds aupr\u00e8s de bailleurs de fonds existants, selon Bpifrance.\",\"breadcrumb\":{\"@id\":\"https:\/\/www.ecinews.fr\/fr\/la-france-investit-120-millions-deuros-dans-un-pionnier-des-microleds\/#breadcrumb\"},\"inLanguage\":\"fr-FR\",\"potentialAction\":[{\"@type\":\"ReadAction\",\"target\":[\"https:\/\/www.ecinews.fr\/fr\/la-france-investit-120-millions-deuros-dans-un-pionnier-des-microleds\/\"]}]},{\"@type\":\"BreadcrumbList\",\"@id\":\"https:\/\/www.ecinews.fr\/fr\/la-france-investit-120-millions-deuros-dans-un-pionnier-des-microleds\/#breadcrumb\",\"itemListElement\":[{\"@type\":\"ListItem\",\"position\":1,\"name\":\"Home\",\"item\":\"https:\/\/www.ecinews.fr\/fr\/\"},{\"@type\":\"ListItem\",\"position\":2,\"name\":\"La France investit 120 millions d&rsquo;euros dans un pionnier des microLEDs\"}]},{\"@type\":\"WebSite\",\"@id\":\"https:\/\/www.ecinews.fr\/fr\/#website\",\"url\":\"https:\/\/www.ecinews.fr\/fr\/\",\"name\":\"EENewsEurope\",\"description\":\"Just another WordPress site\",\"publisher\":{\"@id\":\"https:\/\/www.ecinews.fr\/fr\/#organization\"},\"potentialAction\":[{\"@type\":\"SearchAction\",\"target\":{\"@type\":\"EntryPoint\",\"urlTemplate\":\"https:\/\/www.ecinews.fr\/fr\/?s={search_term_string}\"},\"query-input\":\"required name=search_term_string\"}],\"inLanguage\":\"fr-FR\"},{\"@type\":\"Organization\",\"@id\":\"https:\/\/www.ecinews.fr\/fr\/#organization\",\"name\":\"EENewsEurope\",\"url\":\"https:\/\/www.ecinews.fr\/fr\/\",\"logo\":{\"@type\":\"ImageObject\",\"inLanguage\":\"fr-FR\",\"@id\":\"https:\/\/www.ecinews.fr\/fr\/#\/schema\/logo\/image\/\",\"url\":\"https:\/\/www.ecinews.fr\/wp-content\/uploads\/2022\/02\/logo-1.jpg\",\"contentUrl\":\"https:\/\/www.ecinews.fr\/wp-content\/uploads\/2022\/02\/logo-1.jpg\",\"width\":283,\"height\":113,\"caption\":\"EENewsEurope\"},\"image\":{\"@id\":\"https:\/\/www.ecinews.fr\/fr\/#\/schema\/logo\/image\/\"}},{\"@type\":\"Person\",\"@id\":\"https:\/\/www.ecinews.fr\/fr\/#\/schema\/person\/0aa2cfb0bd8949724a68cbac8d8321b4\",\"name\":\"A Delapalisse\",\"image\":{\"@type\":\"ImageObject\",\"inLanguage\":\"fr-FR\",\"@id\":\"https:\/\/www.ecinews.fr\/fr\/#\/schema\/person\/image\/211ac42237c2e9683c0964086c393cb4\",\"url\":\"https:\/\/secure.gravatar.com\/avatar\/ad45a8c5da24bc9c7c4940dd1c48a695?s=96&d=mm&r=g\",\"contentUrl\":\"https:\/\/secure.gravatar.com\/avatar\/ad45a8c5da24bc9c7c4940dd1c48a695?s=96&d=mm&r=g\",\"caption\":\"A Delapalisse\"},\"sameAs\":[\"http:\/\/ECI\"]}]}<\/script>","yoast_head_json":{"title":"La France investit 120 millions d'euros dans un pionnier des mi...","description":"Le pionnier des microLEDs, Aledia, a nomm\u00e9 Pierre Laboisse au poste de PDG et a lev\u00e9 120 millions d'euros de fonds aupr\u00e8s de bailleurs de fonds existants,...","robots":{"index":"index","follow":"follow","max-snippet":"max-snippet:-1","max-image-preview":"max-image-preview:large","max-video-preview":"max-video-preview:-1"},"canonical":"https:\/\/www.ecinews.fr\/fr\/wp-json\/wp\/v2\/posts\/434098\/","og_locale":"fr_FR","og_type":"article","og_title":"La France investit 120 millions d'euros dans un pionnier des microLEDs","og_description":"Le pionnier des microLEDs, Aledia, a nomm\u00e9 Pierre Laboisse au poste de PDG et a lev\u00e9 120 millions d'euros de fonds aupr\u00e8s de bailleurs de fonds existants, selon Bpifrance.","og_url":"https:\/\/www.ecinews.fr\/fr\/wp-json\/wp\/v2\/posts\/434098\/","og_site_name":"EENewsEurope","article_published_time":"2023-10-09T12:23:59+00:00","article_modified_time":"2023-10-09T16:03:28+00:00","og_image":[{"width":630,"height":360,"url":"https:\/\/www.ecinews.fr\/wp-content\/uploads\/2023\/10\/AlediaWafer630.jpg","type":"image\/jpeg"}],"author":"A Delapalisse, Peter Clarke","twitter_card":"summary_large_image","twitter_misc":{"Written by":"A Delapalisse","Est. reading time":"2 minutes"},"schema":{"@context":"https:\/\/schema.org","@graph":[{"@type":"Article","@id":"https:\/\/www.ecinews.fr\/fr\/la-france-investit-120-millions-deuros-dans-un-pionnier-des-microleds\/#article","isPartOf":{"@id":"https:\/\/www.ecinews.fr\/fr\/la-france-investit-120-millions-deuros-dans-un-pionnier-des-microleds\/"},"author":{"name":"A Delapalisse","@id":"https:\/\/www.ecinews.fr\/fr\/#\/schema\/person\/0aa2cfb0bd8949724a68cbac8d8321b4"},"headline":"La France investit 120 millions d&rsquo;euros dans un pionnier des microLEDs","datePublished":"2023-10-09T12:23:59+00:00","dateModified":"2023-10-09T16:03:28+00:00","mainEntityOfPage":{"@id":"https:\/\/www.ecinews.fr\/fr\/la-france-investit-120-millions-deuros-dans-un-pionnier-des-microleds\/"},"wordCount":507,"publisher":{"@id":"https:\/\/www.ecinews.fr\/fr\/#organization"},"keywords":["Aledia","Analog","France","microLED","Optoelectronics"],"articleSection":["Actualit\u00e9s \u00e9conomiques"],"inLanguage":"fr-FR"},{"@type":"WebPage","@id":"https:\/\/www.ecinews.fr\/fr\/la-france-investit-120-millions-deuros-dans-un-pionnier-des-microleds\/","url":"https:\/\/www.ecinews.fr\/fr\/la-france-investit-120-millions-deuros-dans-un-pionnier-des-microleds\/","name":"La France investit 120 millions d'euros dans un pionnier des microLEDs","isPartOf":{"@id":"https:\/\/www.ecinews.fr\/fr\/#website"},"datePublished":"2023-10-09T12:23:59+00:00","dateModified":"2023-10-09T16:03:28+00:00","description":"Le pionnier des microLEDs, Aledia, a nomm\u00e9 Pierre Laboisse au poste de PDG et a lev\u00e9 120 millions d'euros de fonds aupr\u00e8s de bailleurs de fonds existants, selon Bpifrance.","breadcrumb":{"@id":"https:\/\/www.ecinews.fr\/fr\/la-france-investit-120-millions-deuros-dans-un-pionnier-des-microleds\/#breadcrumb"},"inLanguage":"fr-FR","potentialAction":[{"@type":"ReadAction","target":["https:\/\/www.ecinews.fr\/fr\/la-france-investit-120-millions-deuros-dans-un-pionnier-des-microleds\/"]}]},{"@type":"BreadcrumbList","@id":"https:\/\/www.ecinews.fr\/fr\/la-france-investit-120-millions-deuros-dans-un-pionnier-des-microleds\/#breadcrumb","itemListElement":[{"@type":"ListItem","position":1,"name":"Home","item":"https:\/\/www.ecinews.fr\/fr\/"},{"@type":"ListItem","position":2,"name":"La France investit 120 millions d&rsquo;euros dans un pionnier des microLEDs"}]},{"@type":"WebSite","@id":"https:\/\/www.ecinews.fr\/fr\/#website","url":"https:\/\/www.ecinews.fr\/fr\/","name":"EENewsEurope","description":"Just another WordPress site","publisher":{"@id":"https:\/\/www.ecinews.fr\/fr\/#organization"},"potentialAction":[{"@type":"SearchAction","target":{"@type":"EntryPoint","urlTemplate":"https:\/\/www.ecinews.fr\/fr\/?s={search_term_string}"},"query-input":"required name=search_term_string"}],"inLanguage":"fr-FR"},{"@type":"Organization","@id":"https:\/\/www.ecinews.fr\/fr\/#organization","name":"EENewsEurope","url":"https:\/\/www.ecinews.fr\/fr\/","logo":{"@type":"ImageObject","inLanguage":"fr-FR","@id":"https:\/\/www.ecinews.fr\/fr\/#\/schema\/logo\/image\/","url":"https:\/\/www.ecinews.fr\/wp-content\/uploads\/2022\/02\/logo-1.jpg","contentUrl":"https:\/\/www.ecinews.fr\/wp-content\/uploads\/2022\/02\/logo-1.jpg","width":283,"height":113,"caption":"EENewsEurope"},"image":{"@id":"https:\/\/www.ecinews.fr\/fr\/#\/schema\/logo\/image\/"}},{"@type":"Person","@id":"https:\/\/www.ecinews.fr\/fr\/#\/schema\/person\/0aa2cfb0bd8949724a68cbac8d8321b4","name":"A Delapalisse","image":{"@type":"ImageObject","inLanguage":"fr-FR","@id":"https:\/\/www.ecinews.fr\/fr\/#\/schema\/person\/image\/211ac42237c2e9683c0964086c393cb4","url":"https:\/\/secure.gravatar.com\/avatar\/ad45a8c5da24bc9c7c4940dd1c48a695?s=96&d=mm&r=g","contentUrl":"https:\/\/secure.gravatar.com\/avatar\/ad45a8c5da24bc9c7c4940dd1c48a695?s=96&d=mm&r=g","caption":"A Delapalisse"},"sameAs":["http:\/\/ECI"]}]}},"authors":[{"term_id":1153,"user_id":34,"is_guest":0,"slug":"adelapalisse","display_name":"A Delapalisse","avatar_url":"https:\/\/secure.gravatar.com\/avatar\/ad45a8c5da24bc9c7c4940dd1c48a695?s=96&d=mm&r=g","0":null,"1":"","2":"","3":"","4":"","5":"","6":"","7":"","8":""},{"term_id":3631,"user_id":0,"is_guest":1,"slug":"peter-clarke","display_name":"Peter Clarke","avatar_url":"https:\/\/secure.gravatar.com\/avatar\/?s=96&d=mm&r=g","0":null,"1":"","2":"","3":"","4":"","5":"","6":"","7":"","8":""}],"_links":{"self":[{"href":"https:\/\/www.ecinews.fr\/fr\/wp-json\/wp\/v2\/posts\/434098"}],"collection":[{"href":"https:\/\/www.ecinews.fr\/fr\/wp-json\/wp\/v2\/posts"}],"about":[{"href":"https:\/\/www.ecinews.fr\/fr\/wp-json\/wp\/v2\/types\/post"}],"author":[{"embeddable":true,"href":"https:\/\/www.ecinews.fr\/fr\/wp-json\/wp\/v2\/users\/34"}],"replies":[{"embeddable":true,"href":"https:\/\/www.ecinews.fr\/fr\/wp-json\/wp\/v2\/comments?post=434098"}],"version-history":[{"count":0,"href":"https:\/\/www.ecinews.fr\/fr\/wp-json\/wp\/v2\/posts\/434098\/revisions"}],"wp:featuredmedia":[{"embeddable":true,"href":"https:\/\/www.ecinews.fr\/fr\/wp-json\/wp\/v2\/media\/434096"}],"wp:attachment":[{"href":"https:\/\/www.ecinews.fr\/fr\/wp-json\/wp\/v2\/media?parent=434098"}],"wp:term":[{"taxonomy":"category","embeddable":true,"href":"https:\/\/www.ecinews.fr\/fr\/wp-json\/wp\/v2\/categories?post=434098"},{"taxonomy":"post_tag","embeddable":true,"href":"https:\/\/www.ecinews.fr\/fr\/wp-json\/wp\/v2\/tags?post=434098"},{"taxonomy":"domains","embeddable":true,"href":"https:\/\/www.ecinews.fr\/fr\/wp-json\/wp\/v2\/domains?post=434098"},{"taxonomy":"author","embeddable":true,"href":"https:\/\/www.ecinews.fr\/fr\/wp-json\/wp\/v2\/ppma_author?post=434098"}],"curies":[{"name":"wp","href":"https:\/\/api.w.org\/{rel}","templated":true}]}}