{"id":433977,"date":"2023-10-06T18:12:48","date_gmt":"2023-10-06T16:12:48","guid":{"rendered":"https:\/\/www.eenewseurope.com\/?p=433977"},"modified":"2023-10-06T18:12:48","modified_gmt":"2023-10-06T16:12:48","slug":"capteurs-quantiques-pour-la-medecine-et-la-mobilite","status":"publish","type":"post","link":"https:\/\/www.ecinews.fr\/fr\/capteurs-quantiques-pour-la-medecine-et-la-mobilite\/","title":{"rendered":"Bosch s&rsquo;int\u00e9resse aux capteurs quantiques pour la m\u00e9decine et la mobilit\u00e9"},"content":{"rendered":"<h3><span style=\"font-size: 16px;\">Les technologies quantiques ont un grand potentiel,. Apr\u00e8s dix ans de recherche dans ce domaine, Bosch pr\u00e9voit maintenant de travailler avec les premiers clients pilotes dans les secteurs de la m\u00e9decine et de la mobilit\u00e9 sur des applications sp\u00e9cifiques impliquant des capteurs quantiques au cours des deux prochaines ann\u00e9es.<\/span><\/h3>\n<p>Dans la startup Bosch Quantum Sensing, cr\u00e9\u00e9e au d\u00e9but de l&rsquo;ann\u00e9e 2022, une trentaine de collaborateurs se consacrent \u00e0 cette question. Bosch estime que le potentiel du march\u00e9 mondial annuel des applications pour la m\u00e9decine et la mobilit\u00e9 atteindra plusieurs milliards d&rsquo;euros d&rsquo;ici le milieu des ann\u00e9es 2030. L&rsquo;un des domaines d&rsquo;application potentiels des capteurs quantiques, l&rsquo;interface cerveau-ordinateur (BCI), vaudra \u00e0 lui seul plus de cinq milliards d&rsquo;euros\u00a0 par an \u00e0 long terme, selon les calculs de l&rsquo;entreprise. Les capteurs qui enregistrent les impulsions nerveuses afin de contr\u00f4ler les membres artificiels et d&rsquo;am\u00e9liorer ainsi la qualit\u00e9 de vie des patients sont un exemple de son utilisation \u00e0 venir. Les capteurs quantiques que nous cr\u00e9ons dans le domaine de la technologie m\u00e9dicale correspondent parfaitement \u00e0 notre philosophie \u00ab\u00a0Invent\u00e9 pour la vie\u00a0\u00bb. D&rsquo;ici la fin de la d\u00e9cennie, nous voulons occuper une position de leader avec notre technologie\u00a0\u00bb, d\u00e9clare Stefan Hartung, pr\u00e9sident du conseil d&rsquo;administration de Bosch.<\/p>\n<h3>Un leader en mati\u00e8re de miniaturisation<\/h3>\n<p>En termes de pr\u00e9cision de mesure, le prototype de capteur Bosch est le plus petit actuellement disponible &#8211; de la taille d&rsquo;un t\u00e9l\u00e9phone portable. Sa conception compacte offre des avantages consid\u00e9rables partout o\u00f9 l&rsquo;espace est compt\u00e9 &#8211; par exemple, dans les applications industrielles, les v\u00e9hicules, les avions ou m\u00eame les salles d&rsquo;urgence des h\u00f4pitaux. Plus le capteur est petit, plus les avantages sont importants : les petits capteurs sont portables, moins chers \u00e0 produire et donc plus \u00e9volutifs. \u00ab\u00a0Notre objectif est de miniaturiser les capteurs quantiques au point de pouvoir les int\u00e9grer dans une puce\u00a0\u00bb, explique Katrin Kobe, responsable de la commercialisation des capteurs chez Bosch Quantum Sensing. Cela pourrait ouvrir la voie \u00e0 d&rsquo;autres applications.<\/p>\n<h3>Des capteurs quantiques pour sauver des vies<\/h3>\n<p>En m\u00e9decine, les capteurs quantiques de Bosch pourraient contribuer \u00e0 sauver des vies \u00e0 l&rsquo;avenir : en mesurant l&rsquo;activit\u00e9 naturelle du c\u0153ur et en permettant des mesures simples sur une p\u00e9riode plus longue, ils peuvent fournir beaucoup plus de donn\u00e9es que l&rsquo;\u00e9lectrocardiographie (ECG) d&rsquo;aujourd&rsquo;hui qui utilise des \u00e9lectrodes appliqu\u00e9 directement sur la peau. Si celles-ci glissent, les mesures sont impr\u00e9cises et en cas d&rsquo;urgence, la mise en oeuvre de l&rsquo;ECG fait perdre un temps pr\u00e9cieux. Les capteurs quantiques, en revanche, peuvent \u00eatre incorpor\u00e9s dans diff\u00e9rents objets\u00a0 permettant non seulement d&rsquo;acc\u00e9l\u00e9rer le diagnostic dans la salle d&rsquo;urgence, mais aussi de rendre la surveillance \u00e0 domicile simple et pr\u00e9cise. La perspective d&rsquo;une d\u00e9tection pr\u00e9coce sans contact de la fibrillation auriculaire &#8211; l&rsquo;une des causes des accidents vasculaires c\u00e9r\u00e9braux, de l&rsquo;insuffisance cardiaque et de la d\u00e9mence &#8211; est donc \u00e0 port\u00e9e de main.\u00a0<\/p>\n<h3>Navigation ultra-pr\u00e9cise dans l&rsquo;air, sur la route et sur l&rsquo;eau<\/h3>\n<p>Outre la technologie m\u00e9dicale, les capteurs quantiques pourraient \u00e9galement \u00eatre utilis\u00e9s dans le domaine de la mobilit\u00e9. La navigation en est un exemple. Un syst\u00e8me de positionnement global (GPS) est sensible aux interf\u00e9rences, alors que les capteurs quantiques sont r\u00e9sistants aux influences ext\u00e9rieures, puisqu&rsquo;ils fonctionnent en mesurant le champ magn\u00e9tique terrestre immuable. Cela ouvre la voie \u00e0 une navigation ultra-pr\u00e9cise dans l&rsquo;air, sur la route et sur l&rsquo;eau. L&rsquo;\u00e9lectromobilit\u00e9 pourrait \u00e9galement offrir des avantages suppl\u00e9mentaires consid\u00e9rables. \u00c0 l&rsquo;avenir, des capteurs quantiques pourraient \u00eatre utilis\u00e9s pour mesurer pr\u00e9cis\u00e9ment le champ magn\u00e9tique du courant \u00e9lectrique et d\u00e9terminer ainsi le niveau de charge exact de la batterie. Il en r\u00e9sulterait une d\u00e9termination plus fiable de l&rsquo;autonomie restante, pour une meilleure planification des voyages.<\/p>\n<p><a href=\"http:\/\/www.bosch-quantumsensing.com\">www.bosch-quantumsensing.com<\/a><\/p>\n<p><u><a href=\"https:\/\/news.google.com\/publications\/CAAqBwgKMJbcwQswuPfYAw?hl=fr&amp;gl=BE&amp;ceid=BE:fr\" target=\"news.google.com\" rel=\"noopener\">Suivre ECInews sur Google news<\/a><\/u><\/p>\n<p>&nbsp;<\/p>\n","protected":false},"excerpt":{"rendered":"<p>Bosch travaille \u00e0 l&rsquo;int\u00e9gration de capteurs quantiques dans les puces afin de sauver des vies \u00e0 l&rsquo;avenir et de fournir une navigation ultra-pr\u00e9cise.<\/p>\n","protected":false},"author":11,"featured_media":433857,"comment_status":"closed","ping_status":"closed","sticky":false,"template":"","format":"standard","meta":{"_acf_changed":false,"footnotes":""},"categories":[883],"tags":[4838,4837,4835,4834,3341],"domains":[47],"ppma_author":[1143,3682],"class_list":["post-433977","post","type-post","status-publish","format-standard","has-post-thumbnail","hentry","category-technologies","tag-capteur-quantique","tag-champ-magnetique","tag-ecg-fr","tag-mobilite","tag-navigation-fr","domains-electronique-eci"],"acf":[],"yoast_head":"<title>Bosch s&#039;int\u00e9resse aux capteurs quantiques pour la m\u00e9decine et...<\/title>\n<meta name=\"description\" content=\"Iint\u00e9gration de capteurs quantiques dans les puces afin de sauver des vies et de fournir une navigation ultra-pr\u00e9cise.\" \/>\n<meta name=\"robots\" content=\"index, follow, max-snippet:-1, max-image-preview:large, max-video-preview:-1\" \/>\n<link rel=\"canonical\" href=\"https:\/\/www.ecinews.fr\/fr\/wp-json\/wp\/v2\/posts\/433977\/\" \/>\n<meta property=\"og:locale\" content=\"fr_FR\" \/>\n<meta property=\"og:type\" content=\"article\" \/>\n<meta property=\"og:title\" content=\"Bosch s&#039;int\u00e9resse aux capteurs quantiques pour la m\u00e9decine et la mobilit\u00e9\" \/>\n<meta property=\"og:description\" content=\"Iint\u00e9gration de capteurs quantiques dans les puces afin de sauver des vies et de fournir une navigation ultra-pr\u00e9cise.\" \/>\n<meta property=\"og:url\" content=\"https:\/\/www.ecinews.fr\/fr\/wp-json\/wp\/v2\/posts\/433977\/\" \/>\n<meta property=\"og:site_name\" content=\"EENewsEurope\" \/>\n<meta property=\"article:published_time\" content=\"2023-10-06T16:12:48+00:00\" \/>\n<meta property=\"og:image\" content=\"https:\/\/www.ecinews.fr\/wp-content\/uploads\/2023\/10\/2023-10-05-Bosch-Quamtum-Sensors-scaled.jpg\" \/>\n\t<meta property=\"og:image:width\" content=\"1080\" \/>\n\t<meta property=\"og:image:height\" content=\"720\" \/>\n\t<meta property=\"og:image:type\" content=\"image\/jpeg\" \/>\n<meta name=\"author\" content=\"Daniel Cardon, Jean-Pierre Joosting\" \/>\n<meta name=\"twitter:card\" content=\"summary_large_image\" \/>\n<meta name=\"twitter:label1\" content=\"Written by\" \/>\n\t<meta name=\"twitter:data1\" content=\"Daniel Cardon\" \/>\n\t<meta name=\"twitter:label2\" content=\"Est. reading time\" \/>\n\t<meta name=\"twitter:data2\" content=\"4 minutes\" \/>\n<script type=\"application\/ld+json\" class=\"yoast-schema-graph\">{\"@context\":\"https:\/\/schema.org\",\"@graph\":[{\"@type\":\"Article\",\"@id\":\"https:\/\/www.ecinews.fr\/fr\/capteurs-quantiques-pour-la-medecine-et-la-mobilite\/#article\",\"isPartOf\":{\"@id\":\"https:\/\/www.ecinews.fr\/fr\/capteurs-quantiques-pour-la-medecine-et-la-mobilite\/\"},\"author\":{\"name\":\"Daniel Cardon\",\"@id\":\"https:\/\/www.ecinews.fr\/fr\/#\/schema\/person\/93c44cde463762f40a8236eaa44c1c17\"},\"headline\":\"Bosch s&rsquo;int\u00e9resse aux capteurs quantiques pour la m\u00e9decine et la mobilit\u00e9\",\"datePublished\":\"2023-10-06T16:12:48+00:00\",\"dateModified\":\"2023-10-06T16:12:48+00:00\",\"mainEntityOfPage\":{\"@id\":\"https:\/\/www.ecinews.fr\/fr\/capteurs-quantiques-pour-la-medecine-et-la-mobilite\/\"},\"wordCount\":705,\"publisher\":{\"@id\":\"https:\/\/www.ecinews.fr\/fr\/#organization\"},\"keywords\":[\"Capteur quantique\",\"Champ magn\u00e9tique\",\"ECG\",\"Mobilit\u00e9\",\"Navigation\"],\"articleSection\":[\"Technologies\"],\"inLanguage\":\"fr-FR\"},{\"@type\":\"WebPage\",\"@id\":\"https:\/\/www.ecinews.fr\/fr\/capteurs-quantiques-pour-la-medecine-et-la-mobilite\/\",\"url\":\"https:\/\/www.ecinews.fr\/fr\/capteurs-quantiques-pour-la-medecine-et-la-mobilite\/\",\"name\":\"Bosch s'int\u00e9resse aux capteurs quantiques pour la m\u00e9decine et la mobilit\u00e9 -\",\"isPartOf\":{\"@id\":\"https:\/\/www.ecinews.fr\/fr\/#website\"},\"datePublished\":\"2023-10-06T16:12:48+00:00\",\"dateModified\":\"2023-10-06T16:12:48+00:00\",\"description\":\"Iint\u00e9gration de capteurs quantiques dans les puces afin de sauver des vies et de fournir une navigation ultra-pr\u00e9cise.\",\"breadcrumb\":{\"@id\":\"https:\/\/www.ecinews.fr\/fr\/capteurs-quantiques-pour-la-medecine-et-la-mobilite\/#breadcrumb\"},\"inLanguage\":\"fr-FR\",\"potentialAction\":[{\"@type\":\"ReadAction\",\"target\":[\"https:\/\/www.ecinews.fr\/fr\/capteurs-quantiques-pour-la-medecine-et-la-mobilite\/\"]}]},{\"@type\":\"BreadcrumbList\",\"@id\":\"https:\/\/www.ecinews.fr\/fr\/capteurs-quantiques-pour-la-medecine-et-la-mobilite\/#breadcrumb\",\"itemListElement\":[{\"@type\":\"ListItem\",\"position\":1,\"name\":\"Home\",\"item\":\"https:\/\/www.ecinews.fr\/fr\/\"},{\"@type\":\"ListItem\",\"position\":2,\"name\":\"Bosch s&rsquo;int\u00e9resse aux capteurs quantiques pour la m\u00e9decine et la mobilit\u00e9\"}]},{\"@type\":\"WebSite\",\"@id\":\"https:\/\/www.ecinews.fr\/fr\/#website\",\"url\":\"https:\/\/www.ecinews.fr\/fr\/\",\"name\":\"EENewsEurope\",\"description\":\"Just another WordPress site\",\"publisher\":{\"@id\":\"https:\/\/www.ecinews.fr\/fr\/#organization\"},\"potentialAction\":[{\"@type\":\"SearchAction\",\"target\":{\"@type\":\"EntryPoint\",\"urlTemplate\":\"https:\/\/www.ecinews.fr\/fr\/?s={search_term_string}\"},\"query-input\":\"required name=search_term_string\"}],\"inLanguage\":\"fr-FR\"},{\"@type\":\"Organization\",\"@id\":\"https:\/\/www.ecinews.fr\/fr\/#organization\",\"name\":\"EENewsEurope\",\"url\":\"https:\/\/www.ecinews.fr\/fr\/\",\"logo\":{\"@type\":\"ImageObject\",\"inLanguage\":\"fr-FR\",\"@id\":\"https:\/\/www.ecinews.fr\/fr\/#\/schema\/logo\/image\/\",\"url\":\"https:\/\/www.ecinews.fr\/wp-content\/uploads\/2022\/02\/logo-1.jpg\",\"contentUrl\":\"https:\/\/www.ecinews.fr\/wp-content\/uploads\/2022\/02\/logo-1.jpg\",\"width\":283,\"height\":113,\"caption\":\"EENewsEurope\"},\"image\":{\"@id\":\"https:\/\/www.ecinews.fr\/fr\/#\/schema\/logo\/image\/\"}},{\"@type\":\"Person\",\"@id\":\"https:\/\/www.ecinews.fr\/fr\/#\/schema\/person\/93c44cde463762f40a8236eaa44c1c17\",\"name\":\"Daniel Cardon\",\"image\":{\"@type\":\"ImageObject\",\"inLanguage\":\"fr-FR\",\"@id\":\"https:\/\/www.ecinews.fr\/fr\/#\/schema\/person\/image\/2b243f6bcc1cff7d86aadfb2cd0bd870\",\"url\":\"https:\/\/secure.gravatar.com\/avatar\/de9edc136dfc061ad4778e04635baefa?s=96&d=mm&r=g\",\"contentUrl\":\"https:\/\/secure.gravatar.com\/avatar\/de9edc136dfc061ad4778e04635baefa?s=96&d=mm&r=g\",\"caption\":\"Daniel Cardon\"}}]}<\/script>","yoast_head_json":{"title":"Bosch s'int\u00e9resse aux capteurs quantiques pour la m\u00e9decine et...","description":"Iint\u00e9gration de capteurs quantiques dans les puces afin de sauver des vies et de fournir une navigation ultra-pr\u00e9cise.","robots":{"index":"index","follow":"follow","max-snippet":"max-snippet:-1","max-image-preview":"max-image-preview:large","max-video-preview":"max-video-preview:-1"},"canonical":"https:\/\/www.ecinews.fr\/fr\/wp-json\/wp\/v2\/posts\/433977\/","og_locale":"fr_FR","og_type":"article","og_title":"Bosch s'int\u00e9resse aux capteurs quantiques pour la m\u00e9decine et la mobilit\u00e9","og_description":"Iint\u00e9gration de capteurs quantiques dans les puces afin de sauver des vies et de fournir une navigation ultra-pr\u00e9cise.","og_url":"https:\/\/www.ecinews.fr\/fr\/wp-json\/wp\/v2\/posts\/433977\/","og_site_name":"EENewsEurope","article_published_time":"2023-10-06T16:12:48+00:00","og_image":[{"width":1080,"height":720,"url":"https:\/\/www.ecinews.fr\/wp-content\/uploads\/2023\/10\/2023-10-05-Bosch-Quamtum-Sensors-scaled.jpg","type":"image\/jpeg"}],"author":"Daniel Cardon, Jean-Pierre Joosting","twitter_card":"summary_large_image","twitter_misc":{"Written by":"Daniel Cardon","Est. reading time":"4 minutes"},"schema":{"@context":"https:\/\/schema.org","@graph":[{"@type":"Article","@id":"https:\/\/www.ecinews.fr\/fr\/capteurs-quantiques-pour-la-medecine-et-la-mobilite\/#article","isPartOf":{"@id":"https:\/\/www.ecinews.fr\/fr\/capteurs-quantiques-pour-la-medecine-et-la-mobilite\/"},"author":{"name":"Daniel Cardon","@id":"https:\/\/www.ecinews.fr\/fr\/#\/schema\/person\/93c44cde463762f40a8236eaa44c1c17"},"headline":"Bosch s&rsquo;int\u00e9resse aux capteurs quantiques pour la m\u00e9decine et la mobilit\u00e9","datePublished":"2023-10-06T16:12:48+00:00","dateModified":"2023-10-06T16:12:48+00:00","mainEntityOfPage":{"@id":"https:\/\/www.ecinews.fr\/fr\/capteurs-quantiques-pour-la-medecine-et-la-mobilite\/"},"wordCount":705,"publisher":{"@id":"https:\/\/www.ecinews.fr\/fr\/#organization"},"keywords":["Capteur quantique","Champ magn\u00e9tique","ECG","Mobilit\u00e9","Navigation"],"articleSection":["Technologies"],"inLanguage":"fr-FR"},{"@type":"WebPage","@id":"https:\/\/www.ecinews.fr\/fr\/capteurs-quantiques-pour-la-medecine-et-la-mobilite\/","url":"https:\/\/www.ecinews.fr\/fr\/capteurs-quantiques-pour-la-medecine-et-la-mobilite\/","name":"Bosch s'int\u00e9resse aux capteurs quantiques pour la m\u00e9decine et la mobilit\u00e9 -","isPartOf":{"@id":"https:\/\/www.ecinews.fr\/fr\/#website"},"datePublished":"2023-10-06T16:12:48+00:00","dateModified":"2023-10-06T16:12:48+00:00","description":"Iint\u00e9gration de capteurs quantiques dans les puces afin de sauver des vies et de fournir une navigation ultra-pr\u00e9cise.","breadcrumb":{"@id":"https:\/\/www.ecinews.fr\/fr\/capteurs-quantiques-pour-la-medecine-et-la-mobilite\/#breadcrumb"},"inLanguage":"fr-FR","potentialAction":[{"@type":"ReadAction","target":["https:\/\/www.ecinews.fr\/fr\/capteurs-quantiques-pour-la-medecine-et-la-mobilite\/"]}]},{"@type":"BreadcrumbList","@id":"https:\/\/www.ecinews.fr\/fr\/capteurs-quantiques-pour-la-medecine-et-la-mobilite\/#breadcrumb","itemListElement":[{"@type":"ListItem","position":1,"name":"Home","item":"https:\/\/www.ecinews.fr\/fr\/"},{"@type":"ListItem","position":2,"name":"Bosch s&rsquo;int\u00e9resse aux capteurs quantiques pour la m\u00e9decine et la mobilit\u00e9"}]},{"@type":"WebSite","@id":"https:\/\/www.ecinews.fr\/fr\/#website","url":"https:\/\/www.ecinews.fr\/fr\/","name":"EENewsEurope","description":"Just another WordPress site","publisher":{"@id":"https:\/\/www.ecinews.fr\/fr\/#organization"},"potentialAction":[{"@type":"SearchAction","target":{"@type":"EntryPoint","urlTemplate":"https:\/\/www.ecinews.fr\/fr\/?s={search_term_string}"},"query-input":"required name=search_term_string"}],"inLanguage":"fr-FR"},{"@type":"Organization","@id":"https:\/\/www.ecinews.fr\/fr\/#organization","name":"EENewsEurope","url":"https:\/\/www.ecinews.fr\/fr\/","logo":{"@type":"ImageObject","inLanguage":"fr-FR","@id":"https:\/\/www.ecinews.fr\/fr\/#\/schema\/logo\/image\/","url":"https:\/\/www.ecinews.fr\/wp-content\/uploads\/2022\/02\/logo-1.jpg","contentUrl":"https:\/\/www.ecinews.fr\/wp-content\/uploads\/2022\/02\/logo-1.jpg","width":283,"height":113,"caption":"EENewsEurope"},"image":{"@id":"https:\/\/www.ecinews.fr\/fr\/#\/schema\/logo\/image\/"}},{"@type":"Person","@id":"https:\/\/www.ecinews.fr\/fr\/#\/schema\/person\/93c44cde463762f40a8236eaa44c1c17","name":"Daniel Cardon","image":{"@type":"ImageObject","inLanguage":"fr-FR","@id":"https:\/\/www.ecinews.fr\/fr\/#\/schema\/person\/image\/2b243f6bcc1cff7d86aadfb2cd0bd870","url":"https:\/\/secure.gravatar.com\/avatar\/de9edc136dfc061ad4778e04635baefa?s=96&d=mm&r=g","contentUrl":"https:\/\/secure.gravatar.com\/avatar\/de9edc136dfc061ad4778e04635baefa?s=96&d=mm&r=g","caption":"Daniel Cardon"}}]}},"authors":[{"term_id":1143,"user_id":11,"is_guest":0,"slug":"danielcardon","display_name":"Daniel Cardon","avatar_url":"https:\/\/secure.gravatar.com\/avatar\/de9edc136dfc061ad4778e04635baefa?s=96&d=mm&r=g","0":null,"1":"","2":"","3":"","4":"","5":"","6":"","7":"","8":""},{"term_id":3682,"user_id":0,"is_guest":1,"slug":"jean-pierre-joosting","display_name":"Jean-Pierre Joosting","avatar_url":"https:\/\/secure.gravatar.com\/avatar\/?s=96&d=mm&r=g","0":null,"1":"","2":"","3":"","4":"","5":"","6":"","7":"","8":""}],"_links":{"self":[{"href":"https:\/\/www.ecinews.fr\/fr\/wp-json\/wp\/v2\/posts\/433977"}],"collection":[{"href":"https:\/\/www.ecinews.fr\/fr\/wp-json\/wp\/v2\/posts"}],"about":[{"href":"https:\/\/www.ecinews.fr\/fr\/wp-json\/wp\/v2\/types\/post"}],"author":[{"embeddable":true,"href":"https:\/\/www.ecinews.fr\/fr\/wp-json\/wp\/v2\/users\/11"}],"replies":[{"embeddable":true,"href":"https:\/\/www.ecinews.fr\/fr\/wp-json\/wp\/v2\/comments?post=433977"}],"version-history":[{"count":0,"href":"https:\/\/www.ecinews.fr\/fr\/wp-json\/wp\/v2\/posts\/433977\/revisions"}],"wp:featuredmedia":[{"embeddable":true,"href":"https:\/\/www.ecinews.fr\/fr\/wp-json\/wp\/v2\/media\/433857"}],"wp:attachment":[{"href":"https:\/\/www.ecinews.fr\/fr\/wp-json\/wp\/v2\/media?parent=433977"}],"wp:term":[{"taxonomy":"category","embeddable":true,"href":"https:\/\/www.ecinews.fr\/fr\/wp-json\/wp\/v2\/categories?post=433977"},{"taxonomy":"post_tag","embeddable":true,"href":"https:\/\/www.ecinews.fr\/fr\/wp-json\/wp\/v2\/tags?post=433977"},{"taxonomy":"domains","embeddable":true,"href":"https:\/\/www.ecinews.fr\/fr\/wp-json\/wp\/v2\/domains?post=433977"},{"taxonomy":"author","embeddable":true,"href":"https:\/\/www.ecinews.fr\/fr\/wp-json\/wp\/v2\/ppma_author?post=433977"}],"curies":[{"name":"wp","href":"https:\/\/api.w.org\/{rel}","templated":true}]}}