{"id":433902,"date":"2023-10-05T16:29:09","date_gmt":"2023-10-05T14:29:09","guid":{"rendered":"https:\/\/www.ecinews.fr\/?p=433902"},"modified":"2023-10-05T16:29:09","modified_gmt":"2023-10-05T14:29:09","slug":"lautoreparation-delectromenager-en-croissance-exponentielle","status":"publish","type":"post","link":"https:\/\/www.ecinews.fr\/fr\/lautoreparation-delectromenager-en-croissance-exponentielle\/","title":{"rendered":"L\u2019autor\u00e9paration d\u2019\u00e9lectrom\u00e9nager en croissance exponentielle"},"content":{"rendered":"<h3><span style=\"font-size: 16px;\">SOS Accessoire pr\u00e9voit de franchir la barre des 1 millions d\u2019appareils \u201csauv\u00e9s\u201d d\u2019ici la fin de l\u2019ann\u00e9e 2023, un record dans son histoire.<\/span><\/h3>\n<p>L\u2019entreprise francilienne, qui est leader en France et en Europe de la vente de pi\u00e8ces d\u00e9tach\u00e9es et de l\u2019autor\u00e9paration pour les particuliers, a d\u00e9j\u00e0 contribu\u00e9 \u00e0 la r\u00e9paration de 760 750 \u00e9lectrom\u00e9nagers depuis d\u00e9but 2023.\u00a0En 2022, elle avait aid\u00e9 \u00e0 r\u00e9parer 820 425 appareils. Un nombre qui poursuit une progression significative, montrant que la r\u00e9paration devient une nouvelle habitude pour de nombreux Fran\u00e7ais. Des chiffres \u00e0 comparer aux 3 millions d\u2019appareils cumul\u00e9s que SOS Accessoire a contribu\u00e9 \u00e0 r\u00e9parer entre 2008 et 2022.<br \/>\nCes chiffres font \u00e9cho \u00e0 un r\u00e9cent sondage Ipsos, qui montre que 63% des Fran\u00e7ais se tournent vers la r\u00e9paration de leur \u00e9lectrom\u00e9nager en cas de panne. Et 6 Fran\u00e7ais sur 10 d\u00e9clarent essayer de r\u00e9parer eux-m\u00eames des \u00e9quipements \u00e9lectriques en panne.<br \/>\nSOS Accessoire a enregistr\u00e9 une croissance de son CA de +50% depuis le d\u00e9but de l\u2019ann\u00e9e. Sa cha\u00eene YouTube, qui propose un contenu didactique et contextualis\u00e9 d\u2019aide \u00e0 la r\u00e9paration d\u2019\u00e9lectrom\u00e9nager, enregistre pr\u00e8s d\u20191 million de vues mensuelles, avec un cumul de plus de 20 millions de vues depuis sa cr\u00e9ation. Les 760 750 appareils \u201csauv\u00e9s\u201d par SOS Accessoire en 2023 sont r\u00e9partis dans toutes les cat\u00e9gories d\u2019\u00e9lectrom\u00e9nager dont 50% concentr\u00e9s sur les lave-linge, lave-vaisselle et machines \u00e0 caf\u00e9.\u00a0Pourtant, d\u2019apr\u00e8s Ipsos, 41% des Fran\u00e7ais consid\u00e8rent encore que les appareils \u00e9lectrom\u00e9nagers sont impossibles \u00e0 r\u00e9parer. Il reste encore du travail pour faire \u00e9voluer les comportements des Fran\u00e7ais dans cette pratique vertueuse qu\u2019est la r\u00e9paration.\u00a0<\/p>\n<p>Pour Olivier de Montlivault, Pr\u00e9sident de SOS Accessoire :\u00a0\u00ab Le Bonus R\u00e9paration va sans aucun doute ancrer le r\u00e9flexe de la r\u00e9paration d\u2019\u00e9lectrom\u00e9nager. Mais pour continuer \u00e0 faire \u00e9voluer les mentalit\u00e9s, la p\u00e9dagogie et l\u2019accompagnement sont essentiels. C\u2019est ce que nous faisons avec nos tutos et\u00a0 notre chatbot. La r\u00e9paration\/l\u2019autor\u00e9paration d\u2019\u00e9lectrom\u00e9nager est un secteur o\u00f9 la France est v\u00e9ritablement en pointe, l\u2019engouement des consommateurs fran\u00e7ais le montre. Nous entrevoyons chez SOS Accessoire une ann\u00e9e-record en 2023. \u00bb<\/p>\n<p><strong>A propos de SOS Accessoire\u00a0:<br \/>\n<\/strong>SOS Accessoire est le leader fran\u00e7ais de l\u2019accompagnement des utilisateurs qui veulent entretenir et r\u00e9parer leurs appareils \u00e9lectrom\u00e9nagers. Fond\u00e9e en 2008, l\u2019entreprise propose de nombreuses solutions pour r\u00e9parer son \u00e9lectrom\u00e9nager de la fa\u00e7on la plus simple possible en 48 heures.\u00a0Depuis sa cr\u00e9ation, SOS Accessoire a permis de continuer \u00e0 \u00ab faire vivre \u00bb plus de 3 millions d\u2019appareils, \u00e9vitant ainsi le rejet de 613 467 tonnes de CO2 et la destruction de 115 885 tonnes de d\u00e9chets \u00e9lectrom\u00e9nagers. SOS Accessoire poss\u00e8de des pi\u00e8ces pour 250 000 mod\u00e8les d\u2019appareils.<\/p>\n<p>&nbsp;<\/p>\n<p><a href=\"https:\/\/www.sosaccessoire.com\/\">https:\/\/www.sos-accessoire.com<\/a><\/p>\n<p><a href=\"https:\/\/news.google.com\/publications\/CAAqBwgKMJbcwQswuPfYAw?hl=fr&amp;gl=BE&amp;ceid=BE:fr\">Suivre ECInews sur Google news<\/a><\/p>\n","protected":false},"excerpt":{"rendered":"<p>SOS Accessoire pr\u00e9voit de franchir la barre des 1 millions d\u2019appareils \u201csauv\u00e9s\u201d d\u2019ici la fin de l\u2019ann\u00e9e 2023, un record dans son histoire. L\u2019entreprise francilienne, qui est leader en France et en Europe de la vente de pi\u00e8ces d\u00e9tach\u00e9es et de l\u2019autor\u00e9paration pour les particuliers, a d\u00e9j\u00e0 contribu\u00e9 \u00e0 la r\u00e9paration de 760 750 \u00e9lectrom\u00e9nagers [&hellip;]<\/p>\n","protected":false},"author":36,"featured_media":433903,"comment_status":"closed","ping_status":"closed","sticky":false,"template":"","format":"standard","meta":{"_acf_changed":false,"footnotes":""},"categories":[886],"tags":[],"domains":[47],"ppma_author":[1154],"class_list":["post-433902","post","type-post","status-publish","format-standard","has-post-thumbnail","hentry","category-news-fr","domains-electronique-eci"],"acf":[],"yoast_head":"<title>L\u2019autor\u00e9paration d\u2019\u00e9lectrom\u00e9nager en croissance exponent...<\/title>\n<meta name=\"description\" content=\"SOS Accessoire pr\u00e9voit de franchir la barre des 1 millions d\u2019appareils \u201csauv\u00e9s\u201d d\u2019ici la fin de l\u2019ann\u00e9e 2023, un record dans son histoire.\" \/>\n<meta name=\"robots\" content=\"index, follow, max-snippet:-1, max-image-preview:large, max-video-preview:-1\" \/>\n<link rel=\"canonical\" href=\"https:\/\/www.ecinews.fr\/fr\/wp-json\/wp\/v2\/posts\/433902\/\" \/>\n<meta property=\"og:locale\" content=\"fr_FR\" \/>\n<meta property=\"og:type\" content=\"article\" \/>\n<meta property=\"og:title\" content=\"L\u2019autor\u00e9paration d\u2019\u00e9lectrom\u00e9nager en croissance exponentielle\" \/>\n<meta property=\"og:description\" content=\"SOS Accessoire pr\u00e9voit de franchir la barre des 1 millions d\u2019appareils \u201csauv\u00e9s\u201d d\u2019ici la fin de l\u2019ann\u00e9e 2023, un record dans son histoire.\" \/>\n<meta property=\"og:url\" content=\"https:\/\/www.ecinews.fr\/fr\/wp-json\/wp\/v2\/posts\/433902\/\" \/>\n<meta property=\"og:site_name\" content=\"EENewsEurope\" \/>\n<meta property=\"article:published_time\" content=\"2023-10-05T14:29:09+00:00\" \/>\n<meta property=\"og:image\" content=\"https:\/\/www.ecinews.fr\/wp-content\/uploads\/2023\/10\/ECI2013_SOS-Accessoire-actu.jpg\" \/>\n\t<meta property=\"og:image:width\" content=\"199\" \/>\n\t<meta property=\"og:image:height\" content=\"141\" \/>\n\t<meta property=\"og:image:type\" content=\"image\/jpeg\" \/>\n<meta name=\"author\" content=\"Alain Dieul\" \/>\n<meta name=\"twitter:card\" content=\"summary_large_image\" \/>\n<meta name=\"twitter:label1\" content=\"Written by\" \/>\n\t<meta name=\"twitter:data1\" content=\"Alain Dieul\" \/>\n\t<meta name=\"twitter:label2\" content=\"Est. reading time\" \/>\n\t<meta name=\"twitter:data2\" content=\"2 minutes\" \/>\n<script type=\"application\/ld+json\" class=\"yoast-schema-graph\">{\"@context\":\"https:\/\/schema.org\",\"@graph\":[{\"@type\":\"Article\",\"@id\":\"https:\/\/www.ecinews.fr\/fr\/lautoreparation-delectromenager-en-croissance-exponentielle\/#article\",\"isPartOf\":{\"@id\":\"https:\/\/www.ecinews.fr\/fr\/lautoreparation-delectromenager-en-croissance-exponentielle\/\"},\"author\":{\"name\":\"Alain Dieul\",\"@id\":\"https:\/\/www.eenewseurope.com\/en\/#\/schema\/person\/e4387676ad67ce722325c7832f3c3762\"},\"headline\":\"L\u2019autor\u00e9paration d\u2019\u00e9lectrom\u00e9nager en croissance exponentielle\",\"datePublished\":\"2023-10-05T14:29:09+00:00\",\"dateModified\":\"2023-10-05T14:29:09+00:00\",\"mainEntityOfPage\":{\"@id\":\"https:\/\/www.ecinews.fr\/fr\/lautoreparation-delectromenager-en-croissance-exponentielle\/\"},\"wordCount\":500,\"publisher\":{\"@id\":\"https:\/\/www.eenewseurope.com\/en\/#organization\"},\"articleSection\":[\"Actualit\u00e9 g\u00e9n\u00e9rale\"],\"inLanguage\":\"fr-FR\"},{\"@type\":\"WebPage\",\"@id\":\"https:\/\/www.ecinews.fr\/fr\/lautoreparation-delectromenager-en-croissance-exponentielle\/\",\"url\":\"https:\/\/www.ecinews.fr\/fr\/lautoreparation-delectromenager-en-croissance-exponentielle\/\",\"name\":\"L\u2019autor\u00e9paration d\u2019\u00e9lectrom\u00e9nager en croissance exponentielle -\",\"isPartOf\":{\"@id\":\"https:\/\/www.eenewseurope.com\/en\/#website\"},\"datePublished\":\"2023-10-05T14:29:09+00:00\",\"dateModified\":\"2023-10-05T14:29:09+00:00\",\"description\":\"SOS Accessoire pr\u00e9voit de franchir la barre des 1 millions d\u2019appareils \u201csauv\u00e9s\u201d d\u2019ici la fin de l\u2019ann\u00e9e 2023, un record dans son histoire.\",\"breadcrumb\":{\"@id\":\"https:\/\/www.ecinews.fr\/fr\/lautoreparation-delectromenager-en-croissance-exponentielle\/#breadcrumb\"},\"inLanguage\":\"fr-FR\",\"potentialAction\":[{\"@type\":\"ReadAction\",\"target\":[\"https:\/\/www.ecinews.fr\/fr\/lautoreparation-delectromenager-en-croissance-exponentielle\/\"]}]},{\"@type\":\"BreadcrumbList\",\"@id\":\"https:\/\/www.ecinews.fr\/fr\/lautoreparation-delectromenager-en-croissance-exponentielle\/#breadcrumb\",\"itemListElement\":[{\"@type\":\"ListItem\",\"position\":1,\"name\":\"Home\",\"item\":\"https:\/\/www.ecinews.fr\/fr\/\"},{\"@type\":\"ListItem\",\"position\":2,\"name\":\"L\u2019autor\u00e9paration d\u2019\u00e9lectrom\u00e9nager en croissance exponentielle\"}]},{\"@type\":\"WebSite\",\"@id\":\"https:\/\/www.eenewseurope.com\/en\/#website\",\"url\":\"https:\/\/www.eenewseurope.com\/en\/\",\"name\":\"EENewsEurope\",\"description\":\"Just another WordPress site\",\"publisher\":{\"@id\":\"https:\/\/www.eenewseurope.com\/en\/#organization\"},\"potentialAction\":[{\"@type\":\"SearchAction\",\"target\":{\"@type\":\"EntryPoint\",\"urlTemplate\":\"https:\/\/www.eenewseurope.com\/en\/?s={search_term_string}\"},\"query-input\":\"required name=search_term_string\"}],\"inLanguage\":\"fr-FR\"},{\"@type\":\"Organization\",\"@id\":\"https:\/\/www.eenewseurope.com\/en\/#organization\",\"name\":\"EENewsEurope\",\"url\":\"https:\/\/www.eenewseurope.com\/en\/\",\"logo\":{\"@type\":\"ImageObject\",\"inLanguage\":\"fr-FR\",\"@id\":\"https:\/\/www.eenewseurope.com\/en\/#\/schema\/logo\/image\/\",\"url\":\"https:\/\/www.ecinews.fr\/wp-content\/uploads\/2022\/02\/logo-1.jpg\",\"contentUrl\":\"https:\/\/www.ecinews.fr\/wp-content\/uploads\/2022\/02\/logo-1.jpg\",\"width\":283,\"height\":113,\"caption\":\"EENewsEurope\"},\"image\":{\"@id\":\"https:\/\/www.eenewseurope.com\/en\/#\/schema\/logo\/image\/\"}},{\"@type\":\"Person\",\"@id\":\"https:\/\/www.eenewseurope.com\/en\/#\/schema\/person\/e4387676ad67ce722325c7832f3c3762\",\"name\":\"Alain Dieul\",\"image\":{\"@type\":\"ImageObject\",\"inLanguage\":\"fr-FR\",\"@id\":\"https:\/\/www.eenewseurope.com\/en\/#\/schema\/person\/image\/736120675699dbbf0f0f282b9a9cfb75\",\"url\":\"https:\/\/secure.gravatar.com\/avatar\/bc93b056d07515be5b8eecd4acf49c5c?s=96&d=mm&r=g\",\"contentUrl\":\"https:\/\/secure.gravatar.com\/avatar\/bc93b056d07515be5b8eecd4acf49c5c?s=96&d=mm&r=g\",\"caption\":\"Alain Dieul\"},\"sameAs\":[\"http:\/\/ECINews\"]}]}<\/script>","yoast_head_json":{"title":"L\u2019autor\u00e9paration d\u2019\u00e9lectrom\u00e9nager en croissance exponent...","description":"SOS Accessoire pr\u00e9voit de franchir la barre des 1 millions d\u2019appareils \u201csauv\u00e9s\u201d d\u2019ici la fin de l\u2019ann\u00e9e 2023, un record dans son histoire.","robots":{"index":"index","follow":"follow","max-snippet":"max-snippet:-1","max-image-preview":"max-image-preview:large","max-video-preview":"max-video-preview:-1"},"canonical":"https:\/\/www.ecinews.fr\/fr\/wp-json\/wp\/v2\/posts\/433902\/","og_locale":"fr_FR","og_type":"article","og_title":"L\u2019autor\u00e9paration d\u2019\u00e9lectrom\u00e9nager en croissance exponentielle","og_description":"SOS Accessoire pr\u00e9voit de franchir la barre des 1 millions d\u2019appareils \u201csauv\u00e9s\u201d d\u2019ici la fin de l\u2019ann\u00e9e 2023, un record dans son histoire.","og_url":"https:\/\/www.ecinews.fr\/fr\/wp-json\/wp\/v2\/posts\/433902\/","og_site_name":"EENewsEurope","article_published_time":"2023-10-05T14:29:09+00:00","og_image":[{"width":199,"height":141,"url":"https:\/\/www.ecinews.fr\/wp-content\/uploads\/2023\/10\/ECI2013_SOS-Accessoire-actu.jpg","type":"image\/jpeg"}],"author":"Alain Dieul","twitter_card":"summary_large_image","twitter_misc":{"Written by":"Alain Dieul","Est. reading time":"2 minutes"},"schema":{"@context":"https:\/\/schema.org","@graph":[{"@type":"Article","@id":"https:\/\/www.ecinews.fr\/fr\/lautoreparation-delectromenager-en-croissance-exponentielle\/#article","isPartOf":{"@id":"https:\/\/www.ecinews.fr\/fr\/lautoreparation-delectromenager-en-croissance-exponentielle\/"},"author":{"name":"Alain Dieul","@id":"https:\/\/www.eenewseurope.com\/en\/#\/schema\/person\/e4387676ad67ce722325c7832f3c3762"},"headline":"L\u2019autor\u00e9paration d\u2019\u00e9lectrom\u00e9nager en croissance exponentielle","datePublished":"2023-10-05T14:29:09+00:00","dateModified":"2023-10-05T14:29:09+00:00","mainEntityOfPage":{"@id":"https:\/\/www.ecinews.fr\/fr\/lautoreparation-delectromenager-en-croissance-exponentielle\/"},"wordCount":500,"publisher":{"@id":"https:\/\/www.eenewseurope.com\/en\/#organization"},"articleSection":["Actualit\u00e9 g\u00e9n\u00e9rale"],"inLanguage":"fr-FR"},{"@type":"WebPage","@id":"https:\/\/www.ecinews.fr\/fr\/lautoreparation-delectromenager-en-croissance-exponentielle\/","url":"https:\/\/www.ecinews.fr\/fr\/lautoreparation-delectromenager-en-croissance-exponentielle\/","name":"L\u2019autor\u00e9paration d\u2019\u00e9lectrom\u00e9nager en croissance exponentielle -","isPartOf":{"@id":"https:\/\/www.eenewseurope.com\/en\/#website"},"datePublished":"2023-10-05T14:29:09+00:00","dateModified":"2023-10-05T14:29:09+00:00","description":"SOS Accessoire pr\u00e9voit de franchir la barre des 1 millions d\u2019appareils \u201csauv\u00e9s\u201d d\u2019ici la fin de l\u2019ann\u00e9e 2023, un record dans son histoire.","breadcrumb":{"@id":"https:\/\/www.ecinews.fr\/fr\/lautoreparation-delectromenager-en-croissance-exponentielle\/#breadcrumb"},"inLanguage":"fr-FR","potentialAction":[{"@type":"ReadAction","target":["https:\/\/www.ecinews.fr\/fr\/lautoreparation-delectromenager-en-croissance-exponentielle\/"]}]},{"@type":"BreadcrumbList","@id":"https:\/\/www.ecinews.fr\/fr\/lautoreparation-delectromenager-en-croissance-exponentielle\/#breadcrumb","itemListElement":[{"@type":"ListItem","position":1,"name":"Home","item":"https:\/\/www.ecinews.fr\/fr\/"},{"@type":"ListItem","position":2,"name":"L\u2019autor\u00e9paration d\u2019\u00e9lectrom\u00e9nager en croissance exponentielle"}]},{"@type":"WebSite","@id":"https:\/\/www.eenewseurope.com\/en\/#website","url":"https:\/\/www.eenewseurope.com\/en\/","name":"EENewsEurope","description":"Just another WordPress site","publisher":{"@id":"https:\/\/www.eenewseurope.com\/en\/#organization"},"potentialAction":[{"@type":"SearchAction","target":{"@type":"EntryPoint","urlTemplate":"https:\/\/www.eenewseurope.com\/en\/?s={search_term_string}"},"query-input":"required name=search_term_string"}],"inLanguage":"fr-FR"},{"@type":"Organization","@id":"https:\/\/www.eenewseurope.com\/en\/#organization","name":"EENewsEurope","url":"https:\/\/www.eenewseurope.com\/en\/","logo":{"@type":"ImageObject","inLanguage":"fr-FR","@id":"https:\/\/www.eenewseurope.com\/en\/#\/schema\/logo\/image\/","url":"https:\/\/www.ecinews.fr\/wp-content\/uploads\/2022\/02\/logo-1.jpg","contentUrl":"https:\/\/www.ecinews.fr\/wp-content\/uploads\/2022\/02\/logo-1.jpg","width":283,"height":113,"caption":"EENewsEurope"},"image":{"@id":"https:\/\/www.eenewseurope.com\/en\/#\/schema\/logo\/image\/"}},{"@type":"Person","@id":"https:\/\/www.eenewseurope.com\/en\/#\/schema\/person\/e4387676ad67ce722325c7832f3c3762","name":"Alain Dieul","image":{"@type":"ImageObject","inLanguage":"fr-FR","@id":"https:\/\/www.eenewseurope.com\/en\/#\/schema\/person\/image\/736120675699dbbf0f0f282b9a9cfb75","url":"https:\/\/secure.gravatar.com\/avatar\/bc93b056d07515be5b8eecd4acf49c5c?s=96&d=mm&r=g","contentUrl":"https:\/\/secure.gravatar.com\/avatar\/bc93b056d07515be5b8eecd4acf49c5c?s=96&d=mm&r=g","caption":"Alain Dieul"},"sameAs":["http:\/\/ECINews"]}]}},"authors":[{"term_id":1154,"user_id":36,"is_guest":0,"slug":"alain-dieul","display_name":"Alain Dieul","avatar_url":"https:\/\/secure.gravatar.com\/avatar\/bc93b056d07515be5b8eecd4acf49c5c?s=96&d=mm&r=g","0":null,"1":"","2":"","3":"","4":"","5":"","6":"","7":"","8":""}],"_links":{"self":[{"href":"https:\/\/www.ecinews.fr\/fr\/wp-json\/wp\/v2\/posts\/433902"}],"collection":[{"href":"https:\/\/www.ecinews.fr\/fr\/wp-json\/wp\/v2\/posts"}],"about":[{"href":"https:\/\/www.ecinews.fr\/fr\/wp-json\/wp\/v2\/types\/post"}],"author":[{"embeddable":true,"href":"https:\/\/www.ecinews.fr\/fr\/wp-json\/wp\/v2\/users\/36"}],"replies":[{"embeddable":true,"href":"https:\/\/www.ecinews.fr\/fr\/wp-json\/wp\/v2\/comments?post=433902"}],"version-history":[{"count":0,"href":"https:\/\/www.ecinews.fr\/fr\/wp-json\/wp\/v2\/posts\/433902\/revisions"}],"wp:featuredmedia":[{"embeddable":true,"href":"https:\/\/www.ecinews.fr\/fr\/wp-json\/wp\/v2\/media\/433903"}],"wp:attachment":[{"href":"https:\/\/www.ecinews.fr\/fr\/wp-json\/wp\/v2\/media?parent=433902"}],"wp:term":[{"taxonomy":"category","embeddable":true,"href":"https:\/\/www.ecinews.fr\/fr\/wp-json\/wp\/v2\/categories?post=433902"},{"taxonomy":"post_tag","embeddable":true,"href":"https:\/\/www.ecinews.fr\/fr\/wp-json\/wp\/v2\/tags?post=433902"},{"taxonomy":"domains","embeddable":true,"href":"https:\/\/www.ecinews.fr\/fr\/wp-json\/wp\/v2\/domains?post=433902"},{"taxonomy":"author","embeddable":true,"href":"https:\/\/www.ecinews.fr\/fr\/wp-json\/wp\/v2\/ppma_author?post=433902"}],"curies":[{"name":"wp","href":"https:\/\/api.w.org\/{rel}","templated":true}]}}