{"id":433642,"date":"2023-10-03T19:43:32","date_gmt":"2023-10-03T17:43:32","guid":{"rendered":"https:\/\/www.ecinews.fr\/?p=433642"},"modified":"2023-10-03T19:43:32","modified_gmt":"2023-10-03T17:43:32","slug":"mouser-signe-un-accord-mondial-avec-mediatek","status":"publish","type":"post","link":"https:\/\/www.ecinews.fr\/fr\/mouser-signe-un-accord-mondial-avec-mediatek\/","title":{"rendered":"Mouser signe un accord mondial avec MediaTek"},"content":{"rendered":"<h3><span style=\"font-size: 16px;\">Pour la distribution de processeurs embarqu\u00e9s et de solutions SoC, <a href=\"https:\/\/eu.mouser.com\/?utm_source=publitek-media-for-pr&amp;utm_medium=pr&amp;utm_campaign=EMEA_PR&amp;utm_content=2023&amp;pid=mouser&amp;cid=pr\">Mouser Electronics<\/a>, Inc, annonce avoir sign\u00e9 un accord mondial avec <a href=\"https:\/\/eu.mouser.com\/manufacturer\/mediatek\/?utm_source=publitek-media-for-pr&amp;utm_medium=pr&amp;utm_campaign=EMEA_PR&amp;utm_content=2023&amp;pid=mouser&amp;cid=pr\">MediaTek<\/a>, leader mondial dans le d\u00e9veloppement de syst\u00e8mes sur puce (SoC) innovants.<\/span><\/h3>\n<p>\u00ab Cet accord mondial avec MediaTek confirme notre engagement \u00e0 fournir les semi-conducteurs hautement int\u00e9gr\u00e9s les plus r\u00e9cents \u00bb, a d\u00e9clar\u00e9 Andy Kerr, vice-pr\u00e9sident de la gestion des fournisseurs chez Mouser. \u00ab Les ing\u00e9nieurs concepteurs auront facilement acc\u00e8s aux SoC de classe mondiale de MediaTek, avec le soutien du service client in\u00e9gal\u00e9 de Mouser et de sa logistique de premier ordre. \u00bb<\/p>\n<p>\u00ab Avec Mouser Electronics comme partenaire de distribution mondial, MediaTek peut mieux soutenir ses clients et am\u00e9liorer son r\u00e9seau de distribution mondial \u00bb, a d\u00e9clar\u00e9 CK Wang, vice-pr\u00e9sident et directeur g\u00e9n\u00e9ral de MediaTek, Internet des Objets. \u00ab En exploitant les excellents services et l\u2019assistance de la cha\u00eene d\u2019approvisionnement de Mouser, nous pouvons \u00e9tendre notre pr\u00e9sence mondiale et mettre nos produits entre les mains des ing\u00e9nieurs concepteurs encore plus rapidement. \u00bb<\/p>\n<p>Mouser propose d\u00e9sormais la gamme <a href=\"https:\/\/eu.mouser.com\/new\/mediatek\/mediatek-genio-iot\/?utm_source=publitek-media-for-pr&amp;utm_medium=pr&amp;utm_campaign=EMEA_PR&amp;utm_content=2023&amp;pid=mouser&amp;cid=pr\">Genio<\/a> de MediaTek, compos\u00e9e de SoC IoT et de modules intelligents \u00e9conomes en \u00e9nergie et tr\u00e8s performants. MediaTek Genio est une plateforme compl\u00e8te pour l\u2019IoT avec des chipsets puissants et ultra-efficaces, des kits de d\u00e9veloppement logiciel (SDK) pour plateforme ouverte et un portail de d\u00e9veloppeurs avec des ressources et des outils complets. Cette plateforme tout-en-un facilite le d\u00e9veloppement d\u2019applications intelligentes innovantes pour le grand public, les entreprises et l\u2019industrie, que ce soit en haut, en milieu ou en entr\u00e9e de gamme, et permet de commercialiser ces appareils plus rapidement.<\/p>\n<p>La plateforme Genio comprend le <a href=\"https:\/\/eu.mouser.com\/new\/mediatek\/mediatek-genio-1200?utm_source=publitek-media-for-pr&amp;utm_medium=pr&amp;utm_campaign=EMEA_PR&amp;utm_content=2023&amp;pid=mouser&amp;cid=pr\">Genio 1200<\/a> (MT8395), un SoC phare d\u00e9velopp\u00e9 pour les applications IoT exigeantes ax\u00e9es sur l\u2019IA et les performances, telles que les appareils domotiques avanc\u00e9s, les applications IoT industrielles et les dispositifs exigeants avec IA embarqu\u00e9e. Le <a href=\"https:\/\/eu.mouser.com\/new\/mediatek\/mediatek-genio-700\/?utm_source=publitek-media-for-pr&amp;utm_medium=pr&amp;utm_campaign=EMEA_PR&amp;utm_content=2023&amp;pid=mouser&amp;cid=pr\">Genio 700<\/a> (MT8390) est con\u00e7u pour la domotique, la vente au d\u00e9tail interactive, les applications industrielles et commerciales. Il offre un traitement en p\u00e9riph\u00e9rie tr\u00e8s r\u00e9actif, des capacit\u00e9s multim\u00e9dias avanc\u00e9es, une grande vari\u00e9t\u00e9 d\u2019options de capteurs et de connectivit\u00e9, ainsi que la prise en charge d\u2019un syst\u00e8me d\u2019exploitation multit\u00e2che. Le <a href=\"https:\/\/eu.mouser.com\/new\/mediatek\/mediatek-genio-500\/?utm_source=publitek-media-for-pr&amp;utm_medium=pr&amp;utm_campaign=EMEA_PR&amp;utm_content=2023&amp;pid=mouser&amp;cid=pr\">Genio 500<\/a> (MT8385) est une plateforme IoT tr\u00e8s performante et efficace con\u00e7ue pour les applications IoT mobiles, domestiques ou commerciales qui n\u00e9cessitent un traitement p\u00e9riph\u00e9rique r\u00e9actif, des capacit\u00e9s multim\u00e9dias avanc\u00e9es, des \u00e9crans tactiles connect\u00e9s et un syst\u00e8me d\u2019exploitation multit\u00e2che.<\/p>\n<p>&nbsp;<\/p>\n<p><a href=\"https:\/\/eu.mouser.com\/manufacturer\/mediatek\/\">https:\/\/eu.mouser.com\/manufacturer\/mediatek\/<\/a>.<\/p>\n<p><a href=\"https:\/\/www.mouser.fr\/?utm_source=publitek-media-for-pr&amp;utm_medium=pr&amp;utm_campaign=EMEA_PR&amp;utm_content=2023\">https:\/\/www.mouser.fr\/<\/a><\/p>\n<p><u><a href=\"https:\/\/news.google.com\/publications\/CAAqBwgKMJbcwQswuPfYAw?hl=fr&amp;gl=BE&amp;ceid=BE:fr\">Suivre ECInews sur Google news<\/a><\/u><\/p>\n","protected":false},"excerpt":{"rendered":"<p>Pour la distribution de processeurs embarqu\u00e9s et de solutions SoC, Mouser Electronics, Inc, annonce avoir sign\u00e9 un accord mondial avec MediaTek, leader mondial dans le d\u00e9veloppement de syst\u00e8mes sur puce (SoC) innovants. \u00ab Cet accord mondial avec MediaTek confirme notre engagement \u00e0 fournir les semi-conducteurs hautement int\u00e9gr\u00e9s les plus r\u00e9cents \u00bb, a d\u00e9clar\u00e9 Andy Kerr, [&hellip;]<\/p>\n","protected":false},"author":36,"featured_media":433643,"comment_status":"closed","ping_status":"closed","sticky":false,"template":"","format":"standard","meta":{"_acf_changed":false,"footnotes":""},"categories":[886],"tags":[936],"domains":[47],"ppma_author":[1154],"class_list":["post-433642","post","type-post","status-publish","format-standard","has-post-thumbnail","hentry","category-news-fr","tag-circuits-integres","domains-electronique-eci"],"acf":[],"yoast_head":"<title>Mouser signe un accord mondial avec MediaTek ...<\/title>\n<meta name=\"description\" content=\"Pour la distribution de processeurs embarqu\u00e9s et de solutions SoC, Mouser Electronics, Inc, annonce avoir sign\u00e9 un accord mondial avec MediaTek, leader...\" \/>\n<meta name=\"robots\" content=\"index, follow, max-snippet:-1, max-image-preview:large, max-video-preview:-1\" \/>\n<link rel=\"canonical\" href=\"https:\/\/www.ecinews.fr\/fr\/wp-json\/wp\/v2\/posts\/433642\/\" \/>\n<meta property=\"og:locale\" content=\"fr_FR\" \/>\n<meta property=\"og:type\" content=\"article\" \/>\n<meta property=\"og:title\" content=\"Mouser signe un accord mondial avec MediaTek\" \/>\n<meta property=\"og:description\" content=\"Pour la distribution de processeurs embarqu\u00e9s et de solutions SoC, Mouser Electronics, Inc, annonce avoir sign\u00e9 un accord mondial avec MediaTek, leader mondial dans le d\u00e9veloppement de syst\u00e8mes sur puce (SoC) innovants.\" \/>\n<meta property=\"og:url\" content=\"https:\/\/www.ecinews.fr\/fr\/wp-json\/wp\/v2\/posts\/433642\/\" \/>\n<meta property=\"og:site_name\" content=\"EENewsEurope\" \/>\n<meta property=\"article:published_time\" content=\"2023-10-03T17:43:32+00:00\" \/>\n<meta property=\"og:image\" content=\"https:\/\/www.ecinews.fr\/wp-content\/uploads\/2023\/10\/ECI2020_Mouser-actu.jpg\" \/>\n\t<meta property=\"og:image:width\" content=\"688\" \/>\n\t<meta property=\"og:image:height\" content=\"575\" \/>\n\t<meta property=\"og:image:type\" content=\"image\/jpeg\" \/>\n<meta name=\"author\" content=\"Alain Dieul\" \/>\n<meta name=\"twitter:card\" content=\"summary_large_image\" \/>\n<meta name=\"twitter:label1\" content=\"Written by\" \/>\n\t<meta name=\"twitter:data1\" content=\"Alain Dieul\" \/>\n\t<meta name=\"twitter:label2\" content=\"Est. reading time\" \/>\n\t<meta name=\"twitter:data2\" content=\"2 minutes\" \/>\n<script type=\"application\/ld+json\" class=\"yoast-schema-graph\">{\"@context\":\"https:\/\/schema.org\",\"@graph\":[{\"@type\":\"Article\",\"@id\":\"https:\/\/www.ecinews.fr\/fr\/mouser-signe-un-accord-mondial-avec-mediatek\/#article\",\"isPartOf\":{\"@id\":\"https:\/\/www.ecinews.fr\/fr\/mouser-signe-un-accord-mondial-avec-mediatek\/\"},\"author\":{\"name\":\"Alain Dieul\",\"@id\":\"https:\/\/www.eenewseurope.com\/en\/#\/schema\/person\/e4387676ad67ce722325c7832f3c3762\"},\"headline\":\"Mouser signe un accord mondial avec MediaTek\",\"datePublished\":\"2023-10-03T17:43:32+00:00\",\"dateModified\":\"2023-10-03T17:43:32+00:00\",\"mainEntityOfPage\":{\"@id\":\"https:\/\/www.ecinews.fr\/fr\/mouser-signe-un-accord-mondial-avec-mediatek\/\"},\"wordCount\":465,\"publisher\":{\"@id\":\"https:\/\/www.eenewseurope.com\/en\/#organization\"},\"keywords\":[\"Circuits int\u00e9gr\u00e9s\"],\"articleSection\":[\"Actualit\u00e9 g\u00e9n\u00e9rale\"],\"inLanguage\":\"fr-FR\"},{\"@type\":\"WebPage\",\"@id\":\"https:\/\/www.ecinews.fr\/fr\/mouser-signe-un-accord-mondial-avec-mediatek\/\",\"url\":\"https:\/\/www.ecinews.fr\/fr\/mouser-signe-un-accord-mondial-avec-mediatek\/\",\"name\":\"Mouser signe un accord mondial avec MediaTek -\",\"isPartOf\":{\"@id\":\"https:\/\/www.eenewseurope.com\/en\/#website\"},\"datePublished\":\"2023-10-03T17:43:32+00:00\",\"dateModified\":\"2023-10-03T17:43:32+00:00\",\"description\":\"Pour la distribution de processeurs embarqu\u00e9s et de solutions SoC, Mouser Electronics, Inc, annonce avoir sign\u00e9 un accord mondial avec MediaTek, leader mondial dans le d\u00e9veloppement de syst\u00e8mes sur puce (SoC) innovants.\",\"breadcrumb\":{\"@id\":\"https:\/\/www.ecinews.fr\/fr\/mouser-signe-un-accord-mondial-avec-mediatek\/#breadcrumb\"},\"inLanguage\":\"fr-FR\",\"potentialAction\":[{\"@type\":\"ReadAction\",\"target\":[\"https:\/\/www.ecinews.fr\/fr\/mouser-signe-un-accord-mondial-avec-mediatek\/\"]}]},{\"@type\":\"BreadcrumbList\",\"@id\":\"https:\/\/www.ecinews.fr\/fr\/mouser-signe-un-accord-mondial-avec-mediatek\/#breadcrumb\",\"itemListElement\":[{\"@type\":\"ListItem\",\"position\":1,\"name\":\"Home\",\"item\":\"https:\/\/www.ecinews.fr\/fr\/\"},{\"@type\":\"ListItem\",\"position\":2,\"name\":\"Mouser signe un accord mondial avec MediaTek\"}]},{\"@type\":\"WebSite\",\"@id\":\"https:\/\/www.eenewseurope.com\/en\/#website\",\"url\":\"https:\/\/www.eenewseurope.com\/en\/\",\"name\":\"EENewsEurope\",\"description\":\"Just another WordPress site\",\"publisher\":{\"@id\":\"https:\/\/www.eenewseurope.com\/en\/#organization\"},\"potentialAction\":[{\"@type\":\"SearchAction\",\"target\":{\"@type\":\"EntryPoint\",\"urlTemplate\":\"https:\/\/www.eenewseurope.com\/en\/?s={search_term_string}\"},\"query-input\":\"required name=search_term_string\"}],\"inLanguage\":\"fr-FR\"},{\"@type\":\"Organization\",\"@id\":\"https:\/\/www.eenewseurope.com\/en\/#organization\",\"name\":\"EENewsEurope\",\"url\":\"https:\/\/www.eenewseurope.com\/en\/\",\"logo\":{\"@type\":\"ImageObject\",\"inLanguage\":\"fr-FR\",\"@id\":\"https:\/\/www.eenewseurope.com\/en\/#\/schema\/logo\/image\/\",\"url\":\"https:\/\/www.ecinews.fr\/wp-content\/uploads\/2022\/02\/logo-1.jpg\",\"contentUrl\":\"https:\/\/www.ecinews.fr\/wp-content\/uploads\/2022\/02\/logo-1.jpg\",\"width\":283,\"height\":113,\"caption\":\"EENewsEurope\"},\"image\":{\"@id\":\"https:\/\/www.eenewseurope.com\/en\/#\/schema\/logo\/image\/\"}},{\"@type\":\"Person\",\"@id\":\"https:\/\/www.eenewseurope.com\/en\/#\/schema\/person\/e4387676ad67ce722325c7832f3c3762\",\"name\":\"Alain Dieul\",\"image\":{\"@type\":\"ImageObject\",\"inLanguage\":\"fr-FR\",\"@id\":\"https:\/\/www.eenewseurope.com\/en\/#\/schema\/person\/image\/736120675699dbbf0f0f282b9a9cfb75\",\"url\":\"https:\/\/secure.gravatar.com\/avatar\/bc93b056d07515be5b8eecd4acf49c5c?s=96&d=mm&r=g\",\"contentUrl\":\"https:\/\/secure.gravatar.com\/avatar\/bc93b056d07515be5b8eecd4acf49c5c?s=96&d=mm&r=g\",\"caption\":\"Alain Dieul\"},\"sameAs\":[\"http:\/\/ECINews\"]}]}<\/script>","yoast_head_json":{"title":"Mouser signe un accord mondial avec MediaTek ...","description":"Pour la distribution de processeurs embarqu\u00e9s et de solutions SoC, Mouser Electronics, Inc, annonce avoir sign\u00e9 un accord mondial avec MediaTek, leader...","robots":{"index":"index","follow":"follow","max-snippet":"max-snippet:-1","max-image-preview":"max-image-preview:large","max-video-preview":"max-video-preview:-1"},"canonical":"https:\/\/www.ecinews.fr\/fr\/wp-json\/wp\/v2\/posts\/433642\/","og_locale":"fr_FR","og_type":"article","og_title":"Mouser signe un accord mondial avec MediaTek","og_description":"Pour la distribution de processeurs embarqu\u00e9s et de solutions SoC, Mouser Electronics, Inc, annonce avoir sign\u00e9 un accord mondial avec MediaTek, leader mondial dans le d\u00e9veloppement de syst\u00e8mes sur puce (SoC) innovants.","og_url":"https:\/\/www.ecinews.fr\/fr\/wp-json\/wp\/v2\/posts\/433642\/","og_site_name":"EENewsEurope","article_published_time":"2023-10-03T17:43:32+00:00","og_image":[{"width":688,"height":575,"url":"https:\/\/www.ecinews.fr\/wp-content\/uploads\/2023\/10\/ECI2020_Mouser-actu.jpg","type":"image\/jpeg"}],"author":"Alain Dieul","twitter_card":"summary_large_image","twitter_misc":{"Written by":"Alain Dieul","Est. reading time":"2 minutes"},"schema":{"@context":"https:\/\/schema.org","@graph":[{"@type":"Article","@id":"https:\/\/www.ecinews.fr\/fr\/mouser-signe-un-accord-mondial-avec-mediatek\/#article","isPartOf":{"@id":"https:\/\/www.ecinews.fr\/fr\/mouser-signe-un-accord-mondial-avec-mediatek\/"},"author":{"name":"Alain Dieul","@id":"https:\/\/www.eenewseurope.com\/en\/#\/schema\/person\/e4387676ad67ce722325c7832f3c3762"},"headline":"Mouser signe un accord mondial avec MediaTek","datePublished":"2023-10-03T17:43:32+00:00","dateModified":"2023-10-03T17:43:32+00:00","mainEntityOfPage":{"@id":"https:\/\/www.ecinews.fr\/fr\/mouser-signe-un-accord-mondial-avec-mediatek\/"},"wordCount":465,"publisher":{"@id":"https:\/\/www.eenewseurope.com\/en\/#organization"},"keywords":["Circuits int\u00e9gr\u00e9s"],"articleSection":["Actualit\u00e9 g\u00e9n\u00e9rale"],"inLanguage":"fr-FR"},{"@type":"WebPage","@id":"https:\/\/www.ecinews.fr\/fr\/mouser-signe-un-accord-mondial-avec-mediatek\/","url":"https:\/\/www.ecinews.fr\/fr\/mouser-signe-un-accord-mondial-avec-mediatek\/","name":"Mouser signe un accord mondial avec MediaTek -","isPartOf":{"@id":"https:\/\/www.eenewseurope.com\/en\/#website"},"datePublished":"2023-10-03T17:43:32+00:00","dateModified":"2023-10-03T17:43:32+00:00","description":"Pour la distribution de processeurs embarqu\u00e9s et de solutions SoC, Mouser Electronics, Inc, annonce avoir sign\u00e9 un accord mondial avec MediaTek, leader mondial dans le d\u00e9veloppement de syst\u00e8mes sur puce (SoC) innovants.","breadcrumb":{"@id":"https:\/\/www.ecinews.fr\/fr\/mouser-signe-un-accord-mondial-avec-mediatek\/#breadcrumb"},"inLanguage":"fr-FR","potentialAction":[{"@type":"ReadAction","target":["https:\/\/www.ecinews.fr\/fr\/mouser-signe-un-accord-mondial-avec-mediatek\/"]}]},{"@type":"BreadcrumbList","@id":"https:\/\/www.ecinews.fr\/fr\/mouser-signe-un-accord-mondial-avec-mediatek\/#breadcrumb","itemListElement":[{"@type":"ListItem","position":1,"name":"Home","item":"https:\/\/www.ecinews.fr\/fr\/"},{"@type":"ListItem","position":2,"name":"Mouser signe un accord mondial avec MediaTek"}]},{"@type":"WebSite","@id":"https:\/\/www.eenewseurope.com\/en\/#website","url":"https:\/\/www.eenewseurope.com\/en\/","name":"EENewsEurope","description":"Just another WordPress site","publisher":{"@id":"https:\/\/www.eenewseurope.com\/en\/#organization"},"potentialAction":[{"@type":"SearchAction","target":{"@type":"EntryPoint","urlTemplate":"https:\/\/www.eenewseurope.com\/en\/?s={search_term_string}"},"query-input":"required name=search_term_string"}],"inLanguage":"fr-FR"},{"@type":"Organization","@id":"https:\/\/www.eenewseurope.com\/en\/#organization","name":"EENewsEurope","url":"https:\/\/www.eenewseurope.com\/en\/","logo":{"@type":"ImageObject","inLanguage":"fr-FR","@id":"https:\/\/www.eenewseurope.com\/en\/#\/schema\/logo\/image\/","url":"https:\/\/www.ecinews.fr\/wp-content\/uploads\/2022\/02\/logo-1.jpg","contentUrl":"https:\/\/www.ecinews.fr\/wp-content\/uploads\/2022\/02\/logo-1.jpg","width":283,"height":113,"caption":"EENewsEurope"},"image":{"@id":"https:\/\/www.eenewseurope.com\/en\/#\/schema\/logo\/image\/"}},{"@type":"Person","@id":"https:\/\/www.eenewseurope.com\/en\/#\/schema\/person\/e4387676ad67ce722325c7832f3c3762","name":"Alain Dieul","image":{"@type":"ImageObject","inLanguage":"fr-FR","@id":"https:\/\/www.eenewseurope.com\/en\/#\/schema\/person\/image\/736120675699dbbf0f0f282b9a9cfb75","url":"https:\/\/secure.gravatar.com\/avatar\/bc93b056d07515be5b8eecd4acf49c5c?s=96&d=mm&r=g","contentUrl":"https:\/\/secure.gravatar.com\/avatar\/bc93b056d07515be5b8eecd4acf49c5c?s=96&d=mm&r=g","caption":"Alain Dieul"},"sameAs":["http:\/\/ECINews"]}]}},"authors":[{"term_id":1154,"user_id":36,"is_guest":0,"slug":"alain-dieul","display_name":"Alain Dieul","avatar_url":"https:\/\/secure.gravatar.com\/avatar\/bc93b056d07515be5b8eecd4acf49c5c?s=96&d=mm&r=g","0":null,"1":"","2":"","3":"","4":"","5":"","6":"","7":"","8":""}],"_links":{"self":[{"href":"https:\/\/www.ecinews.fr\/fr\/wp-json\/wp\/v2\/posts\/433642"}],"collection":[{"href":"https:\/\/www.ecinews.fr\/fr\/wp-json\/wp\/v2\/posts"}],"about":[{"href":"https:\/\/www.ecinews.fr\/fr\/wp-json\/wp\/v2\/types\/post"}],"author":[{"embeddable":true,"href":"https:\/\/www.ecinews.fr\/fr\/wp-json\/wp\/v2\/users\/36"}],"replies":[{"embeddable":true,"href":"https:\/\/www.ecinews.fr\/fr\/wp-json\/wp\/v2\/comments?post=433642"}],"version-history":[{"count":0,"href":"https:\/\/www.ecinews.fr\/fr\/wp-json\/wp\/v2\/posts\/433642\/revisions"}],"wp:featuredmedia":[{"embeddable":true,"href":"https:\/\/www.ecinews.fr\/fr\/wp-json\/wp\/v2\/media\/433643"}],"wp:attachment":[{"href":"https:\/\/www.ecinews.fr\/fr\/wp-json\/wp\/v2\/media?parent=433642"}],"wp:term":[{"taxonomy":"category","embeddable":true,"href":"https:\/\/www.ecinews.fr\/fr\/wp-json\/wp\/v2\/categories?post=433642"},{"taxonomy":"post_tag","embeddable":true,"href":"https:\/\/www.ecinews.fr\/fr\/wp-json\/wp\/v2\/tags?post=433642"},{"taxonomy":"domains","embeddable":true,"href":"https:\/\/www.ecinews.fr\/fr\/wp-json\/wp\/v2\/domains?post=433642"},{"taxonomy":"author","embeddable":true,"href":"https:\/\/www.ecinews.fr\/fr\/wp-json\/wp\/v2\/ppma_author?post=433642"}],"curies":[{"name":"wp","href":"https:\/\/api.w.org\/{rel}","templated":true}]}}