{"id":433483,"date":"2023-10-02T14:02:34","date_gmt":"2023-10-02T12:02:34","guid":{"rendered":"https:\/\/www.ecinews.fr\/?p=433483"},"modified":"2023-10-02T14:02:34","modified_gmt":"2023-10-02T12:02:34","slug":"adeunis-integre-le-savoir-faire-de-nordic-semiconductor-dans-ses-capteurs","status":"publish","type":"post","link":"https:\/\/www.ecinews.fr\/fr\/adeunis-integre-le-savoir-faire-de-nordic-semiconductor-dans-ses-capteurs\/","title":{"rendered":"Adeunis int\u00e8gre le savoir-faire de Nordic Semiconductor dans ses capteurs"},"content":{"rendered":"<h3><span style=\"font-size: 16px;\">Pour le d\u00e9veloppement de ses nouveaux capteurs cellulaires Adeunis annonce int\u00e9grer le savoir-faire en mati\u00e8re de semi-conducteur radio du norv\u00e9gien Nordic Semiconductor.<\/span><\/h3>\n<p>En juin dernier, Adeunis annon\u00e7ait le lancement des capteurs \u00ab COMFORT \u00bb et \u00ab COMFORT SERENITY \u00bb, une nouvelle offre permettant une connectivit\u00e9 cellulaire sur les r\u00e9seaux NB-IoT et LTE-M, d\u00e9di\u00e9e au suivi des conditions environnementales dans les b\u00e2timents. La commercialisation de ces capteurs a n\u00e9cessit\u00e9 un d\u00e9veloppement intensif au sein des \u00e9quipes Adeunis. Les performances uniques atteintes par cette nouvelle gamme sont notamment rendues possibles gr\u00e2ce \u00e0 l&rsquo;int\u00e9gration du module radio nRF9160 de Nordic Semiconductor, une entreprise norv\u00e9gienne de semi-conducteurs, sp\u00e9cialis\u00e9e dans l&rsquo;IoT qui a \u00e9t\u00e9 cr\u00e9\u00e9e en 1983 et qui emploie plus de 1 500 salari\u00e9s \u00e0 travers le monde.<\/p>\n<p>Le SiP nRF9160 de Nordic est dot\u00e9 d&rsquo;un modem LTE-M\/NB-IoT. Ses sp\u00e9cifications en termes de puissance de sortie et de sensibilit\u00e9, tant en mode LTE-M qu\u2019en mode NB-IoT, garantissent une excellente performance de la radio. Ce module radio, qui embarque un processeur Arm Cortex-M33, permet \u00e9galement aux capteurs COMFORT et COMFORT SERENITY de b\u00e9n\u00e9ficier d\u2019une puissance de traitement suffisante pour g\u00e9rer efficacement l\u2019ensemble des fonctions embarqu\u00e9es.<\/p>\n<p>\u00ab La prise en charge par le module radio Nordic des technologies LTE-M et NB-IoT dans un composant \u00e9lectronique unique offre une flexibilit\u00e9 in\u00e9gal\u00e9e \u00e0 nos clients internationaux \u00bb, d\u00e9clare Catalina Raba Mora, ing\u00e9nieure radio chez Adeunis. \u00ab La faible consommation \u00e9nerg\u00e9tique du module a \u00e9galement \u00e9t\u00e9 un facteur d\u00e9cisif pour choisir le module radio le plus adapt\u00e9 \u00e0 nos cas d\u2019usages. Nos clients utilisant plusieurs capteurs dans chaque b\u00e2timent, il \u00e9tait crucial de maximiser la dur\u00e9e de vie de la batterie. Nos produits peuvent atteindre une dur\u00e9e de vie remarquable de 15 ans en utilisant une batterie Li-Thionyl. \u00bb<\/p>\n<p>Le module nRF9160 est en effet une r\u00e9f\u00e9rence en mati\u00e8re de consommation d\u2019\u00e9nergie. Il supporte notamment des modes d&rsquo;\u00e9conomie d&rsquo;\u00e9nergie avanc\u00e9s, tels que PSM et eDRX, permettant des p\u00e9riodes de veille prolong\u00e9es. Son chipset, qui lui est propre, int\u00e8gre un long savoir-faire en mati\u00e8re de tr\u00e8s basse consommation. <br \/>\nLes capteurs COMFORT et COMFORT SERENITY utilisent une application Android conviviale permettant de configurer facilement et rapidement les param\u00e8tres r\u00e9seau et applicatifs directement depuis un smartphone en utilisant la technologie NFC. Les donn\u00e9es environnementales r\u00e9colt\u00e9es par ces capteurs sont ensuite automatiquement transmises \u00e0 un serveur LwM2M ou \u00e0 un broker MQT. L\u2019int\u00e9gration des protocoles LwM2M et MQTT permet \u00e0 Adeunis de garantir \u00e0 ses clients l\u2019interop\u00e9rabilit\u00e9 de ses capteurs, rendant possible le suivi et l\u2019analyse des donn\u00e9es environnementales de n\u2019importe quel b\u00e2timent. \u00ab L&rsquo;utilisation du protocole LwM2M repr\u00e9sente une r\u00e9elle avanc\u00e9e technologique pour la gestion d\u2019un parc de capteurs \u00bb, souligne Catalina Raba. \u00ab Gr\u00e2ce \u00e0 ce protocole, nos clients vont en effet pouvoir g\u00e9rer leurs capteurs de mani\u00e8re centralis\u00e9e, ce qui va largement simplifier la configuration, la surveillance et la maintenance de leur parc. Notre d\u00e9cision de nous associer \u00e0 Nordic s&rsquo;est impos\u00e9e d&rsquo;elle-m\u00eame, compte tenu de leur longue et reconnue exp\u00e9rience dans le d\u00e9veloppement de modules IoT \u00e0 faible consommation d&rsquo;\u00e9nergie. Nous sommes heureux d\u2019avoir r\u00e9ussi ensemble \u00e0 d\u00e9velopper les produits que nous souhaitions \u00bb, ajoute Catalina Raba.<\/p>\n<p>&nbsp;<\/p>\n<p><a title=\"www.adeunis.com\" href=\"http:\/\/www.adeunis.com\">www.adeunis.com<\/a><\/p>\n<p><a href=\"https:\/\/news.google.com\/publications\/CAAqBwgKMJbcwQswuPfYAw?hl=fr&amp;gl=BE&amp;ceid=BE:fr\">Suivre ECInews sur Google news<\/a><\/p>\n","protected":false},"excerpt":{"rendered":"<p>Pour le d\u00e9veloppement de ses nouveaux capteurs cellulaires Adeunis annonce int\u00e9grer le savoir-faire en mati\u00e8re de semi-conducteur radio du norv\u00e9gien Nordic Semiconductor. En juin dernier, Adeunis annon\u00e7ait le lancement des capteurs \u00ab COMFORT \u00bb et \u00ab COMFORT SERENITY \u00bb, une nouvelle offre permettant une connectivit\u00e9 cellulaire sur les r\u00e9seaux NB-IoT et LTE-M, d\u00e9di\u00e9e au suivi [&hellip;]<\/p>\n","protected":false},"author":36,"featured_media":433484,"comment_status":"closed","ping_status":"closed","sticky":false,"template":"","format":"standard","meta":{"_acf_changed":false,"footnotes":""},"categories":[886],"tags":[937,919],"domains":[47],"ppma_author":[1154],"class_list":["post-433483","post","type-post","status-publish","format-standard","has-post-thumbnail","hentry","category-news-fr","tag-capteur","tag-iot-fr","domains-electronique-eci"],"acf":[],"yoast_head":"<title>Adeunis int\u00e8gre le savoir-faire de Nordic Semiconductor dans s...<\/title>\n<meta name=\"description\" content=\"Pour le d\u00e9veloppement de ses nouveaux capteurs cellulaires Adeunis annonce int\u00e9grer le savoir-faire en mati\u00e8re de semi-conducteur radio du norv\u00e9gien...\" \/>\n<meta name=\"robots\" content=\"index, follow, max-snippet:-1, max-image-preview:large, max-video-preview:-1\" \/>\n<link rel=\"canonical\" href=\"https:\/\/www.ecinews.fr\/fr\/wp-json\/wp\/v2\/posts\/433483\/\" \/>\n<meta property=\"og:locale\" content=\"fr_FR\" \/>\n<meta property=\"og:type\" content=\"article\" \/>\n<meta property=\"og:title\" content=\"Adeunis int\u00e8gre le savoir-faire de Nordic Semiconductor dans ses capteurs\" \/>\n<meta property=\"og:description\" content=\"Pour le d\u00e9veloppement de ses nouveaux capteurs cellulaires Adeunis annonce int\u00e9grer le savoir-faire en mati\u00e8re de semi-conducteur radio du norv\u00e9gien Nordic Semiconductor.\" \/>\n<meta property=\"og:url\" content=\"https:\/\/www.ecinews.fr\/fr\/wp-json\/wp\/v2\/posts\/433483\/\" \/>\n<meta property=\"og:site_name\" content=\"EENewsEurope\" \/>\n<meta property=\"article:published_time\" content=\"2023-10-02T12:02:34+00:00\" \/>\n<meta property=\"og:image\" content=\"https:\/\/www.ecinews.fr\/wp-content\/uploads\/2023\/10\/ECI2009_adeunis-nordic-scaled.jpg\" \/>\n\t<meta property=\"og:image:width\" content=\"1080\" \/>\n\t<meta property=\"og:image:height\" content=\"685\" \/>\n\t<meta property=\"og:image:type\" content=\"image\/jpeg\" \/>\n<meta name=\"author\" content=\"Alain Dieul\" \/>\n<meta name=\"twitter:card\" content=\"summary_large_image\" \/>\n<meta name=\"twitter:label1\" content=\"Written by\" \/>\n\t<meta name=\"twitter:data1\" content=\"Alain Dieul\" \/>\n\t<meta name=\"twitter:label2\" content=\"Est. reading time\" \/>\n\t<meta name=\"twitter:data2\" content=\"3 minutes\" \/>\n<script type=\"application\/ld+json\" class=\"yoast-schema-graph\">{\"@context\":\"https:\/\/schema.org\",\"@graph\":[{\"@type\":\"Article\",\"@id\":\"https:\/\/www.ecinews.fr\/fr\/adeunis-integre-le-savoir-faire-de-nordic-semiconductor-dans-ses-capteurs\/#article\",\"isPartOf\":{\"@id\":\"https:\/\/www.ecinews.fr\/fr\/adeunis-integre-le-savoir-faire-de-nordic-semiconductor-dans-ses-capteurs\/\"},\"author\":{\"name\":\"Alain Dieul\",\"@id\":\"https:\/\/www.ecinews.fr\/fr\/#\/schema\/person\/e4387676ad67ce722325c7832f3c3762\"},\"headline\":\"Adeunis int\u00e8gre le savoir-faire de Nordic Semiconductor dans ses capteurs\",\"datePublished\":\"2023-10-02T12:02:34+00:00\",\"dateModified\":\"2023-10-02T12:02:34+00:00\",\"mainEntityOfPage\":{\"@id\":\"https:\/\/www.ecinews.fr\/fr\/adeunis-integre-le-savoir-faire-de-nordic-semiconductor-dans-ses-capteurs\/\"},\"wordCount\":598,\"publisher\":{\"@id\":\"https:\/\/www.ecinews.fr\/fr\/#organization\"},\"keywords\":[\"Capteur\",\"IoT\"],\"articleSection\":[\"Actualit\u00e9 g\u00e9n\u00e9rale\"],\"inLanguage\":\"fr-FR\"},{\"@type\":\"WebPage\",\"@id\":\"https:\/\/www.ecinews.fr\/fr\/adeunis-integre-le-savoir-faire-de-nordic-semiconductor-dans-ses-capteurs\/\",\"url\":\"https:\/\/www.ecinews.fr\/fr\/adeunis-integre-le-savoir-faire-de-nordic-semiconductor-dans-ses-capteurs\/\",\"name\":\"Adeunis int\u00e8gre le savoir-faire de Nordic Semiconductor dans ses capteurs -\",\"isPartOf\":{\"@id\":\"https:\/\/www.ecinews.fr\/fr\/#website\"},\"datePublished\":\"2023-10-02T12:02:34+00:00\",\"dateModified\":\"2023-10-02T12:02:34+00:00\",\"description\":\"Pour le d\u00e9veloppement de ses nouveaux capteurs cellulaires Adeunis annonce int\u00e9grer le savoir-faire en mati\u00e8re de semi-conducteur radio du norv\u00e9gien Nordic Semiconductor.\",\"breadcrumb\":{\"@id\":\"https:\/\/www.ecinews.fr\/fr\/adeunis-integre-le-savoir-faire-de-nordic-semiconductor-dans-ses-capteurs\/#breadcrumb\"},\"inLanguage\":\"fr-FR\",\"potentialAction\":[{\"@type\":\"ReadAction\",\"target\":[\"https:\/\/www.ecinews.fr\/fr\/adeunis-integre-le-savoir-faire-de-nordic-semiconductor-dans-ses-capteurs\/\"]}]},{\"@type\":\"BreadcrumbList\",\"@id\":\"https:\/\/www.ecinews.fr\/fr\/adeunis-integre-le-savoir-faire-de-nordic-semiconductor-dans-ses-capteurs\/#breadcrumb\",\"itemListElement\":[{\"@type\":\"ListItem\",\"position\":1,\"name\":\"Home\",\"item\":\"https:\/\/www.ecinews.fr\/fr\/\"},{\"@type\":\"ListItem\",\"position\":2,\"name\":\"Adeunis int\u00e8gre le savoir-faire de Nordic Semiconductor dans ses capteurs\"}]},{\"@type\":\"WebSite\",\"@id\":\"https:\/\/www.ecinews.fr\/fr\/#website\",\"url\":\"https:\/\/www.ecinews.fr\/fr\/\",\"name\":\"EENewsEurope\",\"description\":\"Just another WordPress site\",\"publisher\":{\"@id\":\"https:\/\/www.ecinews.fr\/fr\/#organization\"},\"potentialAction\":[{\"@type\":\"SearchAction\",\"target\":{\"@type\":\"EntryPoint\",\"urlTemplate\":\"https:\/\/www.ecinews.fr\/fr\/?s={search_term_string}\"},\"query-input\":\"required name=search_term_string\"}],\"inLanguage\":\"fr-FR\"},{\"@type\":\"Organization\",\"@id\":\"https:\/\/www.ecinews.fr\/fr\/#organization\",\"name\":\"EENewsEurope\",\"url\":\"https:\/\/www.ecinews.fr\/fr\/\",\"logo\":{\"@type\":\"ImageObject\",\"inLanguage\":\"fr-FR\",\"@id\":\"https:\/\/www.ecinews.fr\/fr\/#\/schema\/logo\/image\/\",\"url\":\"https:\/\/www.ecinews.fr\/wp-content\/uploads\/2022\/02\/logo-1.jpg\",\"contentUrl\":\"https:\/\/www.ecinews.fr\/wp-content\/uploads\/2022\/02\/logo-1.jpg\",\"width\":283,\"height\":113,\"caption\":\"EENewsEurope\"},\"image\":{\"@id\":\"https:\/\/www.ecinews.fr\/fr\/#\/schema\/logo\/image\/\"}},{\"@type\":\"Person\",\"@id\":\"https:\/\/www.ecinews.fr\/fr\/#\/schema\/person\/e4387676ad67ce722325c7832f3c3762\",\"name\":\"Alain Dieul\",\"image\":{\"@type\":\"ImageObject\",\"inLanguage\":\"fr-FR\",\"@id\":\"https:\/\/www.ecinews.fr\/fr\/#\/schema\/person\/image\/736120675699dbbf0f0f282b9a9cfb75\",\"url\":\"https:\/\/secure.gravatar.com\/avatar\/bc93b056d07515be5b8eecd4acf49c5c?s=96&d=mm&r=g\",\"contentUrl\":\"https:\/\/secure.gravatar.com\/avatar\/bc93b056d07515be5b8eecd4acf49c5c?s=96&d=mm&r=g\",\"caption\":\"Alain Dieul\"},\"sameAs\":[\"http:\/\/ECINews\"]}]}<\/script>","yoast_head_json":{"title":"Adeunis int\u00e8gre le savoir-faire de Nordic Semiconductor dans s...","description":"Pour le d\u00e9veloppement de ses nouveaux capteurs cellulaires Adeunis annonce int\u00e9grer le savoir-faire en mati\u00e8re de semi-conducteur radio du norv\u00e9gien...","robots":{"index":"index","follow":"follow","max-snippet":"max-snippet:-1","max-image-preview":"max-image-preview:large","max-video-preview":"max-video-preview:-1"},"canonical":"https:\/\/www.ecinews.fr\/fr\/wp-json\/wp\/v2\/posts\/433483\/","og_locale":"fr_FR","og_type":"article","og_title":"Adeunis int\u00e8gre le savoir-faire de Nordic Semiconductor dans ses capteurs","og_description":"Pour le d\u00e9veloppement de ses nouveaux capteurs cellulaires Adeunis annonce int\u00e9grer le savoir-faire en mati\u00e8re de semi-conducteur radio du norv\u00e9gien Nordic Semiconductor.","og_url":"https:\/\/www.ecinews.fr\/fr\/wp-json\/wp\/v2\/posts\/433483\/","og_site_name":"EENewsEurope","article_published_time":"2023-10-02T12:02:34+00:00","og_image":[{"width":1080,"height":685,"url":"https:\/\/www.ecinews.fr\/wp-content\/uploads\/2023\/10\/ECI2009_adeunis-nordic-scaled.jpg","type":"image\/jpeg"}],"author":"Alain Dieul","twitter_card":"summary_large_image","twitter_misc":{"Written by":"Alain Dieul","Est. reading time":"3 minutes"},"schema":{"@context":"https:\/\/schema.org","@graph":[{"@type":"Article","@id":"https:\/\/www.ecinews.fr\/fr\/adeunis-integre-le-savoir-faire-de-nordic-semiconductor-dans-ses-capteurs\/#article","isPartOf":{"@id":"https:\/\/www.ecinews.fr\/fr\/adeunis-integre-le-savoir-faire-de-nordic-semiconductor-dans-ses-capteurs\/"},"author":{"name":"Alain Dieul","@id":"https:\/\/www.ecinews.fr\/fr\/#\/schema\/person\/e4387676ad67ce722325c7832f3c3762"},"headline":"Adeunis int\u00e8gre le savoir-faire de Nordic Semiconductor dans ses capteurs","datePublished":"2023-10-02T12:02:34+00:00","dateModified":"2023-10-02T12:02:34+00:00","mainEntityOfPage":{"@id":"https:\/\/www.ecinews.fr\/fr\/adeunis-integre-le-savoir-faire-de-nordic-semiconductor-dans-ses-capteurs\/"},"wordCount":598,"publisher":{"@id":"https:\/\/www.ecinews.fr\/fr\/#organization"},"keywords":["Capteur","IoT"],"articleSection":["Actualit\u00e9 g\u00e9n\u00e9rale"],"inLanguage":"fr-FR"},{"@type":"WebPage","@id":"https:\/\/www.ecinews.fr\/fr\/adeunis-integre-le-savoir-faire-de-nordic-semiconductor-dans-ses-capteurs\/","url":"https:\/\/www.ecinews.fr\/fr\/adeunis-integre-le-savoir-faire-de-nordic-semiconductor-dans-ses-capteurs\/","name":"Adeunis int\u00e8gre le savoir-faire de Nordic Semiconductor dans ses capteurs -","isPartOf":{"@id":"https:\/\/www.ecinews.fr\/fr\/#website"},"datePublished":"2023-10-02T12:02:34+00:00","dateModified":"2023-10-02T12:02:34+00:00","description":"Pour le d\u00e9veloppement de ses nouveaux capteurs cellulaires Adeunis annonce int\u00e9grer le savoir-faire en mati\u00e8re de semi-conducteur radio du norv\u00e9gien Nordic Semiconductor.","breadcrumb":{"@id":"https:\/\/www.ecinews.fr\/fr\/adeunis-integre-le-savoir-faire-de-nordic-semiconductor-dans-ses-capteurs\/#breadcrumb"},"inLanguage":"fr-FR","potentialAction":[{"@type":"ReadAction","target":["https:\/\/www.ecinews.fr\/fr\/adeunis-integre-le-savoir-faire-de-nordic-semiconductor-dans-ses-capteurs\/"]}]},{"@type":"BreadcrumbList","@id":"https:\/\/www.ecinews.fr\/fr\/adeunis-integre-le-savoir-faire-de-nordic-semiconductor-dans-ses-capteurs\/#breadcrumb","itemListElement":[{"@type":"ListItem","position":1,"name":"Home","item":"https:\/\/www.ecinews.fr\/fr\/"},{"@type":"ListItem","position":2,"name":"Adeunis int\u00e8gre le savoir-faire de Nordic Semiconductor dans ses capteurs"}]},{"@type":"WebSite","@id":"https:\/\/www.ecinews.fr\/fr\/#website","url":"https:\/\/www.ecinews.fr\/fr\/","name":"EENewsEurope","description":"Just another WordPress site","publisher":{"@id":"https:\/\/www.ecinews.fr\/fr\/#organization"},"potentialAction":[{"@type":"SearchAction","target":{"@type":"EntryPoint","urlTemplate":"https:\/\/www.ecinews.fr\/fr\/?s={search_term_string}"},"query-input":"required name=search_term_string"}],"inLanguage":"fr-FR"},{"@type":"Organization","@id":"https:\/\/www.ecinews.fr\/fr\/#organization","name":"EENewsEurope","url":"https:\/\/www.ecinews.fr\/fr\/","logo":{"@type":"ImageObject","inLanguage":"fr-FR","@id":"https:\/\/www.ecinews.fr\/fr\/#\/schema\/logo\/image\/","url":"https:\/\/www.ecinews.fr\/wp-content\/uploads\/2022\/02\/logo-1.jpg","contentUrl":"https:\/\/www.ecinews.fr\/wp-content\/uploads\/2022\/02\/logo-1.jpg","width":283,"height":113,"caption":"EENewsEurope"},"image":{"@id":"https:\/\/www.ecinews.fr\/fr\/#\/schema\/logo\/image\/"}},{"@type":"Person","@id":"https:\/\/www.ecinews.fr\/fr\/#\/schema\/person\/e4387676ad67ce722325c7832f3c3762","name":"Alain Dieul","image":{"@type":"ImageObject","inLanguage":"fr-FR","@id":"https:\/\/www.ecinews.fr\/fr\/#\/schema\/person\/image\/736120675699dbbf0f0f282b9a9cfb75","url":"https:\/\/secure.gravatar.com\/avatar\/bc93b056d07515be5b8eecd4acf49c5c?s=96&d=mm&r=g","contentUrl":"https:\/\/secure.gravatar.com\/avatar\/bc93b056d07515be5b8eecd4acf49c5c?s=96&d=mm&r=g","caption":"Alain Dieul"},"sameAs":["http:\/\/ECINews"]}]}},"authors":[{"term_id":1154,"user_id":36,"is_guest":0,"slug":"alain-dieul","display_name":"Alain Dieul","avatar_url":"https:\/\/secure.gravatar.com\/avatar\/bc93b056d07515be5b8eecd4acf49c5c?s=96&d=mm&r=g","0":null,"1":"","2":"","3":"","4":"","5":"","6":"","7":"","8":""}],"_links":{"self":[{"href":"https:\/\/www.ecinews.fr\/fr\/wp-json\/wp\/v2\/posts\/433483"}],"collection":[{"href":"https:\/\/www.ecinews.fr\/fr\/wp-json\/wp\/v2\/posts"}],"about":[{"href":"https:\/\/www.ecinews.fr\/fr\/wp-json\/wp\/v2\/types\/post"}],"author":[{"embeddable":true,"href":"https:\/\/www.ecinews.fr\/fr\/wp-json\/wp\/v2\/users\/36"}],"replies":[{"embeddable":true,"href":"https:\/\/www.ecinews.fr\/fr\/wp-json\/wp\/v2\/comments?post=433483"}],"version-history":[{"count":0,"href":"https:\/\/www.ecinews.fr\/fr\/wp-json\/wp\/v2\/posts\/433483\/revisions"}],"wp:featuredmedia":[{"embeddable":true,"href":"https:\/\/www.ecinews.fr\/fr\/wp-json\/wp\/v2\/media\/433484"}],"wp:attachment":[{"href":"https:\/\/www.ecinews.fr\/fr\/wp-json\/wp\/v2\/media?parent=433483"}],"wp:term":[{"taxonomy":"category","embeddable":true,"href":"https:\/\/www.ecinews.fr\/fr\/wp-json\/wp\/v2\/categories?post=433483"},{"taxonomy":"post_tag","embeddable":true,"href":"https:\/\/www.ecinews.fr\/fr\/wp-json\/wp\/v2\/tags?post=433483"},{"taxonomy":"domains","embeddable":true,"href":"https:\/\/www.ecinews.fr\/fr\/wp-json\/wp\/v2\/domains?post=433483"},{"taxonomy":"author","embeddable":true,"href":"https:\/\/www.ecinews.fr\/fr\/wp-json\/wp\/v2\/ppma_author?post=433483"}],"curies":[{"name":"wp","href":"https:\/\/api.w.org\/{rel}","templated":true}]}}