{"id":433165,"date":"2023-09-27T15:32:51","date_gmt":"2023-09-27T13:32:51","guid":{"rendered":"https:\/\/www.ecinews.fr\/?p=433165"},"modified":"2023-09-27T15:32:51","modified_gmt":"2023-09-27T13:32:51","slug":"teledyne-flir-defense-presente-un-drone-revolutionnaire","status":"publish","type":"post","link":"https:\/\/www.ecinews.fr\/fr\/teledyne-flir-defense-presente-un-drone-revolutionnaire\/","title":{"rendered":"Teledyne FLIR Defense pr\u00e9sente un drone r\u00e9volutionnaire"},"content":{"rendered":"<h3><span style=\"font-size: 16px;\">Avec le Black Recon, Teledyne FLIR Defense, filiale de Teledyne Technologies Incorporated pr\u00e9sente un nouveau concept technologique : les \u00e9quipages pourront lancer de fa\u00e7on autonome de petits drones op\u00e9r\u00e9s depuis l&rsquo;int\u00e9rieur d&rsquo;un v\u00e9hicule militaire, effectuer des op\u00e9rations de reconnaissance, surveillance et acquisition de cibles (RSTA), puis r\u00e9cup\u00e9rer l&rsquo;a\u00e9ronef sans jamais quitter la s\u00e9curit\u00e9 de leur v\u00e9hicule.<\/span><\/h3>\n<p>\nLe Syst\u00e8me de reconnaissance de v\u00e9hicules (VRS) Black Recon est un programme de d\u00e9veloppement comportant un tout nouveau micro v\u00e9hicule a\u00e9rien sans pilote (UAV), capable de r\u00e9sister aux rigueurs des d\u00e9placements sur diff\u00e9rents v\u00e9hicules de combat d&rsquo;infanterie. Le syst\u00e8me est con\u00e7u pour fournir une reconnaissance autonome en continu \u00e0 des vitesses de vol gr\u00e2ce auxquelles le drone op\u00e8re en amont des v\u00e9hicules en mouvement, fournissant ainsi une connaissance pr\u00e9cieuse de la situation m\u00eame au-del\u00e0 de la ligne de vue.<br \/>\nGr\u00e2ce \u00e0 sa charge utile thermique et visuelle, le Black Recon envoie des images en direct et des informations de ciblage aux \u00e9quipages des v\u00e9hicules. Les op\u00e9rateurs peuvent utiliser le syst\u00e8me pour un large \u00e9ventail de missions, comme par exemple l&rsquo;\u00e9valuation de la praticabilit\u00e9 du terrain, la recherche de mines et d&rsquo;engins explosifs improvis\u00e9s, ou l&rsquo;inspection rapproch\u00e9e sous les ponts \u00e0 l&rsquo;aide de l&rsquo;\u00e9clairage embarqu\u00e9. Le syst\u00e8me fournit une RSTA de haute pr\u00e9cision et peut effectuer des op\u00e9rations sans GPS.<\/p>\n<p>&nbsp;<\/p>\n<p><strong>Capable de lancer jusqu&rsquo;\u00e0 trois drones au cours d&rsquo;une mission<\/strong><\/p>\n<p>Install\u00e9 \u00e0 l&rsquo;int\u00e9rieur d&rsquo;une bo\u00eete de lancement durcie mont\u00e9e sur le v\u00e9hicule, le syst\u00e8me de d\u00e9ploiement du Black Recon peut lancer jusqu&rsquo;\u00e0 trois drones au cours d&rsquo;une mission. A son retour, le drone est automatiquement pris en charge par un bras r\u00e9cup\u00e9rateur exclusif gr\u00e2ce \u00e0 une technologie brevet\u00e9e pour le suivre, le capturer et l\u2019amarrer avec pr\u00e9cision, de jour comme de nuit, y compris par mauvais temps. Les drones sont alors automatiquement recharg\u00e9s pour la mission suivante.<br \/>\n\u00ab Le Black Recon repr\u00e9sente une nouvelle capacit\u00e9 avant-gardiste et un multiplicateur de puissance pour les combattants devant affronter des adversaires proches \u00bb, explique le Dr JihFen Lei, Vice-pr\u00e9sident ex\u00e9cutif et Directeur g\u00e9n\u00e9ral de Teledyne FLIR Defense. \u00ab La capacit\u00e9 de lancer et r\u00e9cup\u00e9rer des drones en quelques secondes \u00e0 partir d&rsquo;un v\u00e9hicule, sans exposer l&rsquo;\u00e9quipage, permettra aux unit\u00e9s de combat de maintenir le rythme op\u00e9rationnel et d&rsquo;exploiter le syst\u00e8me au moment le plus crucial, dans des environnements dynamiques, incertains et complexes \u00bb.<\/p>\n<p>\n<a title=\"www.teledyne.com\" href=\"http:\/\/www.teledyne.com\">www.teledyne.com<\/a><br \/>\n\u00a0<\/p>\n<p><a href=\"https:\/\/news.google.com\/publications\/CAAqBwgKMJbcwQswuPfYAw?hl=fr&amp;gl=BE&amp;ceid=BE:fr\">Suivre ECInews sur Google news<\/a><\/p>\n","protected":false},"excerpt":{"rendered":"<p>Avec le Black Recon, Teledyne FLIR Defense, filiale de Teledyne Technologies Incorporated pr\u00e9sente un nouveau concept technologique : les \u00e9quipages pourront lancer de fa\u00e7on autonome de petits drones op\u00e9r\u00e9s depuis l&rsquo;int\u00e9rieur d&rsquo;un v\u00e9hicule militaire, effectuer des op\u00e9rations de reconnaissance, surveillance et acquisition de cibles (RSTA), puis r\u00e9cup\u00e9rer l&rsquo;a\u00e9ronef sans jamais quitter la s\u00e9curit\u00e9 de leur [&hellip;]<\/p>\n","protected":false},"author":36,"featured_media":433166,"comment_status":"closed","ping_status":"closed","sticky":false,"template":"","format":"standard","meta":{"_acf_changed":false,"footnotes":""},"categories":[886],"tags":[],"domains":[47],"ppma_author":[1154],"class_list":["post-433165","post","type-post","status-publish","format-standard","has-post-thumbnail","hentry","category-news-fr","domains-electronique-eci"],"acf":[],"yoast_head":"<title>Teledyne FLIR Defense pr\u00e9sente un drone r\u00e9volutionnaire ...<\/title>\n<meta name=\"description\" content=\"Avec le Black Recon, Teledyne FLIR Defense, filiale de Teledyne Technologies pr\u00e9sente un nouveau concept technologique : les \u00e9quipages pourront lancer de...\" \/>\n<meta name=\"robots\" content=\"index, follow, max-snippet:-1, max-image-preview:large, max-video-preview:-1\" \/>\n<link rel=\"canonical\" href=\"https:\/\/www.ecinews.fr\/fr\/wp-json\/wp\/v2\/posts\/433165\/\" \/>\n<meta property=\"og:locale\" content=\"fr_FR\" \/>\n<meta property=\"og:type\" content=\"article\" \/>\n<meta property=\"og:title\" content=\"Teledyne FLIR Defense pr\u00e9sente un drone r\u00e9volutionnaire\" \/>\n<meta property=\"og:description\" content=\"Avec le Black Recon, Teledyne FLIR Defense, filiale de Teledyne Technologies pr\u00e9sente un nouveau concept technologique : les \u00e9quipages pourront lancer de fa\u00e7on autonome de petits drones op\u00e9r\u00e9s depuis l&#039;int\u00e9rieur d&#039;un v\u00e9hicule militaire, effectuer des op\u00e9rations de reconnaissance, surveillance et acquisition de cibles (RSTA), puis r\u00e9cup\u00e9rer l&#039;a\u00e9ronef sans jamais quitter la s\u00e9curit\u00e9 de leur v\u00e9hicule.\" \/>\n<meta property=\"og:url\" content=\"https:\/\/www.ecinews.fr\/fr\/wp-json\/wp\/v2\/posts\/433165\/\" \/>\n<meta property=\"og:site_name\" content=\"EENewsEurope\" \/>\n<meta property=\"article:published_time\" content=\"2023-09-27T13:32:51+00:00\" \/>\n<meta property=\"og:image\" content=\"https:\/\/www.ecinews.fr\/wp-content\/uploads\/2023\/09\/ECI1995_Teledyne-FLIR-Defense-scaled.jpg\" \/>\n\t<meta property=\"og:image:width\" content=\"1080\" \/>\n\t<meta property=\"og:image:height\" content=\"1080\" \/>\n\t<meta property=\"og:image:type\" content=\"image\/jpeg\" \/>\n<meta name=\"author\" content=\"Alain Dieul\" \/>\n<meta name=\"twitter:card\" content=\"summary_large_image\" \/>\n<meta name=\"twitter:label1\" content=\"Written by\" \/>\n\t<meta name=\"twitter:data1\" content=\"Alain Dieul\" \/>\n\t<meta name=\"twitter:label2\" content=\"Est. reading time\" \/>\n\t<meta name=\"twitter:data2\" content=\"2 minutes\" \/>\n<script type=\"application\/ld+json\" class=\"yoast-schema-graph\">{\"@context\":\"https:\/\/schema.org\",\"@graph\":[{\"@type\":\"Article\",\"@id\":\"https:\/\/www.ecinews.fr\/fr\/teledyne-flir-defense-presente-un-drone-revolutionnaire\/#article\",\"isPartOf\":{\"@id\":\"https:\/\/www.ecinews.fr\/fr\/teledyne-flir-defense-presente-un-drone-revolutionnaire\/\"},\"author\":{\"name\":\"Alain Dieul\",\"@id\":\"https:\/\/www.eenewseurope.com\/en\/#\/schema\/person\/e4387676ad67ce722325c7832f3c3762\"},\"headline\":\"Teledyne FLIR Defense pr\u00e9sente un drone r\u00e9volutionnaire\",\"datePublished\":\"2023-09-27T13:32:51+00:00\",\"dateModified\":\"2023-09-27T13:32:51+00:00\",\"mainEntityOfPage\":{\"@id\":\"https:\/\/www.ecinews.fr\/fr\/teledyne-flir-defense-presente-un-drone-revolutionnaire\/\"},\"wordCount\":469,\"publisher\":{\"@id\":\"https:\/\/www.eenewseurope.com\/en\/#organization\"},\"articleSection\":[\"Actualit\u00e9 g\u00e9n\u00e9rale\"],\"inLanguage\":\"fr-FR\"},{\"@type\":\"WebPage\",\"@id\":\"https:\/\/www.ecinews.fr\/fr\/teledyne-flir-defense-presente-un-drone-revolutionnaire\/\",\"url\":\"https:\/\/www.ecinews.fr\/fr\/teledyne-flir-defense-presente-un-drone-revolutionnaire\/\",\"name\":\"Teledyne FLIR Defense pr\u00e9sente un drone r\u00e9volutionnaire -\",\"isPartOf\":{\"@id\":\"https:\/\/www.eenewseurope.com\/en\/#website\"},\"datePublished\":\"2023-09-27T13:32:51+00:00\",\"dateModified\":\"2023-09-27T13:32:51+00:00\",\"description\":\"Avec le Black Recon, Teledyne FLIR Defense, filiale de Teledyne Technologies pr\u00e9sente un nouveau concept technologique : les \u00e9quipages pourront lancer de fa\u00e7on autonome de petits drones op\u00e9r\u00e9s depuis l'int\u00e9rieur d'un v\u00e9hicule militaire, effectuer des op\u00e9rations de reconnaissance, surveillance et acquisition de cibles (RSTA), puis r\u00e9cup\u00e9rer l'a\u00e9ronef sans jamais quitter la s\u00e9curit\u00e9 de leur v\u00e9hicule.\",\"breadcrumb\":{\"@id\":\"https:\/\/www.ecinews.fr\/fr\/teledyne-flir-defense-presente-un-drone-revolutionnaire\/#breadcrumb\"},\"inLanguage\":\"fr-FR\",\"potentialAction\":[{\"@type\":\"ReadAction\",\"target\":[\"https:\/\/www.ecinews.fr\/fr\/teledyne-flir-defense-presente-un-drone-revolutionnaire\/\"]}]},{\"@type\":\"BreadcrumbList\",\"@id\":\"https:\/\/www.ecinews.fr\/fr\/teledyne-flir-defense-presente-un-drone-revolutionnaire\/#breadcrumb\",\"itemListElement\":[{\"@type\":\"ListItem\",\"position\":1,\"name\":\"Home\",\"item\":\"https:\/\/www.ecinews.fr\/fr\/\"},{\"@type\":\"ListItem\",\"position\":2,\"name\":\"Teledyne FLIR Defense pr\u00e9sente un drone r\u00e9volutionnaire\"}]},{\"@type\":\"WebSite\",\"@id\":\"https:\/\/www.eenewseurope.com\/en\/#website\",\"url\":\"https:\/\/www.eenewseurope.com\/en\/\",\"name\":\"EENewsEurope\",\"description\":\"Just another WordPress site\",\"publisher\":{\"@id\":\"https:\/\/www.eenewseurope.com\/en\/#organization\"},\"potentialAction\":[{\"@type\":\"SearchAction\",\"target\":{\"@type\":\"EntryPoint\",\"urlTemplate\":\"https:\/\/www.eenewseurope.com\/en\/?s={search_term_string}\"},\"query-input\":\"required name=search_term_string\"}],\"inLanguage\":\"fr-FR\"},{\"@type\":\"Organization\",\"@id\":\"https:\/\/www.eenewseurope.com\/en\/#organization\",\"name\":\"EENewsEurope\",\"url\":\"https:\/\/www.eenewseurope.com\/en\/\",\"logo\":{\"@type\":\"ImageObject\",\"inLanguage\":\"fr-FR\",\"@id\":\"https:\/\/www.eenewseurope.com\/en\/#\/schema\/logo\/image\/\",\"url\":\"https:\/\/www.ecinews.fr\/wp-content\/uploads\/2022\/02\/logo-1.jpg\",\"contentUrl\":\"https:\/\/www.ecinews.fr\/wp-content\/uploads\/2022\/02\/logo-1.jpg\",\"width\":283,\"height\":113,\"caption\":\"EENewsEurope\"},\"image\":{\"@id\":\"https:\/\/www.eenewseurope.com\/en\/#\/schema\/logo\/image\/\"}},{\"@type\":\"Person\",\"@id\":\"https:\/\/www.eenewseurope.com\/en\/#\/schema\/person\/e4387676ad67ce722325c7832f3c3762\",\"name\":\"Alain Dieul\",\"image\":{\"@type\":\"ImageObject\",\"inLanguage\":\"fr-FR\",\"@id\":\"https:\/\/www.eenewseurope.com\/en\/#\/schema\/person\/image\/736120675699dbbf0f0f282b9a9cfb75\",\"url\":\"https:\/\/secure.gravatar.com\/avatar\/bc93b056d07515be5b8eecd4acf49c5c?s=96&d=mm&r=g\",\"contentUrl\":\"https:\/\/secure.gravatar.com\/avatar\/bc93b056d07515be5b8eecd4acf49c5c?s=96&d=mm&r=g\",\"caption\":\"Alain Dieul\"},\"sameAs\":[\"http:\/\/ECINews\"]}]}<\/script>","yoast_head_json":{"title":"Teledyne FLIR Defense pr\u00e9sente un drone r\u00e9volutionnaire ...","description":"Avec le Black Recon, Teledyne FLIR Defense, filiale de Teledyne Technologies pr\u00e9sente un nouveau concept technologique : les \u00e9quipages pourront lancer de...","robots":{"index":"index","follow":"follow","max-snippet":"max-snippet:-1","max-image-preview":"max-image-preview:large","max-video-preview":"max-video-preview:-1"},"canonical":"https:\/\/www.ecinews.fr\/fr\/wp-json\/wp\/v2\/posts\/433165\/","og_locale":"fr_FR","og_type":"article","og_title":"Teledyne FLIR Defense pr\u00e9sente un drone r\u00e9volutionnaire","og_description":"Avec le Black Recon, Teledyne FLIR Defense, filiale de Teledyne Technologies pr\u00e9sente un nouveau concept technologique : les \u00e9quipages pourront lancer de fa\u00e7on autonome de petits drones op\u00e9r\u00e9s depuis l'int\u00e9rieur d'un v\u00e9hicule militaire, effectuer des op\u00e9rations de reconnaissance, surveillance et acquisition de cibles (RSTA), puis r\u00e9cup\u00e9rer l'a\u00e9ronef sans jamais quitter la s\u00e9curit\u00e9 de leur v\u00e9hicule.","og_url":"https:\/\/www.ecinews.fr\/fr\/wp-json\/wp\/v2\/posts\/433165\/","og_site_name":"EENewsEurope","article_published_time":"2023-09-27T13:32:51+00:00","og_image":[{"width":1080,"height":1080,"url":"https:\/\/www.ecinews.fr\/wp-content\/uploads\/2023\/09\/ECI1995_Teledyne-FLIR-Defense-scaled.jpg","type":"image\/jpeg"}],"author":"Alain Dieul","twitter_card":"summary_large_image","twitter_misc":{"Written by":"Alain Dieul","Est. reading time":"2 minutes"},"schema":{"@context":"https:\/\/schema.org","@graph":[{"@type":"Article","@id":"https:\/\/www.ecinews.fr\/fr\/teledyne-flir-defense-presente-un-drone-revolutionnaire\/#article","isPartOf":{"@id":"https:\/\/www.ecinews.fr\/fr\/teledyne-flir-defense-presente-un-drone-revolutionnaire\/"},"author":{"name":"Alain Dieul","@id":"https:\/\/www.eenewseurope.com\/en\/#\/schema\/person\/e4387676ad67ce722325c7832f3c3762"},"headline":"Teledyne FLIR Defense pr\u00e9sente un drone r\u00e9volutionnaire","datePublished":"2023-09-27T13:32:51+00:00","dateModified":"2023-09-27T13:32:51+00:00","mainEntityOfPage":{"@id":"https:\/\/www.ecinews.fr\/fr\/teledyne-flir-defense-presente-un-drone-revolutionnaire\/"},"wordCount":469,"publisher":{"@id":"https:\/\/www.eenewseurope.com\/en\/#organization"},"articleSection":["Actualit\u00e9 g\u00e9n\u00e9rale"],"inLanguage":"fr-FR"},{"@type":"WebPage","@id":"https:\/\/www.ecinews.fr\/fr\/teledyne-flir-defense-presente-un-drone-revolutionnaire\/","url":"https:\/\/www.ecinews.fr\/fr\/teledyne-flir-defense-presente-un-drone-revolutionnaire\/","name":"Teledyne FLIR Defense pr\u00e9sente un drone r\u00e9volutionnaire -","isPartOf":{"@id":"https:\/\/www.eenewseurope.com\/en\/#website"},"datePublished":"2023-09-27T13:32:51+00:00","dateModified":"2023-09-27T13:32:51+00:00","description":"Avec le Black Recon, Teledyne FLIR Defense, filiale de Teledyne Technologies pr\u00e9sente un nouveau concept technologique : les \u00e9quipages pourront lancer de fa\u00e7on autonome de petits drones op\u00e9r\u00e9s depuis l'int\u00e9rieur d'un v\u00e9hicule militaire, effectuer des op\u00e9rations de reconnaissance, surveillance et acquisition de cibles (RSTA), puis r\u00e9cup\u00e9rer l'a\u00e9ronef sans jamais quitter la s\u00e9curit\u00e9 de leur v\u00e9hicule.","breadcrumb":{"@id":"https:\/\/www.ecinews.fr\/fr\/teledyne-flir-defense-presente-un-drone-revolutionnaire\/#breadcrumb"},"inLanguage":"fr-FR","potentialAction":[{"@type":"ReadAction","target":["https:\/\/www.ecinews.fr\/fr\/teledyne-flir-defense-presente-un-drone-revolutionnaire\/"]}]},{"@type":"BreadcrumbList","@id":"https:\/\/www.ecinews.fr\/fr\/teledyne-flir-defense-presente-un-drone-revolutionnaire\/#breadcrumb","itemListElement":[{"@type":"ListItem","position":1,"name":"Home","item":"https:\/\/www.ecinews.fr\/fr\/"},{"@type":"ListItem","position":2,"name":"Teledyne FLIR Defense pr\u00e9sente un drone r\u00e9volutionnaire"}]},{"@type":"WebSite","@id":"https:\/\/www.eenewseurope.com\/en\/#website","url":"https:\/\/www.eenewseurope.com\/en\/","name":"EENewsEurope","description":"Just another WordPress site","publisher":{"@id":"https:\/\/www.eenewseurope.com\/en\/#organization"},"potentialAction":[{"@type":"SearchAction","target":{"@type":"EntryPoint","urlTemplate":"https:\/\/www.eenewseurope.com\/en\/?s={search_term_string}"},"query-input":"required name=search_term_string"}],"inLanguage":"fr-FR"},{"@type":"Organization","@id":"https:\/\/www.eenewseurope.com\/en\/#organization","name":"EENewsEurope","url":"https:\/\/www.eenewseurope.com\/en\/","logo":{"@type":"ImageObject","inLanguage":"fr-FR","@id":"https:\/\/www.eenewseurope.com\/en\/#\/schema\/logo\/image\/","url":"https:\/\/www.ecinews.fr\/wp-content\/uploads\/2022\/02\/logo-1.jpg","contentUrl":"https:\/\/www.ecinews.fr\/wp-content\/uploads\/2022\/02\/logo-1.jpg","width":283,"height":113,"caption":"EENewsEurope"},"image":{"@id":"https:\/\/www.eenewseurope.com\/en\/#\/schema\/logo\/image\/"}},{"@type":"Person","@id":"https:\/\/www.eenewseurope.com\/en\/#\/schema\/person\/e4387676ad67ce722325c7832f3c3762","name":"Alain Dieul","image":{"@type":"ImageObject","inLanguage":"fr-FR","@id":"https:\/\/www.eenewseurope.com\/en\/#\/schema\/person\/image\/736120675699dbbf0f0f282b9a9cfb75","url":"https:\/\/secure.gravatar.com\/avatar\/bc93b056d07515be5b8eecd4acf49c5c?s=96&d=mm&r=g","contentUrl":"https:\/\/secure.gravatar.com\/avatar\/bc93b056d07515be5b8eecd4acf49c5c?s=96&d=mm&r=g","caption":"Alain Dieul"},"sameAs":["http:\/\/ECINews"]}]}},"authors":[{"term_id":1154,"user_id":36,"is_guest":0,"slug":"alain-dieul","display_name":"Alain Dieul","avatar_url":"https:\/\/secure.gravatar.com\/avatar\/bc93b056d07515be5b8eecd4acf49c5c?s=96&d=mm&r=g","0":null,"1":"","2":"","3":"","4":"","5":"","6":"","7":"","8":""}],"_links":{"self":[{"href":"https:\/\/www.ecinews.fr\/fr\/wp-json\/wp\/v2\/posts\/433165"}],"collection":[{"href":"https:\/\/www.ecinews.fr\/fr\/wp-json\/wp\/v2\/posts"}],"about":[{"href":"https:\/\/www.ecinews.fr\/fr\/wp-json\/wp\/v2\/types\/post"}],"author":[{"embeddable":true,"href":"https:\/\/www.ecinews.fr\/fr\/wp-json\/wp\/v2\/users\/36"}],"replies":[{"embeddable":true,"href":"https:\/\/www.ecinews.fr\/fr\/wp-json\/wp\/v2\/comments?post=433165"}],"version-history":[{"count":0,"href":"https:\/\/www.ecinews.fr\/fr\/wp-json\/wp\/v2\/posts\/433165\/revisions"}],"wp:featuredmedia":[{"embeddable":true,"href":"https:\/\/www.ecinews.fr\/fr\/wp-json\/wp\/v2\/media\/433166"}],"wp:attachment":[{"href":"https:\/\/www.ecinews.fr\/fr\/wp-json\/wp\/v2\/media?parent=433165"}],"wp:term":[{"taxonomy":"category","embeddable":true,"href":"https:\/\/www.ecinews.fr\/fr\/wp-json\/wp\/v2\/categories?post=433165"},{"taxonomy":"post_tag","embeddable":true,"href":"https:\/\/www.ecinews.fr\/fr\/wp-json\/wp\/v2\/tags?post=433165"},{"taxonomy":"domains","embeddable":true,"href":"https:\/\/www.ecinews.fr\/fr\/wp-json\/wp\/v2\/domains?post=433165"},{"taxonomy":"author","embeddable":true,"href":"https:\/\/www.ecinews.fr\/fr\/wp-json\/wp\/v2\/ppma_author?post=433165"}],"curies":[{"name":"wp","href":"https:\/\/api.w.org\/{rel}","templated":true}]}}