{"id":433078,"date":"2023-09-26T18:37:04","date_gmt":"2023-09-26T16:37:04","guid":{"rendered":"https:\/\/www.ecinews.fr\/?p=433078"},"modified":"2023-09-26T18:37:04","modified_gmt":"2023-09-26T16:37:04","slug":"digikey-lance-la-saison-3-de-sa-serie-de-videos-factory-tomorrow","status":"publish","type":"post","link":"https:\/\/www.ecinews.fr\/fr\/digikey-lance-la-saison-3-de-sa-serie-de-videos-factory-tomorrow\/","title":{"rendered":"DigiKey lance la saison 3 de sa s\u00e9rie de vid\u00e9os \u00ab Factory Tomorrow \u00bb"},"content":{"rendered":"<p><a href=\"https:\/\/www.digikey.fr\/?utm_source=referral&amp;utm_medium=pressrelease&amp;utm_campaign=pressrelease\">DigiKey<\/a> a publi\u00e9 le premier \u00e9pisode de la saison\u00a03 de sa\u00a0<a href=\"https:\/\/www.digikey.fr\/fr\/resources\/technology\/factory-tomorrow#VTabs3\/?utm_source=referral&amp;utm_medium=pressrelease&amp;utm_campaign=pressrelease\">s\u00e9rie de vid\u00e9os<\/a>\u00a0\u00ab\u00a0Factory Tomorrow\u00a0\u00bb, consacr\u00e9e aux derni\u00e8res innovations favorisant un changement durable dans l&rsquo;automatisation industrielle.<\/p>\n<p>Sponsoris\u00e9e par Schneider\u00a0Electric et\u00a0<a href=\"https:\/\/www.digikey.fr\/fr\/supplier-centers\/panduit\/?utm_source=referral&amp;utm_medium=pressrelease&amp;utm_campaign=pressrelease\">Panduit<\/a>, la s\u00e9rie en trois \u00e9pisodes se penche sur la mani\u00e8re dont l&rsquo;utilisation de sources d&rsquo;\u00e9nergie de substitution, d&rsquo;op\u00e9rations durables, et plus, dans la production fa\u00e7onne le prochain grand bond en avant de la fabrication. \u00ab\u00a0La demande mondiale ne cesse d&rsquo;augmenter et les technologies d&rsquo;automatisation progressent rapidement pour suivre le rythme, en particulier au croisement de la durabilit\u00e9 et du rendement\u00a0\u00bb, a d\u00e9clar\u00e9 Eric\u00a0Halvorson, responsable marketing des partenariats, programmes strat\u00e9giques chez DigiKey. \u00ab\u00a0Des partenariats innovants avec des fournisseurs tels que Panduit et Schneider\u00a0Electric illustrent notre vision commune d&rsquo;un avenir plus durable et garantissent aux clients de DigiKey l&rsquo;acc\u00e8s aux produits dont ils ont besoin pour acc\u00e9l\u00e9rer le progr\u00e8s.\u00a0\u00bb<\/p>\n<p>\u00ab\u00a0Le d\u00e9veloppement durable fait partie de l&rsquo;ADN de Schneider\u00a0Electric\u00a0\u00bb, a d\u00e9clar\u00e9 Lisa\u00a0Causarano, responsable des comptes internationaux, comptes strat\u00e9giques mondiaux, segment\u00a0CPG chez Schneider\u00a0Electric. \u00ab\u00a0Il est passionnant de voir les changements qui ont \u00e9t\u00e9 mis en \u0153uvre dans notre usine de Lexington, dans le Kentucky aux \u00c9tats-Unis, et je suis impatiente de d\u00e9couvrir ce qui peut encore \u00eatre r\u00e9alis\u00e9 en termes de fabrication durable, dans notre secteur et au-del\u00e0.\u00a0\u00bb<\/p>\n<p>\u00ab\u00a0Le rendement et la durabilit\u00e9 sont au c\u0153ur de l&rsquo;infrastructure physique de Panduit depuis plus de 60\u00a0ans, dans l&rsquo;ensemble de nos op\u00e9rations mondiales\u00a0\u00bb, a d\u00e9clar\u00e9 Tom\u00a0Kelly, vice-pr\u00e9sident senior des unit\u00e9s commerciales chez Panduit. \u00ab\u00a0Nous sommes ravis de collaborer avec DigiKey pour aider nos clients \u00e0 r\u00e9duire l&rsquo;impact environnemental associ\u00e9 \u00e0 la production et pour contribuer \u00e0 r\u00e9pondre \u00e0 la demande de nos clients communs.\u00a0\u00bb<\/p>\n<p>La premi\u00e8re des trois vid\u00e9os de la s\u00e9rie, intitul\u00e9e \u00ab\u00a0R\u00e9duire l&rsquo;impact de la production\u00a0\u00bb, est maintenant\u00a0<a href=\"https:\/\/www.digikey.fr\/fr\/resources\/technology\/factory-tomorrow#VTabs3\/?utm_source=referral&amp;utm_medium=pressrelease&amp;utm_campaign=pressrelease\">en ligne sur le site Web de DigiKey<\/a>, et explore la fa\u00e7on dont les usines de demain reposeront sur une base de connectivit\u00e9 et d&rsquo;infrastructure haute vitesse. Cet \u00e9pisode est consacr\u00e9 \u00e0 Panduit et \u00e0 la mani\u00e8re dont leur engagement en faveur de la durabilit\u00e9 permet d&rsquo;offrir de meilleures technologies aux clients et \u00e0 l&rsquo;environnement.<\/p>\n<p>La deuxi\u00e8me vid\u00e9o, \u00ab\u00a0Inspirer le changement dans l&rsquo;usine\u00a0\u00bb, pr\u00e9sente une visite de l&rsquo;usine Schneider\u00a0Electric intelligente \u00e0 Lexington, afin de d\u00e9couvrir comment elle sert de mod\u00e8le \u00e0 d&rsquo;autres acteurs de l&rsquo;industrie qui cherchent \u00e0 cr\u00e9er des op\u00e9rations plus durables. La troisi\u00e8me vid\u00e9o, \u00ab\u00a0Techniques d&rsquo;automatisation durable en pratique\u00a0\u00bb, montre comment l&rsquo;automatisation et la durabilit\u00e9 cohabitent dans le centre de distribution de pointe de DigiKey.<\/p>\n<p>Pour en savoir plus sur la s\u00e9rie de vid\u00e9os et sur la mani\u00e8re dont DigiKey soutient la durabilit\u00e9 dans le secteur en pleine croissance du contr\u00f4le et de l&rsquo;automatisation, rendez-vous sur le\u00a0<a href=\"https:\/\/www.digikey.fr\/fr\/resources\/industrial-automation\/product-selector\/?utm_source=referral&amp;utm_medium=pressrelease&amp;utm_campaign=pressrelease\">site Web de DigiKey d\u00e9di\u00e9 \u00e0 l&rsquo;automatisation<\/a>.<\/p>\n<p><a href=\"https:\/\/www.digikey.fr\/\">digikey.fr<\/a>\u00a0<\/p>\n<p><u><a href=\"https:\/\/news.google.com\/publications\/CAAqBwgKMJbcwQswuPfYAw?hl=fr&amp;gl=BE&amp;ceid=BE:fr\">Suivre ECInews sur Google news<\/a><\/u><\/p>\n","protected":false},"excerpt":{"rendered":"<p>DigiKey a publi\u00e9 le premier \u00e9pisode de la saison\u00a03 de sa\u00a0s\u00e9rie de vid\u00e9os\u00a0\u00ab\u00a0Factory Tomorrow\u00a0\u00bb, consacr\u00e9e aux derni\u00e8res innovations favorisant un changement durable dans l&rsquo;automatisation industrielle. Sponsoris\u00e9e par Schneider\u00a0Electric et\u00a0Panduit, la s\u00e9rie en trois \u00e9pisodes se penche sur la mani\u00e8re dont l&rsquo;utilisation de sources d&rsquo;\u00e9nergie de substitution, d&rsquo;op\u00e9rations durables, et plus, dans la production fa\u00e7onne le [&hellip;]<\/p>\n","protected":false},"author":36,"featured_media":433079,"comment_status":"closed","ping_status":"closed","sticky":false,"template":"","format":"standard","meta":{"_acf_changed":false,"footnotes":""},"categories":[886],"tags":[],"domains":[47],"ppma_author":[1154],"class_list":["post-433078","post","type-post","status-publish","format-standard","has-post-thumbnail","hentry","category-news-fr","domains-electronique-eci"],"acf":[],"yoast_head":"<title>DigiKey lance la saison 3 de sa s\u00e9rie de vid\u00e9os \u00ab Factory To...<\/title>\n<meta name=\"description\" content=\"DigiKey a publi\u00e9 le premier \u00e9pisode de la saison\u00a03 de sa\u00a0s\u00e9rie de vid\u00e9os\u00a0\u00ab\u00a0Factory Tomorrow\u00a0\u00bb, consacr\u00e9e aux derni\u00e8res innovations favorisant un...\" \/>\n<meta name=\"robots\" content=\"index, follow, max-snippet:-1, max-image-preview:large, max-video-preview:-1\" \/>\n<link rel=\"canonical\" href=\"https:\/\/www.ecinews.fr\/fr\/wp-json\/wp\/v2\/posts\/433078\/\" \/>\n<meta property=\"og:locale\" content=\"fr_FR\" \/>\n<meta property=\"og:type\" content=\"article\" \/>\n<meta property=\"og:title\" content=\"DigiKey lance la saison 3 de sa s\u00e9rie de vid\u00e9os \u00ab Factory Tomorrow \u00bb\" \/>\n<meta property=\"og:description\" content=\"DigiKey a publi\u00e9 le premier \u00e9pisode de la saison\u00a03 de sa\u00a0s\u00e9rie de vid\u00e9os\u00a0\u00ab\u00a0Factory Tomorrow\u00a0\u00bb, consacr\u00e9e aux derni\u00e8res innovations favorisant un changement durable dans l&#039;automatisation industrielle.\" \/>\n<meta property=\"og:url\" content=\"https:\/\/www.ecinews.fr\/fr\/wp-json\/wp\/v2\/posts\/433078\/\" \/>\n<meta property=\"og:site_name\" content=\"EENewsEurope\" \/>\n<meta property=\"article:published_time\" content=\"2023-09-26T16:37:04+00:00\" \/>\n<meta property=\"og:image\" content=\"https:\/\/www.ecinews.fr\/wp-content\/uploads\/2023\/09\/ECI2000_DK.jpg\" \/>\n\t<meta property=\"og:image:width\" content=\"400\" \/>\n\t<meta property=\"og:image:height\" content=\"200\" \/>\n\t<meta property=\"og:image:type\" content=\"image\/jpeg\" \/>\n<meta name=\"author\" content=\"Alain Dieul\" \/>\n<meta name=\"twitter:card\" content=\"summary_large_image\" \/>\n<meta name=\"twitter:label1\" content=\"Written by\" \/>\n\t<meta name=\"twitter:data1\" content=\"Alain Dieul\" \/>\n\t<meta name=\"twitter:label2\" content=\"Est. reading time\" \/>\n\t<meta name=\"twitter:data2\" content=\"3 minutes\" \/>\n<script type=\"application\/ld+json\" class=\"yoast-schema-graph\">{\"@context\":\"https:\/\/schema.org\",\"@graph\":[{\"@type\":\"Article\",\"@id\":\"https:\/\/www.ecinews.fr\/fr\/digikey-lance-la-saison-3-de-sa-serie-de-videos-factory-tomorrow\/#article\",\"isPartOf\":{\"@id\":\"https:\/\/www.ecinews.fr\/fr\/digikey-lance-la-saison-3-de-sa-serie-de-videos-factory-tomorrow\/\"},\"author\":{\"name\":\"Alain Dieul\",\"@id\":\"https:\/\/www.eenewseurope.com\/en\/#\/schema\/person\/e4387676ad67ce722325c7832f3c3762\"},\"headline\":\"DigiKey lance la saison 3 de sa s\u00e9rie de vid\u00e9os \u00ab Factory Tomorrow \u00bb\",\"datePublished\":\"2023-09-26T16:37:04+00:00\",\"dateModified\":\"2023-09-26T16:37:04+00:00\",\"mainEntityOfPage\":{\"@id\":\"https:\/\/www.ecinews.fr\/fr\/digikey-lance-la-saison-3-de-sa-serie-de-videos-factory-tomorrow\/\"},\"wordCount\":532,\"publisher\":{\"@id\":\"https:\/\/www.eenewseurope.com\/en\/#organization\"},\"articleSection\":[\"Actualit\u00e9 g\u00e9n\u00e9rale\"],\"inLanguage\":\"fr-FR\"},{\"@type\":\"WebPage\",\"@id\":\"https:\/\/www.ecinews.fr\/fr\/digikey-lance-la-saison-3-de-sa-serie-de-videos-factory-tomorrow\/\",\"url\":\"https:\/\/www.ecinews.fr\/fr\/digikey-lance-la-saison-3-de-sa-serie-de-videos-factory-tomorrow\/\",\"name\":\"DigiKey lance la saison 3 de sa s\u00e9rie de vid\u00e9os \u00ab Factory Tomorrow \u00bb -\",\"isPartOf\":{\"@id\":\"https:\/\/www.eenewseurope.com\/en\/#website\"},\"datePublished\":\"2023-09-26T16:37:04+00:00\",\"dateModified\":\"2023-09-26T16:37:04+00:00\",\"description\":\"DigiKey a publi\u00e9 le premier \u00e9pisode de la saison\u00a03 de sa\u00a0s\u00e9rie de vid\u00e9os\u00a0\u00ab\u00a0Factory Tomorrow\u00a0\u00bb, consacr\u00e9e aux derni\u00e8res innovations favorisant un changement durable dans l'automatisation industrielle.\",\"breadcrumb\":{\"@id\":\"https:\/\/www.ecinews.fr\/fr\/digikey-lance-la-saison-3-de-sa-serie-de-videos-factory-tomorrow\/#breadcrumb\"},\"inLanguage\":\"fr-FR\",\"potentialAction\":[{\"@type\":\"ReadAction\",\"target\":[\"https:\/\/www.ecinews.fr\/fr\/digikey-lance-la-saison-3-de-sa-serie-de-videos-factory-tomorrow\/\"]}]},{\"@type\":\"BreadcrumbList\",\"@id\":\"https:\/\/www.ecinews.fr\/fr\/digikey-lance-la-saison-3-de-sa-serie-de-videos-factory-tomorrow\/#breadcrumb\",\"itemListElement\":[{\"@type\":\"ListItem\",\"position\":1,\"name\":\"Home\",\"item\":\"https:\/\/www.ecinews.fr\/fr\/\"},{\"@type\":\"ListItem\",\"position\":2,\"name\":\"DigiKey lance la saison 3 de sa s\u00e9rie de vid\u00e9os \u00ab Factory Tomorrow \u00bb\"}]},{\"@type\":\"WebSite\",\"@id\":\"https:\/\/www.eenewseurope.com\/en\/#website\",\"url\":\"https:\/\/www.eenewseurope.com\/en\/\",\"name\":\"EENewsEurope\",\"description\":\"Just another WordPress site\",\"publisher\":{\"@id\":\"https:\/\/www.eenewseurope.com\/en\/#organization\"},\"potentialAction\":[{\"@type\":\"SearchAction\",\"target\":{\"@type\":\"EntryPoint\",\"urlTemplate\":\"https:\/\/www.eenewseurope.com\/en\/?s={search_term_string}\"},\"query-input\":\"required name=search_term_string\"}],\"inLanguage\":\"fr-FR\"},{\"@type\":\"Organization\",\"@id\":\"https:\/\/www.eenewseurope.com\/en\/#organization\",\"name\":\"EENewsEurope\",\"url\":\"https:\/\/www.eenewseurope.com\/en\/\",\"logo\":{\"@type\":\"ImageObject\",\"inLanguage\":\"fr-FR\",\"@id\":\"https:\/\/www.eenewseurope.com\/en\/#\/schema\/logo\/image\/\",\"url\":\"https:\/\/www.ecinews.fr\/wp-content\/uploads\/2022\/02\/logo-1.jpg\",\"contentUrl\":\"https:\/\/www.ecinews.fr\/wp-content\/uploads\/2022\/02\/logo-1.jpg\",\"width\":283,\"height\":113,\"caption\":\"EENewsEurope\"},\"image\":{\"@id\":\"https:\/\/www.eenewseurope.com\/en\/#\/schema\/logo\/image\/\"}},{\"@type\":\"Person\",\"@id\":\"https:\/\/www.eenewseurope.com\/en\/#\/schema\/person\/e4387676ad67ce722325c7832f3c3762\",\"name\":\"Alain Dieul\",\"image\":{\"@type\":\"ImageObject\",\"inLanguage\":\"fr-FR\",\"@id\":\"https:\/\/www.eenewseurope.com\/en\/#\/schema\/person\/image\/736120675699dbbf0f0f282b9a9cfb75\",\"url\":\"https:\/\/secure.gravatar.com\/avatar\/bc93b056d07515be5b8eecd4acf49c5c?s=96&d=mm&r=g\",\"contentUrl\":\"https:\/\/secure.gravatar.com\/avatar\/bc93b056d07515be5b8eecd4acf49c5c?s=96&d=mm&r=g\",\"caption\":\"Alain Dieul\"},\"sameAs\":[\"http:\/\/ECINews\"]}]}<\/script>","yoast_head_json":{"title":"DigiKey lance la saison 3 de sa s\u00e9rie de vid\u00e9os \u00ab Factory To...","description":"DigiKey a publi\u00e9 le premier \u00e9pisode de la saison\u00a03 de sa\u00a0s\u00e9rie de vid\u00e9os\u00a0\u00ab\u00a0Factory Tomorrow\u00a0\u00bb, consacr\u00e9e aux derni\u00e8res innovations favorisant un...","robots":{"index":"index","follow":"follow","max-snippet":"max-snippet:-1","max-image-preview":"max-image-preview:large","max-video-preview":"max-video-preview:-1"},"canonical":"https:\/\/www.ecinews.fr\/fr\/wp-json\/wp\/v2\/posts\/433078\/","og_locale":"fr_FR","og_type":"article","og_title":"DigiKey lance la saison 3 de sa s\u00e9rie de vid\u00e9os \u00ab Factory Tomorrow \u00bb","og_description":"DigiKey a publi\u00e9 le premier \u00e9pisode de la saison\u00a03 de sa\u00a0s\u00e9rie de vid\u00e9os\u00a0\u00ab\u00a0Factory Tomorrow\u00a0\u00bb, consacr\u00e9e aux derni\u00e8res innovations favorisant un changement durable dans l'automatisation industrielle.","og_url":"https:\/\/www.ecinews.fr\/fr\/wp-json\/wp\/v2\/posts\/433078\/","og_site_name":"EENewsEurope","article_published_time":"2023-09-26T16:37:04+00:00","og_image":[{"width":400,"height":200,"url":"https:\/\/www.ecinews.fr\/wp-content\/uploads\/2023\/09\/ECI2000_DK.jpg","type":"image\/jpeg"}],"author":"Alain Dieul","twitter_card":"summary_large_image","twitter_misc":{"Written by":"Alain Dieul","Est. reading time":"3 minutes"},"schema":{"@context":"https:\/\/schema.org","@graph":[{"@type":"Article","@id":"https:\/\/www.ecinews.fr\/fr\/digikey-lance-la-saison-3-de-sa-serie-de-videos-factory-tomorrow\/#article","isPartOf":{"@id":"https:\/\/www.ecinews.fr\/fr\/digikey-lance-la-saison-3-de-sa-serie-de-videos-factory-tomorrow\/"},"author":{"name":"Alain Dieul","@id":"https:\/\/www.eenewseurope.com\/en\/#\/schema\/person\/e4387676ad67ce722325c7832f3c3762"},"headline":"DigiKey lance la saison 3 de sa s\u00e9rie de vid\u00e9os \u00ab Factory Tomorrow \u00bb","datePublished":"2023-09-26T16:37:04+00:00","dateModified":"2023-09-26T16:37:04+00:00","mainEntityOfPage":{"@id":"https:\/\/www.ecinews.fr\/fr\/digikey-lance-la-saison-3-de-sa-serie-de-videos-factory-tomorrow\/"},"wordCount":532,"publisher":{"@id":"https:\/\/www.eenewseurope.com\/en\/#organization"},"articleSection":["Actualit\u00e9 g\u00e9n\u00e9rale"],"inLanguage":"fr-FR"},{"@type":"WebPage","@id":"https:\/\/www.ecinews.fr\/fr\/digikey-lance-la-saison-3-de-sa-serie-de-videos-factory-tomorrow\/","url":"https:\/\/www.ecinews.fr\/fr\/digikey-lance-la-saison-3-de-sa-serie-de-videos-factory-tomorrow\/","name":"DigiKey lance la saison 3 de sa s\u00e9rie de vid\u00e9os \u00ab Factory Tomorrow \u00bb -","isPartOf":{"@id":"https:\/\/www.eenewseurope.com\/en\/#website"},"datePublished":"2023-09-26T16:37:04+00:00","dateModified":"2023-09-26T16:37:04+00:00","description":"DigiKey a publi\u00e9 le premier \u00e9pisode de la saison\u00a03 de sa\u00a0s\u00e9rie de vid\u00e9os\u00a0\u00ab\u00a0Factory Tomorrow\u00a0\u00bb, consacr\u00e9e aux derni\u00e8res innovations favorisant un changement durable dans l'automatisation industrielle.","breadcrumb":{"@id":"https:\/\/www.ecinews.fr\/fr\/digikey-lance-la-saison-3-de-sa-serie-de-videos-factory-tomorrow\/#breadcrumb"},"inLanguage":"fr-FR","potentialAction":[{"@type":"ReadAction","target":["https:\/\/www.ecinews.fr\/fr\/digikey-lance-la-saison-3-de-sa-serie-de-videos-factory-tomorrow\/"]}]},{"@type":"BreadcrumbList","@id":"https:\/\/www.ecinews.fr\/fr\/digikey-lance-la-saison-3-de-sa-serie-de-videos-factory-tomorrow\/#breadcrumb","itemListElement":[{"@type":"ListItem","position":1,"name":"Home","item":"https:\/\/www.ecinews.fr\/fr\/"},{"@type":"ListItem","position":2,"name":"DigiKey lance la saison 3 de sa s\u00e9rie de vid\u00e9os \u00ab Factory Tomorrow \u00bb"}]},{"@type":"WebSite","@id":"https:\/\/www.eenewseurope.com\/en\/#website","url":"https:\/\/www.eenewseurope.com\/en\/","name":"EENewsEurope","description":"Just another WordPress site","publisher":{"@id":"https:\/\/www.eenewseurope.com\/en\/#organization"},"potentialAction":[{"@type":"SearchAction","target":{"@type":"EntryPoint","urlTemplate":"https:\/\/www.eenewseurope.com\/en\/?s={search_term_string}"},"query-input":"required name=search_term_string"}],"inLanguage":"fr-FR"},{"@type":"Organization","@id":"https:\/\/www.eenewseurope.com\/en\/#organization","name":"EENewsEurope","url":"https:\/\/www.eenewseurope.com\/en\/","logo":{"@type":"ImageObject","inLanguage":"fr-FR","@id":"https:\/\/www.eenewseurope.com\/en\/#\/schema\/logo\/image\/","url":"https:\/\/www.ecinews.fr\/wp-content\/uploads\/2022\/02\/logo-1.jpg","contentUrl":"https:\/\/www.ecinews.fr\/wp-content\/uploads\/2022\/02\/logo-1.jpg","width":283,"height":113,"caption":"EENewsEurope"},"image":{"@id":"https:\/\/www.eenewseurope.com\/en\/#\/schema\/logo\/image\/"}},{"@type":"Person","@id":"https:\/\/www.eenewseurope.com\/en\/#\/schema\/person\/e4387676ad67ce722325c7832f3c3762","name":"Alain Dieul","image":{"@type":"ImageObject","inLanguage":"fr-FR","@id":"https:\/\/www.eenewseurope.com\/en\/#\/schema\/person\/image\/736120675699dbbf0f0f282b9a9cfb75","url":"https:\/\/secure.gravatar.com\/avatar\/bc93b056d07515be5b8eecd4acf49c5c?s=96&d=mm&r=g","contentUrl":"https:\/\/secure.gravatar.com\/avatar\/bc93b056d07515be5b8eecd4acf49c5c?s=96&d=mm&r=g","caption":"Alain Dieul"},"sameAs":["http:\/\/ECINews"]}]}},"authors":[{"term_id":1154,"user_id":36,"is_guest":0,"slug":"alain-dieul","display_name":"Alain Dieul","avatar_url":"https:\/\/secure.gravatar.com\/avatar\/bc93b056d07515be5b8eecd4acf49c5c?s=96&d=mm&r=g","0":null,"1":"","2":"","3":"","4":"","5":"","6":"","7":"","8":""}],"_links":{"self":[{"href":"https:\/\/www.ecinews.fr\/fr\/wp-json\/wp\/v2\/posts\/433078"}],"collection":[{"href":"https:\/\/www.ecinews.fr\/fr\/wp-json\/wp\/v2\/posts"}],"about":[{"href":"https:\/\/www.ecinews.fr\/fr\/wp-json\/wp\/v2\/types\/post"}],"author":[{"embeddable":true,"href":"https:\/\/www.ecinews.fr\/fr\/wp-json\/wp\/v2\/users\/36"}],"replies":[{"embeddable":true,"href":"https:\/\/www.ecinews.fr\/fr\/wp-json\/wp\/v2\/comments?post=433078"}],"version-history":[{"count":0,"href":"https:\/\/www.ecinews.fr\/fr\/wp-json\/wp\/v2\/posts\/433078\/revisions"}],"wp:featuredmedia":[{"embeddable":true,"href":"https:\/\/www.ecinews.fr\/fr\/wp-json\/wp\/v2\/media\/433079"}],"wp:attachment":[{"href":"https:\/\/www.ecinews.fr\/fr\/wp-json\/wp\/v2\/media?parent=433078"}],"wp:term":[{"taxonomy":"category","embeddable":true,"href":"https:\/\/www.ecinews.fr\/fr\/wp-json\/wp\/v2\/categories?post=433078"},{"taxonomy":"post_tag","embeddable":true,"href":"https:\/\/www.ecinews.fr\/fr\/wp-json\/wp\/v2\/tags?post=433078"},{"taxonomy":"domains","embeddable":true,"href":"https:\/\/www.ecinews.fr\/fr\/wp-json\/wp\/v2\/domains?post=433078"},{"taxonomy":"author","embeddable":true,"href":"https:\/\/www.ecinews.fr\/fr\/wp-json\/wp\/v2\/ppma_author?post=433078"}],"curies":[{"name":"wp","href":"https:\/\/api.w.org\/{rel}","templated":true}]}}