{"id":433074,"date":"2023-09-26T18:35:01","date_gmt":"2023-09-26T16:35:01","guid":{"rendered":"https:\/\/www.ecinews.fr\/?p=433074"},"modified":"2023-09-26T18:35:01","modified_gmt":"2023-09-26T16:35:01","slug":"x-fab-est-desormais-en-mesure-de-fournir-un-service-de-fonderie-pour-lintegration-de-dispositifs-passifs","status":"publish","type":"post","link":"https:\/\/www.ecinews.fr\/fr\/x-fab-est-desormais-en-mesure-de-fournir-un-service-de-fonderie-pour-lintegration-de-dispositifs-passifs\/","title":{"rendered":"X-FAB est d\u00e9sormais en mesure de fournir un service de fonderie pour l&rsquo;int\u00e9gration de dispositifs passifs"},"content":{"rendered":"<table width=\"100%\">\n<tbody>\n<tr>\n<td width=\"99%\">\n<h3>\n<span style=\"font-size: 16px;\">X-FAB est d\u00e9sormais en mesure de fournir un service de fonderie pour l&rsquo;int\u00e9gration de dispositifs passifs<\/span><\/h3>\n<p>La fonderie sp\u00e9cialis\u00e9e et \u00e0 signaux analogiques\/mixtes X-FAB Silicon Foundries SE a encore renforc\u00e9 sa ma\u00eetrise de la RF en annon\u00e7ant de nouvelles capacit\u00e9s de fabrication de dispositifs passifs int\u00e9gr\u00e9s (IPD). Juste avant la Semaine europ\u00e9enne des micro-ondes (du 17 au 22 septembre \u00e0 Berlin), elle a d\u00e9voil\u00e9 le proc\u00e9d\u00e9 XIPD.<\/p>\n<p>XIPD est d\u00e9riv\u00e9 du populaire processus RF SOI X-FAB XR013 130 nm et exploite un substrat technique ainsi qu&rsquo;une \u00e9paisse couche de m\u00e9tallisation en cuivre. La technologie permet aux clients d&rsquo;int\u00e9grer des \u00e9l\u00e9ments passifs (inductances, condensateurs et r\u00e9sistances) directement dans la conception de leurs appareils, ce qui entra\u00eene d&rsquo;importantes \u00e9conomies d&rsquo;espace et de co\u00fbts. La fabrication est entreprise dans les installations de X-FAB \u00e0 Corbeil-Essonnes, en France, capitalisant sur la vaste exp\u00e9rience de l&rsquo;entreprise dans la m\u00e9tallisation du cuivre.<\/p>\n<p>Le d\u00e9ploiement continu de l\u2019infrastructure cellulaire 5G ainsi que le d\u00e9veloppement des communications 6G et l\u2019\u00e9mergence de la derni\u00e8re g\u00e9n\u00e9ration de technologies de communications radar et par satellite n\u00e9cessitent des appareils offrant une prise en charge de fr\u00e9quences plus large. Gr\u00e2ce \u00e0 l&rsquo;utilisation de la plate-forme XIPD, les demandes en mati\u00e8re de filtrage RF\/EMI plus compact, de r\u00e9seaux d&rsquo;adaptation, de baluns et de coupleurs peuvent \u00eatre satisfaites &#8211; via la fabrication de composants passifs de haute qualit\u00e9 enti\u00e8rement int\u00e9gr\u00e9s avec des caract\u00e9ristiques de performances am\u00e9lior\u00e9es.<\/p>\n<p>Au lieu de devoir recourir \u00e0 l&rsquo;utilisation de composants passifs discrets ou mont\u00e9s en surface, ce qui peut s&rsquo;av\u00e9rer g\u00eanant en raison d&rsquo;une d\u00e9viation des composants \u00e0 haute fr\u00e9quence ou d&rsquo;une complexit\u00e9 accrue d&rsquo;approvisionnement en composants, XIPD permet une approche beaucoup plus efficace qui rationalise la conception globale du syst\u00e8me et acc\u00e9l\u00e8re les cycles de d\u00e9veloppement. , simplifie la fabrication et r\u00e9duit les d\u00e9penses d&rsquo;ing\u00e9nierie impliqu\u00e9es. Le fonctionnement sur une large gamme de fr\u00e9quences, depuis la bande inf\u00e9rieure \u00e0 6 GHz jusqu&rsquo;au haut de gamme de la bande mmW, peut \u00eatre pris en charge.<\/p>\n<p>X-FAB est unique en ce qu&rsquo;il propose un service de fonderie bas\u00e9 en Europe pour une production passive int\u00e9gr\u00e9e de toute taille. Un kit complet de conception de processus (PDK) est disponible. Cela prend en charge \u00e0 la fois les environnements de conception Cadence et Keysight ADS, permettant aux clients d&rsquo;effectuer des simulations pr\u00e9cises et de r\u00e9aliser du premier coup une conception correcte du sous-syst\u00e8me RF complet. Le prototypage initial avec plusieurs clients cl\u00e9s a maintenant commenc\u00e9.<\/p>\n<p>\u00ab M\u00eame si les dispositifs semi-conducteurs RF continuent de diminuer, les composants passifs qui les accompagnent restent relativement volumineux. Cette inad\u00e9quation ne correspond pas bien au besoin d&rsquo;\u00e9quipements \u00e9lectroniques plus \u00e9l\u00e9gants, ce qui entra\u00eene une utilisation excessive de la surface de la carte \u00bb,\u00a0note\u00a0Rudi\u00a0De Winter, PDG de\u00a0X-FAB ; \u00ab En adoptant notre\u00a0technologie XIPD, il est non seulement possible de r\u00e9aliser des \u00e9conomies d&rsquo;espace de plusieurs ordres de grandeur, mais cela se traduit \u00e9galement par une r\u00e9duction des co\u00fbts associ\u00e9s. Cela a le potentiel de changer v\u00e9ritablement la donne pour notre client\u00e8le, en permettant le co-conditionnement de matrices actives et passives, tout en atteignant des rendements \u00e9lev\u00e9s.\u00a0\u00a0<\/p>\n<p>&nbsp;<\/p>\n<p>Greg U&rsquo;Ren, directeur de la technologie RF de X-FAB, ajoute : \u00ab De plus, les solutions technologiques actuelles de filtrage bas\u00e9es sur l&rsquo;acoustique ne sont pas capables de fonctionner \u00e0 une fr\u00e9quence mmW et de satisfaire aux normes de communication de nouvelle g\u00e9n\u00e9ration. Notre solution XIPD ajoute de la valeur au march\u00e9 en permettant \u00e0 nos clients de r\u00e9aliser des conceptions de syst\u00e8mes RF compactes, minimisant les pertes gr\u00e2ce \u00e0 l&rsquo;incorporation d&rsquo;un mat\u00e9riel enti\u00e8rement int\u00e9gr\u00e9. Nous travaillons d\u00e9j\u00e0 sur des projets n\u00e9cessitant un fonctionnement entre 70 et 80 GHz, ce qui serait impensable avec un arrangement passif discret.<\/p>\n<\/td>\n<td width=\"0%\">\u00a0<\/td>\n<td width=\"0%\">\n<p>&nbsp;<\/p>\n<\/td>\n<\/tr>\n<tr>\n<td width=\"99%\">\u00a0<\/td>\n<td width=\"0%\">\u00a0<\/td>\n<td width=\"0%\">\u00a0<\/td>\n<\/tr>\n<\/tbody>\n<\/table>\n<p>&nbsp;<\/p>\n<table width=\"100%\">\n<tbody>\n<tr>\n<td width=\"0\">\u00a0<\/td>\n<td>&nbsp;<\/td>\n<td width=\"0\">\u00a0<\/td>\n<\/tr>\n<tr>\n<td width=\"0\">\u00a0<\/td>\n<td>\n<p>&nbsp;<\/p>\n<p><strong>\u00c0 propos de X-FAB<\/strong><br \/>\nX-FAB est le principal groupe de fonderie de signaux analogiques\/mixtes et MEMS fabriquant des tranches de silicium pour les applications automobiles, industrielles, grand public, m\u00e9dicales et autres. Ses clients du monde entier b\u00e9n\u00e9ficient des normes de qualit\u00e9 les plus \u00e9lev\u00e9es, de l&rsquo;excellence en mati\u00e8re de fabrication et de solutions innovantes en utilisant les processus modulaires CMOS et SOI de X-FAB dans des g\u00e9om\u00e9tries allant de 1,0 \u00b5m \u00e0 110 nm, ainsi que ses processus sp\u00e9ciaux \u00e0 longue dur\u00e9e de vie en carbure de silicium et MEMS. Les circuits int\u00e9gr\u00e9s analogiques-num\u00e9riques (CI \u00e0 signaux mixtes), les capteurs et les syst\u00e8mes micro\u00e9lectrom\u00e9caniques (MEMS) de X-FAB sont fabriqu\u00e9s dans six usines de production en Allemagne, en France, en Malaisie et aux \u00c9tats-Unis. X-FAB emploie environ 4\u00a0200 personnes dans le monde.<\/p>\n<p><a href=\"https:\/\/click.agilitypr.delivery\/ls\/click?upn=aDZWcrO2Zhwp-2Bxs1Qw2E15UAqmxnc1OidsLPs44EMqI-3DMAeY_TmoPLIbax9Jh83rXf3CKCcqdryZ5NZYLOyMork3tuuIwz-2Fly0WwWab-2BRGO2FQTMmAPnvpWaKHW-2BLSxXueh9ApH7KgrFfcxBWI0ZR1rIejKYqM5IIk0j8q-2BLzaIYg-2FOOgsajV3Su8yRW9AtbvTOOLSHLr2YxDkEyMA1AP20dEyPa-2BsiaedATbup-2F-2FWVoxsaXsrQHg9y7KXDq70G-2FfBzlTYw-2B9Sr33Y-2FFj7T2AY10sYrQXWME-2FX-2BXc6SJgl5FG4q4kf8R8CvAEiLBu8qld9U-2FRxMOHXeyX3ELRFXyN5W-2BjFKMNEVti7BkqVKQy-2F58-2BqTtw6eQQjfDf3FwbV1AGMHf8765zytq1hdOo0GUiJrWt1zpUjx4v0t-2BZacUs94Fne3vS88MUXRBb0Sp8vwGIbeeHoPlm0sLl-2BDk3HD6mpPtmj-2BwmJLzSE-2FXDe-2Fs8TtXPhvvqTT-2BukXrlURwBkAgnAsSfAw-3D-3D\">xfab.com<\/a><\/p>\n<\/td>\n<td>&nbsp;<\/td>\n<\/tr>\n<\/tbody>\n<\/table>\n<p>&nbsp;<\/p>\n<p>&nbsp;<\/p>\n<p><a href=\"https:\/\/news.google.com\/publications\/CAAqBwgKMJbcwQswuPfYAw?hl=fr&amp;gl=BE&amp;ceid=BE:fr\">Suivre ECInews sur Google news<\/a><\/p>\n","protected":false},"excerpt":{"rendered":"<p>X-FAB est d\u00e9sormais en mesure de fournir un service de fonderie pour l&rsquo;int\u00e9gration de dispositifs passifs La fonderie sp\u00e9cialis\u00e9e et \u00e0 signaux analogiques\/mixtes X-FAB Silicon Foundries SE a encore renforc\u00e9 sa ma\u00eetrise de la RF en annon\u00e7ant de nouvelles capacit\u00e9s de fabrication de dispositifs passifs int\u00e9gr\u00e9s (IPD). Juste avant la Semaine europ\u00e9enne des micro-ondes (du [&hellip;]<\/p>\n","protected":false},"author":36,"featured_media":433075,"comment_status":"closed","ping_status":"closed","sticky":false,"template":"","format":"standard","meta":{"_acf_changed":false,"footnotes":""},"categories":[886],"tags":[],"domains":[47],"ppma_author":[1154],"class_list":["post-433074","post","type-post","status-publish","format-standard","has-post-thumbnail","hentry","category-news-fr","domains-electronique-eci"],"acf":[],"yoast_head":"<title>X-FAB est d\u00e9sormais en mesure de fournir un service de fonderi...<\/title>\n<meta name=\"description\" content=\"X-FAB se d\u00e9clare en mesure de fournir un service de fonderie pour l&#039;int\u00e9gration de dispositifs passifs\" \/>\n<meta name=\"robots\" content=\"index, follow, max-snippet:-1, max-image-preview:large, max-video-preview:-1\" \/>\n<link rel=\"canonical\" href=\"https:\/\/www.ecinews.fr\/fr\/wp-json\/wp\/v2\/posts\/433074\/\" \/>\n<meta property=\"og:locale\" content=\"fr_FR\" \/>\n<meta property=\"og:type\" content=\"article\" \/>\n<meta property=\"og:title\" content=\"X-FAB est d\u00e9sormais en mesure de fournir un service de fonderie pour l&#039;int\u00e9gration de dispositifs passifs\" \/>\n<meta property=\"og:description\" content=\"X-FAB se d\u00e9clare en mesure de fournir un service de fonderie pour l&#039;int\u00e9gration de dispositifs passifs\" \/>\n<meta property=\"og:url\" content=\"https:\/\/www.ecinews.fr\/fr\/wp-json\/wp\/v2\/posts\/433074\/\" \/>\n<meta property=\"og:site_name\" content=\"EENewsEurope\" \/>\n<meta property=\"article:published_time\" content=\"2023-09-26T16:35:01+00:00\" \/>\n<meta property=\"og:image\" content=\"https:\/\/test.ecinews.fr\/wp-content\/uploads\/2023\/09\/ECI1999_X_Fab-actu-scaled.jpeg\" \/>\n\t<meta property=\"og:image:width\" content=\"1014\" \/>\n\t<meta property=\"og:image:height\" content=\"1080\" \/>\n\t<meta property=\"og:image:type\" content=\"image\/jpeg\" \/>\n<meta name=\"author\" content=\"Alain Dieul\" \/>\n<meta name=\"twitter:card\" content=\"summary_large_image\" \/>\n<meta name=\"twitter:label1\" content=\"Written by\" \/>\n\t<meta name=\"twitter:data1\" content=\"Alain Dieul\" \/>\n\t<meta name=\"twitter:label2\" content=\"Est. reading time\" \/>\n\t<meta name=\"twitter:data2\" content=\"4 minutes\" \/>\n<script type=\"application\/ld+json\" class=\"yoast-schema-graph\">{\"@context\":\"https:\/\/schema.org\",\"@graph\":[{\"@type\":\"Article\",\"@id\":\"https:\/\/test.ecinews.fr\/fr\/x-fab-est-desormais-en-mesure-de-fournir-un-service-de-fonderie-pour-lintegration-de-dispositifs-passifs\/#article\",\"isPartOf\":{\"@id\":\"https:\/\/test.ecinews.fr\/fr\/x-fab-est-desormais-en-mesure-de-fournir-un-service-de-fonderie-pour-lintegration-de-dispositifs-passifs\/\"},\"author\":{\"name\":\"Alain Dieul\",\"@id\":\"https:\/\/www.eenewseurope.com\/en\/#\/schema\/person\/e4387676ad67ce722325c7832f3c3762\"},\"headline\":\"X-FAB est d\u00e9sormais en mesure de fournir un service de fonderie pour l&rsquo;int\u00e9gration de dispositifs passifs\",\"datePublished\":\"2023-09-26T16:35:01+00:00\",\"dateModified\":\"2023-09-26T16:35:01+00:00\",\"mainEntityOfPage\":{\"@id\":\"https:\/\/test.ecinews.fr\/fr\/x-fab-est-desormais-en-mesure-de-fournir-un-service-de-fonderie-pour-lintegration-de-dispositifs-passifs\/\"},\"wordCount\":871,\"publisher\":{\"@id\":\"https:\/\/www.eenewseurope.com\/en\/#organization\"},\"articleSection\":[\"Actualit\u00e9 g\u00e9n\u00e9rale\"],\"inLanguage\":\"fr-FR\"},{\"@type\":\"WebPage\",\"@id\":\"https:\/\/test.ecinews.fr\/fr\/x-fab-est-desormais-en-mesure-de-fournir-un-service-de-fonderie-pour-lintegration-de-dispositifs-passifs\/\",\"url\":\"https:\/\/test.ecinews.fr\/fr\/x-fab-est-desormais-en-mesure-de-fournir-un-service-de-fonderie-pour-lintegration-de-dispositifs-passifs\/\",\"name\":\"X-FAB est d\u00e9sormais en mesure de fournir un service de fonderie pour l'int\u00e9gration de dispositifs passifs -\",\"isPartOf\":{\"@id\":\"https:\/\/www.eenewseurope.com\/en\/#website\"},\"datePublished\":\"2023-09-26T16:35:01+00:00\",\"dateModified\":\"2023-09-26T16:35:01+00:00\",\"description\":\"X-FAB se d\u00e9clare en mesure de fournir un service de fonderie pour l'int\u00e9gration de dispositifs passifs\",\"breadcrumb\":{\"@id\":\"https:\/\/test.ecinews.fr\/fr\/x-fab-est-desormais-en-mesure-de-fournir-un-service-de-fonderie-pour-lintegration-de-dispositifs-passifs\/#breadcrumb\"},\"inLanguage\":\"fr-FR\",\"potentialAction\":[{\"@type\":\"ReadAction\",\"target\":[\"https:\/\/test.ecinews.fr\/fr\/x-fab-est-desormais-en-mesure-de-fournir-un-service-de-fonderie-pour-lintegration-de-dispositifs-passifs\/\"]}]},{\"@type\":\"BreadcrumbList\",\"@id\":\"https:\/\/test.ecinews.fr\/fr\/x-fab-est-desormais-en-mesure-de-fournir-un-service-de-fonderie-pour-lintegration-de-dispositifs-passifs\/#breadcrumb\",\"itemListElement\":[{\"@type\":\"ListItem\",\"position\":1,\"name\":\"Home\",\"item\":\"https:\/\/www.ecinews.fr\/fr\/\"},{\"@type\":\"ListItem\",\"position\":2,\"name\":\"X-FAB est d\u00e9sormais en mesure de fournir un service de fonderie pour l&rsquo;int\u00e9gration de dispositifs passifs\"}]},{\"@type\":\"WebSite\",\"@id\":\"https:\/\/www.eenewseurope.com\/en\/#website\",\"url\":\"https:\/\/www.eenewseurope.com\/en\/\",\"name\":\"EENewsEurope\",\"description\":\"Just another WordPress site\",\"publisher\":{\"@id\":\"https:\/\/www.eenewseurope.com\/en\/#organization\"},\"potentialAction\":[{\"@type\":\"SearchAction\",\"target\":{\"@type\":\"EntryPoint\",\"urlTemplate\":\"https:\/\/www.eenewseurope.com\/en\/?s={search_term_string}\"},\"query-input\":\"required name=search_term_string\"}],\"inLanguage\":\"fr-FR\"},{\"@type\":\"Organization\",\"@id\":\"https:\/\/www.eenewseurope.com\/en\/#organization\",\"name\":\"EENewsEurope\",\"url\":\"https:\/\/www.eenewseurope.com\/en\/\",\"logo\":{\"@type\":\"ImageObject\",\"inLanguage\":\"fr-FR\",\"@id\":\"https:\/\/www.eenewseurope.com\/en\/#\/schema\/logo\/image\/\",\"url\":\"https:\/\/www.ecinews.fr\/wp-content\/uploads\/2022\/02\/logo-1.jpg\",\"contentUrl\":\"https:\/\/www.ecinews.fr\/wp-content\/uploads\/2022\/02\/logo-1.jpg\",\"width\":283,\"height\":113,\"caption\":\"EENewsEurope\"},\"image\":{\"@id\":\"https:\/\/www.eenewseurope.com\/en\/#\/schema\/logo\/image\/\"}},{\"@type\":\"Person\",\"@id\":\"https:\/\/www.eenewseurope.com\/en\/#\/schema\/person\/e4387676ad67ce722325c7832f3c3762\",\"name\":\"Alain Dieul\",\"image\":{\"@type\":\"ImageObject\",\"inLanguage\":\"fr-FR\",\"@id\":\"https:\/\/www.eenewseurope.com\/en\/#\/schema\/person\/image\/736120675699dbbf0f0f282b9a9cfb75\",\"url\":\"https:\/\/secure.gravatar.com\/avatar\/bc93b056d07515be5b8eecd4acf49c5c?s=96&d=mm&r=g\",\"contentUrl\":\"https:\/\/secure.gravatar.com\/avatar\/bc93b056d07515be5b8eecd4acf49c5c?s=96&d=mm&r=g\",\"caption\":\"Alain Dieul\"},\"sameAs\":[\"http:\/\/ECINews\"]}]}<\/script>","yoast_head_json":{"title":"X-FAB est d\u00e9sormais en mesure de fournir un service de fonderi...","description":"X-FAB se d\u00e9clare en mesure de fournir un service de fonderie pour l'int\u00e9gration de dispositifs passifs","robots":{"index":"index","follow":"follow","max-snippet":"max-snippet:-1","max-image-preview":"max-image-preview:large","max-video-preview":"max-video-preview:-1"},"canonical":"https:\/\/www.ecinews.fr\/fr\/wp-json\/wp\/v2\/posts\/433074\/","og_locale":"fr_FR","og_type":"article","og_title":"X-FAB est d\u00e9sormais en mesure de fournir un service de fonderie pour l'int\u00e9gration de dispositifs passifs","og_description":"X-FAB se d\u00e9clare en mesure de fournir un service de fonderie pour l'int\u00e9gration de dispositifs passifs","og_url":"https:\/\/www.ecinews.fr\/fr\/wp-json\/wp\/v2\/posts\/433074\/","og_site_name":"EENewsEurope","article_published_time":"2023-09-26T16:35:01+00:00","og_image":[{"width":1014,"height":1080,"url":"https:\/\/test.ecinews.fr\/wp-content\/uploads\/2023\/09\/ECI1999_X_Fab-actu-scaled.jpeg","type":"image\/jpeg"}],"author":"Alain Dieul","twitter_card":"summary_large_image","twitter_misc":{"Written by":"Alain Dieul","Est. reading time":"4 minutes"},"schema":{"@context":"https:\/\/schema.org","@graph":[{"@type":"Article","@id":"https:\/\/test.ecinews.fr\/fr\/x-fab-est-desormais-en-mesure-de-fournir-un-service-de-fonderie-pour-lintegration-de-dispositifs-passifs\/#article","isPartOf":{"@id":"https:\/\/test.ecinews.fr\/fr\/x-fab-est-desormais-en-mesure-de-fournir-un-service-de-fonderie-pour-lintegration-de-dispositifs-passifs\/"},"author":{"name":"Alain Dieul","@id":"https:\/\/www.eenewseurope.com\/en\/#\/schema\/person\/e4387676ad67ce722325c7832f3c3762"},"headline":"X-FAB est d\u00e9sormais en mesure de fournir un service de fonderie pour l&rsquo;int\u00e9gration de dispositifs passifs","datePublished":"2023-09-26T16:35:01+00:00","dateModified":"2023-09-26T16:35:01+00:00","mainEntityOfPage":{"@id":"https:\/\/test.ecinews.fr\/fr\/x-fab-est-desormais-en-mesure-de-fournir-un-service-de-fonderie-pour-lintegration-de-dispositifs-passifs\/"},"wordCount":871,"publisher":{"@id":"https:\/\/www.eenewseurope.com\/en\/#organization"},"articleSection":["Actualit\u00e9 g\u00e9n\u00e9rale"],"inLanguage":"fr-FR"},{"@type":"WebPage","@id":"https:\/\/test.ecinews.fr\/fr\/x-fab-est-desormais-en-mesure-de-fournir-un-service-de-fonderie-pour-lintegration-de-dispositifs-passifs\/","url":"https:\/\/test.ecinews.fr\/fr\/x-fab-est-desormais-en-mesure-de-fournir-un-service-de-fonderie-pour-lintegration-de-dispositifs-passifs\/","name":"X-FAB est d\u00e9sormais en mesure de fournir un service de fonderie pour l'int\u00e9gration de dispositifs passifs -","isPartOf":{"@id":"https:\/\/www.eenewseurope.com\/en\/#website"},"datePublished":"2023-09-26T16:35:01+00:00","dateModified":"2023-09-26T16:35:01+00:00","description":"X-FAB se d\u00e9clare en mesure de fournir un service de fonderie pour l'int\u00e9gration de dispositifs passifs","breadcrumb":{"@id":"https:\/\/test.ecinews.fr\/fr\/x-fab-est-desormais-en-mesure-de-fournir-un-service-de-fonderie-pour-lintegration-de-dispositifs-passifs\/#breadcrumb"},"inLanguage":"fr-FR","potentialAction":[{"@type":"ReadAction","target":["https:\/\/test.ecinews.fr\/fr\/x-fab-est-desormais-en-mesure-de-fournir-un-service-de-fonderie-pour-lintegration-de-dispositifs-passifs\/"]}]},{"@type":"BreadcrumbList","@id":"https:\/\/test.ecinews.fr\/fr\/x-fab-est-desormais-en-mesure-de-fournir-un-service-de-fonderie-pour-lintegration-de-dispositifs-passifs\/#breadcrumb","itemListElement":[{"@type":"ListItem","position":1,"name":"Home","item":"https:\/\/www.ecinews.fr\/fr\/"},{"@type":"ListItem","position":2,"name":"X-FAB est d\u00e9sormais en mesure de fournir un service de fonderie pour l&rsquo;int\u00e9gration de dispositifs passifs"}]},{"@type":"WebSite","@id":"https:\/\/www.eenewseurope.com\/en\/#website","url":"https:\/\/www.eenewseurope.com\/en\/","name":"EENewsEurope","description":"Just another WordPress site","publisher":{"@id":"https:\/\/www.eenewseurope.com\/en\/#organization"},"potentialAction":[{"@type":"SearchAction","target":{"@type":"EntryPoint","urlTemplate":"https:\/\/www.eenewseurope.com\/en\/?s={search_term_string}"},"query-input":"required name=search_term_string"}],"inLanguage":"fr-FR"},{"@type":"Organization","@id":"https:\/\/www.eenewseurope.com\/en\/#organization","name":"EENewsEurope","url":"https:\/\/www.eenewseurope.com\/en\/","logo":{"@type":"ImageObject","inLanguage":"fr-FR","@id":"https:\/\/www.eenewseurope.com\/en\/#\/schema\/logo\/image\/","url":"https:\/\/www.ecinews.fr\/wp-content\/uploads\/2022\/02\/logo-1.jpg","contentUrl":"https:\/\/www.ecinews.fr\/wp-content\/uploads\/2022\/02\/logo-1.jpg","width":283,"height":113,"caption":"EENewsEurope"},"image":{"@id":"https:\/\/www.eenewseurope.com\/en\/#\/schema\/logo\/image\/"}},{"@type":"Person","@id":"https:\/\/www.eenewseurope.com\/en\/#\/schema\/person\/e4387676ad67ce722325c7832f3c3762","name":"Alain Dieul","image":{"@type":"ImageObject","inLanguage":"fr-FR","@id":"https:\/\/www.eenewseurope.com\/en\/#\/schema\/person\/image\/736120675699dbbf0f0f282b9a9cfb75","url":"https:\/\/secure.gravatar.com\/avatar\/bc93b056d07515be5b8eecd4acf49c5c?s=96&d=mm&r=g","contentUrl":"https:\/\/secure.gravatar.com\/avatar\/bc93b056d07515be5b8eecd4acf49c5c?s=96&d=mm&r=g","caption":"Alain Dieul"},"sameAs":["http:\/\/ECINews"]}]}},"authors":[{"term_id":1154,"user_id":36,"is_guest":0,"slug":"alain-dieul","display_name":"Alain Dieul","avatar_url":"https:\/\/secure.gravatar.com\/avatar\/bc93b056d07515be5b8eecd4acf49c5c?s=96&d=mm&r=g","0":null,"1":"","2":"","3":"","4":"","5":"","6":"","7":"","8":""}],"_links":{"self":[{"href":"https:\/\/www.ecinews.fr\/fr\/wp-json\/wp\/v2\/posts\/433074"}],"collection":[{"href":"https:\/\/www.ecinews.fr\/fr\/wp-json\/wp\/v2\/posts"}],"about":[{"href":"https:\/\/www.ecinews.fr\/fr\/wp-json\/wp\/v2\/types\/post"}],"author":[{"embeddable":true,"href":"https:\/\/www.ecinews.fr\/fr\/wp-json\/wp\/v2\/users\/36"}],"replies":[{"embeddable":true,"href":"https:\/\/www.ecinews.fr\/fr\/wp-json\/wp\/v2\/comments?post=433074"}],"version-history":[{"count":0,"href":"https:\/\/www.ecinews.fr\/fr\/wp-json\/wp\/v2\/posts\/433074\/revisions"}],"wp:featuredmedia":[{"embeddable":true,"href":"https:\/\/www.ecinews.fr\/fr\/wp-json\/wp\/v2\/media\/433075"}],"wp:attachment":[{"href":"https:\/\/www.ecinews.fr\/fr\/wp-json\/wp\/v2\/media?parent=433074"}],"wp:term":[{"taxonomy":"category","embeddable":true,"href":"https:\/\/www.ecinews.fr\/fr\/wp-json\/wp\/v2\/categories?post=433074"},{"taxonomy":"post_tag","embeddable":true,"href":"https:\/\/www.ecinews.fr\/fr\/wp-json\/wp\/v2\/tags?post=433074"},{"taxonomy":"domains","embeddable":true,"href":"https:\/\/www.ecinews.fr\/fr\/wp-json\/wp\/v2\/domains?post=433074"},{"taxonomy":"author","embeddable":true,"href":"https:\/\/www.ecinews.fr\/fr\/wp-json\/wp\/v2\/ppma_author?post=433074"}],"curies":[{"name":"wp","href":"https:\/\/api.w.org\/{rel}","templated":true}]}}