{"id":431898,"date":"2023-09-12T14:01:43","date_gmt":"2023-09-12T12:01:43","guid":{"rendered":"https:\/\/www.ecinews.fr\/?p=431898"},"modified":"2023-09-12T14:01:43","modified_gmt":"2023-09-12T12:01:43","slug":"cables-assembles-qualifies-pour-les-protocoles-standard","status":"publish","type":"post","link":"https:\/\/www.ecinews.fr\/fr\/cables-assembles-qualifies-pour-les-protocoles-standard\/","title":{"rendered":"C\u00e2bles assembl\u00e9s qualifi\u00e9s pour les protocoles standard"},"content":{"rendered":"<h3><span style=\"font-size: 16px;\">ODU propose des c\u00e2bles assembl\u00e9s qualifi\u00e9s pour les protocoles standard qui int\u00e8grent g\u00e9n\u00e9ralement un connecteur ODU \u00e0 une extr\u00e9mit\u00e9 et un connecteur d&rsquo;interface standard \u00e0 l&rsquo;autre extr\u00e9mit\u00e9.<\/span><\/h3>\n<p>Les protocoles de communication sont essentiels pour l&rsquo;\u00e9change d&rsquo;informations entre diff\u00e9rents acteurs, d\u00e9finissant les conditions sp\u00e9cifiques du transfert de donn\u00e9es. On distingue ici les protocoles r\u00e9seau standardis\u00e9s tels que TCP\/IP et les protocoles de transmission de donn\u00e9es comme HDMI (High Definition Multimedia Interface) ou USB. Un syst\u00e8me de connexion ad\u00e9quat est toujours la combinaison optimale de trois composants cl\u00e9s: les connecteurs, la technique de raccordement et le c\u00e2ble correspondant. Seule la combinaison du c\u00e2ble appropri\u00e9 et d\u2019un raccordement ex\u00e9cut\u00e9 avec pr\u00e9cision permettent \u00e0 un connecteur de r\u00e9pondre aux exigences sp\u00e9cifiques de l&rsquo;application du client. En effet, si le syst\u00e8me de connexion doit fonctionner correctement dans des conditions difficiles, comme les vibrations, les impuret\u00e9s ou l&rsquo;humidit\u00e9, les connecteurs d&rsquo;interface standard ne sont pas adapt\u00e9s.<br \/>\nODU propose des c\u00e2bles assembl\u00e9s qualifi\u00e9s pour les protocoles standard qui int\u00e8grent g\u00e9n\u00e9ralement un connecteur ODU \u00e0 une extr\u00e9mit\u00e9 et un connecteur d&rsquo;interface standard \u00e0 l&rsquo;autre extr\u00e9mit\u00e9. L\u2019offre produit technologie de donn\u00e9es comprend divers connecteurs circulaires et rectangulaires pour les protocoles de transmission standard suivant :<\/p>\n<ul>\n<li>Ethernet\/IP<\/li>\n<li>SPE<\/li>\n<li>USB<\/li>\n<li>HDMI<\/li>\n<li>DisplayPort<\/li>\n<\/ul>\n<p>Dans le domaine de la technologie des donn\u00e9es, une solution syst\u00e8me certifi\u00e9e est le bon choix. En effet, l&rsquo;assemblage du c\u00e2ble est r\u00e9alis\u00e9 dans les r\u00e8gles de l\u2019art et test\u00e9 sur la base du protocole demand\u00e9 en termes de vitesse de transmission et d&rsquo;int\u00e9grit\u00e9 du signal. ODU peut alors garantir la fiabilit\u00e9 des c\u00e2bles assembl\u00e9s. ODU r\u00e9alise \u00e9galement la simulation de l&rsquo;ensemble de la cha\u00eene de transmission et met \u00e0 disposition des solutions syst\u00e8mes complexes qui permettent d&rsquo;atteindre les performances souhait\u00e9es, m\u00eame dans des conditions r\u00e9elles.<\/p>\n<p>&nbsp;<\/p>\n<p><a href=\"https:\/\/odu-connectors.com\/de\/technologien\/datentechnik\/\">https:\/\/odu-connectors.com\/de\/technologien\/datentechnik\/<\/a><\/p>\n<p><u><a href=\"https:\/\/news.google.com\/publications\/CAAqBwgKMJbcwQswuPfYAw?hl=fr&amp;gl=BE&amp;ceid=BE:fr\">Suivre ECInews sur Google news<\/a><\/u><\/p>\n","protected":false},"excerpt":{"rendered":"<p>ODU propose des c\u00e2bles assembl\u00e9s qualifi\u00e9s pour les protocoles standard qui int\u00e8grent g\u00e9n\u00e9ralement un connecteur ODU \u00e0 une extr\u00e9mit\u00e9 et un connecteur d&rsquo;interface standard \u00e0 l&rsquo;autre extr\u00e9mit\u00e9. Les protocoles de communication sont essentiels pour l&rsquo;\u00e9change d&rsquo;informations entre diff\u00e9rents acteurs, d\u00e9finissant les conditions sp\u00e9cifiques du transfert de donn\u00e9es. On distingue ici les protocoles r\u00e9seau standardis\u00e9s tels [&hellip;]<\/p>\n","protected":false},"author":36,"featured_media":431900,"comment_status":"closed","ping_status":"closed","sticky":false,"template":"","format":"standard","meta":{"_acf_changed":false,"footnotes":""},"categories":[881],"tags":[],"domains":[47],"ppma_author":[1154],"class_list":["post-431898","post","type-post","status-publish","format-standard","has-post-thumbnail","hentry","category-nouveaux-produits","domains-electronique-eci"],"acf":[],"yoast_head":"<title>C\u00e2bles assembl\u00e9s qualifi\u00e9s pour les protocoles standard ...<\/title>\n<meta name=\"description\" content=\"ODU propose des c\u00e2bles assembl\u00e9s qualifi\u00e9s pour les protocoles standard qui int\u00e8grent g\u00e9n\u00e9ralement un connecteur ODU \u00e0 une extr\u00e9mit\u00e9 et un...\" \/>\n<meta name=\"robots\" content=\"index, follow, max-snippet:-1, max-image-preview:large, max-video-preview:-1\" \/>\n<link rel=\"canonical\" href=\"https:\/\/www.ecinews.fr\/fr\/wp-json\/wp\/v2\/posts\/431898\/\" \/>\n<meta property=\"og:locale\" content=\"fr_FR\" \/>\n<meta property=\"og:type\" content=\"article\" \/>\n<meta property=\"og:title\" content=\"C\u00e2bles assembl\u00e9s qualifi\u00e9s pour les protocoles standard\" \/>\n<meta property=\"og:description\" content=\"ODU propose des c\u00e2bles assembl\u00e9s qualifi\u00e9s pour les protocoles standard qui int\u00e8grent g\u00e9n\u00e9ralement un connecteur ODU \u00e0 une extr\u00e9mit\u00e9 et un connecteur d&#039;interface standard \u00e0 l&#039;autre extr\u00e9mit\u00e9.\" \/>\n<meta property=\"og:url\" content=\"https:\/\/www.ecinews.fr\/fr\/wp-json\/wp\/v2\/posts\/431898\/\" \/>\n<meta property=\"og:site_name\" content=\"EENewsEurope\" \/>\n<meta property=\"article:published_time\" content=\"2023-09-12T12:01:43+00:00\" \/>\n<meta property=\"og:image\" content=\"https:\/\/test.ecinews.fr\/wp-content\/uploads\/2023\/09\/ECI1967_ODU-scaled.jpg\" \/>\n\t<meta property=\"og:image:width\" content=\"1080\" \/>\n\t<meta property=\"og:image:height\" content=\"779\" \/>\n\t<meta property=\"og:image:type\" content=\"image\/jpeg\" \/>\n<meta name=\"author\" content=\"Alain Dieul\" \/>\n<meta name=\"twitter:card\" content=\"summary_large_image\" \/>\n<meta name=\"twitter:label1\" content=\"Written by\" \/>\n\t<meta name=\"twitter:data1\" content=\"Alain Dieul\" \/>\n\t<meta name=\"twitter:label2\" content=\"Est. reading time\" \/>\n\t<meta name=\"twitter:data2\" content=\"2 minutes\" \/>\n<script type=\"application\/ld+json\" class=\"yoast-schema-graph\">{\"@context\":\"https:\/\/schema.org\",\"@graph\":[{\"@type\":\"Article\",\"@id\":\"https:\/\/test.ecinews.fr\/fr\/cables-assembles-qualifies-pour-les-protocoles-standard\/#article\",\"isPartOf\":{\"@id\":\"https:\/\/test.ecinews.fr\/fr\/cables-assembles-qualifies-pour-les-protocoles-standard\/\"},\"author\":{\"name\":\"Alain Dieul\",\"@id\":\"https:\/\/www.eenewseurope.com\/en\/#\/schema\/person\/e4387676ad67ce722325c7832f3c3762\"},\"headline\":\"C\u00e2bles assembl\u00e9s qualifi\u00e9s pour les protocoles standard\",\"datePublished\":\"2023-09-12T12:01:43+00:00\",\"dateModified\":\"2023-09-12T12:01:43+00:00\",\"mainEntityOfPage\":{\"@id\":\"https:\/\/test.ecinews.fr\/fr\/cables-assembles-qualifies-pour-les-protocoles-standard\/\"},\"wordCount\":371,\"publisher\":{\"@id\":\"https:\/\/www.eenewseurope.com\/en\/#organization\"},\"articleSection\":[\"Nouveaux produits\"],\"inLanguage\":\"fr-FR\"},{\"@type\":\"WebPage\",\"@id\":\"https:\/\/test.ecinews.fr\/fr\/cables-assembles-qualifies-pour-les-protocoles-standard\/\",\"url\":\"https:\/\/test.ecinews.fr\/fr\/cables-assembles-qualifies-pour-les-protocoles-standard\/\",\"name\":\"C\u00e2bles assembl\u00e9s qualifi\u00e9s pour les protocoles standard -\",\"isPartOf\":{\"@id\":\"https:\/\/www.eenewseurope.com\/en\/#website\"},\"datePublished\":\"2023-09-12T12:01:43+00:00\",\"dateModified\":\"2023-09-12T12:01:43+00:00\",\"description\":\"ODU propose des c\u00e2bles assembl\u00e9s qualifi\u00e9s pour les protocoles standard qui int\u00e8grent g\u00e9n\u00e9ralement un connecteur ODU \u00e0 une extr\u00e9mit\u00e9 et un connecteur d'interface standard \u00e0 l'autre extr\u00e9mit\u00e9.\",\"breadcrumb\":{\"@id\":\"https:\/\/test.ecinews.fr\/fr\/cables-assembles-qualifies-pour-les-protocoles-standard\/#breadcrumb\"},\"inLanguage\":\"fr-FR\",\"potentialAction\":[{\"@type\":\"ReadAction\",\"target\":[\"https:\/\/test.ecinews.fr\/fr\/cables-assembles-qualifies-pour-les-protocoles-standard\/\"]}]},{\"@type\":\"BreadcrumbList\",\"@id\":\"https:\/\/test.ecinews.fr\/fr\/cables-assembles-qualifies-pour-les-protocoles-standard\/#breadcrumb\",\"itemListElement\":[{\"@type\":\"ListItem\",\"position\":1,\"name\":\"Home\",\"item\":\"https:\/\/www.ecinews.fr\/fr\/\"},{\"@type\":\"ListItem\",\"position\":2,\"name\":\"C\u00e2bles assembl\u00e9s qualifi\u00e9s pour les protocoles standard\"}]},{\"@type\":\"WebSite\",\"@id\":\"https:\/\/www.eenewseurope.com\/en\/#website\",\"url\":\"https:\/\/www.eenewseurope.com\/en\/\",\"name\":\"EENewsEurope\",\"description\":\"Just another WordPress site\",\"publisher\":{\"@id\":\"https:\/\/www.eenewseurope.com\/en\/#organization\"},\"potentialAction\":[{\"@type\":\"SearchAction\",\"target\":{\"@type\":\"EntryPoint\",\"urlTemplate\":\"https:\/\/www.eenewseurope.com\/en\/?s={search_term_string}\"},\"query-input\":\"required name=search_term_string\"}],\"inLanguage\":\"fr-FR\"},{\"@type\":\"Organization\",\"@id\":\"https:\/\/www.eenewseurope.com\/en\/#organization\",\"name\":\"EENewsEurope\",\"url\":\"https:\/\/www.eenewseurope.com\/en\/\",\"logo\":{\"@type\":\"ImageObject\",\"inLanguage\":\"fr-FR\",\"@id\":\"https:\/\/www.eenewseurope.com\/en\/#\/schema\/logo\/image\/\",\"url\":\"https:\/\/www.ecinews.fr\/wp-content\/uploads\/2022\/02\/logo-1.jpg\",\"contentUrl\":\"https:\/\/www.ecinews.fr\/wp-content\/uploads\/2022\/02\/logo-1.jpg\",\"width\":283,\"height\":113,\"caption\":\"EENewsEurope\"},\"image\":{\"@id\":\"https:\/\/www.eenewseurope.com\/en\/#\/schema\/logo\/image\/\"}},{\"@type\":\"Person\",\"@id\":\"https:\/\/www.eenewseurope.com\/en\/#\/schema\/person\/e4387676ad67ce722325c7832f3c3762\",\"name\":\"Alain Dieul\",\"image\":{\"@type\":\"ImageObject\",\"inLanguage\":\"fr-FR\",\"@id\":\"https:\/\/www.eenewseurope.com\/en\/#\/schema\/person\/image\/736120675699dbbf0f0f282b9a9cfb75\",\"url\":\"https:\/\/secure.gravatar.com\/avatar\/bc93b056d07515be5b8eecd4acf49c5c?s=96&d=mm&r=g\",\"contentUrl\":\"https:\/\/secure.gravatar.com\/avatar\/bc93b056d07515be5b8eecd4acf49c5c?s=96&d=mm&r=g\",\"caption\":\"Alain Dieul\"},\"sameAs\":[\"http:\/\/ECINews\"]}]}<\/script>","yoast_head_json":{"title":"C\u00e2bles assembl\u00e9s qualifi\u00e9s pour les protocoles standard ...","description":"ODU propose des c\u00e2bles assembl\u00e9s qualifi\u00e9s pour les protocoles standard qui int\u00e8grent g\u00e9n\u00e9ralement un connecteur ODU \u00e0 une extr\u00e9mit\u00e9 et un...","robots":{"index":"index","follow":"follow","max-snippet":"max-snippet:-1","max-image-preview":"max-image-preview:large","max-video-preview":"max-video-preview:-1"},"canonical":"https:\/\/www.ecinews.fr\/fr\/wp-json\/wp\/v2\/posts\/431898\/","og_locale":"fr_FR","og_type":"article","og_title":"C\u00e2bles assembl\u00e9s qualifi\u00e9s pour les protocoles standard","og_description":"ODU propose des c\u00e2bles assembl\u00e9s qualifi\u00e9s pour les protocoles standard qui int\u00e8grent g\u00e9n\u00e9ralement un connecteur ODU \u00e0 une extr\u00e9mit\u00e9 et un connecteur d'interface standard \u00e0 l'autre extr\u00e9mit\u00e9.","og_url":"https:\/\/www.ecinews.fr\/fr\/wp-json\/wp\/v2\/posts\/431898\/","og_site_name":"EENewsEurope","article_published_time":"2023-09-12T12:01:43+00:00","og_image":[{"width":1080,"height":779,"url":"https:\/\/test.ecinews.fr\/wp-content\/uploads\/2023\/09\/ECI1967_ODU-scaled.jpg","type":"image\/jpeg"}],"author":"Alain Dieul","twitter_card":"summary_large_image","twitter_misc":{"Written by":"Alain Dieul","Est. reading time":"2 minutes"},"schema":{"@context":"https:\/\/schema.org","@graph":[{"@type":"Article","@id":"https:\/\/test.ecinews.fr\/fr\/cables-assembles-qualifies-pour-les-protocoles-standard\/#article","isPartOf":{"@id":"https:\/\/test.ecinews.fr\/fr\/cables-assembles-qualifies-pour-les-protocoles-standard\/"},"author":{"name":"Alain Dieul","@id":"https:\/\/www.eenewseurope.com\/en\/#\/schema\/person\/e4387676ad67ce722325c7832f3c3762"},"headline":"C\u00e2bles assembl\u00e9s qualifi\u00e9s pour les protocoles standard","datePublished":"2023-09-12T12:01:43+00:00","dateModified":"2023-09-12T12:01:43+00:00","mainEntityOfPage":{"@id":"https:\/\/test.ecinews.fr\/fr\/cables-assembles-qualifies-pour-les-protocoles-standard\/"},"wordCount":371,"publisher":{"@id":"https:\/\/www.eenewseurope.com\/en\/#organization"},"articleSection":["Nouveaux produits"],"inLanguage":"fr-FR"},{"@type":"WebPage","@id":"https:\/\/test.ecinews.fr\/fr\/cables-assembles-qualifies-pour-les-protocoles-standard\/","url":"https:\/\/test.ecinews.fr\/fr\/cables-assembles-qualifies-pour-les-protocoles-standard\/","name":"C\u00e2bles assembl\u00e9s qualifi\u00e9s pour les protocoles standard -","isPartOf":{"@id":"https:\/\/www.eenewseurope.com\/en\/#website"},"datePublished":"2023-09-12T12:01:43+00:00","dateModified":"2023-09-12T12:01:43+00:00","description":"ODU propose des c\u00e2bles assembl\u00e9s qualifi\u00e9s pour les protocoles standard qui int\u00e8grent g\u00e9n\u00e9ralement un connecteur ODU \u00e0 une extr\u00e9mit\u00e9 et un connecteur d'interface standard \u00e0 l'autre extr\u00e9mit\u00e9.","breadcrumb":{"@id":"https:\/\/test.ecinews.fr\/fr\/cables-assembles-qualifies-pour-les-protocoles-standard\/#breadcrumb"},"inLanguage":"fr-FR","potentialAction":[{"@type":"ReadAction","target":["https:\/\/test.ecinews.fr\/fr\/cables-assembles-qualifies-pour-les-protocoles-standard\/"]}]},{"@type":"BreadcrumbList","@id":"https:\/\/test.ecinews.fr\/fr\/cables-assembles-qualifies-pour-les-protocoles-standard\/#breadcrumb","itemListElement":[{"@type":"ListItem","position":1,"name":"Home","item":"https:\/\/www.ecinews.fr\/fr\/"},{"@type":"ListItem","position":2,"name":"C\u00e2bles assembl\u00e9s qualifi\u00e9s pour les protocoles standard"}]},{"@type":"WebSite","@id":"https:\/\/www.eenewseurope.com\/en\/#website","url":"https:\/\/www.eenewseurope.com\/en\/","name":"EENewsEurope","description":"Just another WordPress site","publisher":{"@id":"https:\/\/www.eenewseurope.com\/en\/#organization"},"potentialAction":[{"@type":"SearchAction","target":{"@type":"EntryPoint","urlTemplate":"https:\/\/www.eenewseurope.com\/en\/?s={search_term_string}"},"query-input":"required name=search_term_string"}],"inLanguage":"fr-FR"},{"@type":"Organization","@id":"https:\/\/www.eenewseurope.com\/en\/#organization","name":"EENewsEurope","url":"https:\/\/www.eenewseurope.com\/en\/","logo":{"@type":"ImageObject","inLanguage":"fr-FR","@id":"https:\/\/www.eenewseurope.com\/en\/#\/schema\/logo\/image\/","url":"https:\/\/www.ecinews.fr\/wp-content\/uploads\/2022\/02\/logo-1.jpg","contentUrl":"https:\/\/www.ecinews.fr\/wp-content\/uploads\/2022\/02\/logo-1.jpg","width":283,"height":113,"caption":"EENewsEurope"},"image":{"@id":"https:\/\/www.eenewseurope.com\/en\/#\/schema\/logo\/image\/"}},{"@type":"Person","@id":"https:\/\/www.eenewseurope.com\/en\/#\/schema\/person\/e4387676ad67ce722325c7832f3c3762","name":"Alain Dieul","image":{"@type":"ImageObject","inLanguage":"fr-FR","@id":"https:\/\/www.eenewseurope.com\/en\/#\/schema\/person\/image\/736120675699dbbf0f0f282b9a9cfb75","url":"https:\/\/secure.gravatar.com\/avatar\/bc93b056d07515be5b8eecd4acf49c5c?s=96&d=mm&r=g","contentUrl":"https:\/\/secure.gravatar.com\/avatar\/bc93b056d07515be5b8eecd4acf49c5c?s=96&d=mm&r=g","caption":"Alain Dieul"},"sameAs":["http:\/\/ECINews"]}]}},"authors":[{"term_id":1154,"user_id":36,"is_guest":0,"slug":"alain-dieul","display_name":"Alain Dieul","avatar_url":"https:\/\/secure.gravatar.com\/avatar\/bc93b056d07515be5b8eecd4acf49c5c?s=96&d=mm&r=g","0":null,"1":"","2":"","3":"","4":"","5":"","6":"","7":"","8":""}],"_links":{"self":[{"href":"https:\/\/www.ecinews.fr\/fr\/wp-json\/wp\/v2\/posts\/431898"}],"collection":[{"href":"https:\/\/www.ecinews.fr\/fr\/wp-json\/wp\/v2\/posts"}],"about":[{"href":"https:\/\/www.ecinews.fr\/fr\/wp-json\/wp\/v2\/types\/post"}],"author":[{"embeddable":true,"href":"https:\/\/www.ecinews.fr\/fr\/wp-json\/wp\/v2\/users\/36"}],"replies":[{"embeddable":true,"href":"https:\/\/www.ecinews.fr\/fr\/wp-json\/wp\/v2\/comments?post=431898"}],"version-history":[{"count":0,"href":"https:\/\/www.ecinews.fr\/fr\/wp-json\/wp\/v2\/posts\/431898\/revisions"}],"wp:featuredmedia":[{"embeddable":true,"href":"https:\/\/www.ecinews.fr\/fr\/wp-json\/wp\/v2\/media\/431900"}],"wp:attachment":[{"href":"https:\/\/www.ecinews.fr\/fr\/wp-json\/wp\/v2\/media?parent=431898"}],"wp:term":[{"taxonomy":"category","embeddable":true,"href":"https:\/\/www.ecinews.fr\/fr\/wp-json\/wp\/v2\/categories?post=431898"},{"taxonomy":"post_tag","embeddable":true,"href":"https:\/\/www.ecinews.fr\/fr\/wp-json\/wp\/v2\/tags?post=431898"},{"taxonomy":"domains","embeddable":true,"href":"https:\/\/www.ecinews.fr\/fr\/wp-json\/wp\/v2\/domains?post=431898"},{"taxonomy":"author","embeddable":true,"href":"https:\/\/www.ecinews.fr\/fr\/wp-json\/wp\/v2\/ppma_author?post=431898"}],"curies":[{"name":"wp","href":"https:\/\/api.w.org\/{rel}","templated":true}]}}