{"id":431740,"date":"2023-09-11T09:20:23","date_gmt":"2023-09-11T07:20:23","guid":{"rendered":"https:\/\/www.eenewseurope.com\/?p=431740"},"modified":"2023-09-11T09:21:49","modified_gmt":"2023-09-11T07:21:49","slug":"bosch-finalise-lacquisition-des-actifs-de-tsi-semiconductors","status":"publish","type":"post","link":"https:\/\/www.ecinews.fr\/fr\/bosch-finalise-lacquisition-des-actifs-de-tsi-semiconductors\/","title":{"rendered":"Bosch finalise l&rsquo;acquisition des actifs de TSI Semiconductors"},"content":{"rendered":"<h3>Bosch a finalis\u00e9 l&rsquo;acquisition d&rsquo;une usine de puces en Californie pour la fabrication de composants de puissance en carbure de silicium (SiC).<\/h3>\n<p>L&rsquo;ancienne TSI de Roseville fait d\u00e9sormais partie de Robert Bosch Semiconductor LLC, dans le cadre d&rsquo;une cession d&rsquo;actifs qui comprend une subvention de 25 millions de dollars de la part du gouvernement local. Bosch pr\u00e9voit d&rsquo;investir 1,5 milliard de dollars dans l&rsquo;usine, bien que l&rsquo;ampleur de l&rsquo;investissement d\u00e9pende fortement des possibilit\u00e9s de financement f\u00e9d\u00e9ral, car l&rsquo;entreprise a l&rsquo;intention de demander un financement f\u00e9d\u00e9ral dans le cadre du US CHIPS et du Science Act.<\/p>\n<p>\u00c0 partir de 2026, les premi\u00e8res puces SiC seront produites sur des wafers de 200 mm. L&rsquo;usine de Roseville poss\u00e8de une vaste exp\u00e9rience dans la conception et la production de semiconducteurs pour les applications automobiles et industrielles depuis pr\u00e8s de 40 ans, et 250 personnes rejoindront le groupe.<\/p>\n<ul>\n<li><a href=\"https:\/\/www.eenewseurope.com\/en\/bosch-leads-project-to-create-an-independent-sic-supply-chain-for-europe\/\">Bosch dirige un projet visant \u00e0 cr\u00e9er un approvisionnement ind\u00e9pendant en SiC<\/a><\/li>\n<li><a href=\"https:\/\/www.eenewseurope.com\/en\/bosch-plans-billion-takeover-in-u-s-sic-market\/\">Bosch pr\u00e9voit de racheter pour un milliard de dollars le march\u00e9 am\u00e9ricain du SiC<\/a><\/li>\n<\/ul>\n<p>Thorsten Scheer, sp\u00e9cialiste de l&rsquo;industrie des semiconducteurs, dirige la nouvelle organisation en tant que directeur de l&rsquo;usine de Roseville et pr\u00e9sident r\u00e9gional de la division Bosch Automotive Electronics en Am\u00e9rique du Nord.<\/p>\n<p>\u00ab\u00a0Les experts en semiconducteurs de Roseville et les salles blanches existantes nous permettront de fabriquer des puces SiC pour l&rsquo;\u00e9lectromobilit\u00e9 \u00e0 une \u00e9chelle encore plus grande\u00a0\u00bb, a d\u00e9clar\u00e9 M. Scheer. \u00ab\u00a0Il s&rsquo;agit d&rsquo;une occasion exceptionnelle d&rsquo;\u00eatre \u00e0 l&rsquo;avant-garde de l&rsquo;un des d\u00e9veloppements les plus passionnants du secteur technologique, en collaboration avec une \u00e9quipe d\u00e9vou\u00e9e et exp\u00e9riment\u00e9e\u00a0\u00bb.<\/p>\n<ul>\n<li><a href=\"https:\/\/www.eenewseurope.com\/en\/bosch-opens-e350m-semiconductor-test-plant-in-malaysia\/\">Bosch ouvre une usine de test de semi-conducteurs d&rsquo;une valeur de 350 millions d&rsquo;euros en Malaisie<\/a><\/li>\n<li><a href=\"https:\/\/www.eenewseurope.com\/en\/bosch-starts-production-of-800v-ev-technology\/\">Bosch lance la production d&rsquo;une technologie EV 800V<\/a><\/li>\n<\/ul>\n<p>\u00ab\u00a0Nous renfor\u00e7ons syst\u00e9matiquement notre portefeuille mondial de puces SiC pour faire progresser l&rsquo;\u00e9lectromobilit\u00e9\u00a0\u00bb, a d\u00e9clar\u00e9 Michael Budde, pr\u00e9sident de Bosch Automotive Electronics. \u00ab\u00a0Dans les v\u00e9hicules \u00e9lectriques, les puces SiC permettent une plus grande autonomie et une recharge plus efficace, car elles consomment jusqu&rsquo;\u00e0 50 % d&rsquo;\u00e9nergie en moins. Cet investissement montre clairement notre engagement dans ce domaine d&rsquo;importance strat\u00e9gique.\u00a0\u00bb<\/p>\n<p>\u00ab\u00a0En \u00e9tendant nos activit\u00e9s de semiconducteurs, nous renfor\u00e7ons notre pr\u00e9sence locale sur un march\u00e9 important pour les solutions \u00e9lectroniques \u00e0 haute efficacit\u00e9\u00a0\u00bb, a d\u00e9clar\u00e9 Paul Thomas, qui assumera le r\u00f4le de pr\u00e9sident des Am\u00e9riques pour Bosch Mobility \u00e0 partir de janvier 2024. \u00ab\u00a0Le site de Roseville renforcera les activit\u00e9s de Bosch dans le domaine des semi-conducteurs et \u00e9largira notre r\u00e9seau international de fabrication de semiconducteurs.\u00a0\u00bb<\/p>\n<p><a href=\"http:\/\/www.bosch.com\">www.bosch.com<\/a><\/p>\n<p>&nbsp;<\/p>\n","protected":false},"excerpt":{"rendered":"<p>Bosch a finalis\u00e9 l&rsquo;acquisition d&rsquo;une usine de puces en Californie pour la fabrication de composants de puissance en carbure de silicium (SiC). L&rsquo;ancienne TSI de Roseville fait d\u00e9sormais partie de Robert Bosch Semiconductor LLC, dans le cadre d&rsquo;une cession d&rsquo;actifs qui comprend une subvention de 25 millions de dollars de la part du gouvernement local. [&hellip;]<\/p>\n","protected":false},"author":34,"featured_media":431203,"comment_status":"closed","ping_status":"closed","sticky":false,"template":"","format":"standard","meta":{"_acf_changed":false,"footnotes":""},"categories":[880],"tags":[1640,2265],"domains":[47],"ppma_author":[3640,1153],"class_list":["post-431740","post","type-post","status-publish","format-standard","has-post-thumbnail","hentry","category-actualites-economiques","tag-automobile","tag-sic-fr","domains-electronique-eci"],"acf":[],"yoast_head":"<title>Bosch finalise l&#039;acquisition des actifs de TSI Semiconductors ...<\/title>\n<meta name=\"description\" content=\"Bosch a finalis\u00e9 l&#039;acquisition d&#039;une usine de puces en CA pour la fabrication de composants de puissance en carbure de silicium (SiC).\" \/>\n<meta name=\"robots\" content=\"index, follow, max-snippet:-1, max-image-preview:large, max-video-preview:-1\" \/>\n<link rel=\"canonical\" href=\"https:\/\/www.ecinews.fr\/fr\/wp-json\/wp\/v2\/posts\/431740\/\" \/>\n<meta property=\"og:locale\" content=\"fr_FR\" \/>\n<meta property=\"og:type\" content=\"article\" \/>\n<meta property=\"og:title\" content=\"Bosch finalise l&#039;acquisition des actifs de TSI Semiconductors\" \/>\n<meta property=\"og:description\" content=\"Bosch a finalis\u00e9 l&#039;acquisition d&#039;une usine de puces en CA pour la fabrication de composants de puissance en carbure de silicium (SiC).\" \/>\n<meta property=\"og:url\" content=\"https:\/\/www.ecinews.fr\/fr\/wp-json\/wp\/v2\/posts\/431740\/\" \/>\n<meta property=\"og:site_name\" content=\"EENewsEurope\" \/>\n<meta property=\"article:published_time\" content=\"2023-09-11T07:20:23+00:00\" \/>\n<meta property=\"article:modified_time\" content=\"2023-09-11T07:21:49+00:00\" \/>\n<meta property=\"og:image\" content=\"https:\/\/www.ecinews.fr\/wp-content\/uploads\/2023\/09\/Bosch-TSI--scaled.jpg\" \/>\n\t<meta property=\"og:image:width\" content=\"1080\" \/>\n\t<meta property=\"og:image:height\" content=\"615\" \/>\n\t<meta property=\"og:image:type\" content=\"image\/jpeg\" \/>\n<meta name=\"author\" content=\"Nick Flaherty, A Delapalisse\" \/>\n<meta name=\"twitter:card\" content=\"summary_large_image\" \/>\n<meta name=\"twitter:label1\" content=\"Written by\" \/>\n\t<meta name=\"twitter:data1\" content=\"A Delapalisse\" \/>\n\t<meta name=\"twitter:label2\" content=\"Est. reading time\" \/>\n\t<meta name=\"twitter:data2\" content=\"2 minutes\" \/>\n<script type=\"application\/ld+json\" class=\"yoast-schema-graph\">{\"@context\":\"https:\/\/schema.org\",\"@graph\":[{\"@type\":\"Article\",\"@id\":\"https:\/\/www.ecinews.fr\/fr\/bosch-finalise-lacquisition-des-actifs-de-tsi-semiconductors\/#article\",\"isPartOf\":{\"@id\":\"https:\/\/www.ecinews.fr\/fr\/bosch-finalise-lacquisition-des-actifs-de-tsi-semiconductors\/\"},\"author\":{\"name\":\"A Delapalisse\",\"@id\":\"https:\/\/www.ecinews.fr\/fr\/#\/schema\/person\/0aa2cfb0bd8949724a68cbac8d8321b4\"},\"headline\":\"Bosch finalise l&rsquo;acquisition des actifs de TSI Semiconductors\",\"datePublished\":\"2023-09-11T07:20:23+00:00\",\"dateModified\":\"2023-09-11T07:21:49+00:00\",\"mainEntityOfPage\":{\"@id\":\"https:\/\/www.ecinews.fr\/fr\/bosch-finalise-lacquisition-des-actifs-de-tsi-semiconductors\/\"},\"wordCount\":469,\"publisher\":{\"@id\":\"https:\/\/www.ecinews.fr\/fr\/#organization\"},\"keywords\":[\"Automobile\",\"SiC\"],\"articleSection\":[\"Actualit\u00e9s \u00e9conomiques\"],\"inLanguage\":\"fr-FR\"},{\"@type\":\"WebPage\",\"@id\":\"https:\/\/www.ecinews.fr\/fr\/bosch-finalise-lacquisition-des-actifs-de-tsi-semiconductors\/\",\"url\":\"https:\/\/www.ecinews.fr\/fr\/bosch-finalise-lacquisition-des-actifs-de-tsi-semiconductors\/\",\"name\":\"Bosch finalise l'acquisition des actifs de TSI Semiconductors -\",\"isPartOf\":{\"@id\":\"https:\/\/www.ecinews.fr\/fr\/#website\"},\"datePublished\":\"2023-09-11T07:20:23+00:00\",\"dateModified\":\"2023-09-11T07:21:49+00:00\",\"description\":\"Bosch a finalis\u00e9 l'acquisition d'une usine de puces en CA pour la fabrication de composants de puissance en carbure de silicium (SiC).\",\"breadcrumb\":{\"@id\":\"https:\/\/www.ecinews.fr\/fr\/bosch-finalise-lacquisition-des-actifs-de-tsi-semiconductors\/#breadcrumb\"},\"inLanguage\":\"fr-FR\",\"potentialAction\":[{\"@type\":\"ReadAction\",\"target\":[\"https:\/\/www.ecinews.fr\/fr\/bosch-finalise-lacquisition-des-actifs-de-tsi-semiconductors\/\"]}]},{\"@type\":\"BreadcrumbList\",\"@id\":\"https:\/\/www.ecinews.fr\/fr\/bosch-finalise-lacquisition-des-actifs-de-tsi-semiconductors\/#breadcrumb\",\"itemListElement\":[{\"@type\":\"ListItem\",\"position\":1,\"name\":\"Home\",\"item\":\"https:\/\/www.ecinews.fr\/fr\/\"},{\"@type\":\"ListItem\",\"position\":2,\"name\":\"Bosch finalise l&rsquo;acquisition des actifs de TSI Semiconductors\"}]},{\"@type\":\"WebSite\",\"@id\":\"https:\/\/www.ecinews.fr\/fr\/#website\",\"url\":\"https:\/\/www.ecinews.fr\/fr\/\",\"name\":\"EENewsEurope\",\"description\":\"Just another WordPress site\",\"publisher\":{\"@id\":\"https:\/\/www.ecinews.fr\/fr\/#organization\"},\"potentialAction\":[{\"@type\":\"SearchAction\",\"target\":{\"@type\":\"EntryPoint\",\"urlTemplate\":\"https:\/\/www.ecinews.fr\/fr\/?s={search_term_string}\"},\"query-input\":\"required name=search_term_string\"}],\"inLanguage\":\"fr-FR\"},{\"@type\":\"Organization\",\"@id\":\"https:\/\/www.ecinews.fr\/fr\/#organization\",\"name\":\"EENewsEurope\",\"url\":\"https:\/\/www.ecinews.fr\/fr\/\",\"logo\":{\"@type\":\"ImageObject\",\"inLanguage\":\"fr-FR\",\"@id\":\"https:\/\/www.ecinews.fr\/fr\/#\/schema\/logo\/image\/\",\"url\":\"https:\/\/www.ecinews.fr\/wp-content\/uploads\/2022\/02\/logo-1.jpg\",\"contentUrl\":\"https:\/\/www.ecinews.fr\/wp-content\/uploads\/2022\/02\/logo-1.jpg\",\"width\":283,\"height\":113,\"caption\":\"EENewsEurope\"},\"image\":{\"@id\":\"https:\/\/www.ecinews.fr\/fr\/#\/schema\/logo\/image\/\"}},{\"@type\":\"Person\",\"@id\":\"https:\/\/www.ecinews.fr\/fr\/#\/schema\/person\/0aa2cfb0bd8949724a68cbac8d8321b4\",\"name\":\"A Delapalisse\",\"image\":{\"@type\":\"ImageObject\",\"inLanguage\":\"fr-FR\",\"@id\":\"https:\/\/www.ecinews.fr\/fr\/#\/schema\/person\/image\/211ac42237c2e9683c0964086c393cb4\",\"url\":\"https:\/\/secure.gravatar.com\/avatar\/ad45a8c5da24bc9c7c4940dd1c48a695?s=96&d=mm&r=g\",\"contentUrl\":\"https:\/\/secure.gravatar.com\/avatar\/ad45a8c5da24bc9c7c4940dd1c48a695?s=96&d=mm&r=g\",\"caption\":\"A Delapalisse\"},\"sameAs\":[\"http:\/\/ECI\"]}]}<\/script>","yoast_head_json":{"title":"Bosch finalise l'acquisition des actifs de TSI Semiconductors ...","description":"Bosch a finalis\u00e9 l'acquisition d'une usine de puces en CA pour la fabrication de composants de puissance en carbure de silicium (SiC).","robots":{"index":"index","follow":"follow","max-snippet":"max-snippet:-1","max-image-preview":"max-image-preview:large","max-video-preview":"max-video-preview:-1"},"canonical":"https:\/\/www.ecinews.fr\/fr\/wp-json\/wp\/v2\/posts\/431740\/","og_locale":"fr_FR","og_type":"article","og_title":"Bosch finalise l'acquisition des actifs de TSI Semiconductors","og_description":"Bosch a finalis\u00e9 l'acquisition d'une usine de puces en CA pour la fabrication de composants de puissance en carbure de silicium (SiC).","og_url":"https:\/\/www.ecinews.fr\/fr\/wp-json\/wp\/v2\/posts\/431740\/","og_site_name":"EENewsEurope","article_published_time":"2023-09-11T07:20:23+00:00","article_modified_time":"2023-09-11T07:21:49+00:00","og_image":[{"width":1080,"height":615,"url":"https:\/\/www.ecinews.fr\/wp-content\/uploads\/2023\/09\/Bosch-TSI--scaled.jpg","type":"image\/jpeg"}],"author":"Nick Flaherty, A Delapalisse","twitter_card":"summary_large_image","twitter_misc":{"Written by":"A Delapalisse","Est. reading time":"2 minutes"},"schema":{"@context":"https:\/\/schema.org","@graph":[{"@type":"Article","@id":"https:\/\/www.ecinews.fr\/fr\/bosch-finalise-lacquisition-des-actifs-de-tsi-semiconductors\/#article","isPartOf":{"@id":"https:\/\/www.ecinews.fr\/fr\/bosch-finalise-lacquisition-des-actifs-de-tsi-semiconductors\/"},"author":{"name":"A Delapalisse","@id":"https:\/\/www.ecinews.fr\/fr\/#\/schema\/person\/0aa2cfb0bd8949724a68cbac8d8321b4"},"headline":"Bosch finalise l&rsquo;acquisition des actifs de TSI Semiconductors","datePublished":"2023-09-11T07:20:23+00:00","dateModified":"2023-09-11T07:21:49+00:00","mainEntityOfPage":{"@id":"https:\/\/www.ecinews.fr\/fr\/bosch-finalise-lacquisition-des-actifs-de-tsi-semiconductors\/"},"wordCount":469,"publisher":{"@id":"https:\/\/www.ecinews.fr\/fr\/#organization"},"keywords":["Automobile","SiC"],"articleSection":["Actualit\u00e9s \u00e9conomiques"],"inLanguage":"fr-FR"},{"@type":"WebPage","@id":"https:\/\/www.ecinews.fr\/fr\/bosch-finalise-lacquisition-des-actifs-de-tsi-semiconductors\/","url":"https:\/\/www.ecinews.fr\/fr\/bosch-finalise-lacquisition-des-actifs-de-tsi-semiconductors\/","name":"Bosch finalise l'acquisition des actifs de TSI Semiconductors -","isPartOf":{"@id":"https:\/\/www.ecinews.fr\/fr\/#website"},"datePublished":"2023-09-11T07:20:23+00:00","dateModified":"2023-09-11T07:21:49+00:00","description":"Bosch a finalis\u00e9 l'acquisition d'une usine de puces en CA pour la fabrication de composants de puissance en carbure de silicium (SiC).","breadcrumb":{"@id":"https:\/\/www.ecinews.fr\/fr\/bosch-finalise-lacquisition-des-actifs-de-tsi-semiconductors\/#breadcrumb"},"inLanguage":"fr-FR","potentialAction":[{"@type":"ReadAction","target":["https:\/\/www.ecinews.fr\/fr\/bosch-finalise-lacquisition-des-actifs-de-tsi-semiconductors\/"]}]},{"@type":"BreadcrumbList","@id":"https:\/\/www.ecinews.fr\/fr\/bosch-finalise-lacquisition-des-actifs-de-tsi-semiconductors\/#breadcrumb","itemListElement":[{"@type":"ListItem","position":1,"name":"Home","item":"https:\/\/www.ecinews.fr\/fr\/"},{"@type":"ListItem","position":2,"name":"Bosch finalise l&rsquo;acquisition des actifs de TSI Semiconductors"}]},{"@type":"WebSite","@id":"https:\/\/www.ecinews.fr\/fr\/#website","url":"https:\/\/www.ecinews.fr\/fr\/","name":"EENewsEurope","description":"Just another WordPress site","publisher":{"@id":"https:\/\/www.ecinews.fr\/fr\/#organization"},"potentialAction":[{"@type":"SearchAction","target":{"@type":"EntryPoint","urlTemplate":"https:\/\/www.ecinews.fr\/fr\/?s={search_term_string}"},"query-input":"required name=search_term_string"}],"inLanguage":"fr-FR"},{"@type":"Organization","@id":"https:\/\/www.ecinews.fr\/fr\/#organization","name":"EENewsEurope","url":"https:\/\/www.ecinews.fr\/fr\/","logo":{"@type":"ImageObject","inLanguage":"fr-FR","@id":"https:\/\/www.ecinews.fr\/fr\/#\/schema\/logo\/image\/","url":"https:\/\/www.ecinews.fr\/wp-content\/uploads\/2022\/02\/logo-1.jpg","contentUrl":"https:\/\/www.ecinews.fr\/wp-content\/uploads\/2022\/02\/logo-1.jpg","width":283,"height":113,"caption":"EENewsEurope"},"image":{"@id":"https:\/\/www.ecinews.fr\/fr\/#\/schema\/logo\/image\/"}},{"@type":"Person","@id":"https:\/\/www.ecinews.fr\/fr\/#\/schema\/person\/0aa2cfb0bd8949724a68cbac8d8321b4","name":"A Delapalisse","image":{"@type":"ImageObject","inLanguage":"fr-FR","@id":"https:\/\/www.ecinews.fr\/fr\/#\/schema\/person\/image\/211ac42237c2e9683c0964086c393cb4","url":"https:\/\/secure.gravatar.com\/avatar\/ad45a8c5da24bc9c7c4940dd1c48a695?s=96&d=mm&r=g","contentUrl":"https:\/\/secure.gravatar.com\/avatar\/ad45a8c5da24bc9c7c4940dd1c48a695?s=96&d=mm&r=g","caption":"A Delapalisse"},"sameAs":["http:\/\/ECI"]}]}},"authors":[{"term_id":3640,"user_id":0,"is_guest":1,"slug":"nick-flaherty","display_name":"Nick Flaherty","avatar_url":"https:\/\/secure.gravatar.com\/avatar\/?s=96&d=mm&r=g","0":null,"1":"","2":"","3":"","4":"","5":"","6":"","7":"","8":""},{"term_id":1153,"user_id":34,"is_guest":0,"slug":"adelapalisse","display_name":"A Delapalisse","avatar_url":"https:\/\/secure.gravatar.com\/avatar\/ad45a8c5da24bc9c7c4940dd1c48a695?s=96&d=mm&r=g","0":null,"1":"","2":"","3":"","4":"","5":"","6":"","7":"","8":""}],"_links":{"self":[{"href":"https:\/\/www.ecinews.fr\/fr\/wp-json\/wp\/v2\/posts\/431740"}],"collection":[{"href":"https:\/\/www.ecinews.fr\/fr\/wp-json\/wp\/v2\/posts"}],"about":[{"href":"https:\/\/www.ecinews.fr\/fr\/wp-json\/wp\/v2\/types\/post"}],"author":[{"embeddable":true,"href":"https:\/\/www.ecinews.fr\/fr\/wp-json\/wp\/v2\/users\/34"}],"replies":[{"embeddable":true,"href":"https:\/\/www.ecinews.fr\/fr\/wp-json\/wp\/v2\/comments?post=431740"}],"version-history":[{"count":0,"href":"https:\/\/www.ecinews.fr\/fr\/wp-json\/wp\/v2\/posts\/431740\/revisions"}],"wp:featuredmedia":[{"embeddable":true,"href":"https:\/\/www.ecinews.fr\/fr\/wp-json\/wp\/v2\/media\/431203"}],"wp:attachment":[{"href":"https:\/\/www.ecinews.fr\/fr\/wp-json\/wp\/v2\/media?parent=431740"}],"wp:term":[{"taxonomy":"category","embeddable":true,"href":"https:\/\/www.ecinews.fr\/fr\/wp-json\/wp\/v2\/categories?post=431740"},{"taxonomy":"post_tag","embeddable":true,"href":"https:\/\/www.ecinews.fr\/fr\/wp-json\/wp\/v2\/tags?post=431740"},{"taxonomy":"domains","embeddable":true,"href":"https:\/\/www.ecinews.fr\/fr\/wp-json\/wp\/v2\/domains?post=431740"},{"taxonomy":"author","embeddable":true,"href":"https:\/\/www.ecinews.fr\/fr\/wp-json\/wp\/v2\/ppma_author?post=431740"}],"curies":[{"name":"wp","href":"https:\/\/api.w.org\/{rel}","templated":true}]}}