{"id":431635,"date":"2023-09-08T09:45:12","date_gmt":"2023-09-08T07:45:12","guid":{"rendered":"https:\/\/www.ecinews.fr\/?p=431635"},"modified":"2023-09-08T09:45:12","modified_gmt":"2023-09-08T07:45:12","slug":"icalps-ouvre-un-centre-de-conception-dasic-a-toulouse","status":"publish","type":"post","link":"https:\/\/www.ecinews.fr\/fr\/icalps-ouvre-un-centre-de-conception-dasic-a-toulouse\/","title":{"rendered":"IC\u2019Alps ouvre un centre de conception d\u2019ASIC \u00e0 Toulouse"},"content":{"rendered":"<h3><span style=\"font-size: 16px;\">IC\u2019Alps, centre de conception et d\u2019approvisionnement de circuits int\u00e9gr\u00e9s ASIC a annonc\u00e9 la cr\u00e9ation d\u2019un second centre de conception \u00e0 Toulouse et l\u2019embauche d\u2019une \u00e9quipe de 30 ing\u00e9nieurs exp\u00e9riment\u00e9s.<\/span><\/h3>\n<p>&nbsp;<\/p>\n<p>Avec l\u2019arriv\u00e9e de cette nouvelle \u00e9quipe, IC\u2019Alps int\u00e8gre des comp\u00e9tences cl\u00e9s en gestion de projet de d\u00e9veloppement d\u2019ASIC: sp\u00e9cification, conception, v\u00e9rification, qualification, test d\u2019industrialisation entre autres. Pour finir, le centre de Toulouse b\u00e9n\u00e9ficiera de leur connaissance fonctionnelle de l\u2019industrie automobile, de ses cycles de d\u00e9veloppement d\u00e9di\u00e9s et de ses standards de s\u00e9curit\u00e9 (ASIL A \u00e0 D, capacit\u00e9 \u00e0 travailler avec un r\u00e9f\u00e9rentiel IATF16949). L\u2019\u00e9quipe de Toulouse sera \u00e9galement amen\u00e9e \u00e0 travailler sur les projets Med\/Healthtech en cours au sein du groupe industriel DOLIAM, maison-m\u00e8re d\u2019IC\u2019Alps.<\/p>\n<p>\u201cL\u2019\u00e9quipe de notre nouveau centre de design de Toulouse partage un ADN cultiv\u00e9 depuis 5 ans au sein d\u2019IC\u2019Alps: la d\u00e9termination \u00e0 s\u2019impliquer au service des innovations de nos clients et l\u2019envie de participer \u00e0 une croissance qui nous permettra de devenir un acteur majeur en Europe sur les march\u00e9s les plus exigeants: m\u00e9dical, a\u00e9ronautique et automobile. Nous sommes d\u00e9j\u00e0 implant\u00e9s \u00e0 Grenoble, la Silicon Valley fran\u00e7aise, et une installation \u00e0 Toulouse nous positionne au coeur de l\u2019Occitanie, de son dynamique \u00e9cosyst\u00e8me industriel ainsi que des \u00e9coles et universit\u00e9s formant les jeunes talents qui nous rejoindront demain. IC\u2019Alps devient par le fait une entreprise de 85 experts pr\u00eats \u00e0 relever tous les d\u00e9fis propres au d\u00e9veloppement de circuits int\u00e9gr\u00e9s.\u201d Jean-Luc Triouleyre, CEO et co-fondateur d\u2019IC\u2019Alps.<\/p>\n<p>\u201cParmi d\u2019autres propositions de qualit\u00e9, notre \u00e9quipe a choisi le projet ambitieux d\u2019IC\u2019Alps et du groupe DOLIAM dont les dirigeants sont enti\u00e8rement tourn\u00e9s vers le succ\u00e8s de leurs clients ainsi que le d\u00e9veloppement et l\u2019\u00e9panouissement de leurs collaborateurs. Notre arriv\u00e9e chez IC&rsquo;Alps est une formidable opportunit\u00e9 pour l&rsquo;\u00e9quipe de Toulouse de valoriser son expertise dans la gestion de l\u2019alimentation et de compl\u00e9ter celle d&rsquo;IC&rsquo;Alps dans la conception de circuits en signaux mixtes basse et haute tension \u00e0 destination des march\u00e9s automobile, m\u00e9dical et grand public\u00a0\u00bb. Bertrand Clou, Directeur du Centre de Conception d&rsquo;IC&rsquo;Alps \u00e0 Toulouse.<\/p>\n<p>&nbsp;<\/p>\n<p><strong>A propos d\u2019IC\u2019Alps<\/strong><\/p>\n<table style=\"width: 78.3816%; height: 441px;\" width=\"621\">\n<tbody>\n<tr>\n<td width=\"621\">\n<p>Bas\u00e9e \u00e0 Grenoble (si\u00e8ge et centre de design) et Toulouse (centre de design), l\u2019entreprise dispose d\u2019une offre de services compl\u00e8te en d\u00e9veloppement d\u2019ASIC : de la sp\u00e9cification circuit \u00e0 la conception in-house jusqu\u2019\u00e0 la gestion des cha\u00eenes de production et d\u2019approvisionnement. Son \u00e9quipe de 85 ing\u00e9nieurs est experte en circuits analogiques, digitaux et signaux mixtes (interfaces capteurs\/MEMS, gestion de l\u2019alimentation, ultra-basse consommation, convertisseurs haute-r\u00e9solution, haute tension, traitement du signal, multiprocesseurs sur les architectures ARM et RISC-V, acc\u00e9l\u00e9rateurs mat\u00e9riels) sur des technologies de 0.18 \u03bcm jusqu\u2019\u00e0 7 nm aupr\u00e8s de divers fondeurs (ST Microelectronics, TSMC, Global Foundries, Tower Semiconductor, X-FAB etc.). L\u2019entreprise travaille pour des applications m\u00e9dicales, automobiles, IoT\/IA, a\u00e9ronautiques ou de s\u00e9curit\u00e9 et identit\u00e9 digitale. Elle est certifi\u00e9e ISO 9001-2015, ISO 13485-2016, EN 9100-2018, gestion de projets selon les exigences Crit\u00e8res Communs, peut travailler en accord avec la certification IATF16949, est partenaire ARM (ARM Approved Design Partner), et membre du r\u00e9seau de partenaires X-FAB.<\/p>\n<p><a title=\"www.icalps.com\" href=\"http:\/\/www.icalps.com\">www.icalps.com<\/a><\/p>\n<p>&nbsp;<\/p>\n<\/td>\n<\/tr>\n<\/tbody>\n<\/table>\n<p>&nbsp;<\/p>\n<p>&nbsp;<\/p>\n<p><a href=\"https:\/\/news.google.com\/publications\/CAAqBwgKMJbcwQswuPfYAw?hl=fr&amp;gl=BE&amp;ceid=BE:fr\">Suivre ECInews sur Google news<\/a><\/p>\n","protected":false},"excerpt":{"rendered":"<p>IC\u2019Alps, centre de conception et d\u2019approvisionnement de circuits int\u00e9gr\u00e9s ASIC a annonc\u00e9 la cr\u00e9ation d\u2019un second centre de conception \u00e0 Toulouse et l\u2019embauche d\u2019une \u00e9quipe de 30 ing\u00e9nieurs exp\u00e9riment\u00e9s. &nbsp; Avec l\u2019arriv\u00e9e de cette nouvelle \u00e9quipe, IC\u2019Alps int\u00e8gre des comp\u00e9tences cl\u00e9s en gestion de projet de d\u00e9veloppement d\u2019ASIC: sp\u00e9cification, conception, v\u00e9rification, qualification, test d\u2019industrialisation entre [&hellip;]<\/p>\n","protected":false},"author":36,"featured_media":431636,"comment_status":"closed","ping_status":"closed","sticky":false,"template":"","format":"standard","meta":{"_acf_changed":false,"footnotes":""},"categories":[886],"tags":[936],"domains":[47],"ppma_author":[1154],"class_list":["post-431635","post","type-post","status-publish","format-standard","has-post-thumbnail","hentry","category-news-fr","tag-circuits-integres","domains-electronique-eci"],"acf":[],"yoast_head":"<title>IC\u2019Alps ouvre un centre de conception d\u2019ASIC \u00e0 Toulouse ...<\/title>\n<meta name=\"description\" content=\"IC\u2019Alps, centre de conception et d\u2019approvisionnement de circuits int\u00e9gr\u00e9s ASIC a annonc\u00e9 la cr\u00e9ation d\u2019un second centre de conception \u00e0 Toulouse...\" \/>\n<meta name=\"robots\" content=\"index, follow, max-snippet:-1, max-image-preview:large, max-video-preview:-1\" \/>\n<link rel=\"canonical\" href=\"https:\/\/www.ecinews.fr\/fr\/wp-json\/wp\/v2\/posts\/431635\/\" \/>\n<meta property=\"og:locale\" content=\"fr_FR\" \/>\n<meta property=\"og:type\" content=\"article\" \/>\n<meta property=\"og:title\" content=\"IC\u2019Alps ouvre un centre de conception d\u2019ASIC \u00e0 Toulouse\" \/>\n<meta property=\"og:description\" content=\"IC\u2019Alps, centre de conception et d\u2019approvisionnement de circuits int\u00e9gr\u00e9s ASIC a annonc\u00e9 la cr\u00e9ation d\u2019un second centre de conception \u00e0 Toulouse et l\u2019embauche d\u2019une \u00e9quipe de 30 ing\u00e9nieurs exp\u00e9riment\u00e9s.\" \/>\n<meta property=\"og:url\" content=\"https:\/\/www.ecinews.fr\/fr\/wp-json\/wp\/v2\/posts\/431635\/\" \/>\n<meta property=\"og:site_name\" content=\"EENewsEurope\" \/>\n<meta property=\"article:published_time\" content=\"2023-09-08T07:45:12+00:00\" \/>\n<meta property=\"og:image\" content=\"https:\/\/www.eenewseurope.com\/wp-content\/uploads\/2023\/09\/ECI1986_ICAlps.jpg\" \/>\n\t<meta property=\"og:image:width\" content=\"600\" \/>\n\t<meta property=\"og:image:height\" content=\"400\" \/>\n\t<meta property=\"og:image:type\" content=\"image\/jpeg\" \/>\n<meta name=\"author\" content=\"Alain Dieul\" \/>\n<meta name=\"twitter:card\" content=\"summary_large_image\" \/>\n<meta name=\"twitter:label1\" content=\"Written by\" \/>\n\t<meta name=\"twitter:data1\" content=\"Alain Dieul\" \/>\n\t<meta name=\"twitter:label2\" content=\"Est. reading time\" \/>\n\t<meta name=\"twitter:data2\" content=\"3 minutes\" \/>\n<script type=\"application\/ld+json\" class=\"yoast-schema-graph\">{\"@context\":\"https:\/\/schema.org\",\"@graph\":[{\"@type\":\"Article\",\"@id\":\"https:\/\/www.eenewseurope.com\/fr\/icalps-ouvre-un-centre-de-conception-dasic-a-toulouse\/#article\",\"isPartOf\":{\"@id\":\"https:\/\/www.eenewseurope.com\/fr\/icalps-ouvre-un-centre-de-conception-dasic-a-toulouse\/\"},\"author\":{\"name\":\"Alain Dieul\",\"@id\":\"https:\/\/www.eenewseurope.com\/en\/#\/schema\/person\/e4387676ad67ce722325c7832f3c3762\"},\"headline\":\"IC\u2019Alps ouvre un centre de conception d\u2019ASIC \u00e0 Toulouse\",\"datePublished\":\"2023-09-08T07:45:12+00:00\",\"dateModified\":\"2023-09-08T07:45:12+00:00\",\"mainEntityOfPage\":{\"@id\":\"https:\/\/www.eenewseurope.com\/fr\/icalps-ouvre-un-centre-de-conception-dasic-a-toulouse\/\"},\"wordCount\":601,\"publisher\":{\"@id\":\"https:\/\/www.eenewseurope.com\/en\/#organization\"},\"keywords\":[\"Circuits int\u00e9gr\u00e9s\"],\"articleSection\":[\"Actualit\u00e9 g\u00e9n\u00e9rale\"],\"inLanguage\":\"fr-FR\"},{\"@type\":\"WebPage\",\"@id\":\"https:\/\/www.eenewseurope.com\/fr\/icalps-ouvre-un-centre-de-conception-dasic-a-toulouse\/\",\"url\":\"https:\/\/www.eenewseurope.com\/fr\/icalps-ouvre-un-centre-de-conception-dasic-a-toulouse\/\",\"name\":\"IC\u2019Alps ouvre un centre de conception d\u2019ASIC \u00e0 Toulouse -\",\"isPartOf\":{\"@id\":\"https:\/\/www.eenewseurope.com\/en\/#website\"},\"datePublished\":\"2023-09-08T07:45:12+00:00\",\"dateModified\":\"2023-09-08T07:45:12+00:00\",\"description\":\"IC\u2019Alps, centre de conception et d\u2019approvisionnement de circuits int\u00e9gr\u00e9s ASIC a annonc\u00e9 la cr\u00e9ation d\u2019un second centre de conception \u00e0 Toulouse et l\u2019embauche d\u2019une \u00e9quipe de 30 ing\u00e9nieurs exp\u00e9riment\u00e9s.\",\"breadcrumb\":{\"@id\":\"https:\/\/www.eenewseurope.com\/fr\/icalps-ouvre-un-centre-de-conception-dasic-a-toulouse\/#breadcrumb\"},\"inLanguage\":\"fr-FR\",\"potentialAction\":[{\"@type\":\"ReadAction\",\"target\":[\"https:\/\/www.eenewseurope.com\/fr\/icalps-ouvre-un-centre-de-conception-dasic-a-toulouse\/\"]}]},{\"@type\":\"BreadcrumbList\",\"@id\":\"https:\/\/www.eenewseurope.com\/fr\/icalps-ouvre-un-centre-de-conception-dasic-a-toulouse\/#breadcrumb\",\"itemListElement\":[{\"@type\":\"ListItem\",\"position\":1,\"name\":\"Home\",\"item\":\"https:\/\/www.ecinews.fr\/fr\/\"},{\"@type\":\"ListItem\",\"position\":2,\"name\":\"IC\u2019Alps ouvre un centre de conception d\u2019ASIC \u00e0 Toulouse\"}]},{\"@type\":\"WebSite\",\"@id\":\"https:\/\/www.eenewseurope.com\/en\/#website\",\"url\":\"https:\/\/www.eenewseurope.com\/en\/\",\"name\":\"EENewsEurope\",\"description\":\"Just another WordPress site\",\"publisher\":{\"@id\":\"https:\/\/www.eenewseurope.com\/en\/#organization\"},\"potentialAction\":[{\"@type\":\"SearchAction\",\"target\":{\"@type\":\"EntryPoint\",\"urlTemplate\":\"https:\/\/www.eenewseurope.com\/en\/?s={search_term_string}\"},\"query-input\":\"required name=search_term_string\"}],\"inLanguage\":\"fr-FR\"},{\"@type\":\"Organization\",\"@id\":\"https:\/\/www.eenewseurope.com\/en\/#organization\",\"name\":\"EENewsEurope\",\"url\":\"https:\/\/www.eenewseurope.com\/en\/\",\"logo\":{\"@type\":\"ImageObject\",\"inLanguage\":\"fr-FR\",\"@id\":\"https:\/\/www.eenewseurope.com\/en\/#\/schema\/logo\/image\/\",\"url\":\"https:\/\/www.ecinews.fr\/wp-content\/uploads\/2022\/02\/logo-1.jpg\",\"contentUrl\":\"https:\/\/www.ecinews.fr\/wp-content\/uploads\/2022\/02\/logo-1.jpg\",\"width\":283,\"height\":113,\"caption\":\"EENewsEurope\"},\"image\":{\"@id\":\"https:\/\/www.eenewseurope.com\/en\/#\/schema\/logo\/image\/\"}},{\"@type\":\"Person\",\"@id\":\"https:\/\/www.eenewseurope.com\/en\/#\/schema\/person\/e4387676ad67ce722325c7832f3c3762\",\"name\":\"Alain Dieul\",\"image\":{\"@type\":\"ImageObject\",\"inLanguage\":\"fr-FR\",\"@id\":\"https:\/\/www.eenewseurope.com\/en\/#\/schema\/person\/image\/736120675699dbbf0f0f282b9a9cfb75\",\"url\":\"https:\/\/secure.gravatar.com\/avatar\/bc93b056d07515be5b8eecd4acf49c5c?s=96&d=mm&r=g\",\"contentUrl\":\"https:\/\/secure.gravatar.com\/avatar\/bc93b056d07515be5b8eecd4acf49c5c?s=96&d=mm&r=g\",\"caption\":\"Alain Dieul\"},\"sameAs\":[\"http:\/\/ECINews\"]}]}<\/script>","yoast_head_json":{"title":"IC\u2019Alps ouvre un centre de conception d\u2019ASIC \u00e0 Toulouse ...","description":"IC\u2019Alps, centre de conception et d\u2019approvisionnement de circuits int\u00e9gr\u00e9s ASIC a annonc\u00e9 la cr\u00e9ation d\u2019un second centre de conception \u00e0 Toulouse...","robots":{"index":"index","follow":"follow","max-snippet":"max-snippet:-1","max-image-preview":"max-image-preview:large","max-video-preview":"max-video-preview:-1"},"canonical":"https:\/\/www.ecinews.fr\/fr\/wp-json\/wp\/v2\/posts\/431635\/","og_locale":"fr_FR","og_type":"article","og_title":"IC\u2019Alps ouvre un centre de conception d\u2019ASIC \u00e0 Toulouse","og_description":"IC\u2019Alps, centre de conception et d\u2019approvisionnement de circuits int\u00e9gr\u00e9s ASIC a annonc\u00e9 la cr\u00e9ation d\u2019un second centre de conception \u00e0 Toulouse et l\u2019embauche d\u2019une \u00e9quipe de 30 ing\u00e9nieurs exp\u00e9riment\u00e9s.","og_url":"https:\/\/www.ecinews.fr\/fr\/wp-json\/wp\/v2\/posts\/431635\/","og_site_name":"EENewsEurope","article_published_time":"2023-09-08T07:45:12+00:00","og_image":[{"width":600,"height":400,"url":"https:\/\/www.eenewseurope.com\/wp-content\/uploads\/2023\/09\/ECI1986_ICAlps.jpg","type":"image\/jpeg"}],"author":"Alain Dieul","twitter_card":"summary_large_image","twitter_misc":{"Written by":"Alain Dieul","Est. reading time":"3 minutes"},"schema":{"@context":"https:\/\/schema.org","@graph":[{"@type":"Article","@id":"https:\/\/www.eenewseurope.com\/fr\/icalps-ouvre-un-centre-de-conception-dasic-a-toulouse\/#article","isPartOf":{"@id":"https:\/\/www.eenewseurope.com\/fr\/icalps-ouvre-un-centre-de-conception-dasic-a-toulouse\/"},"author":{"name":"Alain Dieul","@id":"https:\/\/www.eenewseurope.com\/en\/#\/schema\/person\/e4387676ad67ce722325c7832f3c3762"},"headline":"IC\u2019Alps ouvre un centre de conception d\u2019ASIC \u00e0 Toulouse","datePublished":"2023-09-08T07:45:12+00:00","dateModified":"2023-09-08T07:45:12+00:00","mainEntityOfPage":{"@id":"https:\/\/www.eenewseurope.com\/fr\/icalps-ouvre-un-centre-de-conception-dasic-a-toulouse\/"},"wordCount":601,"publisher":{"@id":"https:\/\/www.eenewseurope.com\/en\/#organization"},"keywords":["Circuits int\u00e9gr\u00e9s"],"articleSection":["Actualit\u00e9 g\u00e9n\u00e9rale"],"inLanguage":"fr-FR"},{"@type":"WebPage","@id":"https:\/\/www.eenewseurope.com\/fr\/icalps-ouvre-un-centre-de-conception-dasic-a-toulouse\/","url":"https:\/\/www.eenewseurope.com\/fr\/icalps-ouvre-un-centre-de-conception-dasic-a-toulouse\/","name":"IC\u2019Alps ouvre un centre de conception d\u2019ASIC \u00e0 Toulouse -","isPartOf":{"@id":"https:\/\/www.eenewseurope.com\/en\/#website"},"datePublished":"2023-09-08T07:45:12+00:00","dateModified":"2023-09-08T07:45:12+00:00","description":"IC\u2019Alps, centre de conception et d\u2019approvisionnement de circuits int\u00e9gr\u00e9s ASIC a annonc\u00e9 la cr\u00e9ation d\u2019un second centre de conception \u00e0 Toulouse et l\u2019embauche d\u2019une \u00e9quipe de 30 ing\u00e9nieurs exp\u00e9riment\u00e9s.","breadcrumb":{"@id":"https:\/\/www.eenewseurope.com\/fr\/icalps-ouvre-un-centre-de-conception-dasic-a-toulouse\/#breadcrumb"},"inLanguage":"fr-FR","potentialAction":[{"@type":"ReadAction","target":["https:\/\/www.eenewseurope.com\/fr\/icalps-ouvre-un-centre-de-conception-dasic-a-toulouse\/"]}]},{"@type":"BreadcrumbList","@id":"https:\/\/www.eenewseurope.com\/fr\/icalps-ouvre-un-centre-de-conception-dasic-a-toulouse\/#breadcrumb","itemListElement":[{"@type":"ListItem","position":1,"name":"Home","item":"https:\/\/www.ecinews.fr\/fr\/"},{"@type":"ListItem","position":2,"name":"IC\u2019Alps ouvre un centre de conception d\u2019ASIC \u00e0 Toulouse"}]},{"@type":"WebSite","@id":"https:\/\/www.eenewseurope.com\/en\/#website","url":"https:\/\/www.eenewseurope.com\/en\/","name":"EENewsEurope","description":"Just another WordPress site","publisher":{"@id":"https:\/\/www.eenewseurope.com\/en\/#organization"},"potentialAction":[{"@type":"SearchAction","target":{"@type":"EntryPoint","urlTemplate":"https:\/\/www.eenewseurope.com\/en\/?s={search_term_string}"},"query-input":"required name=search_term_string"}],"inLanguage":"fr-FR"},{"@type":"Organization","@id":"https:\/\/www.eenewseurope.com\/en\/#organization","name":"EENewsEurope","url":"https:\/\/www.eenewseurope.com\/en\/","logo":{"@type":"ImageObject","inLanguage":"fr-FR","@id":"https:\/\/www.eenewseurope.com\/en\/#\/schema\/logo\/image\/","url":"https:\/\/www.ecinews.fr\/wp-content\/uploads\/2022\/02\/logo-1.jpg","contentUrl":"https:\/\/www.ecinews.fr\/wp-content\/uploads\/2022\/02\/logo-1.jpg","width":283,"height":113,"caption":"EENewsEurope"},"image":{"@id":"https:\/\/www.eenewseurope.com\/en\/#\/schema\/logo\/image\/"}},{"@type":"Person","@id":"https:\/\/www.eenewseurope.com\/en\/#\/schema\/person\/e4387676ad67ce722325c7832f3c3762","name":"Alain Dieul","image":{"@type":"ImageObject","inLanguage":"fr-FR","@id":"https:\/\/www.eenewseurope.com\/en\/#\/schema\/person\/image\/736120675699dbbf0f0f282b9a9cfb75","url":"https:\/\/secure.gravatar.com\/avatar\/bc93b056d07515be5b8eecd4acf49c5c?s=96&d=mm&r=g","contentUrl":"https:\/\/secure.gravatar.com\/avatar\/bc93b056d07515be5b8eecd4acf49c5c?s=96&d=mm&r=g","caption":"Alain Dieul"},"sameAs":["http:\/\/ECINews"]}]}},"authors":[{"term_id":1154,"user_id":36,"is_guest":0,"slug":"alain-dieul","display_name":"Alain Dieul","avatar_url":"https:\/\/secure.gravatar.com\/avatar\/bc93b056d07515be5b8eecd4acf49c5c?s=96&d=mm&r=g","0":null,"1":"","2":"","3":"","4":"","5":"","6":"","7":"","8":""}],"_links":{"self":[{"href":"https:\/\/www.ecinews.fr\/fr\/wp-json\/wp\/v2\/posts\/431635"}],"collection":[{"href":"https:\/\/www.ecinews.fr\/fr\/wp-json\/wp\/v2\/posts"}],"about":[{"href":"https:\/\/www.ecinews.fr\/fr\/wp-json\/wp\/v2\/types\/post"}],"author":[{"embeddable":true,"href":"https:\/\/www.ecinews.fr\/fr\/wp-json\/wp\/v2\/users\/36"}],"replies":[{"embeddable":true,"href":"https:\/\/www.ecinews.fr\/fr\/wp-json\/wp\/v2\/comments?post=431635"}],"version-history":[{"count":0,"href":"https:\/\/www.ecinews.fr\/fr\/wp-json\/wp\/v2\/posts\/431635\/revisions"}],"wp:featuredmedia":[{"embeddable":true,"href":"https:\/\/www.ecinews.fr\/fr\/wp-json\/wp\/v2\/media\/431636"}],"wp:attachment":[{"href":"https:\/\/www.ecinews.fr\/fr\/wp-json\/wp\/v2\/media?parent=431635"}],"wp:term":[{"taxonomy":"category","embeddable":true,"href":"https:\/\/www.ecinews.fr\/fr\/wp-json\/wp\/v2\/categories?post=431635"},{"taxonomy":"post_tag","embeddable":true,"href":"https:\/\/www.ecinews.fr\/fr\/wp-json\/wp\/v2\/tags?post=431635"},{"taxonomy":"domains","embeddable":true,"href":"https:\/\/www.ecinews.fr\/fr\/wp-json\/wp\/v2\/domains?post=431635"},{"taxonomy":"author","embeddable":true,"href":"https:\/\/www.ecinews.fr\/fr\/wp-json\/wp\/v2\/ppma_author?post=431635"}],"curies":[{"name":"wp","href":"https:\/\/api.w.org\/{rel}","templated":true}]}}