{"id":431043,"date":"2023-09-01T15:16:44","date_gmt":"2023-09-01T13:16:44","guid":{"rendered":"https:\/\/www.eenewseurope.com\/?p=431043"},"modified":"2023-09-01T15:16:44","modified_gmt":"2023-09-01T13:16:44","slug":"softbank-fixe-la-date-de-lipo-darm","status":"publish","type":"post","link":"https:\/\/www.ecinews.fr\/fr\/softbank-fixe-la-date-de-lipo-darm\/","title":{"rendered":"SoftBank fixe la date de l&rsquo;IPO d&rsquo;Arm"},"content":{"rendered":"<h2>Le donneur de licence d&rsquo;IP de processeurs, Arm Holdings Ltd. (Cambridge, Angleterre) devrait fixer le prix de son introduction en bourse le 13 septembre et commencer le trading sur le Nasdaq le lendemain, selon Bloomberg.<\/h2>\n<p>Avant cela, Arm organisera une tourn\u00e9e de pr\u00e9sentation pour promouvoir l&rsquo;offre, a indiqu\u00e9 Bloomberg en se r\u00e9f\u00e9rant \u00e0 des sources anonymes.<\/p>\n<p>La soci\u00e9t\u00e9 m\u00e8re SoftBank Group Corp. esp\u00e8re lever entre 5 et 7 milliards de dollars US dans le cadre d&rsquo;une cotation qui valorise Arm entre 60 et 70 milliards de dollars US, selon les sources.<\/p>\n<p>Il s&rsquo;agit d&rsquo;une \u00e9valuation nettement meilleure que les 40 milliards de dollars que SoftBank s&rsquo;attendait \u00e0 gagner si elle avait vendu Arm \u00e0 Nvidia comme convenu en septembre 2020 (voir La <a href=\"https:\/\/www.eenewseurope.com\/en\/arm-sale-to-nvidia-agreed-at-40-billion\/\">vente d&rsquo;ARM \u00e0 Nvidia a \u00e9t\u00e9 approuv\u00e9e \u00e0 40 milliards de dollars<\/a>).<\/p>\n<h4>Seulement 10 pour cent<\/h4>\n<p>SoftBank Group ne souhaite pas se s\u00e9parer de plus de 10 % de la cotation, mais il aurait demand\u00e9 \u00e0 des entreprises telles qu&rsquo;Apple, Intel et Nvidia d&rsquo;\u00eatre des investisseurs de r\u00e9f\u00e9rence dans Arm pour tenter de fixer un prix plancher \u00e0 l&rsquo;\u00e9valuation de l&rsquo;IPO et d&rsquo;encourager d&rsquo;autres \u00e0 investir.<\/p>\n<p>SoftBank a d\u00e9j\u00e0 fix\u00e9 une valuation de 64 milliards de dollars \u00e0 Arm en rachetant 25 % de la soci\u00e9t\u00e9 qu&rsquo;elle ne poss\u00e9dait pas pour faciliter l&rsquo;introduction en bourse.<\/p>\n<p>L&rsquo;am\u00e9lioration de cette \u00e9valuation d\u00e9pendra de la fa\u00e7on dont les investisseurs potentiels per\u00e7oivent les perspectives d&rsquo;Arm sur trois fronts. Plus le roadshow pourra persuader les investisseurs qu&rsquo;Arm peut r\u00e9ussir dans le domaine de l&rsquo;intelligence artificielle, mieux ce sera, notamment en raison des r\u00e9cents r\u00e9sultats financiers exceptionnels de Nvidia (voir <a href=\"https:\/\/www.eenewseurope.com\/en\/ai-demand-drives-nvidias-booming-q2-results\/\"> <u>La demande en mati\u00e8re d&rsquo;IA stimule les r\u00e9sultats en plein essor de Nvidia au deuxi\u00e8me trimestre<\/u> <\/a>). En m\u00eame temps, les investisseurs potentiels doivent tenir compte de la position d&rsquo;Arm dans la bataille technologique contre l&rsquo;architecture rivale RISC-V et de la fragilit\u00e9 de son statut en Chine (voir <a href=\"https:\/\/www.eenewseurope.com\/en\/analysis-arm-ipo-filing-reveals-depth-of-chinese-risk\/\">Analyse : le dossier d&rsquo;introduction en bourse d&rsquo;Arm r\u00e9v\u00e8le l&rsquo;ampleur du risque chinois<\/a>).<\/p>\n<p>Si l&rsquo;introduction en bourse est couronn\u00e9e de succ\u00e8s, elle pourrait servir \u00e0 d\u00e9bloquer la demande refoul\u00e9e pour d&rsquo;autres introductions en bourse qui ont \u00e9t\u00e9 retard\u00e9es en raison de l&rsquo;atmosph\u00e8re \u00e9conomique d\u00e9favorable jusqu&rsquo;\u00e0 ce point en 2023.<\/p>\n<h4>Liens et articles connexes :<\/h4>\n<p><a href=\"https:\/\/www.eenewseurope.com\/en\/ai-demand-drives-nvidias-booming-q2-results\/\"><u>La demande en IA stimule les r\u00e9sultats de Nvidia au deuxi\u00e8me trimestre<\/u><\/a><\/p>\n<p><a href=\"https:\/\/www.eenewseurope.com\/en\/analysis-arm-ipo-filing-reveals-depth-of-chinese-risk\/\">Analyse : L&rsquo;introduction en bourse d&rsquo;Arm r\u00e9v\u00e8le l&rsquo;ampleur du risque chinois<\/a><\/p>\n<p><a href=\"https:\/\/www.eenewseurope.com\/en\/softbank-prepares-to-file-arm-ipo\/\">SoftBank se pr\u00e9pare \u00e0 introduire Arm en bourse<\/a><\/p>\n<p><a href=\"https:\/\/www.eenewseurope.com\/en\/arm-sale-to-nvidia-agreed-at-40-billion\/\">La vente d&rsquo;ARM \u00e0 Nvidia est fix\u00e9e \u00e0 40 milliards de dollars<\/a><\/p>\n<p>&nbsp;<\/p>\n","protected":false},"excerpt":{"rendered":"<p>Le donneur de licence d&rsquo;IP de processeurs, Arm Holdings Ltd. (Cambridge, Angleterre) devrait fixer le prix de son introduction en bourse le 13 septembre et commencer le trading sur le Nasdaq le lendemain, selon Bloomberg. Avant cela, Arm organisera une tourn\u00e9e de pr\u00e9sentation pour promouvoir l&rsquo;offre, a indiqu\u00e9 Bloomberg en se r\u00e9f\u00e9rant \u00e0 des sources [&hellip;]<\/p>\n","protected":false},"author":34,"featured_media":431028,"comment_status":"closed","ping_status":"closed","sticky":false,"template":"","format":"standard","meta":{"_acf_changed":false,"footnotes":""},"categories":[880],"tags":[2456,920,3302,906,4543],"domains":[47],"ppma_author":[1153,3631],"class_list":["post-431043","post","type-post","status-publish","format-standard","has-post-thumbnail","hentry","category-actualites-economiques","tag-arm-fr","tag-artificialintelligence-fr","tag-ip-fr","tag-mpus-mcus-fr","tag-softbank-fr","domains-electronique-eci"],"acf":[],"yoast_head":"<title>SoftBank fixe la date de l&#039;introduction en bourse d&#039;Arm ...<\/title>\n<meta name=\"description\" content=\"Selon Bloomberg, Arm devrait fixer le prix de son IPO le 13 septembre et commencer le trading sur le Nasdaq le jour suivant.\" \/>\n<meta name=\"robots\" content=\"index, follow, max-snippet:-1, max-image-preview:large, max-video-preview:-1\" \/>\n<link rel=\"canonical\" href=\"https:\/\/www.ecinews.fr\/fr\/wp-json\/wp\/v2\/posts\/431043\/\" \/>\n<meta property=\"og:locale\" content=\"fr_FR\" \/>\n<meta property=\"og:type\" content=\"article\" \/>\n<meta property=\"og:title\" content=\"SoftBank fixe la date de l&#039;IPO d&#039;Arm\" \/>\n<meta property=\"og:description\" content=\"Selon Bloomberg, Arm devrait fixer le prix de son IPO le 13 septembre et commencer le trading sur le Nasdaq le jour suivant.\" \/>\n<meta property=\"og:url\" content=\"https:\/\/www.ecinews.fr\/fr\/wp-json\/wp\/v2\/posts\/431043\/\" \/>\n<meta property=\"og:site_name\" content=\"EENewsEurope\" \/>\n<meta property=\"article:published_time\" content=\"2023-09-01T13:16:44+00:00\" \/>\n<meta property=\"og:image\" content=\"https:\/\/www.eenewseurope.com\/wp-content\/uploads\/2023\/09\/IPO630.jpg\" \/>\n\t<meta property=\"og:image:width\" content=\"630\" \/>\n\t<meta property=\"og:image:height\" content=\"360\" \/>\n\t<meta property=\"og:image:type\" content=\"image\/jpeg\" \/>\n<meta name=\"author\" content=\"A Delapalisse, Peter Clarke\" \/>\n<meta name=\"twitter:card\" content=\"summary_large_image\" \/>\n<meta name=\"twitter:label1\" content=\"Written by\" \/>\n\t<meta name=\"twitter:data1\" content=\"A Delapalisse\" \/>\n\t<meta name=\"twitter:label2\" content=\"Est. reading time\" \/>\n\t<meta name=\"twitter:data2\" content=\"2 minutes\" \/>\n<script type=\"application\/ld+json\" class=\"yoast-schema-graph\">{\"@context\":\"https:\/\/schema.org\",\"@graph\":[{\"@type\":\"Article\",\"@id\":\"https:\/\/www.eenewseurope.com\/fr\/softbank-fixe-la-date-de-lipo-darm\/#article\",\"isPartOf\":{\"@id\":\"https:\/\/www.eenewseurope.com\/fr\/softbank-fixe-la-date-de-lipo-darm\/\"},\"author\":{\"name\":\"A Delapalisse\",\"@id\":\"https:\/\/www.eenewseurope.com\/en\/#\/schema\/person\/0aa2cfb0bd8949724a68cbac8d8321b4\"},\"headline\":\"SoftBank fixe la date de l&rsquo;IPO d&rsquo;Arm\",\"datePublished\":\"2023-09-01T13:16:44+00:00\",\"dateModified\":\"2023-09-01T13:16:44+00:00\",\"mainEntityOfPage\":{\"@id\":\"https:\/\/www.eenewseurope.com\/fr\/softbank-fixe-la-date-de-lipo-darm\/\"},\"wordCount\":460,\"publisher\":{\"@id\":\"https:\/\/www.eenewseurope.com\/en\/#organization\"},\"keywords\":[\"Arm\",\"ArtificialIntelligence\",\"IP\",\"MPUs\/MCUs\",\"softbank\"],\"articleSection\":[\"Actualit\u00e9s \u00e9conomiques\"],\"inLanguage\":\"fr-FR\"},{\"@type\":\"WebPage\",\"@id\":\"https:\/\/www.eenewseurope.com\/fr\/softbank-fixe-la-date-de-lipo-darm\/\",\"url\":\"https:\/\/www.eenewseurope.com\/fr\/softbank-fixe-la-date-de-lipo-darm\/\",\"name\":\"SoftBank fixe la date de l'introduction en bourse d'Arm\",\"isPartOf\":{\"@id\":\"https:\/\/www.eenewseurope.com\/en\/#website\"},\"datePublished\":\"2023-09-01T13:16:44+00:00\",\"dateModified\":\"2023-09-01T13:16:44+00:00\",\"description\":\"Selon Bloomberg, Arm devrait fixer le prix de son IPO le 13 septembre et commencer le trading sur le Nasdaq le jour suivant.\",\"breadcrumb\":{\"@id\":\"https:\/\/www.eenewseurope.com\/fr\/softbank-fixe-la-date-de-lipo-darm\/#breadcrumb\"},\"inLanguage\":\"fr-FR\",\"potentialAction\":[{\"@type\":\"ReadAction\",\"target\":[\"https:\/\/www.eenewseurope.com\/fr\/softbank-fixe-la-date-de-lipo-darm\/\"]}]},{\"@type\":\"BreadcrumbList\",\"@id\":\"https:\/\/www.eenewseurope.com\/fr\/softbank-fixe-la-date-de-lipo-darm\/#breadcrumb\",\"itemListElement\":[{\"@type\":\"ListItem\",\"position\":1,\"name\":\"Home\",\"item\":\"https:\/\/www.ecinews.fr\/fr\/\"},{\"@type\":\"ListItem\",\"position\":2,\"name\":\"SoftBank fixe la date de l&rsquo;IPO d&rsquo;Arm\"}]},{\"@type\":\"WebSite\",\"@id\":\"https:\/\/www.eenewseurope.com\/en\/#website\",\"url\":\"https:\/\/www.eenewseurope.com\/en\/\",\"name\":\"EENewsEurope\",\"description\":\"Just another WordPress site\",\"publisher\":{\"@id\":\"https:\/\/www.eenewseurope.com\/en\/#organization\"},\"potentialAction\":[{\"@type\":\"SearchAction\",\"target\":{\"@type\":\"EntryPoint\",\"urlTemplate\":\"https:\/\/www.eenewseurope.com\/en\/?s={search_term_string}\"},\"query-input\":\"required name=search_term_string\"}],\"inLanguage\":\"fr-FR\"},{\"@type\":\"Organization\",\"@id\":\"https:\/\/www.eenewseurope.com\/en\/#organization\",\"name\":\"EENewsEurope\",\"url\":\"https:\/\/www.eenewseurope.com\/en\/\",\"logo\":{\"@type\":\"ImageObject\",\"inLanguage\":\"fr-FR\",\"@id\":\"https:\/\/www.eenewseurope.com\/en\/#\/schema\/logo\/image\/\",\"url\":\"https:\/\/www.ecinews.fr\/wp-content\/uploads\/2022\/02\/logo-1.jpg\",\"contentUrl\":\"https:\/\/www.ecinews.fr\/wp-content\/uploads\/2022\/02\/logo-1.jpg\",\"width\":283,\"height\":113,\"caption\":\"EENewsEurope\"},\"image\":{\"@id\":\"https:\/\/www.eenewseurope.com\/en\/#\/schema\/logo\/image\/\"}},{\"@type\":\"Person\",\"@id\":\"https:\/\/www.eenewseurope.com\/en\/#\/schema\/person\/0aa2cfb0bd8949724a68cbac8d8321b4\",\"name\":\"A Delapalisse\",\"image\":{\"@type\":\"ImageObject\",\"inLanguage\":\"fr-FR\",\"@id\":\"https:\/\/www.eenewseurope.com\/en\/#\/schema\/person\/image\/211ac42237c2e9683c0964086c393cb4\",\"url\":\"https:\/\/secure.gravatar.com\/avatar\/ad45a8c5da24bc9c7c4940dd1c48a695?s=96&d=mm&r=g\",\"contentUrl\":\"https:\/\/secure.gravatar.com\/avatar\/ad45a8c5da24bc9c7c4940dd1c48a695?s=96&d=mm&r=g\",\"caption\":\"A Delapalisse\"},\"sameAs\":[\"http:\/\/ECI\"]}]}<\/script>","yoast_head_json":{"title":"SoftBank fixe la date de l'introduction en bourse d'Arm ...","description":"Selon Bloomberg, Arm devrait fixer le prix de son IPO le 13 septembre et commencer le trading sur le Nasdaq le jour suivant.","robots":{"index":"index","follow":"follow","max-snippet":"max-snippet:-1","max-image-preview":"max-image-preview:large","max-video-preview":"max-video-preview:-1"},"canonical":"https:\/\/www.ecinews.fr\/fr\/wp-json\/wp\/v2\/posts\/431043\/","og_locale":"fr_FR","og_type":"article","og_title":"SoftBank fixe la date de l'IPO d'Arm","og_description":"Selon Bloomberg, Arm devrait fixer le prix de son IPO le 13 septembre et commencer le trading sur le Nasdaq le jour suivant.","og_url":"https:\/\/www.ecinews.fr\/fr\/wp-json\/wp\/v2\/posts\/431043\/","og_site_name":"EENewsEurope","article_published_time":"2023-09-01T13:16:44+00:00","og_image":[{"width":630,"height":360,"url":"https:\/\/www.eenewseurope.com\/wp-content\/uploads\/2023\/09\/IPO630.jpg","type":"image\/jpeg"}],"author":"A Delapalisse, Peter Clarke","twitter_card":"summary_large_image","twitter_misc":{"Written by":"A Delapalisse","Est. reading time":"2 minutes"},"schema":{"@context":"https:\/\/schema.org","@graph":[{"@type":"Article","@id":"https:\/\/www.eenewseurope.com\/fr\/softbank-fixe-la-date-de-lipo-darm\/#article","isPartOf":{"@id":"https:\/\/www.eenewseurope.com\/fr\/softbank-fixe-la-date-de-lipo-darm\/"},"author":{"name":"A Delapalisse","@id":"https:\/\/www.eenewseurope.com\/en\/#\/schema\/person\/0aa2cfb0bd8949724a68cbac8d8321b4"},"headline":"SoftBank fixe la date de l&rsquo;IPO d&rsquo;Arm","datePublished":"2023-09-01T13:16:44+00:00","dateModified":"2023-09-01T13:16:44+00:00","mainEntityOfPage":{"@id":"https:\/\/www.eenewseurope.com\/fr\/softbank-fixe-la-date-de-lipo-darm\/"},"wordCount":460,"publisher":{"@id":"https:\/\/www.eenewseurope.com\/en\/#organization"},"keywords":["Arm","ArtificialIntelligence","IP","MPUs\/MCUs","softbank"],"articleSection":["Actualit\u00e9s \u00e9conomiques"],"inLanguage":"fr-FR"},{"@type":"WebPage","@id":"https:\/\/www.eenewseurope.com\/fr\/softbank-fixe-la-date-de-lipo-darm\/","url":"https:\/\/www.eenewseurope.com\/fr\/softbank-fixe-la-date-de-lipo-darm\/","name":"SoftBank fixe la date de l'introduction en bourse d'Arm","isPartOf":{"@id":"https:\/\/www.eenewseurope.com\/en\/#website"},"datePublished":"2023-09-01T13:16:44+00:00","dateModified":"2023-09-01T13:16:44+00:00","description":"Selon Bloomberg, Arm devrait fixer le prix de son IPO le 13 septembre et commencer le trading sur le Nasdaq le jour suivant.","breadcrumb":{"@id":"https:\/\/www.eenewseurope.com\/fr\/softbank-fixe-la-date-de-lipo-darm\/#breadcrumb"},"inLanguage":"fr-FR","potentialAction":[{"@type":"ReadAction","target":["https:\/\/www.eenewseurope.com\/fr\/softbank-fixe-la-date-de-lipo-darm\/"]}]},{"@type":"BreadcrumbList","@id":"https:\/\/www.eenewseurope.com\/fr\/softbank-fixe-la-date-de-lipo-darm\/#breadcrumb","itemListElement":[{"@type":"ListItem","position":1,"name":"Home","item":"https:\/\/www.ecinews.fr\/fr\/"},{"@type":"ListItem","position":2,"name":"SoftBank fixe la date de l&rsquo;IPO d&rsquo;Arm"}]},{"@type":"WebSite","@id":"https:\/\/www.eenewseurope.com\/en\/#website","url":"https:\/\/www.eenewseurope.com\/en\/","name":"EENewsEurope","description":"Just another WordPress site","publisher":{"@id":"https:\/\/www.eenewseurope.com\/en\/#organization"},"potentialAction":[{"@type":"SearchAction","target":{"@type":"EntryPoint","urlTemplate":"https:\/\/www.eenewseurope.com\/en\/?s={search_term_string}"},"query-input":"required name=search_term_string"}],"inLanguage":"fr-FR"},{"@type":"Organization","@id":"https:\/\/www.eenewseurope.com\/en\/#organization","name":"EENewsEurope","url":"https:\/\/www.eenewseurope.com\/en\/","logo":{"@type":"ImageObject","inLanguage":"fr-FR","@id":"https:\/\/www.eenewseurope.com\/en\/#\/schema\/logo\/image\/","url":"https:\/\/www.ecinews.fr\/wp-content\/uploads\/2022\/02\/logo-1.jpg","contentUrl":"https:\/\/www.ecinews.fr\/wp-content\/uploads\/2022\/02\/logo-1.jpg","width":283,"height":113,"caption":"EENewsEurope"},"image":{"@id":"https:\/\/www.eenewseurope.com\/en\/#\/schema\/logo\/image\/"}},{"@type":"Person","@id":"https:\/\/www.eenewseurope.com\/en\/#\/schema\/person\/0aa2cfb0bd8949724a68cbac8d8321b4","name":"A Delapalisse","image":{"@type":"ImageObject","inLanguage":"fr-FR","@id":"https:\/\/www.eenewseurope.com\/en\/#\/schema\/person\/image\/211ac42237c2e9683c0964086c393cb4","url":"https:\/\/secure.gravatar.com\/avatar\/ad45a8c5da24bc9c7c4940dd1c48a695?s=96&d=mm&r=g","contentUrl":"https:\/\/secure.gravatar.com\/avatar\/ad45a8c5da24bc9c7c4940dd1c48a695?s=96&d=mm&r=g","caption":"A Delapalisse"},"sameAs":["http:\/\/ECI"]}]}},"authors":[{"term_id":1153,"user_id":34,"is_guest":0,"slug":"adelapalisse","display_name":"A Delapalisse","avatar_url":"https:\/\/secure.gravatar.com\/avatar\/ad45a8c5da24bc9c7c4940dd1c48a695?s=96&d=mm&r=g","0":null,"1":"","2":"","3":"","4":"","5":"","6":"","7":"","8":""},{"term_id":3631,"user_id":0,"is_guest":1,"slug":"peter-clarke","display_name":"Peter Clarke","avatar_url":"https:\/\/secure.gravatar.com\/avatar\/?s=96&d=mm&r=g","0":null,"1":"","2":"","3":"","4":"","5":"","6":"","7":"","8":""}],"_links":{"self":[{"href":"https:\/\/www.ecinews.fr\/fr\/wp-json\/wp\/v2\/posts\/431043"}],"collection":[{"href":"https:\/\/www.ecinews.fr\/fr\/wp-json\/wp\/v2\/posts"}],"about":[{"href":"https:\/\/www.ecinews.fr\/fr\/wp-json\/wp\/v2\/types\/post"}],"author":[{"embeddable":true,"href":"https:\/\/www.ecinews.fr\/fr\/wp-json\/wp\/v2\/users\/34"}],"replies":[{"embeddable":true,"href":"https:\/\/www.ecinews.fr\/fr\/wp-json\/wp\/v2\/comments?post=431043"}],"version-history":[{"count":0,"href":"https:\/\/www.ecinews.fr\/fr\/wp-json\/wp\/v2\/posts\/431043\/revisions"}],"wp:featuredmedia":[{"embeddable":true,"href":"https:\/\/www.ecinews.fr\/fr\/wp-json\/wp\/v2\/media\/431028"}],"wp:attachment":[{"href":"https:\/\/www.ecinews.fr\/fr\/wp-json\/wp\/v2\/media?parent=431043"}],"wp:term":[{"taxonomy":"category","embeddable":true,"href":"https:\/\/www.ecinews.fr\/fr\/wp-json\/wp\/v2\/categories?post=431043"},{"taxonomy":"post_tag","embeddable":true,"href":"https:\/\/www.ecinews.fr\/fr\/wp-json\/wp\/v2\/tags?post=431043"},{"taxonomy":"domains","embeddable":true,"href":"https:\/\/www.ecinews.fr\/fr\/wp-json\/wp\/v2\/domains?post=431043"},{"taxonomy":"author","embeddable":true,"href":"https:\/\/www.ecinews.fr\/fr\/wp-json\/wp\/v2\/ppma_author?post=431043"}],"curies":[{"name":"wp","href":"https:\/\/api.w.org\/{rel}","templated":true}]}}