{"id":430888,"date":"2023-08-30T19:21:24","date_gmt":"2023-08-30T17:21:24","guid":{"rendered":"https:\/\/www.ecinews.fr\/?p=430888"},"modified":"2023-08-30T22:22:43","modified_gmt":"2023-08-30T20:22:43","slug":"un-nouvel-e-book-qui-met-en-evidence-le-role-croissant-des-composants-passifs-dans-la-conception-electronique","status":"publish","type":"post","link":"https:\/\/www.ecinews.fr\/fr\/un-nouvel-e-book-qui-met-en-evidence-le-role-croissant-des-composants-passifs-dans-la-conception-electronique\/","title":{"rendered":"Un nouvel e-book met en \u00e9vidence le r\u00f4le croissant des composants passifs dans la conception \u00e9lectronique"},"content":{"rendered":"<h3><span style=\"font-size: 16px;\">En collaboration avec Bourns, Mouser Electronics a publi\u00e9 un nouvel e-book qui explore le r\u00f4le des composants passifs dans les applications \u00e9lectroniques \u00e9mergentes, y compris les \u00e9nergies renouvelables, les v\u00e9hicules \u00e9lectriques et hybrides<\/span><\/h3>\n<p>Dans Les composants passifs et leurs applications \u00e9mergentes, onze experts d\u2019entreprises telles que Bourns, Eaton, Samsung Electronics et Whirlpool offrent leurs points de vue sur le r\u00f4le vital des composants passifs dans les circuits \u00e9lectroniques. L\u2019e-book comprend cinq chapitres ax\u00e9s sur diff\u00e9rents types de composants passifs, ainsi que sur les perspectives \u00e0 long terme des passifs dans l\u2019avenir de la conception \u00e9lectronique. Il couvre des sujets comme le magn\u00e9tisme, la protection des circuits, la mesure du courant et les solutions r\u00e9sistives pour les circuits de pr\u00e9\/d\u00e9charge.\u00a0<\/p>\n<p>Les composants passifs jouent un r\u00f4le essentiel dans le fonctionnement des appareils \u00e9lectroniques, prenant en charge des fonctions telles que le traitement des signaux, la conversion de puissance, la gestion de l\u2019alimentation et la suppression des interf\u00e9rences \u00e9lectromagn\u00e9tiques. Ils ont toujours \u00e9t\u00e9 utilis\u00e9s dans l\u2019\u00e9lectronique, mais ils gagnent\u00a0aujourd\u2019hui\u00a0en importance \u00e0 l\u2019int\u00e9rieur d\u2019une gamme de solutions de nouvelle g\u00e9n\u00e9ration, notamment les r\u00e9seaux mobiles 5G, le stockage d\u2019\u00e9nergies renouvelables, les smartphones et les v\u00e9hicules autonomes. Les composants passifs facilitent les conceptions \u00e9lectroniques de plus en plus complexes, garantissant des performances fiables m\u00eame dans environnements difficiles avec des temp\u00e9ratures extr\u00eames, de l\u2019humidit\u00e9 ou des vibrations.<\/p>\n<p>Le nouvel e-book comprend des liens vers 10 produits pertinents de Bourns, y compris les inductances de puissance blind\u00e9es conformes \u00e0 AEC-Q200 de la s\u00e9rie SRPWA, les diodes TVS \u00e0 courant \u00e9lev\u00e9 de la s\u00e9rie PTVS1-0xxC-H, les r\u00e9sistances \u00e0 puce anti-surtension haute puissance de la s\u00e9rie CMP-Q, et les transformateurs planaires de la s\u00e9rie PLN. Les composants passifs fiables de Bourns offrent une protection contre les surtensions \u00e0 courant \u00e9lev\u00e9 et une commutation fiable pour les conceptions et applications exigeantes.<\/p>\n<p>Pour lire le nouvel e-book, rendez-vous sur\u00a0<a href=\"https:\/\/resources.mouser.com\/manufacturer-ebooks\/passives-and-their-emerging-applications\">https:\/\/resources.mouser.com\/manufacturer-ebooks\/passives-and-their-emerging-applications<\/a>.<\/p>\n<p><a href=\"https:\/\/www.mouser.fr\/\">https:\/\/www.mouser.fr\/<\/a>.<\/p>\n<p>&nbsp;<\/p>\n<p><a href=\"https:\/\/news.google.com\/publications\/CAAqBwgKMJbcwQswuPfYAw?hl=fr&amp;gl=BE&amp;ceid=BE:fr\">Suivre ECInews sur Google news<\/a><\/p>\n","protected":false},"excerpt":{"rendered":"<p>En collaboration avec Bourns, Mouser Electronics a publi\u00e9 un nouvel e-book qui explore le r\u00f4le des composants passifs dans les applications \u00e9lectroniques \u00e9mergentes, y compris les \u00e9nergies renouvelables, les v\u00e9hicules \u00e9lectriques et hybrides Dans Les composants passifs et leurs applications \u00e9mergentes, onze experts d\u2019entreprises telles que Bourns, Eaton, Samsung Electronics et Whirlpool offrent leurs points [&hellip;]<\/p>\n","protected":false},"author":36,"featured_media":430889,"comment_status":"closed","ping_status":"closed","sticky":false,"template":"","format":"standard","meta":{"_acf_changed":false,"footnotes":""},"categories":[886],"tags":[1211],"domains":[47],"ppma_author":[1154],"class_list":["post-430888","post","type-post","status-publish","format-standard","has-post-thumbnail","hentry","category-news-fr","tag-composants-passifs","domains-electronique-eci"],"acf":[],"yoast_head":"<title>Un nouvel e-book met en \u00e9vidence le r\u00f4le croissant des compos...<\/title>\n<meta name=\"description\" content=\"un nouvel e-book en collaboration avec Bourns qui explore le r\u00f4le des composants passifs dans les applications \u00e9lectroniques \u00e9mergente\" \/>\n<meta name=\"robots\" content=\"index, follow, max-snippet:-1, max-image-preview:large, max-video-preview:-1\" \/>\n<link rel=\"canonical\" href=\"https:\/\/www.ecinews.fr\/fr\/wp-json\/wp\/v2\/posts\/430888\/\" \/>\n<meta property=\"og:locale\" content=\"fr_FR\" \/>\n<meta property=\"og:type\" content=\"article\" \/>\n<meta property=\"og:title\" content=\"Un nouvel e-book met en \u00e9vidence le r\u00f4le croissant des composants passifs dans la conception \u00e9lectronique\" \/>\n<meta property=\"og:description\" content=\"un nouvel e-book en collaboration avec Bourns qui explore le r\u00f4le des composants passifs dans les applications \u00e9lectroniques \u00e9mergente\" \/>\n<meta property=\"og:url\" content=\"https:\/\/www.ecinews.fr\/fr\/wp-json\/wp\/v2\/posts\/430888\/\" \/>\n<meta property=\"og:site_name\" content=\"EENewsEurope\" \/>\n<meta property=\"article:published_time\" content=\"2023-08-30T17:21:24+00:00\" \/>\n<meta property=\"article:modified_time\" content=\"2023-08-30T20:22:43+00:00\" \/>\n<meta property=\"og:image\" content=\"https:\/\/www.ecinews.fr\/wp-content\/uploads\/2023\/08\/ECI1963_Mouser-actu.jpg\" \/>\n\t<meta property=\"og:image:width\" content=\"1051\" \/>\n\t<meta property=\"og:image:height\" content=\"613\" \/>\n\t<meta property=\"og:image:type\" content=\"image\/jpeg\" \/>\n<meta name=\"author\" content=\"Alain Dieul\" \/>\n<meta name=\"twitter:card\" content=\"summary_large_image\" \/>\n<meta name=\"twitter:label1\" content=\"Written by\" \/>\n\t<meta name=\"twitter:data1\" content=\"Alain Dieul\" \/>\n\t<meta name=\"twitter:label2\" content=\"Est. reading time\" \/>\n\t<meta name=\"twitter:data2\" content=\"2 minutes\" \/>\n<script type=\"application\/ld+json\" class=\"yoast-schema-graph\">{\"@context\":\"https:\/\/schema.org\",\"@graph\":[{\"@type\":\"Article\",\"@id\":\"https:\/\/www.ecinews.fr\/fr\/un-nouvel-e-book-qui-met-en-evidence-le-role-croissant-des-composants-passifs-dans-la-conception-electronique\/#article\",\"isPartOf\":{\"@id\":\"https:\/\/www.ecinews.fr\/fr\/un-nouvel-e-book-qui-met-en-evidence-le-role-croissant-des-composants-passifs-dans-la-conception-electronique\/\"},\"author\":{\"name\":\"Alain Dieul\",\"@id\":\"https:\/\/www.eenewseurope.com\/en\/#\/schema\/person\/e4387676ad67ce722325c7832f3c3762\"},\"headline\":\"Un nouvel e-book met en \u00e9vidence le r\u00f4le croissant des composants passifs dans la conception \u00e9lectronique\",\"datePublished\":\"2023-08-30T17:21:24+00:00\",\"dateModified\":\"2023-08-30T20:22:43+00:00\",\"mainEntityOfPage\":{\"@id\":\"https:\/\/www.ecinews.fr\/fr\/un-nouvel-e-book-qui-met-en-evidence-le-role-croissant-des-composants-passifs-dans-la-conception-electronique\/\"},\"wordCount\":375,\"publisher\":{\"@id\":\"https:\/\/www.eenewseurope.com\/en\/#organization\"},\"keywords\":[\"Composants passifs\"],\"articleSection\":[\"Actualit\u00e9 g\u00e9n\u00e9rale\"],\"inLanguage\":\"fr-FR\"},{\"@type\":\"WebPage\",\"@id\":\"https:\/\/www.ecinews.fr\/fr\/un-nouvel-e-book-qui-met-en-evidence-le-role-croissant-des-composants-passifs-dans-la-conception-electronique\/\",\"url\":\"https:\/\/www.ecinews.fr\/fr\/un-nouvel-e-book-qui-met-en-evidence-le-role-croissant-des-composants-passifs-dans-la-conception-electronique\/\",\"name\":\"Un nouvel e-book met en \u00e9vidence le r\u00f4le croissant des composants passifs dans la conception \u00e9lectronique -\",\"isPartOf\":{\"@id\":\"https:\/\/www.eenewseurope.com\/en\/#website\"},\"datePublished\":\"2023-08-30T17:21:24+00:00\",\"dateModified\":\"2023-08-30T20:22:43+00:00\",\"description\":\"un nouvel e-book en collaboration avec Bourns qui explore le r\u00f4le des composants passifs dans les applications \u00e9lectroniques \u00e9mergente\",\"breadcrumb\":{\"@id\":\"https:\/\/www.ecinews.fr\/fr\/un-nouvel-e-book-qui-met-en-evidence-le-role-croissant-des-composants-passifs-dans-la-conception-electronique\/#breadcrumb\"},\"inLanguage\":\"fr-FR\",\"potentialAction\":[{\"@type\":\"ReadAction\",\"target\":[\"https:\/\/www.ecinews.fr\/fr\/un-nouvel-e-book-qui-met-en-evidence-le-role-croissant-des-composants-passifs-dans-la-conception-electronique\/\"]}]},{\"@type\":\"BreadcrumbList\",\"@id\":\"https:\/\/www.ecinews.fr\/fr\/un-nouvel-e-book-qui-met-en-evidence-le-role-croissant-des-composants-passifs-dans-la-conception-electronique\/#breadcrumb\",\"itemListElement\":[{\"@type\":\"ListItem\",\"position\":1,\"name\":\"Home\",\"item\":\"https:\/\/www.ecinews.fr\/fr\/\"},{\"@type\":\"ListItem\",\"position\":2,\"name\":\"Un nouvel e-book met en \u00e9vidence le r\u00f4le croissant des composants passifs dans la conception \u00e9lectronique\"}]},{\"@type\":\"WebSite\",\"@id\":\"https:\/\/www.eenewseurope.com\/en\/#website\",\"url\":\"https:\/\/www.eenewseurope.com\/en\/\",\"name\":\"EENewsEurope\",\"description\":\"Just another WordPress site\",\"publisher\":{\"@id\":\"https:\/\/www.eenewseurope.com\/en\/#organization\"},\"potentialAction\":[{\"@type\":\"SearchAction\",\"target\":{\"@type\":\"EntryPoint\",\"urlTemplate\":\"https:\/\/www.eenewseurope.com\/en\/?s={search_term_string}\"},\"query-input\":\"required name=search_term_string\"}],\"inLanguage\":\"fr-FR\"},{\"@type\":\"Organization\",\"@id\":\"https:\/\/www.eenewseurope.com\/en\/#organization\",\"name\":\"EENewsEurope\",\"url\":\"https:\/\/www.eenewseurope.com\/en\/\",\"logo\":{\"@type\":\"ImageObject\",\"inLanguage\":\"fr-FR\",\"@id\":\"https:\/\/www.eenewseurope.com\/en\/#\/schema\/logo\/image\/\",\"url\":\"https:\/\/www.ecinews.fr\/wp-content\/uploads\/2022\/02\/logo-1.jpg\",\"contentUrl\":\"https:\/\/www.ecinews.fr\/wp-content\/uploads\/2022\/02\/logo-1.jpg\",\"width\":283,\"height\":113,\"caption\":\"EENewsEurope\"},\"image\":{\"@id\":\"https:\/\/www.eenewseurope.com\/en\/#\/schema\/logo\/image\/\"}},{\"@type\":\"Person\",\"@id\":\"https:\/\/www.eenewseurope.com\/en\/#\/schema\/person\/e4387676ad67ce722325c7832f3c3762\",\"name\":\"Alain Dieul\",\"image\":{\"@type\":\"ImageObject\",\"inLanguage\":\"fr-FR\",\"@id\":\"https:\/\/www.eenewseurope.com\/en\/#\/schema\/person\/image\/736120675699dbbf0f0f282b9a9cfb75\",\"url\":\"https:\/\/secure.gravatar.com\/avatar\/bc93b056d07515be5b8eecd4acf49c5c?s=96&d=mm&r=g\",\"contentUrl\":\"https:\/\/secure.gravatar.com\/avatar\/bc93b056d07515be5b8eecd4acf49c5c?s=96&d=mm&r=g\",\"caption\":\"Alain Dieul\"},\"sameAs\":[\"http:\/\/ECINews\"]}]}<\/script>","yoast_head_json":{"title":"Un nouvel e-book met en \u00e9vidence le r\u00f4le croissant des compos...","description":"un nouvel e-book en collaboration avec Bourns qui explore le r\u00f4le des composants passifs dans les applications \u00e9lectroniques \u00e9mergente","robots":{"index":"index","follow":"follow","max-snippet":"max-snippet:-1","max-image-preview":"max-image-preview:large","max-video-preview":"max-video-preview:-1"},"canonical":"https:\/\/www.ecinews.fr\/fr\/wp-json\/wp\/v2\/posts\/430888\/","og_locale":"fr_FR","og_type":"article","og_title":"Un nouvel e-book met en \u00e9vidence le r\u00f4le croissant des composants passifs dans la conception \u00e9lectronique","og_description":"un nouvel e-book en collaboration avec Bourns qui explore le r\u00f4le des composants passifs dans les applications \u00e9lectroniques \u00e9mergente","og_url":"https:\/\/www.ecinews.fr\/fr\/wp-json\/wp\/v2\/posts\/430888\/","og_site_name":"EENewsEurope","article_published_time":"2023-08-30T17:21:24+00:00","article_modified_time":"2023-08-30T20:22:43+00:00","og_image":[{"width":1051,"height":613,"url":"https:\/\/www.ecinews.fr\/wp-content\/uploads\/2023\/08\/ECI1963_Mouser-actu.jpg","type":"image\/jpeg"}],"author":"Alain Dieul","twitter_card":"summary_large_image","twitter_misc":{"Written by":"Alain Dieul","Est. reading time":"2 minutes"},"schema":{"@context":"https:\/\/schema.org","@graph":[{"@type":"Article","@id":"https:\/\/www.ecinews.fr\/fr\/un-nouvel-e-book-qui-met-en-evidence-le-role-croissant-des-composants-passifs-dans-la-conception-electronique\/#article","isPartOf":{"@id":"https:\/\/www.ecinews.fr\/fr\/un-nouvel-e-book-qui-met-en-evidence-le-role-croissant-des-composants-passifs-dans-la-conception-electronique\/"},"author":{"name":"Alain Dieul","@id":"https:\/\/www.eenewseurope.com\/en\/#\/schema\/person\/e4387676ad67ce722325c7832f3c3762"},"headline":"Un nouvel e-book met en \u00e9vidence le r\u00f4le croissant des composants passifs dans la conception \u00e9lectronique","datePublished":"2023-08-30T17:21:24+00:00","dateModified":"2023-08-30T20:22:43+00:00","mainEntityOfPage":{"@id":"https:\/\/www.ecinews.fr\/fr\/un-nouvel-e-book-qui-met-en-evidence-le-role-croissant-des-composants-passifs-dans-la-conception-electronique\/"},"wordCount":375,"publisher":{"@id":"https:\/\/www.eenewseurope.com\/en\/#organization"},"keywords":["Composants passifs"],"articleSection":["Actualit\u00e9 g\u00e9n\u00e9rale"],"inLanguage":"fr-FR"},{"@type":"WebPage","@id":"https:\/\/www.ecinews.fr\/fr\/un-nouvel-e-book-qui-met-en-evidence-le-role-croissant-des-composants-passifs-dans-la-conception-electronique\/","url":"https:\/\/www.ecinews.fr\/fr\/un-nouvel-e-book-qui-met-en-evidence-le-role-croissant-des-composants-passifs-dans-la-conception-electronique\/","name":"Un nouvel e-book met en \u00e9vidence le r\u00f4le croissant des composants passifs dans la conception \u00e9lectronique -","isPartOf":{"@id":"https:\/\/www.eenewseurope.com\/en\/#website"},"datePublished":"2023-08-30T17:21:24+00:00","dateModified":"2023-08-30T20:22:43+00:00","description":"un nouvel e-book en collaboration avec Bourns qui explore le r\u00f4le des composants passifs dans les applications \u00e9lectroniques \u00e9mergente","breadcrumb":{"@id":"https:\/\/www.ecinews.fr\/fr\/un-nouvel-e-book-qui-met-en-evidence-le-role-croissant-des-composants-passifs-dans-la-conception-electronique\/#breadcrumb"},"inLanguage":"fr-FR","potentialAction":[{"@type":"ReadAction","target":["https:\/\/www.ecinews.fr\/fr\/un-nouvel-e-book-qui-met-en-evidence-le-role-croissant-des-composants-passifs-dans-la-conception-electronique\/"]}]},{"@type":"BreadcrumbList","@id":"https:\/\/www.ecinews.fr\/fr\/un-nouvel-e-book-qui-met-en-evidence-le-role-croissant-des-composants-passifs-dans-la-conception-electronique\/#breadcrumb","itemListElement":[{"@type":"ListItem","position":1,"name":"Home","item":"https:\/\/www.ecinews.fr\/fr\/"},{"@type":"ListItem","position":2,"name":"Un nouvel e-book met en \u00e9vidence le r\u00f4le croissant des composants passifs dans la conception \u00e9lectronique"}]},{"@type":"WebSite","@id":"https:\/\/www.eenewseurope.com\/en\/#website","url":"https:\/\/www.eenewseurope.com\/en\/","name":"EENewsEurope","description":"Just another WordPress site","publisher":{"@id":"https:\/\/www.eenewseurope.com\/en\/#organization"},"potentialAction":[{"@type":"SearchAction","target":{"@type":"EntryPoint","urlTemplate":"https:\/\/www.eenewseurope.com\/en\/?s={search_term_string}"},"query-input":"required name=search_term_string"}],"inLanguage":"fr-FR"},{"@type":"Organization","@id":"https:\/\/www.eenewseurope.com\/en\/#organization","name":"EENewsEurope","url":"https:\/\/www.eenewseurope.com\/en\/","logo":{"@type":"ImageObject","inLanguage":"fr-FR","@id":"https:\/\/www.eenewseurope.com\/en\/#\/schema\/logo\/image\/","url":"https:\/\/www.ecinews.fr\/wp-content\/uploads\/2022\/02\/logo-1.jpg","contentUrl":"https:\/\/www.ecinews.fr\/wp-content\/uploads\/2022\/02\/logo-1.jpg","width":283,"height":113,"caption":"EENewsEurope"},"image":{"@id":"https:\/\/www.eenewseurope.com\/en\/#\/schema\/logo\/image\/"}},{"@type":"Person","@id":"https:\/\/www.eenewseurope.com\/en\/#\/schema\/person\/e4387676ad67ce722325c7832f3c3762","name":"Alain Dieul","image":{"@type":"ImageObject","inLanguage":"fr-FR","@id":"https:\/\/www.eenewseurope.com\/en\/#\/schema\/person\/image\/736120675699dbbf0f0f282b9a9cfb75","url":"https:\/\/secure.gravatar.com\/avatar\/bc93b056d07515be5b8eecd4acf49c5c?s=96&d=mm&r=g","contentUrl":"https:\/\/secure.gravatar.com\/avatar\/bc93b056d07515be5b8eecd4acf49c5c?s=96&d=mm&r=g","caption":"Alain Dieul"},"sameAs":["http:\/\/ECINews"]}]}},"authors":[{"term_id":1154,"user_id":36,"is_guest":0,"slug":"alain-dieul","display_name":"Alain Dieul","avatar_url":"https:\/\/secure.gravatar.com\/avatar\/bc93b056d07515be5b8eecd4acf49c5c?s=96&d=mm&r=g","0":null,"1":"","2":"","3":"","4":"","5":"","6":"","7":"","8":""}],"_links":{"self":[{"href":"https:\/\/www.ecinews.fr\/fr\/wp-json\/wp\/v2\/posts\/430888"}],"collection":[{"href":"https:\/\/www.ecinews.fr\/fr\/wp-json\/wp\/v2\/posts"}],"about":[{"href":"https:\/\/www.ecinews.fr\/fr\/wp-json\/wp\/v2\/types\/post"}],"author":[{"embeddable":true,"href":"https:\/\/www.ecinews.fr\/fr\/wp-json\/wp\/v2\/users\/36"}],"replies":[{"embeddable":true,"href":"https:\/\/www.ecinews.fr\/fr\/wp-json\/wp\/v2\/comments?post=430888"}],"version-history":[{"count":0,"href":"https:\/\/www.ecinews.fr\/fr\/wp-json\/wp\/v2\/posts\/430888\/revisions"}],"wp:featuredmedia":[{"embeddable":true,"href":"https:\/\/www.ecinews.fr\/fr\/wp-json\/wp\/v2\/media\/430889"}],"wp:attachment":[{"href":"https:\/\/www.ecinews.fr\/fr\/wp-json\/wp\/v2\/media?parent=430888"}],"wp:term":[{"taxonomy":"category","embeddable":true,"href":"https:\/\/www.ecinews.fr\/fr\/wp-json\/wp\/v2\/categories?post=430888"},{"taxonomy":"post_tag","embeddable":true,"href":"https:\/\/www.ecinews.fr\/fr\/wp-json\/wp\/v2\/tags?post=430888"},{"taxonomy":"domains","embeddable":true,"href":"https:\/\/www.ecinews.fr\/fr\/wp-json\/wp\/v2\/domains?post=430888"},{"taxonomy":"author","embeddable":true,"href":"https:\/\/www.ecinews.fr\/fr\/wp-json\/wp\/v2\/ppma_author?post=430888"}],"curies":[{"name":"wp","href":"https:\/\/api.w.org\/{rel}","templated":true}]}}