{"id":430067,"date":"2023-08-21T18:39:52","date_gmt":"2023-08-21T16:39:52","guid":{"rendered":"https:\/\/www.eenewseurope.com\/?p=430067"},"modified":"2023-08-21T18:42:12","modified_gmt":"2023-08-21T16:42:12","slug":"augmentation-des-stocks-et-baisse-de-lutilisation-des-fabs-au-t3","status":"publish","type":"post","link":"https:\/\/www.ecinews.fr\/fr\/augmentation-des-stocks-et-baisse-de-lutilisation-des-fabs-au-t3\/","title":{"rendered":"Augmentation des stocks et baisse de l&rsquo;utilisation des fabs au T3"},"content":{"rendered":"<h2>Selon l&rsquo;organisme industriel SEMI, le stock total de circuits int\u00e9gr\u00e9s dans le secteur mondial des puces devrait augmenter et l&rsquo;utilisation de la capacit\u00e9 de fabrication de circuits int\u00e9gr\u00e9s devrait diminuer au troisi\u00e8me trimestre de l&rsquo;ann\u00e9e 23.<\/h2>\n<p>SEMI a collabor\u00e9 avec TechInsights pour \u00e9tablir les perspectives de l&rsquo;industrie des puces, qui sont pr\u00e9sent\u00e9es dans le <em>Semiconductor Manufacturing Monitor de<\/em> SEMI.<\/p>\n<div id=\"attachment_430058\" style=\"width: 610px\" class=\"wp-caption alignleft\"><img decoding=\"async\" aria-describedby=\"caption-attachment-430058\" class=\"size-full wp-image-430058 lazyload\" data-src=\"https:\/\/www.eenewseurope.com\/wp-content\/uploads\/2023\/08\/Inventory600.jpg\" alt=\"\" width=\"600\" height=\"321\" data-srcset=\"https:\/\/www.ecinews.fr\/wp-content\/uploads\/2023\/08\/Inventory600.jpg 600w, https:\/\/www.ecinews.fr\/wp-content\/uploads\/2023\/08\/Inventory600-300x161.jpg 300w\" data-sizes=\"(max-width: 600px) 100vw, 600px\" src=\"data:image\/svg+xml;base64,PHN2ZyB3aWR0aD0iMSIgaGVpZ2h0PSIxIiB4bWxucz0iaHR0cDovL3d3dy53My5vcmcvMjAwMC9zdmciPjwvc3ZnPg==\" style=\"--smush-placeholder-width: 600px; --smush-placeholder-aspect-ratio: 600\/321;\" \/><p id=\"caption-attachment-430058\" class=\"wp-caption-text\"><em><strong>Stock total de circuits int\u00e9gr\u00e9s (milliards de dollars) et utilisation des capacit\u00e9s de fabrication de circuits int\u00e9gr\u00e9s (%). Source : SEMI.<\/strong><\/em><\/p><\/div>\n<p>Alors que les stocks accumul\u00e9s augmenteront pour atteindre pr\u00e8s de 70 milliards de dollars, l&rsquo;utilisation moyenne des fabs de wafers passera d&rsquo;un peu moins de 80 % au 2e trimestre 23 \u00e0 environ 70 % au 3e trimestre 23. Ces \u00e9l\u00e9ments indiquent que les fabricants de puces continueront \u00e0 subir des vents contraires au cours du deuxi\u00e8me semestre de l&rsquo;ann\u00e9e 23.<\/p>\n<p>Toutefois, les ventes de puces devraient enregistrer une modeste augmentation s\u00e9quentielle au troisi\u00e8me trimestre de 23, la deuxi\u00e8me apr\u00e8s trois trimestres de baisses s\u00e9quentielles. Autre bonne nouvelle pour le troisi\u00e8me trimestre 23 : les ventes d&rsquo;\u00e9quipements \u00e9lectroniques devraient afficher une croissance de 10 % en glissement trimestriel.<\/p>\n<p>Le rapport estime que l&rsquo;industrie des semiconducteurs a commenc\u00e9 \u00e0 se redresser, ce qui ouvre la voie \u00e0 une croissance en 2024.<\/p>\n<p>\u00ab\u00a0La reprise plus lente que pr\u00e9vu de la demande retardera la normalisation des stocks jusqu&rsquo;\u00e0 la fin de 2023, plus tard que pr\u00e9vu, ce qui entra\u00eenera des r\u00e9ductions suppl\u00e9mentaires des taux d&rsquo;utilisation des fabs \u00e0 court terme\u00a0\u00bb, a d\u00e9clar\u00e9 Clark Tseng, directeur principal de l&rsquo;information commerciale chez SEMI. \u00ab\u00a0Toutefois, les tendances r\u00e9centes sugg\u00e8rent que le pire est pass\u00e9 pour les circuits int\u00e9gr\u00e9s. Nous pr\u00e9voyons que la fabrication de semiconducteurs atteindra son niveau le plus bas au premier trimestre 2024 avant de se redresser.\u00a0\u00bb<\/p>\n<h4>Liens et articles connexes :<\/h4>\n<p><a href=\"http:\/\/www.semi.org\">www.semi.org<\/a><\/p>\n<h4>Articles de presse :<\/h4>\n<p><a href=\"https:\/\/www.eenewseurope.com\/en\/semiconductor-market-has-turned-the-corner-says-analyst\/\">Selon un analyste, le march\u00e9 des semi-conducteurs a franchi un cap<\/a><\/p>\n<p><a href=\"https:\/\/www.eenewseurope.com\/en\/heres-how-semiconductor-capex-will-fall-in-2023-and-remain-lower\/\">Voici comment les investissements dans les semi-conducteurs vont diminuer en 2023 et rester \u00e0 la baisse<\/a><\/p>\n<p><a href=\"https:\/\/www.eenewseurope.com\/en\/some-market-forecasters-are-in-denial-says-future-horizons-penn\/\">Certains pr\u00e9visionnistes du march\u00e9 sont dans le d\u00e9ni, d\u00e9clare M. Penn de Future Horizons<\/a><\/p>\n<p>&nbsp;<\/p>\n","protected":false},"excerpt":{"rendered":"<p>Selon l&rsquo;organisme industriel SEMI, le stock total de circuits int\u00e9gr\u00e9s dans le secteur mondial des puces devrait augmenter et l&rsquo;utilisation de la capacit\u00e9 de fabrication de circuits int\u00e9gr\u00e9s devrait diminuer au troisi\u00e8me trimestre de l&rsquo;ann\u00e9e 23. SEMI a collabor\u00e9 avec TechInsights pour \u00e9tablir les perspectives de l&rsquo;industrie des puces, qui sont pr\u00e9sent\u00e9es dans le Semiconductor [&hellip;]<\/p>\n","protected":false},"author":34,"featured_media":386994,"comment_status":"closed","ping_status":"closed","sticky":false,"template":"","format":"standard","meta":{"_acf_changed":false,"footnotes":""},"categories":[888],"tags":[2327,913,3738,3700,1558,3701],"domains":[47],"ppma_author":[1153,3631],"class_list":["post-430067","post","type-post","status-publish","format-standard","has-post-thumbnail","hentry","category-marche","tag-marche","tag-materials-processes-fr","tag-plaquette","tag-semi-conducteur","tag-semiconducteurs","tag-silicium","domains-electronique-eci"],"acf":[],"yoast_head":"<title>Augmentation des stocks et baisse de l&#039;utilisation des fabs au T3 ...<\/title>\n<meta name=\"description\" content=\"Selon SEMI, le stock total de puces devrait augmenter et l&#039;utilisation de la capacit\u00e9 des fabs devrait diminuer au T3 de l&#039;ann\u00e9e 23.\" \/>\n<meta name=\"robots\" content=\"index, follow, max-snippet:-1, max-image-preview:large, max-video-preview:-1\" \/>\n<link rel=\"canonical\" href=\"https:\/\/www.ecinews.fr\/fr\/wp-json\/wp\/v2\/posts\/430067\/\" \/>\n<meta property=\"og:locale\" content=\"fr_FR\" \/>\n<meta property=\"og:type\" content=\"article\" \/>\n<meta property=\"og:title\" content=\"Augmentation des stocks et baisse de l&#039;utilisation des fabs au T3\" \/>\n<meta property=\"og:description\" content=\"Selon SEMI, le stock total de puces devrait augmenter et l&#039;utilisation de la capacit\u00e9 des fabs devrait diminuer au T3 de l&#039;ann\u00e9e 23.\" \/>\n<meta property=\"og:url\" content=\"https:\/\/www.ecinews.fr\/fr\/wp-json\/wp\/v2\/posts\/430067\/\" \/>\n<meta property=\"og:site_name\" content=\"EENewsEurope\" \/>\n<meta property=\"article:published_time\" content=\"2023-08-21T16:39:52+00:00\" \/>\n<meta property=\"article:modified_time\" content=\"2023-08-21T16:42:12+00:00\" \/>\n<meta property=\"og:image\" content=\"https:\/\/www.ecinews.fr\/wp-content\/uploads\/2022\/06\/Semiconductor-Production-scaled.jpg\" \/>\n\t<meta property=\"og:image:width\" content=\"1080\" \/>\n\t<meta property=\"og:image:height\" content=\"934\" \/>\n\t<meta property=\"og:image:type\" content=\"image\/jpeg\" \/>\n<meta name=\"author\" content=\"A Delapalisse, Peter Clarke\" \/>\n<meta name=\"twitter:card\" content=\"summary_large_image\" \/>\n<meta name=\"twitter:label1\" content=\"Written by\" \/>\n\t<meta name=\"twitter:data1\" content=\"A Delapalisse\" \/>\n\t<meta name=\"twitter:label2\" content=\"Est. reading time\" \/>\n\t<meta name=\"twitter:data2\" content=\"2 minutes\" \/>\n<script type=\"application\/ld+json\" class=\"yoast-schema-graph\">{\"@context\":\"https:\/\/schema.org\",\"@graph\":[{\"@type\":\"Article\",\"@id\":\"https:\/\/www.ecinews.fr\/fr\/augmentation-des-stocks-et-baisse-de-lutilisation-des-fabs-au-t3\/#article\",\"isPartOf\":{\"@id\":\"https:\/\/www.ecinews.fr\/fr\/augmentation-des-stocks-et-baisse-de-lutilisation-des-fabs-au-t3\/\"},\"author\":{\"name\":\"A Delapalisse\",\"@id\":\"https:\/\/www.eenewseurope.com\/en\/#\/schema\/person\/0aa2cfb0bd8949724a68cbac8d8321b4\"},\"headline\":\"Augmentation des stocks et baisse de l&rsquo;utilisation des fabs au T3\",\"datePublished\":\"2023-08-21T16:39:52+00:00\",\"dateModified\":\"2023-08-21T16:42:12+00:00\",\"mainEntityOfPage\":{\"@id\":\"https:\/\/www.ecinews.fr\/fr\/augmentation-des-stocks-et-baisse-de-lutilisation-des-fabs-au-t3\/\"},\"wordCount\":387,\"publisher\":{\"@id\":\"https:\/\/www.eenewseurope.com\/en\/#organization\"},\"keywords\":[\"March\u00e9\",\"Materials &amp; processes\",\"plaquette\",\"semi-conducteur\",\"Semiconducteurs\",\"silicium\"],\"articleSection\":[\"March\u00e9\"],\"inLanguage\":\"fr-FR\"},{\"@type\":\"WebPage\",\"@id\":\"https:\/\/www.ecinews.fr\/fr\/augmentation-des-stocks-et-baisse-de-lutilisation-des-fabs-au-t3\/\",\"url\":\"https:\/\/www.ecinews.fr\/fr\/augmentation-des-stocks-et-baisse-de-lutilisation-des-fabs-au-t3\/\",\"name\":\"Augmentation des stocks et baisse de l'utilisation des fabs au T3\",\"isPartOf\":{\"@id\":\"https:\/\/www.eenewseurope.com\/en\/#website\"},\"datePublished\":\"2023-08-21T16:39:52+00:00\",\"dateModified\":\"2023-08-21T16:42:12+00:00\",\"description\":\"Selon SEMI, le stock total de puces devrait augmenter et l'utilisation de la capacit\u00e9 des fabs devrait diminuer au T3 de l'ann\u00e9e 23.\",\"breadcrumb\":{\"@id\":\"https:\/\/www.ecinews.fr\/fr\/augmentation-des-stocks-et-baisse-de-lutilisation-des-fabs-au-t3\/#breadcrumb\"},\"inLanguage\":\"fr-FR\",\"potentialAction\":[{\"@type\":\"ReadAction\",\"target\":[\"https:\/\/www.ecinews.fr\/fr\/augmentation-des-stocks-et-baisse-de-lutilisation-des-fabs-au-t3\/\"]}]},{\"@type\":\"BreadcrumbList\",\"@id\":\"https:\/\/www.ecinews.fr\/fr\/augmentation-des-stocks-et-baisse-de-lutilisation-des-fabs-au-t3\/#breadcrumb\",\"itemListElement\":[{\"@type\":\"ListItem\",\"position\":1,\"name\":\"Home\",\"item\":\"https:\/\/www.ecinews.fr\/fr\/\"},{\"@type\":\"ListItem\",\"position\":2,\"name\":\"Augmentation des stocks et baisse de l&rsquo;utilisation des fabs au T3\"}]},{\"@type\":\"WebSite\",\"@id\":\"https:\/\/www.eenewseurope.com\/en\/#website\",\"url\":\"https:\/\/www.eenewseurope.com\/en\/\",\"name\":\"EENewsEurope\",\"description\":\"Just another WordPress site\",\"publisher\":{\"@id\":\"https:\/\/www.eenewseurope.com\/en\/#organization\"},\"potentialAction\":[{\"@type\":\"SearchAction\",\"target\":{\"@type\":\"EntryPoint\",\"urlTemplate\":\"https:\/\/www.eenewseurope.com\/en\/?s={search_term_string}\"},\"query-input\":\"required name=search_term_string\"}],\"inLanguage\":\"fr-FR\"},{\"@type\":\"Organization\",\"@id\":\"https:\/\/www.eenewseurope.com\/en\/#organization\",\"name\":\"EENewsEurope\",\"url\":\"https:\/\/www.eenewseurope.com\/en\/\",\"logo\":{\"@type\":\"ImageObject\",\"inLanguage\":\"fr-FR\",\"@id\":\"https:\/\/www.eenewseurope.com\/en\/#\/schema\/logo\/image\/\",\"url\":\"https:\/\/www.ecinews.fr\/wp-content\/uploads\/2022\/02\/logo-1.jpg\",\"contentUrl\":\"https:\/\/www.ecinews.fr\/wp-content\/uploads\/2022\/02\/logo-1.jpg\",\"width\":283,\"height\":113,\"caption\":\"EENewsEurope\"},\"image\":{\"@id\":\"https:\/\/www.eenewseurope.com\/en\/#\/schema\/logo\/image\/\"}},{\"@type\":\"Person\",\"@id\":\"https:\/\/www.eenewseurope.com\/en\/#\/schema\/person\/0aa2cfb0bd8949724a68cbac8d8321b4\",\"name\":\"A Delapalisse\",\"image\":{\"@type\":\"ImageObject\",\"inLanguage\":\"fr-FR\",\"@id\":\"https:\/\/www.eenewseurope.com\/en\/#\/schema\/person\/image\/211ac42237c2e9683c0964086c393cb4\",\"url\":\"https:\/\/secure.gravatar.com\/avatar\/ad45a8c5da24bc9c7c4940dd1c48a695?s=96&d=mm&r=g\",\"contentUrl\":\"https:\/\/secure.gravatar.com\/avatar\/ad45a8c5da24bc9c7c4940dd1c48a695?s=96&d=mm&r=g\",\"caption\":\"A Delapalisse\"},\"sameAs\":[\"http:\/\/ECI\"]}]}<\/script>","yoast_head_json":{"title":"Augmentation des stocks et baisse de l'utilisation des fabs au T3 ...","description":"Selon SEMI, le stock total de puces devrait augmenter et l'utilisation de la capacit\u00e9 des fabs devrait diminuer au T3 de l'ann\u00e9e 23.","robots":{"index":"index","follow":"follow","max-snippet":"max-snippet:-1","max-image-preview":"max-image-preview:large","max-video-preview":"max-video-preview:-1"},"canonical":"https:\/\/www.ecinews.fr\/fr\/wp-json\/wp\/v2\/posts\/430067\/","og_locale":"fr_FR","og_type":"article","og_title":"Augmentation des stocks et baisse de l'utilisation des fabs au T3","og_description":"Selon SEMI, le stock total de puces devrait augmenter et l'utilisation de la capacit\u00e9 des fabs devrait diminuer au T3 de l'ann\u00e9e 23.","og_url":"https:\/\/www.ecinews.fr\/fr\/wp-json\/wp\/v2\/posts\/430067\/","og_site_name":"EENewsEurope","article_published_time":"2023-08-21T16:39:52+00:00","article_modified_time":"2023-08-21T16:42:12+00:00","og_image":[{"width":1080,"height":934,"url":"https:\/\/www.ecinews.fr\/wp-content\/uploads\/2022\/06\/Semiconductor-Production-scaled.jpg","type":"image\/jpeg"}],"author":"A Delapalisse, Peter Clarke","twitter_card":"summary_large_image","twitter_misc":{"Written by":"A Delapalisse","Est. reading time":"2 minutes"},"schema":{"@context":"https:\/\/schema.org","@graph":[{"@type":"Article","@id":"https:\/\/www.ecinews.fr\/fr\/augmentation-des-stocks-et-baisse-de-lutilisation-des-fabs-au-t3\/#article","isPartOf":{"@id":"https:\/\/www.ecinews.fr\/fr\/augmentation-des-stocks-et-baisse-de-lutilisation-des-fabs-au-t3\/"},"author":{"name":"A Delapalisse","@id":"https:\/\/www.eenewseurope.com\/en\/#\/schema\/person\/0aa2cfb0bd8949724a68cbac8d8321b4"},"headline":"Augmentation des stocks et baisse de l&rsquo;utilisation des fabs au T3","datePublished":"2023-08-21T16:39:52+00:00","dateModified":"2023-08-21T16:42:12+00:00","mainEntityOfPage":{"@id":"https:\/\/www.ecinews.fr\/fr\/augmentation-des-stocks-et-baisse-de-lutilisation-des-fabs-au-t3\/"},"wordCount":387,"publisher":{"@id":"https:\/\/www.eenewseurope.com\/en\/#organization"},"keywords":["March\u00e9","Materials &amp; processes","plaquette","semi-conducteur","Semiconducteurs","silicium"],"articleSection":["March\u00e9"],"inLanguage":"fr-FR"},{"@type":"WebPage","@id":"https:\/\/www.ecinews.fr\/fr\/augmentation-des-stocks-et-baisse-de-lutilisation-des-fabs-au-t3\/","url":"https:\/\/www.ecinews.fr\/fr\/augmentation-des-stocks-et-baisse-de-lutilisation-des-fabs-au-t3\/","name":"Augmentation des stocks et baisse de l'utilisation des fabs au T3","isPartOf":{"@id":"https:\/\/www.eenewseurope.com\/en\/#website"},"datePublished":"2023-08-21T16:39:52+00:00","dateModified":"2023-08-21T16:42:12+00:00","description":"Selon SEMI, le stock total de puces devrait augmenter et l'utilisation de la capacit\u00e9 des fabs devrait diminuer au T3 de l'ann\u00e9e 23.","breadcrumb":{"@id":"https:\/\/www.ecinews.fr\/fr\/augmentation-des-stocks-et-baisse-de-lutilisation-des-fabs-au-t3\/#breadcrumb"},"inLanguage":"fr-FR","potentialAction":[{"@type":"ReadAction","target":["https:\/\/www.ecinews.fr\/fr\/augmentation-des-stocks-et-baisse-de-lutilisation-des-fabs-au-t3\/"]}]},{"@type":"BreadcrumbList","@id":"https:\/\/www.ecinews.fr\/fr\/augmentation-des-stocks-et-baisse-de-lutilisation-des-fabs-au-t3\/#breadcrumb","itemListElement":[{"@type":"ListItem","position":1,"name":"Home","item":"https:\/\/www.ecinews.fr\/fr\/"},{"@type":"ListItem","position":2,"name":"Augmentation des stocks et baisse de l&rsquo;utilisation des fabs au T3"}]},{"@type":"WebSite","@id":"https:\/\/www.eenewseurope.com\/en\/#website","url":"https:\/\/www.eenewseurope.com\/en\/","name":"EENewsEurope","description":"Just another WordPress site","publisher":{"@id":"https:\/\/www.eenewseurope.com\/en\/#organization"},"potentialAction":[{"@type":"SearchAction","target":{"@type":"EntryPoint","urlTemplate":"https:\/\/www.eenewseurope.com\/en\/?s={search_term_string}"},"query-input":"required name=search_term_string"}],"inLanguage":"fr-FR"},{"@type":"Organization","@id":"https:\/\/www.eenewseurope.com\/en\/#organization","name":"EENewsEurope","url":"https:\/\/www.eenewseurope.com\/en\/","logo":{"@type":"ImageObject","inLanguage":"fr-FR","@id":"https:\/\/www.eenewseurope.com\/en\/#\/schema\/logo\/image\/","url":"https:\/\/www.ecinews.fr\/wp-content\/uploads\/2022\/02\/logo-1.jpg","contentUrl":"https:\/\/www.ecinews.fr\/wp-content\/uploads\/2022\/02\/logo-1.jpg","width":283,"height":113,"caption":"EENewsEurope"},"image":{"@id":"https:\/\/www.eenewseurope.com\/en\/#\/schema\/logo\/image\/"}},{"@type":"Person","@id":"https:\/\/www.eenewseurope.com\/en\/#\/schema\/person\/0aa2cfb0bd8949724a68cbac8d8321b4","name":"A Delapalisse","image":{"@type":"ImageObject","inLanguage":"fr-FR","@id":"https:\/\/www.eenewseurope.com\/en\/#\/schema\/person\/image\/211ac42237c2e9683c0964086c393cb4","url":"https:\/\/secure.gravatar.com\/avatar\/ad45a8c5da24bc9c7c4940dd1c48a695?s=96&d=mm&r=g","contentUrl":"https:\/\/secure.gravatar.com\/avatar\/ad45a8c5da24bc9c7c4940dd1c48a695?s=96&d=mm&r=g","caption":"A Delapalisse"},"sameAs":["http:\/\/ECI"]}]}},"authors":[{"term_id":1153,"user_id":34,"is_guest":0,"slug":"adelapalisse","display_name":"A Delapalisse","avatar_url":"https:\/\/secure.gravatar.com\/avatar\/ad45a8c5da24bc9c7c4940dd1c48a695?s=96&d=mm&r=g","0":null,"1":"","2":"","3":"","4":"","5":"","6":"","7":"","8":""},{"term_id":3631,"user_id":0,"is_guest":1,"slug":"peter-clarke","display_name":"Peter Clarke","avatar_url":"https:\/\/secure.gravatar.com\/avatar\/?s=96&d=mm&r=g","0":null,"1":"","2":"","3":"","4":"","5":"","6":"","7":"","8":""}],"_links":{"self":[{"href":"https:\/\/www.ecinews.fr\/fr\/wp-json\/wp\/v2\/posts\/430067"}],"collection":[{"href":"https:\/\/www.ecinews.fr\/fr\/wp-json\/wp\/v2\/posts"}],"about":[{"href":"https:\/\/www.ecinews.fr\/fr\/wp-json\/wp\/v2\/types\/post"}],"author":[{"embeddable":true,"href":"https:\/\/www.ecinews.fr\/fr\/wp-json\/wp\/v2\/users\/34"}],"replies":[{"embeddable":true,"href":"https:\/\/www.ecinews.fr\/fr\/wp-json\/wp\/v2\/comments?post=430067"}],"version-history":[{"count":0,"href":"https:\/\/www.ecinews.fr\/fr\/wp-json\/wp\/v2\/posts\/430067\/revisions"}],"wp:featuredmedia":[{"embeddable":true,"href":"https:\/\/www.ecinews.fr\/fr\/wp-json\/wp\/v2\/media\/386994"}],"wp:attachment":[{"href":"https:\/\/www.ecinews.fr\/fr\/wp-json\/wp\/v2\/media?parent=430067"}],"wp:term":[{"taxonomy":"category","embeddable":true,"href":"https:\/\/www.ecinews.fr\/fr\/wp-json\/wp\/v2\/categories?post=430067"},{"taxonomy":"post_tag","embeddable":true,"href":"https:\/\/www.ecinews.fr\/fr\/wp-json\/wp\/v2\/tags?post=430067"},{"taxonomy":"domains","embeddable":true,"href":"https:\/\/www.ecinews.fr\/fr\/wp-json\/wp\/v2\/domains?post=430067"},{"taxonomy":"author","embeddable":true,"href":"https:\/\/www.ecinews.fr\/fr\/wp-json\/wp\/v2\/ppma_author?post=430067"}],"curies":[{"name":"wp","href":"https:\/\/api.w.org\/{rel}","templated":true}]}}