{"id":430031,"date":"2023-08-21T14:26:34","date_gmt":"2023-08-21T12:26:34","guid":{"rendered":"https:\/\/www.eenewseurope.com\/?p=430031"},"modified":"2023-08-21T14:28:50","modified_gmt":"2023-08-21T12:28:50","slug":"softbank-se-prepare-a-introduire-arm-en-bourse","status":"publish","type":"post","link":"https:\/\/www.ecinews.fr\/fr\/softbank-se-prepare-a-introduire-arm-en-bourse\/","title":{"rendered":"SoftBank se pr\u00e9pare \u00e0 introduire Arm en bourse"},"content":{"rendered":"<h2>SoftBank Group devrait d\u00e9poser cette semaine un projet d&rsquo;introduction en bourse de ses actions dans la soci\u00e9t\u00e9 Arm Ltd, qui offre des licences de propri\u00e9t\u00e9 intellectuelle de ses processeurs.<\/h2>\n<p>L&rsquo;introduction en bourse devrait avoir lieu sur le NASDAQ ou le New York Stock Exchange d\u00e8s le mois de septembre.<\/p>\n<p>SoftBank aurait r\u00e9cemment rachet\u00e9 \u00e0 VisionFund les 25 % d&rsquo;Arm qu&rsquo;elle ne d\u00e9tenait pas, ce qui valorise l&rsquo;entreprise de puces \u00e0 64 milliards de dollars.<\/p>\n<p>D&rsquo;autres rapports indiquent qu&rsquo;Arm devrait r\u00e9aliser un chiffre d&rsquo;affaires annuel de 2,68 milliards de dollars pour l&rsquo;exercice clos le 31 mars, soit une baisse d&rsquo;environ 1 %. Les ventes pour le trimestre qui s&rsquo;est termin\u00e9 le 30 juin se sont \u00e9lev\u00e9es \u00e0 675 millions de dollars, soit une baisse de 2,5 %.<\/p>\n<h4>La menace de la technologie RISC-V<\/h4>\n<p>Cette performance l\u00e9g\u00e8rement mitig\u00e9e s&rsquo;explique par la forte exposition d&rsquo;Arm au march\u00e9 de la t\u00e9l\u00e9phonie mobile, qui est en chute libre depuis dix-huit mois.<\/p>\n<p>Softbank aurait demand\u00e9 \u00e0 des entreprises telles qu&rsquo;Apple, Intel et Nvidia d&rsquo;\u00eatre des investisseurs d&rsquo;ancrage dans Arm pour tenter de fixer un plancher \u00e0 l&rsquo;\u00e9valuation de l&rsquo;IPO et d&rsquo;encourager d&rsquo;autres soci\u00e9t\u00e9s \u00e0 investir.<\/p>\n<p>Le succ\u00e8s de l&rsquo;introduction en bourse d\u00e9pendra de plusieurs autres facteurs, selon les observateurs. Le premier est la mesure dans laquelle Arm peut \u00eatre pr\u00e9sent\u00e9e comme faisant partie de la r\u00e9volution dde l&rsquo;Intelligence Artificielle et le second est la mesure dans laquelle il peut \u00e9carter la menace de l&rsquo;architecture RISC-V rivale pour les processeurs.<\/p>\n<h4>Liens et articles connexes :<\/h4>\n<p><a href=\"http:\/\/www.arm.com\">www.arm.com<\/a><\/p>\n<h4>Articles de presse :<\/h4>\n<p><a href=\"https:\/\/www.eenewseurope.com\/en\/lacking-chinese-ok-intel-drops-plan-to-acquire-tower\/\">Intel renonce \u00e0 l&rsquo;acquisition de Tower <\/a><\/p>\n<p><a href=\"https:\/\/www.eenewseurope.com\/en\/german-ai-risc-v-joint-venture-poses-challenge-to-arm\/\">La joint venture allemande AI RISC-V est un d\u00e9fi pour ARM <\/a><\/p>\n<p>&nbsp;<\/p>\n","protected":false},"excerpt":{"rendered":"<p>SoftBank Group devrait d\u00e9poser cette semaine un projet d&rsquo;introduction en bourse de ses actions dans la soci\u00e9t\u00e9 Arm Ltd, qui offre des licences de propri\u00e9t\u00e9 intellectuelle de ses processeurs. L&rsquo;introduction en bourse devrait avoir lieu sur le NASDAQ ou le New York Stock Exchange d\u00e8s le mois de septembre. SoftBank aurait r\u00e9cemment rachet\u00e9 \u00e0 VisionFund [&hellip;]<\/p>\n","protected":false},"author":34,"featured_media":203946,"comment_status":"closed","ping_status":"closed","sticky":false,"template":"","format":"standard","meta":{"_acf_changed":false,"footnotes":""},"categories":[880],"tags":[2456,906,3641],"domains":[47],"ppma_author":[1153,3631],"class_list":["post-430031","post","type-post","status-publish","format-standard","has-post-thumbnail","hentry","category-actualites-economiques","tag-arm-fr","tag-mpus-mcus-fr","tag-risc-v-fr","domains-electronique-eci"],"acf":[],"yoast_head":"<title>SoftBank se pr\u00e9pare \u00e0 introduire Arm en bourse ...<\/title>\n<meta name=\"description\" content=\"SoftBank Group devrait annoncer aujourd&#039;hui le calendrier de l&#039;IPO du conc\u00e9dant de licence de propri\u00e9t\u00e9 intellectuelle de processeurs Arm.\" \/>\n<meta name=\"robots\" content=\"index, follow, max-snippet:-1, max-image-preview:large, max-video-preview:-1\" \/>\n<link rel=\"canonical\" href=\"https:\/\/www.ecinews.fr\/fr\/wp-json\/wp\/v2\/posts\/430031\/\" \/>\n<meta property=\"og:locale\" content=\"fr_FR\" \/>\n<meta property=\"og:type\" content=\"article\" \/>\n<meta property=\"og:title\" content=\"SoftBank se pr\u00e9pare \u00e0 introduire Arm en bourse\" \/>\n<meta property=\"og:description\" content=\"SoftBank Group devrait annoncer aujourd&#039;hui le calendrier de l&#039;IPO du conc\u00e9dant de licence de propri\u00e9t\u00e9 intellectuelle de processeurs Arm.\" \/>\n<meta property=\"og:url\" content=\"https:\/\/www.ecinews.fr\/fr\/wp-json\/wp\/v2\/posts\/430031\/\" \/>\n<meta property=\"og:site_name\" content=\"EENewsEurope\" \/>\n<meta property=\"article:published_time\" content=\"2023-08-21T12:26:34+00:00\" \/>\n<meta property=\"article:modified_time\" content=\"2023-08-21T12:28:50+00:00\" \/>\n<meta property=\"og:image\" content=\"https:\/\/www.ecinews.fr\/wp-content\/uploads\/import\/default\/files\/sites\/default\/files\/images\/armsoftbank.jpg\" \/>\n\t<meta property=\"og:image:width\" content=\"814\" \/>\n\t<meta property=\"og:image:height\" content=\"458\" \/>\n\t<meta property=\"og:image:type\" content=\"image\/jpeg\" \/>\n<meta name=\"author\" content=\"A Delapalisse, Peter Clarke\" \/>\n<meta name=\"twitter:card\" content=\"summary_large_image\" \/>\n<meta name=\"twitter:label1\" content=\"Written by\" \/>\n\t<meta name=\"twitter:data1\" content=\"A Delapalisse\" \/>\n\t<meta name=\"twitter:label2\" content=\"Est. reading time\" \/>\n\t<meta name=\"twitter:data2\" content=\"2 minutes\" \/>\n<script type=\"application\/ld+json\" class=\"yoast-schema-graph\">{\"@context\":\"https:\/\/schema.org\",\"@graph\":[{\"@type\":\"Article\",\"@id\":\"https:\/\/www.ecinews.fr\/fr\/softbank-se-prepare-a-introduire-arm-en-bourse\/#article\",\"isPartOf\":{\"@id\":\"https:\/\/www.ecinews.fr\/fr\/softbank-se-prepare-a-introduire-arm-en-bourse\/\"},\"author\":{\"name\":\"A Delapalisse\",\"@id\":\"https:\/\/www.eenewseurope.com\/en\/#\/schema\/person\/0aa2cfb0bd8949724a68cbac8d8321b4\"},\"headline\":\"SoftBank se pr\u00e9pare \u00e0 introduire Arm en bourse\",\"datePublished\":\"2023-08-21T12:26:34+00:00\",\"dateModified\":\"2023-08-21T12:28:50+00:00\",\"mainEntityOfPage\":{\"@id\":\"https:\/\/www.ecinews.fr\/fr\/softbank-se-prepare-a-introduire-arm-en-bourse\/\"},\"wordCount\":306,\"publisher\":{\"@id\":\"https:\/\/www.eenewseurope.com\/en\/#organization\"},\"keywords\":[\"Arm\",\"MPUs\/MCUs\",\"RISC-V\"],\"articleSection\":[\"Actualit\u00e9s \u00e9conomiques\"],\"inLanguage\":\"fr-FR\"},{\"@type\":\"WebPage\",\"@id\":\"https:\/\/www.ecinews.fr\/fr\/softbank-se-prepare-a-introduire-arm-en-bourse\/\",\"url\":\"https:\/\/www.ecinews.fr\/fr\/softbank-se-prepare-a-introduire-arm-en-bourse\/\",\"name\":\"SoftBank se pr\u00e9pare \u00e0 introduire Arm en bourse\",\"isPartOf\":{\"@id\":\"https:\/\/www.eenewseurope.com\/en\/#website\"},\"datePublished\":\"2023-08-21T12:26:34+00:00\",\"dateModified\":\"2023-08-21T12:28:50+00:00\",\"description\":\"SoftBank Group devrait annoncer aujourd'hui le calendrier de l'IPO du conc\u00e9dant de licence de propri\u00e9t\u00e9 intellectuelle de processeurs Arm.\",\"breadcrumb\":{\"@id\":\"https:\/\/www.ecinews.fr\/fr\/softbank-se-prepare-a-introduire-arm-en-bourse\/#breadcrumb\"},\"inLanguage\":\"fr-FR\",\"potentialAction\":[{\"@type\":\"ReadAction\",\"target\":[\"https:\/\/www.ecinews.fr\/fr\/softbank-se-prepare-a-introduire-arm-en-bourse\/\"]}]},{\"@type\":\"BreadcrumbList\",\"@id\":\"https:\/\/www.ecinews.fr\/fr\/softbank-se-prepare-a-introduire-arm-en-bourse\/#breadcrumb\",\"itemListElement\":[{\"@type\":\"ListItem\",\"position\":1,\"name\":\"Home\",\"item\":\"https:\/\/www.ecinews.fr\/fr\/\"},{\"@type\":\"ListItem\",\"position\":2,\"name\":\"SoftBank se pr\u00e9pare \u00e0 introduire Arm en bourse\"}]},{\"@type\":\"WebSite\",\"@id\":\"https:\/\/www.eenewseurope.com\/en\/#website\",\"url\":\"https:\/\/www.eenewseurope.com\/en\/\",\"name\":\"EENewsEurope\",\"description\":\"Just another WordPress site\",\"publisher\":{\"@id\":\"https:\/\/www.eenewseurope.com\/en\/#organization\"},\"potentialAction\":[{\"@type\":\"SearchAction\",\"target\":{\"@type\":\"EntryPoint\",\"urlTemplate\":\"https:\/\/www.eenewseurope.com\/en\/?s={search_term_string}\"},\"query-input\":\"required name=search_term_string\"}],\"inLanguage\":\"fr-FR\"},{\"@type\":\"Organization\",\"@id\":\"https:\/\/www.eenewseurope.com\/en\/#organization\",\"name\":\"EENewsEurope\",\"url\":\"https:\/\/www.eenewseurope.com\/en\/\",\"logo\":{\"@type\":\"ImageObject\",\"inLanguage\":\"fr-FR\",\"@id\":\"https:\/\/www.eenewseurope.com\/en\/#\/schema\/logo\/image\/\",\"url\":\"https:\/\/www.ecinews.fr\/wp-content\/uploads\/2022\/02\/logo-1.jpg\",\"contentUrl\":\"https:\/\/www.ecinews.fr\/wp-content\/uploads\/2022\/02\/logo-1.jpg\",\"width\":283,\"height\":113,\"caption\":\"EENewsEurope\"},\"image\":{\"@id\":\"https:\/\/www.eenewseurope.com\/en\/#\/schema\/logo\/image\/\"}},{\"@type\":\"Person\",\"@id\":\"https:\/\/www.eenewseurope.com\/en\/#\/schema\/person\/0aa2cfb0bd8949724a68cbac8d8321b4\",\"name\":\"A Delapalisse\",\"image\":{\"@type\":\"ImageObject\",\"inLanguage\":\"fr-FR\",\"@id\":\"https:\/\/www.eenewseurope.com\/en\/#\/schema\/person\/image\/211ac42237c2e9683c0964086c393cb4\",\"url\":\"https:\/\/secure.gravatar.com\/avatar\/ad45a8c5da24bc9c7c4940dd1c48a695?s=96&d=mm&r=g\",\"contentUrl\":\"https:\/\/secure.gravatar.com\/avatar\/ad45a8c5da24bc9c7c4940dd1c48a695?s=96&d=mm&r=g\",\"caption\":\"A Delapalisse\"},\"sameAs\":[\"http:\/\/ECI\"]}]}<\/script>","yoast_head_json":{"title":"SoftBank se pr\u00e9pare \u00e0 introduire Arm en bourse ...","description":"SoftBank Group devrait annoncer aujourd'hui le calendrier de l'IPO du conc\u00e9dant de licence de propri\u00e9t\u00e9 intellectuelle de processeurs Arm.","robots":{"index":"index","follow":"follow","max-snippet":"max-snippet:-1","max-image-preview":"max-image-preview:large","max-video-preview":"max-video-preview:-1"},"canonical":"https:\/\/www.ecinews.fr\/fr\/wp-json\/wp\/v2\/posts\/430031\/","og_locale":"fr_FR","og_type":"article","og_title":"SoftBank se pr\u00e9pare \u00e0 introduire Arm en bourse","og_description":"SoftBank Group devrait annoncer aujourd'hui le calendrier de l'IPO du conc\u00e9dant de licence de propri\u00e9t\u00e9 intellectuelle de processeurs Arm.","og_url":"https:\/\/www.ecinews.fr\/fr\/wp-json\/wp\/v2\/posts\/430031\/","og_site_name":"EENewsEurope","article_published_time":"2023-08-21T12:26:34+00:00","article_modified_time":"2023-08-21T12:28:50+00:00","og_image":[{"width":814,"height":458,"url":"https:\/\/www.ecinews.fr\/wp-content\/uploads\/import\/default\/files\/sites\/default\/files\/images\/armsoftbank.jpg","type":"image\/jpeg"}],"author":"A Delapalisse, Peter Clarke","twitter_card":"summary_large_image","twitter_misc":{"Written by":"A Delapalisse","Est. reading time":"2 minutes"},"schema":{"@context":"https:\/\/schema.org","@graph":[{"@type":"Article","@id":"https:\/\/www.ecinews.fr\/fr\/softbank-se-prepare-a-introduire-arm-en-bourse\/#article","isPartOf":{"@id":"https:\/\/www.ecinews.fr\/fr\/softbank-se-prepare-a-introduire-arm-en-bourse\/"},"author":{"name":"A Delapalisse","@id":"https:\/\/www.eenewseurope.com\/en\/#\/schema\/person\/0aa2cfb0bd8949724a68cbac8d8321b4"},"headline":"SoftBank se pr\u00e9pare \u00e0 introduire Arm en bourse","datePublished":"2023-08-21T12:26:34+00:00","dateModified":"2023-08-21T12:28:50+00:00","mainEntityOfPage":{"@id":"https:\/\/www.ecinews.fr\/fr\/softbank-se-prepare-a-introduire-arm-en-bourse\/"},"wordCount":306,"publisher":{"@id":"https:\/\/www.eenewseurope.com\/en\/#organization"},"keywords":["Arm","MPUs\/MCUs","RISC-V"],"articleSection":["Actualit\u00e9s \u00e9conomiques"],"inLanguage":"fr-FR"},{"@type":"WebPage","@id":"https:\/\/www.ecinews.fr\/fr\/softbank-se-prepare-a-introduire-arm-en-bourse\/","url":"https:\/\/www.ecinews.fr\/fr\/softbank-se-prepare-a-introduire-arm-en-bourse\/","name":"SoftBank se pr\u00e9pare \u00e0 introduire Arm en bourse","isPartOf":{"@id":"https:\/\/www.eenewseurope.com\/en\/#website"},"datePublished":"2023-08-21T12:26:34+00:00","dateModified":"2023-08-21T12:28:50+00:00","description":"SoftBank Group devrait annoncer aujourd'hui le calendrier de l'IPO du conc\u00e9dant de licence de propri\u00e9t\u00e9 intellectuelle de processeurs Arm.","breadcrumb":{"@id":"https:\/\/www.ecinews.fr\/fr\/softbank-se-prepare-a-introduire-arm-en-bourse\/#breadcrumb"},"inLanguage":"fr-FR","potentialAction":[{"@type":"ReadAction","target":["https:\/\/www.ecinews.fr\/fr\/softbank-se-prepare-a-introduire-arm-en-bourse\/"]}]},{"@type":"BreadcrumbList","@id":"https:\/\/www.ecinews.fr\/fr\/softbank-se-prepare-a-introduire-arm-en-bourse\/#breadcrumb","itemListElement":[{"@type":"ListItem","position":1,"name":"Home","item":"https:\/\/www.ecinews.fr\/fr\/"},{"@type":"ListItem","position":2,"name":"SoftBank se pr\u00e9pare \u00e0 introduire Arm en bourse"}]},{"@type":"WebSite","@id":"https:\/\/www.eenewseurope.com\/en\/#website","url":"https:\/\/www.eenewseurope.com\/en\/","name":"EENewsEurope","description":"Just another WordPress site","publisher":{"@id":"https:\/\/www.eenewseurope.com\/en\/#organization"},"potentialAction":[{"@type":"SearchAction","target":{"@type":"EntryPoint","urlTemplate":"https:\/\/www.eenewseurope.com\/en\/?s={search_term_string}"},"query-input":"required name=search_term_string"}],"inLanguage":"fr-FR"},{"@type":"Organization","@id":"https:\/\/www.eenewseurope.com\/en\/#organization","name":"EENewsEurope","url":"https:\/\/www.eenewseurope.com\/en\/","logo":{"@type":"ImageObject","inLanguage":"fr-FR","@id":"https:\/\/www.eenewseurope.com\/en\/#\/schema\/logo\/image\/","url":"https:\/\/www.ecinews.fr\/wp-content\/uploads\/2022\/02\/logo-1.jpg","contentUrl":"https:\/\/www.ecinews.fr\/wp-content\/uploads\/2022\/02\/logo-1.jpg","width":283,"height":113,"caption":"EENewsEurope"},"image":{"@id":"https:\/\/www.eenewseurope.com\/en\/#\/schema\/logo\/image\/"}},{"@type":"Person","@id":"https:\/\/www.eenewseurope.com\/en\/#\/schema\/person\/0aa2cfb0bd8949724a68cbac8d8321b4","name":"A Delapalisse","image":{"@type":"ImageObject","inLanguage":"fr-FR","@id":"https:\/\/www.eenewseurope.com\/en\/#\/schema\/person\/image\/211ac42237c2e9683c0964086c393cb4","url":"https:\/\/secure.gravatar.com\/avatar\/ad45a8c5da24bc9c7c4940dd1c48a695?s=96&d=mm&r=g","contentUrl":"https:\/\/secure.gravatar.com\/avatar\/ad45a8c5da24bc9c7c4940dd1c48a695?s=96&d=mm&r=g","caption":"A Delapalisse"},"sameAs":["http:\/\/ECI"]}]}},"authors":[{"term_id":1153,"user_id":34,"is_guest":0,"slug":"adelapalisse","display_name":"A Delapalisse","avatar_url":"https:\/\/secure.gravatar.com\/avatar\/ad45a8c5da24bc9c7c4940dd1c48a695?s=96&d=mm&r=g","0":null,"1":"","2":"","3":"","4":"","5":"","6":"","7":"","8":""},{"term_id":3631,"user_id":0,"is_guest":1,"slug":"peter-clarke","display_name":"Peter Clarke","avatar_url":"https:\/\/secure.gravatar.com\/avatar\/?s=96&d=mm&r=g","0":null,"1":"","2":"","3":"","4":"","5":"","6":"","7":"","8":""}],"_links":{"self":[{"href":"https:\/\/www.ecinews.fr\/fr\/wp-json\/wp\/v2\/posts\/430031"}],"collection":[{"href":"https:\/\/www.ecinews.fr\/fr\/wp-json\/wp\/v2\/posts"}],"about":[{"href":"https:\/\/www.ecinews.fr\/fr\/wp-json\/wp\/v2\/types\/post"}],"author":[{"embeddable":true,"href":"https:\/\/www.ecinews.fr\/fr\/wp-json\/wp\/v2\/users\/34"}],"replies":[{"embeddable":true,"href":"https:\/\/www.ecinews.fr\/fr\/wp-json\/wp\/v2\/comments?post=430031"}],"version-history":[{"count":0,"href":"https:\/\/www.ecinews.fr\/fr\/wp-json\/wp\/v2\/posts\/430031\/revisions"}],"wp:featuredmedia":[{"embeddable":true,"href":"https:\/\/www.ecinews.fr\/fr\/wp-json\/wp\/v2\/media\/203946"}],"wp:attachment":[{"href":"https:\/\/www.ecinews.fr\/fr\/wp-json\/wp\/v2\/media?parent=430031"}],"wp:term":[{"taxonomy":"category","embeddable":true,"href":"https:\/\/www.ecinews.fr\/fr\/wp-json\/wp\/v2\/categories?post=430031"},{"taxonomy":"post_tag","embeddable":true,"href":"https:\/\/www.ecinews.fr\/fr\/wp-json\/wp\/v2\/tags?post=430031"},{"taxonomy":"domains","embeddable":true,"href":"https:\/\/www.ecinews.fr\/fr\/wp-json\/wp\/v2\/domains?post=430031"},{"taxonomy":"author","embeddable":true,"href":"https:\/\/www.ecinews.fr\/fr\/wp-json\/wp\/v2\/ppma_author?post=430031"}],"curies":[{"name":"wp","href":"https:\/\/api.w.org\/{rel}","templated":true}]}}