{"id":429728,"date":"2023-08-17T08:42:30","date_gmt":"2023-08-17T06:42:30","guid":{"rendered":"https:\/\/www.eenewseurope.com\/?p=429728"},"modified":"2023-08-17T09:59:16","modified_gmt":"2023-08-17T07:59:16","slug":"nouveau-ceo-pour-synopsys-remplace-aart-de-geus","status":"publish","type":"post","link":"https:\/\/www.ecinews.fr\/fr\/nouveau-ceo-pour-synopsys-remplace-aart-de-geus\/","title":{"rendered":"Sassine Ghazi remplacera Aart de Geus au poste de CEO de Synopsys"},"content":{"rendered":"<h3>Aart de Geus, fondateur et PDG de longue date de la soci\u00e9t\u00e9 d&rsquo;EDA Synopsys, quittera ses fonctions \u00e0 la fin de l&rsquo;ann\u00e9e.<\/h3>\n<p>Le conseil d&rsquo;administration de Synopsys a nomm\u00e9 Sassine Ghazi au poste de CEO \u00e0 compter du 1er janvier 2024. \u00c0 ce moment-l\u00e0, M. de Geus passera du poste de CEO et pr\u00e9sident \u00e0 celui de pr\u00e9sident ex\u00e9cutif. M. Ghazi, actuellement COO, a \u00e9galement rejoint le conseil d&rsquo;administration de Synopsys cette semaine.<\/p>\n<ul>\n<li><a href=\"https:\/\/www.eenewseurope.com\/en\/intel-and-synopsys-expand-ip-eda-partnership\/\">Intel et Synopsys \u00e9tendent leur partenariat IP\/EDA<\/a><\/li>\n<li><a href=\"https:\/\/www.eenewseurope.com\/en\/synopsys-teams-to-boost-chip-design-in-jordan\/\">Des \u00e9quipes de Synopsys pour stimuler la conception de puces en Jordanie<\/a><\/li>\n<\/ul>\n<p>Roy Vallee, administrateur ind\u00e9pendant principal du conseil d&rsquo;administration de Synopsys, a d\u00e9clar\u00e9: \u00ab\u00a0\u00c0 la suite d&rsquo;un processus syst\u00e9matique de planification de la succession sur plusieurs ann\u00e9es et d&rsquo;une discussion avec l&rsquo;ensemble du conseil d&rsquo;administration, nous sommes ravis de promouvoir Sassine pour devenir notre prochain CEO et nous remercions Aart pour la transition exemplaire qu&rsquo;il a planifi\u00e9e\u00a0\u00bb.<\/p>\n<p>M. Ghazi est actuellement pr\u00e9sident et COO, et dirige la strat\u00e9gie de toutes les unit\u00e9s commerciales, des ventes et du marketing chez Synopsys. Avant de rejoindre Synopsys il y a 25 ans, il \u00e9tait ing\u00e9nieur de conception chez Intel.<\/p>\n<p>\u00ab\u00a0En ce qui concerne ma propre voie, outre le fait que je soutiendrai avant tout Sassine, je me concentrerai sur la promotion de notre culture unique et de l&rsquo;innovation technique, tant \u00e0 l&rsquo;int\u00e9rieur qu&rsquo;\u00e0 l&rsquo;ext\u00e9rieur de l&rsquo;entreprise. Dans tous les cas, je soutiendrai Sassine sans faille et je l&rsquo;encouragerai \u00e0 apporter \u00e0 notre entreprise une direction nouvelle, ambitieuse et passionnante\u00a0\u00bb, a d\u00e9clar\u00e9 M. de Geus, qui a aujourd&rsquo;hui 69 ans et qui a fond\u00e9 l&rsquo;entreprise en 1986. Elle emploie aujourd&rsquo;hui quelque 20 000 personnes et a r\u00e9alis\u00e9 un chiffre d&rsquo;affaires d&rsquo;environ $5,5 milliards au cours des douze derniers mois.<\/p>\n<p>\u00ab\u00a0Je connais tr\u00e8s bien Sassine. Il travaille chez Synopsys depuis 25 ans. Il a commenc\u00e9 en tant qu&rsquo;ing\u00e9nieur d&rsquo;application et a ensuite \u00e9volu\u00e9 vers un r\u00f4le commercial. Sassine et moi avons collabor\u00e9 \u00e9troitement pour la premi\u00e8re fois il y a 17 ans, lorsque nous avons \u00e9tabli une relation strat\u00e9gique avec un client \u00e0 fort impact\u00a0\u00bb, a-t-il d\u00e9clar\u00e9.<\/p>\n<p>\u00ab\u00a0Au cours des trois derni\u00e8res ann\u00e9es, nous avons travaill\u00e9 en \u00e9troite collaboration pour faire \u00e9voluer l&rsquo;entreprise en profondeur. Tout cela s&rsquo;est d\u00e9roul\u00e9 alors qu&rsquo;autour de nous, les ombres de Covid, les p\u00e9nuries de la cha\u00eene d&rsquo;approvisionnement, les tensions entre les dirigeants du monde entier et l&rsquo;impact climatique sans pr\u00e9c\u00e9dent ont litt\u00e9ralement color\u00e9 le ciel en rouge fonc\u00e9. Mais c&rsquo;\u00e9tait aussi une p\u00e9riode o\u00f9 les nouvelles architectures et les constructions de composants multi-puces ouvraient la voie \u00e0 une nouvelle croissance exponentielle des performances du silicium avec une demande \u00e9tablie, gr\u00e2ce \u00e0 des avanc\u00e9es impressionnantes dans les domaines de l&rsquo;IA, de l&rsquo;\u00e9lectrification et des besoins en mati\u00e8re de conduite autonome, le tout ayant un impact suppl\u00e9mentaire sur notre secteur dans tous les march\u00e9s verticaux\u00a0\u00bb, a-t-il ajout\u00e9.<\/p>\n<p><a href=\"http:\/\/www.synopsys.com\">www.synopsys.com<\/a><\/p>\n<p>&nbsp;<\/p>\n","protected":false},"excerpt":{"rendered":"<p>Aart de Geus, fondateur et PDG de longue date de la soci\u00e9t\u00e9 d&rsquo;EDA Synopsys, quittera ses fonctions \u00e0 la fin de l&rsquo;ann\u00e9e. Le conseil d&rsquo;administration de Synopsys a nomm\u00e9 Sassine Ghazi au poste de CEO \u00e0 compter du 1er janvier 2024. \u00c0 ce moment-l\u00e0, M. de Geus passera du poste de CEO et pr\u00e9sident \u00e0 [&hellip;]<\/p>\n","protected":false},"author":34,"featured_media":429719,"comment_status":"closed","ping_status":"closed","sticky":false,"template":"","format":"standard","meta":{"_acf_changed":false,"footnotes":""},"categories":[880],"tags":[2117,3302],"domains":[47],"ppma_author":[1153,3640],"class_list":["post-429728","post","type-post","status-publish","format-standard","has-post-thumbnail","hentry","category-actualites-economiques","tag-eda-2","tag-ip-fr","domains-electronique-eci"],"acf":[],"yoast_head":"<title>Sassine Ghazi remplacera Aart de Geus au poste de CEO de Synopsys ...<\/title>\n<meta name=\"description\" content=\"Synopsys a nomm\u00e9 Sassine Ghazi au poste de CEO \u00e0 compter du 1er janvier 2024, date \u00e0 laquelle Aart de Geus deviendra pr\u00e9sident ex\u00e9cutif.\" \/>\n<meta name=\"robots\" content=\"index, follow, max-snippet:-1, max-image-preview:large, max-video-preview:-1\" \/>\n<link rel=\"canonical\" href=\"https:\/\/www.ecinews.fr\/fr\/wp-json\/wp\/v2\/posts\/429728\/\" \/>\n<meta property=\"og:locale\" content=\"fr_FR\" \/>\n<meta property=\"og:type\" content=\"article\" \/>\n<meta property=\"og:title\" content=\"Sassine Ghazi remplacera Aart de Geus au poste de CEO de Synopsys\" \/>\n<meta property=\"og:description\" content=\"Synopsys a nomm\u00e9 Sassine Ghazi au poste de CEO \u00e0 compter du 1er janvier 2024, date \u00e0 laquelle Aart de Geus deviendra pr\u00e9sident ex\u00e9cutif.\" \/>\n<meta property=\"og:url\" content=\"https:\/\/www.ecinews.fr\/fr\/wp-json\/wp\/v2\/posts\/429728\/\" \/>\n<meta property=\"og:site_name\" content=\"EENewsEurope\" \/>\n<meta property=\"article:published_time\" content=\"2023-08-17T06:42:30+00:00\" \/>\n<meta property=\"article:modified_time\" content=\"2023-08-17T07:59:16+00:00\" \/>\n<meta property=\"og:image\" content=\"https:\/\/www.ecinews.fr\/wp-content\/uploads\/2023\/08\/Aart-Sassine-6G7A6348v5-scaled.jpg\" \/>\n\t<meta property=\"og:image:width\" content=\"1080\" \/>\n\t<meta property=\"og:image:height\" content=\"864\" \/>\n\t<meta property=\"og:image:type\" content=\"image\/jpeg\" \/>\n<meta name=\"author\" content=\"A Delapalisse, Nick Flaherty\" \/>\n<meta name=\"twitter:card\" content=\"summary_large_image\" \/>\n<meta name=\"twitter:label1\" content=\"Written by\" \/>\n\t<meta name=\"twitter:data1\" content=\"A Delapalisse\" \/>\n\t<meta name=\"twitter:label2\" content=\"Est. reading time\" \/>\n\t<meta name=\"twitter:data2\" content=\"3 minutes\" \/>\n<script type=\"application\/ld+json\" class=\"yoast-schema-graph\">{\"@context\":\"https:\/\/schema.org\",\"@graph\":[{\"@type\":\"Article\",\"@id\":\"https:\/\/www.ecinews.fr\/fr\/nouveau-ceo-pour-synopsys-remplace-aart-de-geus\/#article\",\"isPartOf\":{\"@id\":\"https:\/\/www.ecinews.fr\/fr\/nouveau-ceo-pour-synopsys-remplace-aart-de-geus\/\"},\"author\":{\"name\":\"A Delapalisse\",\"@id\":\"https:\/\/www.eenewseurope.com\/en\/#\/schema\/person\/0aa2cfb0bd8949724a68cbac8d8321b4\"},\"headline\":\"Sassine Ghazi remplacera Aart de Geus au poste de CEO de Synopsys\",\"datePublished\":\"2023-08-17T06:42:30+00:00\",\"dateModified\":\"2023-08-17T07:59:16+00:00\",\"mainEntityOfPage\":{\"@id\":\"https:\/\/www.ecinews.fr\/fr\/nouveau-ceo-pour-synopsys-remplace-aart-de-geus\/\"},\"wordCount\":532,\"publisher\":{\"@id\":\"https:\/\/www.eenewseurope.com\/en\/#organization\"},\"keywords\":[\"EDA\",\"IP\"],\"articleSection\":[\"Actualit\u00e9s \u00e9conomiques\"],\"inLanguage\":\"fr-FR\"},{\"@type\":\"WebPage\",\"@id\":\"https:\/\/www.ecinews.fr\/fr\/nouveau-ceo-pour-synopsys-remplace-aart-de-geus\/\",\"url\":\"https:\/\/www.ecinews.fr\/fr\/nouveau-ceo-pour-synopsys-remplace-aart-de-geus\/\",\"name\":\"Sassine Ghazi remplacera Aart de Geus au poste de CEO de Synopsys -\",\"isPartOf\":{\"@id\":\"https:\/\/www.eenewseurope.com\/en\/#website\"},\"datePublished\":\"2023-08-17T06:42:30+00:00\",\"dateModified\":\"2023-08-17T07:59:16+00:00\",\"description\":\"Synopsys a nomm\u00e9 Sassine Ghazi au poste de CEO \u00e0 compter du 1er janvier 2024, date \u00e0 laquelle Aart de Geus deviendra pr\u00e9sident ex\u00e9cutif.\",\"breadcrumb\":{\"@id\":\"https:\/\/www.ecinews.fr\/fr\/nouveau-ceo-pour-synopsys-remplace-aart-de-geus\/#breadcrumb\"},\"inLanguage\":\"fr-FR\",\"potentialAction\":[{\"@type\":\"ReadAction\",\"target\":[\"https:\/\/www.ecinews.fr\/fr\/nouveau-ceo-pour-synopsys-remplace-aart-de-geus\/\"]}]},{\"@type\":\"BreadcrumbList\",\"@id\":\"https:\/\/www.ecinews.fr\/fr\/nouveau-ceo-pour-synopsys-remplace-aart-de-geus\/#breadcrumb\",\"itemListElement\":[{\"@type\":\"ListItem\",\"position\":1,\"name\":\"Home\",\"item\":\"https:\/\/www.ecinews.fr\/fr\/\"},{\"@type\":\"ListItem\",\"position\":2,\"name\":\"Sassine Ghazi remplacera Aart de Geus au poste de CEO de Synopsys\"}]},{\"@type\":\"WebSite\",\"@id\":\"https:\/\/www.eenewseurope.com\/en\/#website\",\"url\":\"https:\/\/www.eenewseurope.com\/en\/\",\"name\":\"EENewsEurope\",\"description\":\"Just another WordPress site\",\"publisher\":{\"@id\":\"https:\/\/www.eenewseurope.com\/en\/#organization\"},\"potentialAction\":[{\"@type\":\"SearchAction\",\"target\":{\"@type\":\"EntryPoint\",\"urlTemplate\":\"https:\/\/www.eenewseurope.com\/en\/?s={search_term_string}\"},\"query-input\":\"required name=search_term_string\"}],\"inLanguage\":\"fr-FR\"},{\"@type\":\"Organization\",\"@id\":\"https:\/\/www.eenewseurope.com\/en\/#organization\",\"name\":\"EENewsEurope\",\"url\":\"https:\/\/www.eenewseurope.com\/en\/\",\"logo\":{\"@type\":\"ImageObject\",\"inLanguage\":\"fr-FR\",\"@id\":\"https:\/\/www.eenewseurope.com\/en\/#\/schema\/logo\/image\/\",\"url\":\"https:\/\/www.ecinews.fr\/wp-content\/uploads\/2022\/02\/logo-1.jpg\",\"contentUrl\":\"https:\/\/www.ecinews.fr\/wp-content\/uploads\/2022\/02\/logo-1.jpg\",\"width\":283,\"height\":113,\"caption\":\"EENewsEurope\"},\"image\":{\"@id\":\"https:\/\/www.eenewseurope.com\/en\/#\/schema\/logo\/image\/\"}},{\"@type\":\"Person\",\"@id\":\"https:\/\/www.eenewseurope.com\/en\/#\/schema\/person\/0aa2cfb0bd8949724a68cbac8d8321b4\",\"name\":\"A Delapalisse\",\"image\":{\"@type\":\"ImageObject\",\"inLanguage\":\"fr-FR\",\"@id\":\"https:\/\/www.eenewseurope.com\/en\/#\/schema\/person\/image\/211ac42237c2e9683c0964086c393cb4\",\"url\":\"https:\/\/secure.gravatar.com\/avatar\/ad45a8c5da24bc9c7c4940dd1c48a695?s=96&d=mm&r=g\",\"contentUrl\":\"https:\/\/secure.gravatar.com\/avatar\/ad45a8c5da24bc9c7c4940dd1c48a695?s=96&d=mm&r=g\",\"caption\":\"A Delapalisse\"},\"sameAs\":[\"http:\/\/ECI\"]}]}<\/script>","yoast_head_json":{"title":"Sassine Ghazi remplacera Aart de Geus au poste de CEO de Synopsys ...","description":"Synopsys a nomm\u00e9 Sassine Ghazi au poste de CEO \u00e0 compter du 1er janvier 2024, date \u00e0 laquelle Aart de Geus deviendra pr\u00e9sident ex\u00e9cutif.","robots":{"index":"index","follow":"follow","max-snippet":"max-snippet:-1","max-image-preview":"max-image-preview:large","max-video-preview":"max-video-preview:-1"},"canonical":"https:\/\/www.ecinews.fr\/fr\/wp-json\/wp\/v2\/posts\/429728\/","og_locale":"fr_FR","og_type":"article","og_title":"Sassine Ghazi remplacera Aart de Geus au poste de CEO de Synopsys","og_description":"Synopsys a nomm\u00e9 Sassine Ghazi au poste de CEO \u00e0 compter du 1er janvier 2024, date \u00e0 laquelle Aart de Geus deviendra pr\u00e9sident ex\u00e9cutif.","og_url":"https:\/\/www.ecinews.fr\/fr\/wp-json\/wp\/v2\/posts\/429728\/","og_site_name":"EENewsEurope","article_published_time":"2023-08-17T06:42:30+00:00","article_modified_time":"2023-08-17T07:59:16+00:00","og_image":[{"width":1080,"height":864,"url":"https:\/\/www.ecinews.fr\/wp-content\/uploads\/2023\/08\/Aart-Sassine-6G7A6348v5-scaled.jpg","type":"image\/jpeg"}],"author":"A Delapalisse, Nick Flaherty","twitter_card":"summary_large_image","twitter_misc":{"Written by":"A Delapalisse","Est. reading time":"3 minutes"},"schema":{"@context":"https:\/\/schema.org","@graph":[{"@type":"Article","@id":"https:\/\/www.ecinews.fr\/fr\/nouveau-ceo-pour-synopsys-remplace-aart-de-geus\/#article","isPartOf":{"@id":"https:\/\/www.ecinews.fr\/fr\/nouveau-ceo-pour-synopsys-remplace-aart-de-geus\/"},"author":{"name":"A Delapalisse","@id":"https:\/\/www.eenewseurope.com\/en\/#\/schema\/person\/0aa2cfb0bd8949724a68cbac8d8321b4"},"headline":"Sassine Ghazi remplacera Aart de Geus au poste de CEO de Synopsys","datePublished":"2023-08-17T06:42:30+00:00","dateModified":"2023-08-17T07:59:16+00:00","mainEntityOfPage":{"@id":"https:\/\/www.ecinews.fr\/fr\/nouveau-ceo-pour-synopsys-remplace-aart-de-geus\/"},"wordCount":532,"publisher":{"@id":"https:\/\/www.eenewseurope.com\/en\/#organization"},"keywords":["EDA","IP"],"articleSection":["Actualit\u00e9s \u00e9conomiques"],"inLanguage":"fr-FR"},{"@type":"WebPage","@id":"https:\/\/www.ecinews.fr\/fr\/nouveau-ceo-pour-synopsys-remplace-aart-de-geus\/","url":"https:\/\/www.ecinews.fr\/fr\/nouveau-ceo-pour-synopsys-remplace-aart-de-geus\/","name":"Sassine Ghazi remplacera Aart de Geus au poste de CEO de Synopsys -","isPartOf":{"@id":"https:\/\/www.eenewseurope.com\/en\/#website"},"datePublished":"2023-08-17T06:42:30+00:00","dateModified":"2023-08-17T07:59:16+00:00","description":"Synopsys a nomm\u00e9 Sassine Ghazi au poste de CEO \u00e0 compter du 1er janvier 2024, date \u00e0 laquelle Aart de Geus deviendra pr\u00e9sident ex\u00e9cutif.","breadcrumb":{"@id":"https:\/\/www.ecinews.fr\/fr\/nouveau-ceo-pour-synopsys-remplace-aart-de-geus\/#breadcrumb"},"inLanguage":"fr-FR","potentialAction":[{"@type":"ReadAction","target":["https:\/\/www.ecinews.fr\/fr\/nouveau-ceo-pour-synopsys-remplace-aart-de-geus\/"]}]},{"@type":"BreadcrumbList","@id":"https:\/\/www.ecinews.fr\/fr\/nouveau-ceo-pour-synopsys-remplace-aart-de-geus\/#breadcrumb","itemListElement":[{"@type":"ListItem","position":1,"name":"Home","item":"https:\/\/www.ecinews.fr\/fr\/"},{"@type":"ListItem","position":2,"name":"Sassine Ghazi remplacera Aart de Geus au poste de CEO de Synopsys"}]},{"@type":"WebSite","@id":"https:\/\/www.eenewseurope.com\/en\/#website","url":"https:\/\/www.eenewseurope.com\/en\/","name":"EENewsEurope","description":"Just another WordPress site","publisher":{"@id":"https:\/\/www.eenewseurope.com\/en\/#organization"},"potentialAction":[{"@type":"SearchAction","target":{"@type":"EntryPoint","urlTemplate":"https:\/\/www.eenewseurope.com\/en\/?s={search_term_string}"},"query-input":"required name=search_term_string"}],"inLanguage":"fr-FR"},{"@type":"Organization","@id":"https:\/\/www.eenewseurope.com\/en\/#organization","name":"EENewsEurope","url":"https:\/\/www.eenewseurope.com\/en\/","logo":{"@type":"ImageObject","inLanguage":"fr-FR","@id":"https:\/\/www.eenewseurope.com\/en\/#\/schema\/logo\/image\/","url":"https:\/\/www.ecinews.fr\/wp-content\/uploads\/2022\/02\/logo-1.jpg","contentUrl":"https:\/\/www.ecinews.fr\/wp-content\/uploads\/2022\/02\/logo-1.jpg","width":283,"height":113,"caption":"EENewsEurope"},"image":{"@id":"https:\/\/www.eenewseurope.com\/en\/#\/schema\/logo\/image\/"}},{"@type":"Person","@id":"https:\/\/www.eenewseurope.com\/en\/#\/schema\/person\/0aa2cfb0bd8949724a68cbac8d8321b4","name":"A Delapalisse","image":{"@type":"ImageObject","inLanguage":"fr-FR","@id":"https:\/\/www.eenewseurope.com\/en\/#\/schema\/person\/image\/211ac42237c2e9683c0964086c393cb4","url":"https:\/\/secure.gravatar.com\/avatar\/ad45a8c5da24bc9c7c4940dd1c48a695?s=96&d=mm&r=g","contentUrl":"https:\/\/secure.gravatar.com\/avatar\/ad45a8c5da24bc9c7c4940dd1c48a695?s=96&d=mm&r=g","caption":"A Delapalisse"},"sameAs":["http:\/\/ECI"]}]}},"authors":[{"term_id":1153,"user_id":34,"is_guest":0,"slug":"adelapalisse","display_name":"A Delapalisse","avatar_url":"https:\/\/secure.gravatar.com\/avatar\/ad45a8c5da24bc9c7c4940dd1c48a695?s=96&d=mm&r=g","0":null,"1":"","2":"","3":"","4":"","5":"","6":"","7":"","8":""},{"term_id":3640,"user_id":0,"is_guest":1,"slug":"nick-flaherty","display_name":"Nick Flaherty","avatar_url":"https:\/\/secure.gravatar.com\/avatar\/?s=96&d=mm&r=g","0":null,"1":"","2":"","3":"","4":"","5":"","6":"","7":"","8":""}],"_links":{"self":[{"href":"https:\/\/www.ecinews.fr\/fr\/wp-json\/wp\/v2\/posts\/429728"}],"collection":[{"href":"https:\/\/www.ecinews.fr\/fr\/wp-json\/wp\/v2\/posts"}],"about":[{"href":"https:\/\/www.ecinews.fr\/fr\/wp-json\/wp\/v2\/types\/post"}],"author":[{"embeddable":true,"href":"https:\/\/www.ecinews.fr\/fr\/wp-json\/wp\/v2\/users\/34"}],"replies":[{"embeddable":true,"href":"https:\/\/www.ecinews.fr\/fr\/wp-json\/wp\/v2\/comments?post=429728"}],"version-history":[{"count":0,"href":"https:\/\/www.ecinews.fr\/fr\/wp-json\/wp\/v2\/posts\/429728\/revisions"}],"wp:featuredmedia":[{"embeddable":true,"href":"https:\/\/www.ecinews.fr\/fr\/wp-json\/wp\/v2\/media\/429719"}],"wp:attachment":[{"href":"https:\/\/www.ecinews.fr\/fr\/wp-json\/wp\/v2\/media?parent=429728"}],"wp:term":[{"taxonomy":"category","embeddable":true,"href":"https:\/\/www.ecinews.fr\/fr\/wp-json\/wp\/v2\/categories?post=429728"},{"taxonomy":"post_tag","embeddable":true,"href":"https:\/\/www.ecinews.fr\/fr\/wp-json\/wp\/v2\/tags?post=429728"},{"taxonomy":"domains","embeddable":true,"href":"https:\/\/www.ecinews.fr\/fr\/wp-json\/wp\/v2\/domains?post=429728"},{"taxonomy":"author","embeddable":true,"href":"https:\/\/www.ecinews.fr\/fr\/wp-json\/wp\/v2\/ppma_author?post=429728"}],"curies":[{"name":"wp","href":"https:\/\/api.w.org\/{rel}","templated":true}]}}