{"id":429704,"date":"2023-08-16T16:51:40","date_gmt":"2023-08-16T14:51:40","guid":{"rendered":"https:\/\/www.eenewseurope.com\/?p=429704"},"modified":"2023-08-16T16:57:26","modified_gmt":"2023-08-16T14:57:26","slug":"les-us-veulent-garder-cinq-generations-davance-sur-la-chine","status":"publish","type":"post","link":"https:\/\/www.ecinews.fr\/fr\/les-us-veulent-garder-cinq-generations-davance-sur-la-chine\/","title":{"rendered":"Les US veulent garder cinq g\u00e9n\u00e9rations d&rsquo;avance sur la Chine"},"content":{"rendered":"<h2>Selon Gerald Yin, fondateur et PDG de l&rsquo;entreprise chinoise Advanced Micro-Fabrication Equipment Inc. (AMEC), les \u00c9tats-Unis veulent maintenir la Chine \u00e0 au moins cinq g\u00e9n\u00e9rations de l&rsquo;avant-garde en mati\u00e8re de fabrication de puces.<\/h2>\n<p>Les \u00c9tats-Unis et leurs alli\u00e9s ont mis en place une s\u00e9rie de contr\u00f4les des exportations au cours des derni\u00e8res ann\u00e9es et ont fait valoir que ces contr\u00f4les \u00e9taient d\u00e9finis \u00e9troitement et ne visaient qu&rsquo;\u00e0 assurer la s\u00e9curit\u00e9 nationale des pays concern\u00e9s.<\/p>\n<p>S&rsquo;exprimant lors d&rsquo;une conf\u00e9rence sur les \u00e9quipements de semiconducteurs \u00e0 Wuxi, Gerald Yin a d\u00e9clar\u00e9 que la derni\u00e8re s\u00e9rie de restrictions annonc\u00e9e en octobre 2022 montrait clairement l&rsquo;intention plus large qui sous-tendait les contr\u00f4les am\u00e9ricains \u00e0 l&rsquo;exportation.<\/p>\n<p>Selon le South China Morning Post, M. Yin a soulign\u00e9 qu&rsquo;entre 2019 et aujourd&rsquo;hui, les administrations Trump et Biden ont mis en \u0153uvre 15 s\u00e9ries de restrictions sur les semiconducteurs, visant \u00e0 stopper le d\u00e9veloppement de l&rsquo;industrie chinoise des semiconducteurs. Au moment o\u00f9 ces restrictions sont entr\u00e9es en vigueur, la principale fonderie chinoise, Semiconductor Manufacturing International Corp. (SMIC), \u00e9tait \u00e0 l&rsquo;avant-garde du process du silicium \u00e0 14 nm, mais depuis lors, les restrictions am\u00e9ricaines ont plus ou moins interrompu les d\u00e9veloppements en Chine.<\/p>\n<p>Selon M. Yin, l&rsquo;\u00e9cart entre la Chine et les pays \u00e9trangers est pass\u00e9 de deux \u00e0 cinq g\u00e9n\u00e9rations, car la Chine est rest\u00e9e bloqu\u00e9e au niveau des n\u0153uds de 28 ou 14 nm, alors que le reste du monde est capable de travailler \u00e0 la pointe de la technologie \u00e0 3 nm.<\/p>\n<p>La discussion de Yin sur le contexte politique de l&rsquo;industrie des semi-conducteurs est inhabituelle et montre que les restrictions \u00e0 l&rsquo;export ont s\u00e9v\u00e8rement impact\u00e9 l&rsquo;industrie de semiconducteurs en Chine.<\/p>\n<h4>Liens et articles connexes :<\/h4>\n<p><u><a href=\"https:\/\/www.eenewseurope.com\/en\/china-preps-143-billion-chip-support-goes-to-wto\/\">La Chine pr\u00e9pare une action de soutien aux puces d&rsquo;une valeur de 143 milliards de dollars et s&rsquo;adresse \u00e0 l&rsquo;OMC<\/a> <\/u><\/p>\n<p><a href=\"https:\/\/www.eenewseurope.com\/en\/china-renews-eda-effort-with-startup-trio\/\">La Chine renouvelle ses efforts en mati\u00e8re d&rsquo;EDA avec un trio de start-ups <\/a><\/p>\n<p><a href=\"https:\/\/www.eenewseurope.com\/en\/huaweis-us-free-shanghai-wafer-fab-takes-shape\/\">L&rsquo;usine de fabrication de wafers de silicium de Huawei \u00e0 Shanghai, exempte de droits de douane am\u00e9ricains, prend forme <\/a><\/p>\n","protected":false},"excerpt":{"rendered":"<p>Selon Gerald Yin, fondateur et PDG de l&rsquo;entreprise chinoise Advanced Micro-Fabrication Equipment Inc. (AMEC), les \u00c9tats-Unis veulent maintenir la Chine \u00e0 au moins cinq g\u00e9n\u00e9rations de l&rsquo;avant-garde en mati\u00e8re de fabrication de puces. Les \u00c9tats-Unis et leurs alli\u00e9s ont mis en place une s\u00e9rie de contr\u00f4les des exportations au cours des derni\u00e8res ann\u00e9es et ont [&hellip;]<\/p>\n","protected":false},"author":34,"featured_media":124194,"comment_status":"closed","ping_status":"closed","sticky":false,"template":"","format":"standard","meta":{"_acf_changed":false,"footnotes":""},"categories":[880],"tags":[2128,1558],"domains":[47],"ppma_author":[3631,1153],"class_list":["post-429704","post","type-post","status-publish","format-standard","has-post-thumbnail","hentry","category-actualites-economiques","tag-china-fr","tag-semiconducteurs","domains-electronique-eci"],"acf":[],"yoast_head":"<title>Les US veulent garder cinq g\u00e9n\u00e9rations d&#039;avance sur la Chine ...<\/title>\n<meta name=\"description\" content=\"Selon le PDG d&#039;AMEC, les \u00c9tats-Unis veulent maintenir la Chine \u00e0 au moins cinq g\u00e9n\u00e9rations en mati\u00e8re de fabrication de puces.\" \/>\n<meta name=\"robots\" content=\"index, follow, max-snippet:-1, max-image-preview:large, max-video-preview:-1\" \/>\n<link rel=\"canonical\" href=\"https:\/\/www.ecinews.fr\/fr\/wp-json\/wp\/v2\/posts\/429704\/\" \/>\n<meta property=\"og:locale\" content=\"fr_FR\" \/>\n<meta property=\"og:type\" content=\"article\" \/>\n<meta property=\"og:title\" content=\"Les US veulent garder cinq g\u00e9n\u00e9rations d&#039;avance sur la Chine\" \/>\n<meta property=\"og:description\" content=\"Selon le PDG d&#039;AMEC, les \u00c9tats-Unis veulent maintenir la Chine \u00e0 au moins cinq g\u00e9n\u00e9rations en mati\u00e8re de fabrication de puces.\" \/>\n<meta property=\"og:url\" content=\"https:\/\/www.ecinews.fr\/fr\/wp-json\/wp\/v2\/posts\/429704\/\" \/>\n<meta property=\"og:site_name\" content=\"EENewsEurope\" \/>\n<meta property=\"article:published_time\" content=\"2023-08-16T14:51:40+00:00\" \/>\n<meta property=\"article:modified_time\" content=\"2023-08-16T14:57:26+00:00\" \/>\n<meta property=\"og:image\" content=\"https:\/\/www.eenewseurope.com\/wp-content\/uploads\/import\/default\/files\/sites\/default\/files\/images\/uschina630.jpg\" \/>\n\t<meta property=\"og:image:width\" content=\"630\" \/>\n\t<meta property=\"og:image:height\" content=\"356\" \/>\n\t<meta property=\"og:image:type\" content=\"image\/jpeg\" \/>\n<meta name=\"author\" content=\"Peter Clarke, A Delapalisse\" \/>\n<meta name=\"twitter:card\" content=\"summary_large_image\" \/>\n<meta name=\"twitter:label1\" content=\"Written by\" \/>\n\t<meta name=\"twitter:data1\" content=\"A Delapalisse\" \/>\n\t<meta name=\"twitter:label2\" content=\"Est. reading time\" \/>\n\t<meta name=\"twitter:data2\" content=\"2 minutes\" \/>\n<script type=\"application\/ld+json\" class=\"yoast-schema-graph\">{\"@context\":\"https:\/\/schema.org\",\"@graph\":[{\"@type\":\"Article\",\"@id\":\"https:\/\/www.eenewseurope.com\/fr\/les-us-veulent-garder-cinq-generations-davance-sur-la-chine\/#article\",\"isPartOf\":{\"@id\":\"https:\/\/www.eenewseurope.com\/fr\/les-us-veulent-garder-cinq-generations-davance-sur-la-chine\/\"},\"author\":{\"name\":\"A Delapalisse\",\"@id\":\"https:\/\/www.ecinews.fr\/fr\/#\/schema\/person\/0aa2cfb0bd8949724a68cbac8d8321b4\"},\"headline\":\"Les US veulent garder cinq g\u00e9n\u00e9rations d&rsquo;avance sur la Chine\",\"datePublished\":\"2023-08-16T14:51:40+00:00\",\"dateModified\":\"2023-08-16T14:57:26+00:00\",\"mainEntityOfPage\":{\"@id\":\"https:\/\/www.eenewseurope.com\/fr\/les-us-veulent-garder-cinq-generations-davance-sur-la-chine\/\"},\"wordCount\":377,\"publisher\":{\"@id\":\"https:\/\/www.ecinews.fr\/fr\/#organization\"},\"keywords\":[\"Chine\",\"Semiconducteurs\"],\"articleSection\":[\"Actualit\u00e9s \u00e9conomiques\"],\"inLanguage\":\"fr-FR\"},{\"@type\":\"WebPage\",\"@id\":\"https:\/\/www.eenewseurope.com\/fr\/les-us-veulent-garder-cinq-generations-davance-sur-la-chine\/\",\"url\":\"https:\/\/www.eenewseurope.com\/fr\/les-us-veulent-garder-cinq-generations-davance-sur-la-chine\/\",\"name\":\"Les US veulent garder cinq g\u00e9n\u00e9rations d'avance sur la Chine\",\"isPartOf\":{\"@id\":\"https:\/\/www.ecinews.fr\/fr\/#website\"},\"datePublished\":\"2023-08-16T14:51:40+00:00\",\"dateModified\":\"2023-08-16T14:57:26+00:00\",\"description\":\"Selon le PDG d'AMEC, les \u00c9tats-Unis veulent maintenir la Chine \u00e0 au moins cinq g\u00e9n\u00e9rations en mati\u00e8re de fabrication de puces.\",\"breadcrumb\":{\"@id\":\"https:\/\/www.eenewseurope.com\/fr\/les-us-veulent-garder-cinq-generations-davance-sur-la-chine\/#breadcrumb\"},\"inLanguage\":\"fr-FR\",\"potentialAction\":[{\"@type\":\"ReadAction\",\"target\":[\"https:\/\/www.eenewseurope.com\/fr\/les-us-veulent-garder-cinq-generations-davance-sur-la-chine\/\"]}]},{\"@type\":\"BreadcrumbList\",\"@id\":\"https:\/\/www.eenewseurope.com\/fr\/les-us-veulent-garder-cinq-generations-davance-sur-la-chine\/#breadcrumb\",\"itemListElement\":[{\"@type\":\"ListItem\",\"position\":1,\"name\":\"Home\",\"item\":\"https:\/\/www.ecinews.fr\/fr\/\"},{\"@type\":\"ListItem\",\"position\":2,\"name\":\"Les US veulent garder cinq g\u00e9n\u00e9rations d&rsquo;avance sur la Chine\"}]},{\"@type\":\"WebSite\",\"@id\":\"https:\/\/www.ecinews.fr\/fr\/#website\",\"url\":\"https:\/\/www.ecinews.fr\/fr\/\",\"name\":\"EENewsEurope\",\"description\":\"Just another WordPress site\",\"publisher\":{\"@id\":\"https:\/\/www.ecinews.fr\/fr\/#organization\"},\"potentialAction\":[{\"@type\":\"SearchAction\",\"target\":{\"@type\":\"EntryPoint\",\"urlTemplate\":\"https:\/\/www.ecinews.fr\/fr\/?s={search_term_string}\"},\"query-input\":\"required name=search_term_string\"}],\"inLanguage\":\"fr-FR\"},{\"@type\":\"Organization\",\"@id\":\"https:\/\/www.ecinews.fr\/fr\/#organization\",\"name\":\"EENewsEurope\",\"url\":\"https:\/\/www.ecinews.fr\/fr\/\",\"logo\":{\"@type\":\"ImageObject\",\"inLanguage\":\"fr-FR\",\"@id\":\"https:\/\/www.ecinews.fr\/fr\/#\/schema\/logo\/image\/\",\"url\":\"https:\/\/www.ecinews.fr\/wp-content\/uploads\/2022\/02\/logo-1.jpg\",\"contentUrl\":\"https:\/\/www.ecinews.fr\/wp-content\/uploads\/2022\/02\/logo-1.jpg\",\"width\":283,\"height\":113,\"caption\":\"EENewsEurope\"},\"image\":{\"@id\":\"https:\/\/www.ecinews.fr\/fr\/#\/schema\/logo\/image\/\"}},{\"@type\":\"Person\",\"@id\":\"https:\/\/www.ecinews.fr\/fr\/#\/schema\/person\/0aa2cfb0bd8949724a68cbac8d8321b4\",\"name\":\"A Delapalisse\",\"image\":{\"@type\":\"ImageObject\",\"inLanguage\":\"fr-FR\",\"@id\":\"https:\/\/www.ecinews.fr\/fr\/#\/schema\/person\/image\/211ac42237c2e9683c0964086c393cb4\",\"url\":\"https:\/\/secure.gravatar.com\/avatar\/ad45a8c5da24bc9c7c4940dd1c48a695?s=96&d=mm&r=g\",\"contentUrl\":\"https:\/\/secure.gravatar.com\/avatar\/ad45a8c5da24bc9c7c4940dd1c48a695?s=96&d=mm&r=g\",\"caption\":\"A Delapalisse\"},\"sameAs\":[\"http:\/\/ECI\"]}]}<\/script>","yoast_head_json":{"title":"Les US veulent garder cinq g\u00e9n\u00e9rations d'avance sur la Chine ...","description":"Selon le PDG d'AMEC, les \u00c9tats-Unis veulent maintenir la Chine \u00e0 au moins cinq g\u00e9n\u00e9rations en mati\u00e8re de fabrication de puces.","robots":{"index":"index","follow":"follow","max-snippet":"max-snippet:-1","max-image-preview":"max-image-preview:large","max-video-preview":"max-video-preview:-1"},"canonical":"https:\/\/www.ecinews.fr\/fr\/wp-json\/wp\/v2\/posts\/429704\/","og_locale":"fr_FR","og_type":"article","og_title":"Les US veulent garder cinq g\u00e9n\u00e9rations d'avance sur la Chine","og_description":"Selon le PDG d'AMEC, les \u00c9tats-Unis veulent maintenir la Chine \u00e0 au moins cinq g\u00e9n\u00e9rations en mati\u00e8re de fabrication de puces.","og_url":"https:\/\/www.ecinews.fr\/fr\/wp-json\/wp\/v2\/posts\/429704\/","og_site_name":"EENewsEurope","article_published_time":"2023-08-16T14:51:40+00:00","article_modified_time":"2023-08-16T14:57:26+00:00","og_image":[{"width":630,"height":356,"url":"https:\/\/www.eenewseurope.com\/wp-content\/uploads\/import\/default\/files\/sites\/default\/files\/images\/uschina630.jpg","type":"image\/jpeg"}],"author":"Peter Clarke, A Delapalisse","twitter_card":"summary_large_image","twitter_misc":{"Written by":"A Delapalisse","Est. reading time":"2 minutes"},"schema":{"@context":"https:\/\/schema.org","@graph":[{"@type":"Article","@id":"https:\/\/www.eenewseurope.com\/fr\/les-us-veulent-garder-cinq-generations-davance-sur-la-chine\/#article","isPartOf":{"@id":"https:\/\/www.eenewseurope.com\/fr\/les-us-veulent-garder-cinq-generations-davance-sur-la-chine\/"},"author":{"name":"A Delapalisse","@id":"https:\/\/www.ecinews.fr\/fr\/#\/schema\/person\/0aa2cfb0bd8949724a68cbac8d8321b4"},"headline":"Les US veulent garder cinq g\u00e9n\u00e9rations d&rsquo;avance sur la Chine","datePublished":"2023-08-16T14:51:40+00:00","dateModified":"2023-08-16T14:57:26+00:00","mainEntityOfPage":{"@id":"https:\/\/www.eenewseurope.com\/fr\/les-us-veulent-garder-cinq-generations-davance-sur-la-chine\/"},"wordCount":377,"publisher":{"@id":"https:\/\/www.ecinews.fr\/fr\/#organization"},"keywords":["Chine","Semiconducteurs"],"articleSection":["Actualit\u00e9s \u00e9conomiques"],"inLanguage":"fr-FR"},{"@type":"WebPage","@id":"https:\/\/www.eenewseurope.com\/fr\/les-us-veulent-garder-cinq-generations-davance-sur-la-chine\/","url":"https:\/\/www.eenewseurope.com\/fr\/les-us-veulent-garder-cinq-generations-davance-sur-la-chine\/","name":"Les US veulent garder cinq g\u00e9n\u00e9rations d'avance sur la Chine","isPartOf":{"@id":"https:\/\/www.ecinews.fr\/fr\/#website"},"datePublished":"2023-08-16T14:51:40+00:00","dateModified":"2023-08-16T14:57:26+00:00","description":"Selon le PDG d'AMEC, les \u00c9tats-Unis veulent maintenir la Chine \u00e0 au moins cinq g\u00e9n\u00e9rations en mati\u00e8re de fabrication de puces.","breadcrumb":{"@id":"https:\/\/www.eenewseurope.com\/fr\/les-us-veulent-garder-cinq-generations-davance-sur-la-chine\/#breadcrumb"},"inLanguage":"fr-FR","potentialAction":[{"@type":"ReadAction","target":["https:\/\/www.eenewseurope.com\/fr\/les-us-veulent-garder-cinq-generations-davance-sur-la-chine\/"]}]},{"@type":"BreadcrumbList","@id":"https:\/\/www.eenewseurope.com\/fr\/les-us-veulent-garder-cinq-generations-davance-sur-la-chine\/#breadcrumb","itemListElement":[{"@type":"ListItem","position":1,"name":"Home","item":"https:\/\/www.ecinews.fr\/fr\/"},{"@type":"ListItem","position":2,"name":"Les US veulent garder cinq g\u00e9n\u00e9rations d&rsquo;avance sur la Chine"}]},{"@type":"WebSite","@id":"https:\/\/www.ecinews.fr\/fr\/#website","url":"https:\/\/www.ecinews.fr\/fr\/","name":"EENewsEurope","description":"Just another WordPress site","publisher":{"@id":"https:\/\/www.ecinews.fr\/fr\/#organization"},"potentialAction":[{"@type":"SearchAction","target":{"@type":"EntryPoint","urlTemplate":"https:\/\/www.ecinews.fr\/fr\/?s={search_term_string}"},"query-input":"required name=search_term_string"}],"inLanguage":"fr-FR"},{"@type":"Organization","@id":"https:\/\/www.ecinews.fr\/fr\/#organization","name":"EENewsEurope","url":"https:\/\/www.ecinews.fr\/fr\/","logo":{"@type":"ImageObject","inLanguage":"fr-FR","@id":"https:\/\/www.ecinews.fr\/fr\/#\/schema\/logo\/image\/","url":"https:\/\/www.ecinews.fr\/wp-content\/uploads\/2022\/02\/logo-1.jpg","contentUrl":"https:\/\/www.ecinews.fr\/wp-content\/uploads\/2022\/02\/logo-1.jpg","width":283,"height":113,"caption":"EENewsEurope"},"image":{"@id":"https:\/\/www.ecinews.fr\/fr\/#\/schema\/logo\/image\/"}},{"@type":"Person","@id":"https:\/\/www.ecinews.fr\/fr\/#\/schema\/person\/0aa2cfb0bd8949724a68cbac8d8321b4","name":"A Delapalisse","image":{"@type":"ImageObject","inLanguage":"fr-FR","@id":"https:\/\/www.ecinews.fr\/fr\/#\/schema\/person\/image\/211ac42237c2e9683c0964086c393cb4","url":"https:\/\/secure.gravatar.com\/avatar\/ad45a8c5da24bc9c7c4940dd1c48a695?s=96&d=mm&r=g","contentUrl":"https:\/\/secure.gravatar.com\/avatar\/ad45a8c5da24bc9c7c4940dd1c48a695?s=96&d=mm&r=g","caption":"A Delapalisse"},"sameAs":["http:\/\/ECI"]}]}},"authors":[{"term_id":3631,"user_id":0,"is_guest":1,"slug":"peter-clarke","display_name":"Peter Clarke","avatar_url":"https:\/\/secure.gravatar.com\/avatar\/?s=96&d=mm&r=g","0":null,"1":"","2":"","3":"","4":"","5":"","6":"","7":"","8":""},{"term_id":1153,"user_id":34,"is_guest":0,"slug":"adelapalisse","display_name":"A Delapalisse","avatar_url":"https:\/\/secure.gravatar.com\/avatar\/ad45a8c5da24bc9c7c4940dd1c48a695?s=96&d=mm&r=g","0":null,"1":"","2":"","3":"","4":"","5":"","6":"","7":"","8":""}],"_links":{"self":[{"href":"https:\/\/www.ecinews.fr\/fr\/wp-json\/wp\/v2\/posts\/429704"}],"collection":[{"href":"https:\/\/www.ecinews.fr\/fr\/wp-json\/wp\/v2\/posts"}],"about":[{"href":"https:\/\/www.ecinews.fr\/fr\/wp-json\/wp\/v2\/types\/post"}],"author":[{"embeddable":true,"href":"https:\/\/www.ecinews.fr\/fr\/wp-json\/wp\/v2\/users\/34"}],"replies":[{"embeddable":true,"href":"https:\/\/www.ecinews.fr\/fr\/wp-json\/wp\/v2\/comments?post=429704"}],"version-history":[{"count":0,"href":"https:\/\/www.ecinews.fr\/fr\/wp-json\/wp\/v2\/posts\/429704\/revisions"}],"wp:featuredmedia":[{"embeddable":true,"href":"https:\/\/www.ecinews.fr\/fr\/wp-json\/wp\/v2\/media\/124194"}],"wp:attachment":[{"href":"https:\/\/www.ecinews.fr\/fr\/wp-json\/wp\/v2\/media?parent=429704"}],"wp:term":[{"taxonomy":"category","embeddable":true,"href":"https:\/\/www.ecinews.fr\/fr\/wp-json\/wp\/v2\/categories?post=429704"},{"taxonomy":"post_tag","embeddable":true,"href":"https:\/\/www.ecinews.fr\/fr\/wp-json\/wp\/v2\/tags?post=429704"},{"taxonomy":"domains","embeddable":true,"href":"https:\/\/www.ecinews.fr\/fr\/wp-json\/wp\/v2\/domains?post=429704"},{"taxonomy":"author","embeddable":true,"href":"https:\/\/www.ecinews.fr\/fr\/wp-json\/wp\/v2\/ppma_author?post=429704"}],"curies":[{"name":"wp","href":"https:\/\/api.w.org\/{rel}","templated":true}]}}