{"id":429693,"date":"2023-08-16T16:20:05","date_gmt":"2023-08-16T14:20:05","guid":{"rendered":"https:\/\/www.eenewseurope.com\/?p=429693"},"modified":"2023-08-16T16:20:05","modified_gmt":"2023-08-16T14:20:05","slug":"intel-renonce-a-lacquisition-de-tower","status":"publish","type":"post","link":"https:\/\/www.ecinews.fr\/fr\/intel-renonce-a-lacquisition-de-tower\/","title":{"rendered":"Intel renonce \u00e0 l&rsquo;acquisition de Tower"},"content":{"rendered":"<h2>Intel Corp. a annul\u00e9 son projet d&rsquo;acquisition de la fonderie sp\u00e9cialis\u00e9e Tower Semiconductor Ltd. (Migdal Haemek, Isra\u00ebl) en invoquant l&rsquo;impossibilit\u00e9 d&rsquo;obtenir les autorisations r\u00e9glementaires.<\/h2>\n<p>Intel versera \u00e0 Tower une indemnit\u00e9 de r\u00e9siliation de $353 millions.<\/p>\n<p>L&rsquo;op\u00e9ration a \u00e9t\u00e9 annonc\u00e9e pour la premi\u00e8re fois en f\u00e9vrier 2022 et Intel aurait fait pression sur le r\u00e9gulateur antitrust chinois (voir Le <a href=\"https:\/\/www.eenewseurope.com\/en\/intels-ceo-makes-trip-to-see-chinese-regulator-over-tower\/\">PDG d&rsquo;Intel se rend aupr\u00e8s du r\u00e9gulateur chinois au sujet de Tower<\/a>).<\/p>\n<p>L&rsquo;acquisition de Tower \u00e9tait un \u00e9l\u00e9ment cl\u00e9 du plan d&rsquo;Intel visant \u00e0 revitaliser ses capacit\u00e9s de fabrication de puces avec la cr\u00e9ation d&rsquo;Intel Foundry Services. Intel propose des services de fonderie, mais l&rsquo;acquisition de Tower lui aurait permis d&rsquo;atteindre une masse critique plus rapidement.<\/p>\n<p>\u00ab\u00a0Nos efforts en mati\u00e8re de fonderie sont essentiels pour lib\u00e9rer tout le potentiel de l&rsquo;IDM 2.0, et nous continuons \u00e0 avancer sur toutes les facettes de notre strat\u00e9gie\u00a0\u00bb, a d\u00e9clar\u00e9 Pat Gelsinger, PDG d&rsquo;Intel, dans un communiqu\u00e9. \u00ab\u00a0Nous avan\u00e7ons bien sur notre feuille de route pour regagner le leadership en mati\u00e8re de performance des transistors et performance \u00e9nerg\u00e9tique d&rsquo;ici 2025, en cr\u00e9ant une dynamique avec les clients et l&rsquo;\u00e9cosyst\u00e8me au sens large, et en investissant pour fournir l&#8217;empreinte de fabrication g\u00e9ographiquement diversifi\u00e9e et r\u00e9siliente dont le monde a besoin. Notre respect pour Tower n&rsquo;a fait que cro\u00eetre au cours de ce processus, et nous continuerons \u00e0 rechercher des opportunit\u00e9s de collaboration \u00e0 l&rsquo;avenir.\u00a0\u00bb<\/p>\n<p>Stuart Pann, vice-pr\u00e9sident senior et directeur g\u00e9n\u00e9ral d&rsquo;Intel Foundry Services (IFS), a d\u00e9clar\u00e9 : \u00ab\u00a0Depuis son lancement en 2021, Intel Foundry Services a gagn\u00e9 en attrait aupr\u00e8s des clients et des partenaires, et nous avons fait des progr\u00e8s significatifs vers notre objectif de devenir la deuxi\u00e8me plus grande fonderie externe mondiale d&rsquo;ici la fin de la d\u00e9cennie. Nous construisons une proposition de valeur diff\u00e9renci\u00e9e pour les clients en tant que premi\u00e8re fonderie de syst\u00e8mes ouverts au monde, avec le portefeuille technologique et l&rsquo;expertise de fabrication qui comprend le packaging, les normes de chiplets et les logiciels, allant au-del\u00e0 de la fabrication traditionnelle de wafers.\u00a0\u00bb<\/p>\n<p>Intel d\u00e9veloppe la propri\u00e9t\u00e9 intellectuelle pour ses processus de fabrication nominaux de 3 nm et 18 angstr\u00f6ms et a sign\u00e9 des accords avec Arm et Synopsys.<\/p>\n<p>Intel a \u00e9galement obtenu des contrats du minist\u00e8re am\u00e9ricain de la d\u00e9fense dans le cadre du programme Rapid Assured Microelectronics Prototypes &#8211; Commercial (RAMP-C), avec cinq clients RAMP-C en phase de conception sur le process Intel 18A.<\/p>\n<h4>Liens et articles connexes :<\/h4>\n<p><a href=\"http:\/\/www.intel.com\">www.intel.com<\/a><\/p>\n<h4>Articles de presse :<\/h4>\n<p><a href=\"https:\/\/www.eenewseurope.com\/en\/intels-ceo-makes-trip-to-see-chinese-regulator-over-tower\/\">Le PDG d&rsquo;Intel se rend chez le r\u00e9gulateur chinois au sujet de Tower<\/a><\/p>\n<p><a href=\"https:\/\/www.eenewseurope.com\/en\/intel-acknowledges-tower-takeover-delay\/\">Intel reconna\u00eet le retard dans le rachat de Tower<\/a><\/p>\n<p><a href=\"https:\/\/www.eenewsanalog.com\/en\/intel-set-to-buy-foundry-tower-for-5-4-billion\/\">Intel s&rsquo;appr\u00eate \u00e0 racheter la fonderie Tower pour 5,4 milliards de dollars<\/a><\/p>\n<p>&nbsp;<\/p>\n","protected":false},"excerpt":{"rendered":"<p>Intel Corp. a annul\u00e9 son projet d&rsquo;acquisition de la fonderie sp\u00e9cialis\u00e9e Tower Semiconductor Ltd. (Migdal Haemek, Isra\u00ebl) en invoquant l&rsquo;impossibilit\u00e9 d&rsquo;obtenir les autorisations r\u00e9glementaires. Intel versera \u00e0 Tower une indemnit\u00e9 de r\u00e9siliation de $353 millions. L&rsquo;op\u00e9ration a \u00e9t\u00e9 annonc\u00e9e pour la premi\u00e8re fois en f\u00e9vrier 2022 et Intel aurait fait pression sur le r\u00e9gulateur antitrust [&hellip;]<\/p>\n","protected":false},"author":34,"featured_media":417230,"comment_status":"closed","ping_status":"closed","sticky":false,"template":"","format":"standard","meta":{"_acf_changed":false,"footnotes":""},"categories":[880],"tags":[1795,1558],"domains":[47],"ppma_author":[1153,3631],"class_list":["post-429693","post","type-post","status-publish","format-standard","has-post-thumbnail","hentry","category-actualites-economiques","tag-fonderies","tag-semiconducteurs","domains-electronique-eci"],"acf":[],"yoast_head":"<title>Intel renonce \u00e0 l&#039;acquisition de Tower ...<\/title>\n<meta name=\"description\" content=\"Intel annule l&#039;acquisition de la fonderie Tower Semiconductor, en invoquant l&#039;impossibilit\u00e9 d&#039;obtenir l&#039;autorisation r\u00e9glementaire.\" \/>\n<meta name=\"robots\" content=\"index, follow, max-snippet:-1, max-image-preview:large, max-video-preview:-1\" \/>\n<link rel=\"canonical\" href=\"https:\/\/www.ecinews.fr\/fr\/wp-json\/wp\/v2\/posts\/429693\/\" \/>\n<meta property=\"og:locale\" content=\"fr_FR\" \/>\n<meta property=\"og:type\" content=\"article\" \/>\n<meta property=\"og:title\" content=\"Intel renonce \u00e0 l&#039;acquisition de Tower\" \/>\n<meta property=\"og:description\" content=\"Intel annule l&#039;acquisition de la fonderie Tower Semiconductor, en invoquant l&#039;impossibilit\u00e9 d&#039;obtenir l&#039;autorisation r\u00e9glementaire.\" \/>\n<meta property=\"og:url\" content=\"https:\/\/www.ecinews.fr\/fr\/wp-json\/wp\/v2\/posts\/429693\/\" \/>\n<meta property=\"og:site_name\" content=\"EENewsEurope\" \/>\n<meta property=\"article:published_time\" content=\"2023-08-16T14:20:05+00:00\" \/>\n<meta property=\"og:image\" content=\"https:\/\/www.ecinews.fr\/wp-content\/uploads\/2023\/03\/Semiconductor-Production-scaled.jpg\" \/>\n\t<meta property=\"og:image:width\" content=\"1080\" \/>\n\t<meta property=\"og:image:height\" content=\"934\" \/>\n\t<meta property=\"og:image:type\" content=\"image\/jpeg\" \/>\n<meta name=\"author\" content=\"A Delapalisse, Peter Clarke\" \/>\n<meta name=\"twitter:card\" content=\"summary_large_image\" \/>\n<meta name=\"twitter:label1\" content=\"Written by\" \/>\n\t<meta name=\"twitter:data1\" content=\"A Delapalisse\" \/>\n\t<meta name=\"twitter:label2\" content=\"Est. reading time\" \/>\n\t<meta name=\"twitter:data2\" content=\"2 minutes\" \/>\n<script type=\"application\/ld+json\" class=\"yoast-schema-graph\">{\"@context\":\"https:\/\/schema.org\",\"@graph\":[{\"@type\":\"Article\",\"@id\":\"https:\/\/www.ecinews.fr\/fr\/intel-renonce-a-lacquisition-de-tower\/#article\",\"isPartOf\":{\"@id\":\"https:\/\/www.ecinews.fr\/fr\/intel-renonce-a-lacquisition-de-tower\/\"},\"author\":{\"name\":\"A Delapalisse\",\"@id\":\"https:\/\/www.ecinews.fr\/fr\/#\/schema\/person\/0aa2cfb0bd8949724a68cbac8d8321b4\"},\"headline\":\"Intel renonce \u00e0 l&rsquo;acquisition de Tower\",\"datePublished\":\"2023-08-16T14:20:05+00:00\",\"dateModified\":\"2023-08-16T14:20:05+00:00\",\"mainEntityOfPage\":{\"@id\":\"https:\/\/www.ecinews.fr\/fr\/intel-renonce-a-lacquisition-de-tower\/\"},\"wordCount\":502,\"publisher\":{\"@id\":\"https:\/\/www.ecinews.fr\/fr\/#organization\"},\"keywords\":[\"Fonderies\",\"Semiconducteurs\"],\"articleSection\":[\"Actualit\u00e9s \u00e9conomiques\"],\"inLanguage\":\"fr-FR\"},{\"@type\":\"WebPage\",\"@id\":\"https:\/\/www.ecinews.fr\/fr\/intel-renonce-a-lacquisition-de-tower\/\",\"url\":\"https:\/\/www.ecinews.fr\/fr\/intel-renonce-a-lacquisition-de-tower\/\",\"name\":\"Intel renonce \u00e0 l'acquisition de Tower\",\"isPartOf\":{\"@id\":\"https:\/\/www.ecinews.fr\/fr\/#website\"},\"datePublished\":\"2023-08-16T14:20:05+00:00\",\"dateModified\":\"2023-08-16T14:20:05+00:00\",\"description\":\"Intel annule l'acquisition de la fonderie Tower Semiconductor, en invoquant l'impossibilit\u00e9 d'obtenir l'autorisation r\u00e9glementaire.\",\"breadcrumb\":{\"@id\":\"https:\/\/www.ecinews.fr\/fr\/intel-renonce-a-lacquisition-de-tower\/#breadcrumb\"},\"inLanguage\":\"fr-FR\",\"potentialAction\":[{\"@type\":\"ReadAction\",\"target\":[\"https:\/\/www.ecinews.fr\/fr\/intel-renonce-a-lacquisition-de-tower\/\"]}]},{\"@type\":\"BreadcrumbList\",\"@id\":\"https:\/\/www.ecinews.fr\/fr\/intel-renonce-a-lacquisition-de-tower\/#breadcrumb\",\"itemListElement\":[{\"@type\":\"ListItem\",\"position\":1,\"name\":\"Home\",\"item\":\"https:\/\/www.ecinews.fr\/fr\/\"},{\"@type\":\"ListItem\",\"position\":2,\"name\":\"Intel renonce \u00e0 l&rsquo;acquisition de Tower\"}]},{\"@type\":\"WebSite\",\"@id\":\"https:\/\/www.ecinews.fr\/fr\/#website\",\"url\":\"https:\/\/www.ecinews.fr\/fr\/\",\"name\":\"EENewsEurope\",\"description\":\"Just another WordPress site\",\"publisher\":{\"@id\":\"https:\/\/www.ecinews.fr\/fr\/#organization\"},\"potentialAction\":[{\"@type\":\"SearchAction\",\"target\":{\"@type\":\"EntryPoint\",\"urlTemplate\":\"https:\/\/www.ecinews.fr\/fr\/?s={search_term_string}\"},\"query-input\":\"required name=search_term_string\"}],\"inLanguage\":\"fr-FR\"},{\"@type\":\"Organization\",\"@id\":\"https:\/\/www.ecinews.fr\/fr\/#organization\",\"name\":\"EENewsEurope\",\"url\":\"https:\/\/www.ecinews.fr\/fr\/\",\"logo\":{\"@type\":\"ImageObject\",\"inLanguage\":\"fr-FR\",\"@id\":\"https:\/\/www.ecinews.fr\/fr\/#\/schema\/logo\/image\/\",\"url\":\"https:\/\/www.ecinews.fr\/wp-content\/uploads\/2022\/02\/logo-1.jpg\",\"contentUrl\":\"https:\/\/www.ecinews.fr\/wp-content\/uploads\/2022\/02\/logo-1.jpg\",\"width\":283,\"height\":113,\"caption\":\"EENewsEurope\"},\"image\":{\"@id\":\"https:\/\/www.ecinews.fr\/fr\/#\/schema\/logo\/image\/\"}},{\"@type\":\"Person\",\"@id\":\"https:\/\/www.ecinews.fr\/fr\/#\/schema\/person\/0aa2cfb0bd8949724a68cbac8d8321b4\",\"name\":\"A Delapalisse\",\"image\":{\"@type\":\"ImageObject\",\"inLanguage\":\"fr-FR\",\"@id\":\"https:\/\/www.ecinews.fr\/fr\/#\/schema\/person\/image\/211ac42237c2e9683c0964086c393cb4\",\"url\":\"https:\/\/secure.gravatar.com\/avatar\/ad45a8c5da24bc9c7c4940dd1c48a695?s=96&d=mm&r=g\",\"contentUrl\":\"https:\/\/secure.gravatar.com\/avatar\/ad45a8c5da24bc9c7c4940dd1c48a695?s=96&d=mm&r=g\",\"caption\":\"A Delapalisse\"},\"sameAs\":[\"http:\/\/ECI\"]}]}<\/script>","yoast_head_json":{"title":"Intel renonce \u00e0 l'acquisition de Tower ...","description":"Intel annule l'acquisition de la fonderie Tower Semiconductor, en invoquant l'impossibilit\u00e9 d'obtenir l'autorisation r\u00e9glementaire.","robots":{"index":"index","follow":"follow","max-snippet":"max-snippet:-1","max-image-preview":"max-image-preview:large","max-video-preview":"max-video-preview:-1"},"canonical":"https:\/\/www.ecinews.fr\/fr\/wp-json\/wp\/v2\/posts\/429693\/","og_locale":"fr_FR","og_type":"article","og_title":"Intel renonce \u00e0 l'acquisition de Tower","og_description":"Intel annule l'acquisition de la fonderie Tower Semiconductor, en invoquant l'impossibilit\u00e9 d'obtenir l'autorisation r\u00e9glementaire.","og_url":"https:\/\/www.ecinews.fr\/fr\/wp-json\/wp\/v2\/posts\/429693\/","og_site_name":"EENewsEurope","article_published_time":"2023-08-16T14:20:05+00:00","og_image":[{"width":1080,"height":934,"url":"https:\/\/www.ecinews.fr\/wp-content\/uploads\/2023\/03\/Semiconductor-Production-scaled.jpg","type":"image\/jpeg"}],"author":"A Delapalisse, Peter Clarke","twitter_card":"summary_large_image","twitter_misc":{"Written by":"A Delapalisse","Est. reading time":"2 minutes"},"schema":{"@context":"https:\/\/schema.org","@graph":[{"@type":"Article","@id":"https:\/\/www.ecinews.fr\/fr\/intel-renonce-a-lacquisition-de-tower\/#article","isPartOf":{"@id":"https:\/\/www.ecinews.fr\/fr\/intel-renonce-a-lacquisition-de-tower\/"},"author":{"name":"A Delapalisse","@id":"https:\/\/www.ecinews.fr\/fr\/#\/schema\/person\/0aa2cfb0bd8949724a68cbac8d8321b4"},"headline":"Intel renonce \u00e0 l&rsquo;acquisition de Tower","datePublished":"2023-08-16T14:20:05+00:00","dateModified":"2023-08-16T14:20:05+00:00","mainEntityOfPage":{"@id":"https:\/\/www.ecinews.fr\/fr\/intel-renonce-a-lacquisition-de-tower\/"},"wordCount":502,"publisher":{"@id":"https:\/\/www.ecinews.fr\/fr\/#organization"},"keywords":["Fonderies","Semiconducteurs"],"articleSection":["Actualit\u00e9s \u00e9conomiques"],"inLanguage":"fr-FR"},{"@type":"WebPage","@id":"https:\/\/www.ecinews.fr\/fr\/intel-renonce-a-lacquisition-de-tower\/","url":"https:\/\/www.ecinews.fr\/fr\/intel-renonce-a-lacquisition-de-tower\/","name":"Intel renonce \u00e0 l'acquisition de Tower","isPartOf":{"@id":"https:\/\/www.ecinews.fr\/fr\/#website"},"datePublished":"2023-08-16T14:20:05+00:00","dateModified":"2023-08-16T14:20:05+00:00","description":"Intel annule l'acquisition de la fonderie Tower Semiconductor, en invoquant l'impossibilit\u00e9 d'obtenir l'autorisation r\u00e9glementaire.","breadcrumb":{"@id":"https:\/\/www.ecinews.fr\/fr\/intel-renonce-a-lacquisition-de-tower\/#breadcrumb"},"inLanguage":"fr-FR","potentialAction":[{"@type":"ReadAction","target":["https:\/\/www.ecinews.fr\/fr\/intel-renonce-a-lacquisition-de-tower\/"]}]},{"@type":"BreadcrumbList","@id":"https:\/\/www.ecinews.fr\/fr\/intel-renonce-a-lacquisition-de-tower\/#breadcrumb","itemListElement":[{"@type":"ListItem","position":1,"name":"Home","item":"https:\/\/www.ecinews.fr\/fr\/"},{"@type":"ListItem","position":2,"name":"Intel renonce \u00e0 l&rsquo;acquisition de Tower"}]},{"@type":"WebSite","@id":"https:\/\/www.ecinews.fr\/fr\/#website","url":"https:\/\/www.ecinews.fr\/fr\/","name":"EENewsEurope","description":"Just another WordPress site","publisher":{"@id":"https:\/\/www.ecinews.fr\/fr\/#organization"},"potentialAction":[{"@type":"SearchAction","target":{"@type":"EntryPoint","urlTemplate":"https:\/\/www.ecinews.fr\/fr\/?s={search_term_string}"},"query-input":"required name=search_term_string"}],"inLanguage":"fr-FR"},{"@type":"Organization","@id":"https:\/\/www.ecinews.fr\/fr\/#organization","name":"EENewsEurope","url":"https:\/\/www.ecinews.fr\/fr\/","logo":{"@type":"ImageObject","inLanguage":"fr-FR","@id":"https:\/\/www.ecinews.fr\/fr\/#\/schema\/logo\/image\/","url":"https:\/\/www.ecinews.fr\/wp-content\/uploads\/2022\/02\/logo-1.jpg","contentUrl":"https:\/\/www.ecinews.fr\/wp-content\/uploads\/2022\/02\/logo-1.jpg","width":283,"height":113,"caption":"EENewsEurope"},"image":{"@id":"https:\/\/www.ecinews.fr\/fr\/#\/schema\/logo\/image\/"}},{"@type":"Person","@id":"https:\/\/www.ecinews.fr\/fr\/#\/schema\/person\/0aa2cfb0bd8949724a68cbac8d8321b4","name":"A Delapalisse","image":{"@type":"ImageObject","inLanguage":"fr-FR","@id":"https:\/\/www.ecinews.fr\/fr\/#\/schema\/person\/image\/211ac42237c2e9683c0964086c393cb4","url":"https:\/\/secure.gravatar.com\/avatar\/ad45a8c5da24bc9c7c4940dd1c48a695?s=96&d=mm&r=g","contentUrl":"https:\/\/secure.gravatar.com\/avatar\/ad45a8c5da24bc9c7c4940dd1c48a695?s=96&d=mm&r=g","caption":"A Delapalisse"},"sameAs":["http:\/\/ECI"]}]}},"authors":[{"term_id":1153,"user_id":34,"is_guest":0,"slug":"adelapalisse","display_name":"A Delapalisse","avatar_url":"https:\/\/secure.gravatar.com\/avatar\/ad45a8c5da24bc9c7c4940dd1c48a695?s=96&d=mm&r=g","0":null,"1":"","2":"","3":"","4":"","5":"","6":"","7":"","8":""},{"term_id":3631,"user_id":0,"is_guest":1,"slug":"peter-clarke","display_name":"Peter Clarke","avatar_url":"https:\/\/secure.gravatar.com\/avatar\/?s=96&d=mm&r=g","0":null,"1":"","2":"","3":"","4":"","5":"","6":"","7":"","8":""}],"_links":{"self":[{"href":"https:\/\/www.ecinews.fr\/fr\/wp-json\/wp\/v2\/posts\/429693"}],"collection":[{"href":"https:\/\/www.ecinews.fr\/fr\/wp-json\/wp\/v2\/posts"}],"about":[{"href":"https:\/\/www.ecinews.fr\/fr\/wp-json\/wp\/v2\/types\/post"}],"author":[{"embeddable":true,"href":"https:\/\/www.ecinews.fr\/fr\/wp-json\/wp\/v2\/users\/34"}],"replies":[{"embeddable":true,"href":"https:\/\/www.ecinews.fr\/fr\/wp-json\/wp\/v2\/comments?post=429693"}],"version-history":[{"count":0,"href":"https:\/\/www.ecinews.fr\/fr\/wp-json\/wp\/v2\/posts\/429693\/revisions"}],"wp:featuredmedia":[{"embeddable":true,"href":"https:\/\/www.ecinews.fr\/fr\/wp-json\/wp\/v2\/media\/417230"}],"wp:attachment":[{"href":"https:\/\/www.ecinews.fr\/fr\/wp-json\/wp\/v2\/media?parent=429693"}],"wp:term":[{"taxonomy":"category","embeddable":true,"href":"https:\/\/www.ecinews.fr\/fr\/wp-json\/wp\/v2\/categories?post=429693"},{"taxonomy":"post_tag","embeddable":true,"href":"https:\/\/www.ecinews.fr\/fr\/wp-json\/wp\/v2\/tags?post=429693"},{"taxonomy":"domains","embeddable":true,"href":"https:\/\/www.ecinews.fr\/fr\/wp-json\/wp\/v2\/domains?post=429693"},{"taxonomy":"author","embeddable":true,"href":"https:\/\/www.ecinews.fr\/fr\/wp-json\/wp\/v2\/ppma_author?post=429693"}],"curies":[{"name":"wp","href":"https:\/\/api.w.org\/{rel}","templated":true}]}}