{"id":429241,"date":"2023-08-09T12:29:07","date_gmt":"2023-08-09T10:29:07","guid":{"rendered":"https:\/\/www.eenewseurope.com\/?p=429241"},"modified":"2023-08-09T12:32:29","modified_gmt":"2023-08-09T10:32:29","slug":"10-milliards-e-pour-la-fab-emsc-finfet-en-europe","status":"publish","type":"post","link":"https:\/\/www.ecinews.fr\/fr\/10-milliards-e-pour-la-fab-emsc-finfet-en-europe\/","title":{"rendered":"10 milliards \u20ac pour la Fab EMSC FINFET en Europe"},"content":{"rendered":"<h3>TSMC a annonc\u00e9 son intention d&rsquo;investir conjointement avec Robert Bosch, Infineon Technologies et NXP dans l&rsquo;usine European Semiconductor Manufacturing Company (ESMC) \u00e0 Dresde, en Allemagne.<\/h3>\n<p>L&rsquo;usine ESMC de 300 mm, annonc\u00e9e aujourd&rsquo;hui \u00e0 l&rsquo;issue d&rsquo;une r\u00e9union du conseil d&rsquo;administration de TSMC, r\u00e9pondra aux futurs besoins de capacit\u00e9 des secteurs automobile et industriel en pleine croissance. Toute d\u00e9cision finale d&rsquo;investissement d\u00e9pendra du niveau de financement public du projet dans le cadre de la loi europ\u00e9enne sur les puces \u00e9lectroniques.<\/p>\n<p>L&rsquo;usine pr\u00e9vue devrait avoir une capacit\u00e9 de production mensuelle de 40 000 wafers de 300 mm en technologie CMOS planaire 28\/22 nm et FinFET 16\/12 nm de TSMC.<\/p>\n<p>L&rsquo;usine renforcera l&rsquo;\u00e9cosyst\u00e8me europ\u00e9en de fabrication de semiconducteurs gr\u00e2ce \u00e0 la technologie de pointe des transistors FinFET et \u00e0 quelque 2 000 emplois professionnels directs dans le domaine de la haute technologie. L&rsquo;ESMC pr\u00e9voit de commencer la construction de l&rsquo;usine au cours du second semestre 2024, la production devant d\u00e9buter \u00e0 la fin de l&rsquo;ann\u00e9e 2027.<\/p>\n<h2>La JV ESMC d\u00e9tenue \u00e0 70% par TSMC<\/h2>\n<p>L&rsquo;entreprise commune ESMC pr\u00e9vue sera d\u00e9tenue \u00e0 70 % par TSMC, Bosch, Infineon et NXP d\u00e9tenant chacun une participation de 10 %, sous r\u00e9serve de l&rsquo;obtention des autorisations r\u00e9glementaires et d&rsquo;autres conditions. Le montant total des investissements devrait d\u00e9passer les 10 milliards d&rsquo;euros, sous forme d&rsquo;apports de fonds propres, d&#8217;emprunts et d&rsquo;un soutien important de la part de l&rsquo;Union europ\u00e9enne et du gouvernement allemand. L&rsquo;usine sera exploit\u00e9e par TSMC.<\/p>\n<p>\u00ab\u00a0Cet investissement \u00e0 Dresde d\u00e9montre l&rsquo;engagement de TSMC \u00e0 r\u00e9pondre aux besoins strat\u00e9giques de nos clients en mati\u00e8re de capacit\u00e9 et de technologie, et nous sommes ravis de cette opportunit\u00e9 d&rsquo;approfondir notre partenariat de longue date avec Bosch, Infineon et NXP\u00a0\u00bb, a d\u00e9clar\u00e9 le Dr CC Wei, pr\u00e9sident-directeur g\u00e9n\u00e9ral de TSMC. \u00ab\u00a0L&rsquo;Europe est un lieu tr\u00e8s prometteur pour l&rsquo;innovation dans le domaine des semiconducteurs, en particulier dans les secteurs automobile et industriel, et nous sommes impatients de donner vie \u00e0 ces innovations gr\u00e2ce \u00e0 notre technologie de pointe \u00e0 base de silicium, en collaboration avec les talents de l&rsquo;Europe.<\/p>\n<p>\u00ab\u00a0Les semiconducteurs ne sont pas seulement un facteur de r\u00e9ussite crucial pour Bosch. Leur disponibilit\u00e9 fiable est \u00e9galement d&rsquo;une grande importance pour le succ\u00e8s de l&rsquo;industrie automobile mondiale\u00a0\u00bb, a d\u00e9clar\u00e9 Stefan Hartung, pr\u00e9sident du conseil d&rsquo;administration de Bosch. \u00ab\u00a0Outre l&rsquo;expansion continue de nos propres installations de fabrication, nous renfor\u00e7ons nos cha\u00eenes d&rsquo;approvisionnement en tant que fournisseur automobile gr\u00e2ce \u00e0 une coop\u00e9ration \u00e9troite avec nos partenaires. Avec TSMC, nous sommes heureux de gagner un leader mondial de l&rsquo;innovation pour renforcer l&rsquo;\u00e9cosyst\u00e8me des semiconducteurs \u00e0 proximit\u00e9 directe de notre usine de semiconducteurs de Dresde.\u00a0\u00bb<\/p>\n<ul>\n<li><a href=\"https:\/\/www.eenewseurope.com\/en\/tsmc-raises-arizona-fabs-budget-to-40-billion\/\">TSMC augmente le budget des usines d&rsquo;Arizona \u00e0 40 milliards de dollars<\/a><\/li>\n<li><a href=\"https:\/\/www.eenewseurope.com\/en\/tsmc-to-bring-3nm-process-to-arizona\/\">TSMC va mettre en place le processus 3nm en Arizona<\/a><\/li>\n<\/ul>\n<p>\u00ab\u00a0Notre investissement commun est une \u00e9tape importante dans le renforcement de l&rsquo;\u00e9cosyst\u00e8me europ\u00e9en des semiconducteurs. Dresde renforce ainsi sa position en tant que l&rsquo;un des principaux centres mondiaux de semiconducteurs, qui abrite d\u00e9j\u00e0 le plus grand site frontal d&rsquo;Infineon\u00a0\u00bb, a d\u00e9clar\u00e9 Jochen Hanebeck, PDG d&rsquo;Infineon Technologies. \u00ab\u00a0Infineon utilisera cette nouvelle capacit\u00e9 pour r\u00e9pondre \u00e0 la demande croissante, en particulier de ses clients europ\u00e9ens, notamment dans les secteurs de l&rsquo;automobile et de l&rsquo;IdO. Les capacit\u00e9s avanc\u00e9es serviront de base au d\u00e9veloppement de technologies, de produits et de solutions innovants pour relever les d\u00e9fis mondiaux de la d\u00e9carbonisation et de la num\u00e9risation.\u00a0\u00bb<\/p>\n<p>\u00ab\u00a0NXP s&rsquo;engage \u00e0 renforcer l&rsquo;innovation et la r\u00e9silience de la cha\u00eene d&rsquo;approvisionnement en Europe\u00a0\u00bb, a d\u00e9clar\u00e9 Kurt Sievers, pr\u00e9sident-directeur g\u00e9n\u00e9ral de NXP Semiconductors. \u00ab\u00a0Nous remercions l&rsquo;Union europ\u00e9enne, l&rsquo;Allemagne et l&rsquo;\u00c9tat libre de Saxe d&rsquo;avoir reconnu le r\u00f4le essentiel de l&rsquo;industrie des semiconducteurs et de s&rsquo;\u00eatre v\u00e9ritablement engag\u00e9s \u00e0 stimuler l&rsquo;\u00e9cosyst\u00e8me europ\u00e9en des puces. La construction de cette nouvelle et importante fonderie de semiconducteurs apportera l&rsquo;innovation et la capacit\u00e9 n\u00e9cessaires pour toute la gamme de composants silicium requise pour alimenter la num\u00e9risation et l&rsquo;\u00e9lectrification en forte croissance des secteurs automobile et industriel.\u00a0\u00bb<\/p>\n<p><a title=\"bosch.com\" href=\"http:\/\/www.bosch.com\" target=\"_blank\" rel=\"noopener\">www.bosch.com<\/a> <a href=\"https:\/\/www.bosch.com\/\">;<\/a> <a href=\"http:\/\/www.infineon.com\">www.infineon.com ;<\/a> <a href=\"http:\/\/www.nxp.com\/\">www.nxp.com ;<\/a> <a href=\"http:\/\/www.tsmc.com\">www.tsmc.com<\/a>.<\/p>\n<p>&nbsp;<\/p>\n","protected":false},"excerpt":{"rendered":"<p>TSMC a annonc\u00e9 son intention d&rsquo;investir conjointement avec Robert Bosch, Infineon Technologies et NXP dans l&rsquo;usine European Semiconductor Manufacturing Company (ESMC) \u00e0 Dresde, en Allemagne. L&rsquo;usine ESMC de 300 mm, annonc\u00e9e aujourd&rsquo;hui \u00e0 l&rsquo;issue d&rsquo;une r\u00e9union du conseil d&rsquo;administration de TSMC, r\u00e9pondra aux futurs besoins de capacit\u00e9 des secteurs automobile et industriel en pleine croissance. [&hellip;]<\/p>\n","protected":false},"author":2,"featured_media":422661,"comment_status":"closed","ping_status":"closed","sticky":false,"template":"","format":"standard","meta":{"_acf_changed":false,"footnotes":""},"categories":[880,883],"tags":[2264,1558,2541],"domains":[47],"ppma_author":[3640],"class_list":["post-429241","post","type-post","status-publish","format-standard","has-post-thumbnail","hentry","category-actualites-economiques","category-technologies","tag-fabs","tag-semiconducteurs","tag-tsmc","domains-electronique-eci"],"acf":[],"yoast_head":"<title>10 milliards \u20ac pour la Fab EMSC FINFET en Europe ...<\/title>\n<meta name=\"description\" content=\"TSMC, Robert Bosch, Infineon Technologies et NXP ont annonc\u00e9 une Fab commune, ESMC \u00e0 10 milliards \u20ac \u00e0 Dresde, en Allemagne.\" \/>\n<meta name=\"robots\" content=\"index, follow, max-snippet:-1, max-image-preview:large, max-video-preview:-1\" \/>\n<link rel=\"canonical\" href=\"https:\/\/www.ecinews.fr\/fr\/wp-json\/wp\/v2\/posts\/429241\/\" \/>\n<meta property=\"og:locale\" content=\"fr_FR\" \/>\n<meta property=\"og:type\" content=\"article\" \/>\n<meta property=\"og:title\" content=\"10 milliards \u20ac pour la Fab EMSC FINFET en Europe\" \/>\n<meta property=\"og:description\" content=\"TSMC, Robert Bosch, Infineon Technologies et NXP ont annonc\u00e9 une Fab commune, ESMC \u00e0 10 milliards \u20ac \u00e0 Dresde, en Allemagne.\" \/>\n<meta property=\"og:url\" content=\"https:\/\/www.ecinews.fr\/fr\/wp-json\/wp\/v2\/posts\/429241\/\" \/>\n<meta property=\"og:site_name\" content=\"EENewsEurope\" \/>\n<meta property=\"article:published_time\" content=\"2023-08-09T10:29:07+00:00\" \/>\n<meta property=\"article:modified_time\" content=\"2023-08-09T10:32:29+00:00\" \/>\n<meta property=\"og:image\" content=\"https:\/\/www.ecinews.fr\/wp-content\/uploads\/2023\/05\/DALL\u00b7E-2023-05-24-11.15.05-A-montage-of-Dresden-Germany-with-a-European-flag-e1684923512572.png\" \/>\n\t<meta property=\"og:image:width\" content=\"1024\" \/>\n\t<meta property=\"og:image:height\" content=\"1024\" \/>\n\t<meta property=\"og:image:type\" content=\"image\/png\" \/>\n<meta name=\"author\" content=\"Nick Flaherty\" \/>\n<meta name=\"twitter:card\" content=\"summary_large_image\" \/>\n<meta name=\"twitter:label1\" content=\"Written by\" \/>\n\t<meta name=\"twitter:data1\" content=\"NicolasR\" \/>\n\t<meta name=\"twitter:label2\" content=\"Est. reading time\" \/>\n\t<meta name=\"twitter:data2\" content=\"3 minutes\" \/>\n<script type=\"application\/ld+json\" class=\"yoast-schema-graph\">{\"@context\":\"https:\/\/schema.org\",\"@graph\":[{\"@type\":\"Article\",\"@id\":\"https:\/\/www.ecinews.fr\/fr\/10-milliards-e-pour-la-fab-emsc-finfet-en-europe\/#article\",\"isPartOf\":{\"@id\":\"https:\/\/www.ecinews.fr\/fr\/10-milliards-e-pour-la-fab-emsc-finfet-en-europe\/\"},\"author\":{\"name\":\"NicolasR\",\"@id\":\"https:\/\/www.ecinews.fr\/fr\/#\/schema\/person\/78961bf5e4a331d3b8b2d58fdfef976c\"},\"headline\":\"10 milliards \u20ac pour la Fab EMSC FINFET en Europe\",\"datePublished\":\"2023-08-09T10:29:07+00:00\",\"dateModified\":\"2023-08-09T10:32:29+00:00\",\"mainEntityOfPage\":{\"@id\":\"https:\/\/www.ecinews.fr\/fr\/10-milliards-e-pour-la-fab-emsc-finfet-en-europe\/\"},\"wordCount\":750,\"publisher\":{\"@id\":\"https:\/\/www.ecinews.fr\/fr\/#organization\"},\"keywords\":[\"Fabs\",\"Semiconducteurs\",\"TSMC\"],\"articleSection\":[\"Actualit\u00e9s \u00e9conomiques\",\"Technologies\"],\"inLanguage\":\"fr-FR\"},{\"@type\":\"WebPage\",\"@id\":\"https:\/\/www.ecinews.fr\/fr\/10-milliards-e-pour-la-fab-emsc-finfet-en-europe\/\",\"url\":\"https:\/\/www.ecinews.fr\/fr\/10-milliards-e-pour-la-fab-emsc-finfet-en-europe\/\",\"name\":\"10 milliards \u20ac pour la Fab EMSC FINFET en Europe -\",\"isPartOf\":{\"@id\":\"https:\/\/www.ecinews.fr\/fr\/#website\"},\"datePublished\":\"2023-08-09T10:29:07+00:00\",\"dateModified\":\"2023-08-09T10:32:29+00:00\",\"description\":\"TSMC, Robert Bosch, Infineon Technologies et NXP ont annonc\u00e9 une Fab commune, ESMC \u00e0 10 milliards \u20ac \u00e0 Dresde, en Allemagne.\",\"breadcrumb\":{\"@id\":\"https:\/\/www.ecinews.fr\/fr\/10-milliards-e-pour-la-fab-emsc-finfet-en-europe\/#breadcrumb\"},\"inLanguage\":\"fr-FR\",\"potentialAction\":[{\"@type\":\"ReadAction\",\"target\":[\"https:\/\/www.ecinews.fr\/fr\/10-milliards-e-pour-la-fab-emsc-finfet-en-europe\/\"]}]},{\"@type\":\"BreadcrumbList\",\"@id\":\"https:\/\/www.ecinews.fr\/fr\/10-milliards-e-pour-la-fab-emsc-finfet-en-europe\/#breadcrumb\",\"itemListElement\":[{\"@type\":\"ListItem\",\"position\":1,\"name\":\"Home\",\"item\":\"https:\/\/www.ecinews.fr\/fr\/\"},{\"@type\":\"ListItem\",\"position\":2,\"name\":\"10 milliards \u20ac pour la Fab EMSC FINFET en Europe\"}]},{\"@type\":\"WebSite\",\"@id\":\"https:\/\/www.ecinews.fr\/fr\/#website\",\"url\":\"https:\/\/www.ecinews.fr\/fr\/\",\"name\":\"EENewsEurope\",\"description\":\"Just another WordPress site\",\"publisher\":{\"@id\":\"https:\/\/www.ecinews.fr\/fr\/#organization\"},\"potentialAction\":[{\"@type\":\"SearchAction\",\"target\":{\"@type\":\"EntryPoint\",\"urlTemplate\":\"https:\/\/www.ecinews.fr\/fr\/?s={search_term_string}\"},\"query-input\":\"required name=search_term_string\"}],\"inLanguage\":\"fr-FR\"},{\"@type\":\"Organization\",\"@id\":\"https:\/\/www.ecinews.fr\/fr\/#organization\",\"name\":\"EENewsEurope\",\"url\":\"https:\/\/www.ecinews.fr\/fr\/\",\"logo\":{\"@type\":\"ImageObject\",\"inLanguage\":\"fr-FR\",\"@id\":\"https:\/\/www.ecinews.fr\/fr\/#\/schema\/logo\/image\/\",\"url\":\"https:\/\/www.ecinews.fr\/wp-content\/uploads\/2022\/02\/logo-1.jpg\",\"contentUrl\":\"https:\/\/www.ecinews.fr\/wp-content\/uploads\/2022\/02\/logo-1.jpg\",\"width\":283,\"height\":113,\"caption\":\"EENewsEurope\"},\"image\":{\"@id\":\"https:\/\/www.ecinews.fr\/fr\/#\/schema\/logo\/image\/\"}},{\"@type\":\"Person\",\"@id\":\"https:\/\/www.ecinews.fr\/fr\/#\/schema\/person\/78961bf5e4a331d3b8b2d58fdfef976c\",\"name\":\"NicolasR\",\"image\":{\"@type\":\"ImageObject\",\"inLanguage\":\"fr-FR\",\"@id\":\"https:\/\/www.ecinews.fr\/fr\/#\/schema\/person\/image\/1113513d73c6c997fc7ac1ecedfff8d9\",\"url\":\"https:\/\/secure.gravatar.com\/avatar\/8c46107760468ab8a00c814c26c19ab4?s=96&d=mm&r=g\",\"contentUrl\":\"https:\/\/secure.gravatar.com\/avatar\/8c46107760468ab8a00c814c26c19ab4?s=96&d=mm&r=g\",\"caption\":\"NicolasR\"}}]}<\/script>","yoast_head_json":{"title":"10 milliards \u20ac pour la Fab EMSC FINFET en Europe ...","description":"TSMC, Robert Bosch, Infineon Technologies et NXP ont annonc\u00e9 une Fab commune, ESMC \u00e0 10 milliards \u20ac \u00e0 Dresde, en Allemagne.","robots":{"index":"index","follow":"follow","max-snippet":"max-snippet:-1","max-image-preview":"max-image-preview:large","max-video-preview":"max-video-preview:-1"},"canonical":"https:\/\/www.ecinews.fr\/fr\/wp-json\/wp\/v2\/posts\/429241\/","og_locale":"fr_FR","og_type":"article","og_title":"10 milliards \u20ac pour la Fab EMSC FINFET en Europe","og_description":"TSMC, Robert Bosch, Infineon Technologies et NXP ont annonc\u00e9 une Fab commune, ESMC \u00e0 10 milliards \u20ac \u00e0 Dresde, en Allemagne.","og_url":"https:\/\/www.ecinews.fr\/fr\/wp-json\/wp\/v2\/posts\/429241\/","og_site_name":"EENewsEurope","article_published_time":"2023-08-09T10:29:07+00:00","article_modified_time":"2023-08-09T10:32:29+00:00","og_image":[{"width":1024,"height":1024,"url":"https:\/\/www.ecinews.fr\/wp-content\/uploads\/2023\/05\/DALL\u00b7E-2023-05-24-11.15.05-A-montage-of-Dresden-Germany-with-a-European-flag-e1684923512572.png","type":"image\/png"}],"author":"Nick Flaherty","twitter_card":"summary_large_image","twitter_misc":{"Written by":"NicolasR","Est. reading time":"3 minutes"},"schema":{"@context":"https:\/\/schema.org","@graph":[{"@type":"Article","@id":"https:\/\/www.ecinews.fr\/fr\/10-milliards-e-pour-la-fab-emsc-finfet-en-europe\/#article","isPartOf":{"@id":"https:\/\/www.ecinews.fr\/fr\/10-milliards-e-pour-la-fab-emsc-finfet-en-europe\/"},"author":{"name":"NicolasR","@id":"https:\/\/www.ecinews.fr\/fr\/#\/schema\/person\/78961bf5e4a331d3b8b2d58fdfef976c"},"headline":"10 milliards \u20ac pour la Fab EMSC FINFET en Europe","datePublished":"2023-08-09T10:29:07+00:00","dateModified":"2023-08-09T10:32:29+00:00","mainEntityOfPage":{"@id":"https:\/\/www.ecinews.fr\/fr\/10-milliards-e-pour-la-fab-emsc-finfet-en-europe\/"},"wordCount":750,"publisher":{"@id":"https:\/\/www.ecinews.fr\/fr\/#organization"},"keywords":["Fabs","Semiconducteurs","TSMC"],"articleSection":["Actualit\u00e9s \u00e9conomiques","Technologies"],"inLanguage":"fr-FR"},{"@type":"WebPage","@id":"https:\/\/www.ecinews.fr\/fr\/10-milliards-e-pour-la-fab-emsc-finfet-en-europe\/","url":"https:\/\/www.ecinews.fr\/fr\/10-milliards-e-pour-la-fab-emsc-finfet-en-europe\/","name":"10 milliards \u20ac pour la Fab EMSC FINFET en Europe -","isPartOf":{"@id":"https:\/\/www.ecinews.fr\/fr\/#website"},"datePublished":"2023-08-09T10:29:07+00:00","dateModified":"2023-08-09T10:32:29+00:00","description":"TSMC, Robert Bosch, Infineon Technologies et NXP ont annonc\u00e9 une Fab commune, ESMC \u00e0 10 milliards \u20ac \u00e0 Dresde, en Allemagne.","breadcrumb":{"@id":"https:\/\/www.ecinews.fr\/fr\/10-milliards-e-pour-la-fab-emsc-finfet-en-europe\/#breadcrumb"},"inLanguage":"fr-FR","potentialAction":[{"@type":"ReadAction","target":["https:\/\/www.ecinews.fr\/fr\/10-milliards-e-pour-la-fab-emsc-finfet-en-europe\/"]}]},{"@type":"BreadcrumbList","@id":"https:\/\/www.ecinews.fr\/fr\/10-milliards-e-pour-la-fab-emsc-finfet-en-europe\/#breadcrumb","itemListElement":[{"@type":"ListItem","position":1,"name":"Home","item":"https:\/\/www.ecinews.fr\/fr\/"},{"@type":"ListItem","position":2,"name":"10 milliards \u20ac pour la Fab EMSC FINFET en Europe"}]},{"@type":"WebSite","@id":"https:\/\/www.ecinews.fr\/fr\/#website","url":"https:\/\/www.ecinews.fr\/fr\/","name":"EENewsEurope","description":"Just another WordPress site","publisher":{"@id":"https:\/\/www.ecinews.fr\/fr\/#organization"},"potentialAction":[{"@type":"SearchAction","target":{"@type":"EntryPoint","urlTemplate":"https:\/\/www.ecinews.fr\/fr\/?s={search_term_string}"},"query-input":"required name=search_term_string"}],"inLanguage":"fr-FR"},{"@type":"Organization","@id":"https:\/\/www.ecinews.fr\/fr\/#organization","name":"EENewsEurope","url":"https:\/\/www.ecinews.fr\/fr\/","logo":{"@type":"ImageObject","inLanguage":"fr-FR","@id":"https:\/\/www.ecinews.fr\/fr\/#\/schema\/logo\/image\/","url":"https:\/\/www.ecinews.fr\/wp-content\/uploads\/2022\/02\/logo-1.jpg","contentUrl":"https:\/\/www.ecinews.fr\/wp-content\/uploads\/2022\/02\/logo-1.jpg","width":283,"height":113,"caption":"EENewsEurope"},"image":{"@id":"https:\/\/www.ecinews.fr\/fr\/#\/schema\/logo\/image\/"}},{"@type":"Person","@id":"https:\/\/www.ecinews.fr\/fr\/#\/schema\/person\/78961bf5e4a331d3b8b2d58fdfef976c","name":"NicolasR","image":{"@type":"ImageObject","inLanguage":"fr-FR","@id":"https:\/\/www.ecinews.fr\/fr\/#\/schema\/person\/image\/1113513d73c6c997fc7ac1ecedfff8d9","url":"https:\/\/secure.gravatar.com\/avatar\/8c46107760468ab8a00c814c26c19ab4?s=96&d=mm&r=g","contentUrl":"https:\/\/secure.gravatar.com\/avatar\/8c46107760468ab8a00c814c26c19ab4?s=96&d=mm&r=g","caption":"NicolasR"}}]}},"authors":[{"term_id":3640,"user_id":0,"is_guest":1,"slug":"nick-flaherty","display_name":"Nick Flaherty","avatar_url":"https:\/\/secure.gravatar.com\/avatar\/?s=96&d=mm&r=g","0":null,"1":"","2":"","3":"","4":"","5":"","6":"","7":"","8":""}],"_links":{"self":[{"href":"https:\/\/www.ecinews.fr\/fr\/wp-json\/wp\/v2\/posts\/429241"}],"collection":[{"href":"https:\/\/www.ecinews.fr\/fr\/wp-json\/wp\/v2\/posts"}],"about":[{"href":"https:\/\/www.ecinews.fr\/fr\/wp-json\/wp\/v2\/types\/post"}],"author":[{"embeddable":true,"href":"https:\/\/www.ecinews.fr\/fr\/wp-json\/wp\/v2\/users\/2"}],"replies":[{"embeddable":true,"href":"https:\/\/www.ecinews.fr\/fr\/wp-json\/wp\/v2\/comments?post=429241"}],"version-history":[{"count":0,"href":"https:\/\/www.ecinews.fr\/fr\/wp-json\/wp\/v2\/posts\/429241\/revisions"}],"wp:featuredmedia":[{"embeddable":true,"href":"https:\/\/www.ecinews.fr\/fr\/wp-json\/wp\/v2\/media\/422661"}],"wp:attachment":[{"href":"https:\/\/www.ecinews.fr\/fr\/wp-json\/wp\/v2\/media?parent=429241"}],"wp:term":[{"taxonomy":"category","embeddable":true,"href":"https:\/\/www.ecinews.fr\/fr\/wp-json\/wp\/v2\/categories?post=429241"},{"taxonomy":"post_tag","embeddable":true,"href":"https:\/\/www.ecinews.fr\/fr\/wp-json\/wp\/v2\/tags?post=429241"},{"taxonomy":"domains","embeddable":true,"href":"https:\/\/www.ecinews.fr\/fr\/wp-json\/wp\/v2\/domains?post=429241"},{"taxonomy":"author","embeddable":true,"href":"https:\/\/www.ecinews.fr\/fr\/wp-json\/wp\/v2\/ppma_author?post=429241"}],"curies":[{"name":"wp","href":"https:\/\/api.w.org\/{rel}","templated":true}]}}