{"id":429095,"date":"2023-08-08T12:41:52","date_gmt":"2023-08-08T10:41:52","guid":{"rendered":"https:\/\/www.eenewseurope.com\/?p=429095"},"modified":"2023-08-08T12:44:48","modified_gmt":"2023-08-08T10:44:48","slug":"leurope-en-pointe-pour-les-batteries-na-ion","status":"publish","type":"post","link":"https:\/\/www.ecinews.fr\/fr\/leurope-en-pointe-pour-les-batteries-na-ion\/","title":{"rendered":"L&rsquo;europe en pointe pour les batteries Na-ion"},"content":{"rendered":"<h3>Selon un nouveau rapport de Straits Research, le march\u00e9 mondial des batteries sodium-ion devrait atteindre 2,665 milliards de dollars d&rsquo;ici 2030.<\/h3>\n<p>La croissance moyenne annuelle CAGR de 11,2 % est due \u00e0 la baisse des co\u00fbts pour des densit\u00e9s d&rsquo;\u00e9nergie comparables, \u00e0 un stockage d&rsquo;\u00e9nergie comparable et \u00e0 une s\u00e9curit\u00e9 accrue gr\u00e2ce \u00e0 une excellente stabilit\u00e9 thermique et \u00e0 une dur\u00e9e de vie exceptionnelle par rapport aux piles au lithium-ion.<\/p>\n<p>Les batteries sodium-ion sont g\u00e9n\u00e9ralement plus appropri\u00e9es pour les applications stationnaires, indique le rapport, mais le principal moteur de l&rsquo;industrie des batteries sodium-ion est la demande croissante pour les v\u00e9hicules \u00e9lectriques.<\/p>\n<p>L&rsquo;Europe est la r\u00e9gion dominante du march\u00e9 au cours de la p\u00e9riode \u00e9tudi\u00e9e. En raison de l&rsquo;augmentation du nombre d&rsquo;entreprises qui d\u00e9veloppent et commercialisent des batteries sodium-ion. Faradion, au UK, a cr\u00e9\u00e9 la premi\u00e8re voiture au monde aliment\u00e9e par une batterie sodium-ion en collaboration avec Williams Advanced Engineering et l&rsquo;Universit\u00e9 d&rsquo;Oxford. En janvier 2021, l&rsquo;entreprise s&rsquo;est concentr\u00e9e sur le projet Low-Cost Storage of Renewable Energy financ\u00e9 par Innovate UK, qui vise \u00e0 d\u00e9montrer la technologie Na-ion pour le stockage de l&rsquo;\u00e9nergie solaire.<\/p>\n<ul>\n<li><a href=\"https:\/\/www.eenewseurope.com\/en\/faradion-sold-for-indian-battery-gigafactory\/\">Faradion vendu pour la gigafactory indienne de batteries<\/a><\/li>\n<li><a href=\"https:\/\/www.eenewseurope.com\/en\/williams-helps-develop-worlds-first-sodium-ion-powered-vehicle\/\">Williams participe \u00e0 la mise au point du premier v\u00e9hicule au monde aliment\u00e9 par des ions de sodium<\/a><\/li>\n<li><a href=\"https:\/\/www.eenewseurope.com\/en\/faraday-adds-four-battery-research-projects-in-55m-boost\/\">Faraday ajoute quatre projets de recherche sur les batteries pour un montant de 55 millions de livres sterling<\/a><\/li>\n<\/ul>\n<p>Les promesses de la batterie Na-ion ont \u00e9t\u00e9 confirm\u00e9es par Naiades, un projet fran\u00e7ais soutenu par l&rsquo;Union europ\u00e9enne. L&rsquo;objectif principal du projet \u00e9tait de d\u00e9velopper une technologie de batterie pour le stockage \u00e0 long terme de l&rsquo;\u00e9nergie \u00e9lectrique (EES) bas\u00e9e sur la technologie sodium-ion qui r\u00e9duirait consid\u00e9rablement le co\u00fbt de la technologie par rapport au lithium-ion tout en garantissant la s\u00e9curit\u00e9 \u00e0 long terme, la dur\u00e9e de vie du cycle et la densit\u00e9 \u00e9nerg\u00e9tique.<\/p>\n<p>L&rsquo;Am\u00e9rique du Nord est la deuxi\u00e8me r\u00e9gion en importance et devrait conna\u00eetre un taux de croissance annuel moyen de 9,6 % au cours de la p\u00e9riode de pr\u00e9vision. L&rsquo;Am\u00e9rique du Nord devrait conna\u00eetre une croissance consid\u00e9rable au cours de la p\u00e9riode projet\u00e9e en raison de l&rsquo;adoption croissante des v\u00e9hicules \u00e9lectriques et des projets d&rsquo;\u00e9nergie solaire et \u00e9olienne dans la r\u00e9gion. L&rsquo;\u00e9nergie \u00e9olienne est l&rsquo;une des technologies d&rsquo;\u00e9nergie renouvelable qui se d\u00e9veloppe le plus rapidement.<\/p>\n<p>Le march\u00e9 nord-am\u00e9ricain des batteries sodium-ion devrait conna\u00eetre des d\u00e9bouch\u00e9s lucratifs dans les ann\u00e9es \u00e0 venir en raison des projets d&rsquo;augmentation significative de la capacit\u00e9 de production d&rsquo;\u00e9nergie solaire et \u00e9olienne et de l&rsquo;augmentation des ventes de v\u00e9hicules \u00e9lectriques.<\/p>\n<p>La r\u00e9gion Asie-Pacifique est la troisi\u00e8me en importance. Pour r\u00e9duire les \u00e9missions, le march\u00e9 des batteries sodium-ion augmentera dans les secteurs de la production d&rsquo;\u00e9lectricit\u00e9 et des transports, en particulier en Inde, en Chine et dans d&rsquo;autres pays d&rsquo;Asie du Sud-Est, notamment le Japon, la Cor\u00e9e, l&rsquo;Indon\u00e9sie et la Malaisie.<\/p>\n<ul>\n<li><a href=\"https:\/\/www.eenewseurope.com\/en\/australian-deal-for-sodium-ion-battery-packs\/\">Accord australien pour des batteries sodium-ion<\/a><\/li>\n<li><a href=\"https:\/\/www.eenewseurope.com\/en\/e5m-for-production-of-sodium-battery-cells-for-electric-cars\/\">5 millions d&rsquo;euros pour la production de cellules de batteries au sodium pour les voitures \u00e9lectriques<\/a><\/li>\n<\/ul>\n<p>Le rapport couvre les batteries sodium-soufre, les batteries sodium-sel (Zebra Batteries) et les batteries sodium-oxyg\u00e8ne (Sodium Air) utilis\u00e9es dans les appareils \u00e9lectroniques grand public, l&rsquo;automobile et les transports, les \u00e9conomies d&rsquo;\u00e9nergie, les applications au niveau du r\u00e9seau, l&rsquo;industrie, l&rsquo;a\u00e9rospatial et la d\u00e9fense ainsi que la marine.<\/p>\n<p>Les soci\u00e9t\u00e9s mentionn\u00e9es dans l&rsquo;\u00e9tude comprennent Faradion, AGM Batteries, NEI, Natron Energy, Haldor Topsoe, Hina Battery Technology, Aquion, Sumitomo Chemica, Naiades et Tiamat Energy.<\/p>\n<p><a href=\"https:\/\/www.globenewswire.com\/Tracker?data=utgefw1KXGvR3rHc_ffGdOqjyfvUCx3lMWvwSq_fUWIvoqeYiA9Ipjj9Tkh7YNBdXO7sVFj-yvJmB534U2yAcjRb_A-trXdoQT57tPCwTODqQBNQK7wdb2ZKjcx1QpuKlP_uKbuFh01QyVgqCoY6_CZaRY4JvIR_Qtqa-_YHxdDQeaxOowEv6FPJbPB3lJi0yxQStw29091CkJO5LofOuw==\">straitsresearch.com\/buy-now\/sodium-ion-battery-market<\/a><\/p>\n","protected":false},"excerpt":{"rendered":"<p>Selon un nouveau rapport de Straits Research, le march\u00e9 mondial des batteries sodium-ion devrait atteindre 2,665 milliards de dollars d&rsquo;ici 2030. La croissance moyenne annuelle CAGR de 11,2 % est due \u00e0 la baisse des co\u00fbts pour des densit\u00e9s d&rsquo;\u00e9nergie comparables, \u00e0 un stockage d&rsquo;\u00e9nergie comparable et \u00e0 une s\u00e9curit\u00e9 accrue gr\u00e2ce \u00e0 une excellente [&hellip;]<\/p>\n","protected":false},"author":34,"featured_media":429078,"comment_status":"closed","ping_status":"closed","sticky":false,"template":"","format":"standard","meta":{"_acf_changed":false,"footnotes":""},"categories":[888,883],"tags":[1978,4308],"domains":[47],"ppma_author":[1153,3640],"class_list":["post-429095","post","type-post","status-publish","format-standard","has-post-thumbnail","hentry","category-marche","category-technologies","tag-batteries","tag-na-ion","domains-electronique-eci"],"acf":[],"yoast_head":"<title>L&#039;europe en pointe pour les batteries Na-ion ...<\/title>\n<meta name=\"description\" content=\"Selon un nouveau rapport de Straits Research, le march\u00e9 mondial des batteries Na-ion devrait atteindre $2,665 milliards d&#039;ici 2030.\" \/>\n<meta name=\"robots\" content=\"index, follow, max-snippet:-1, max-image-preview:large, max-video-preview:-1\" \/>\n<link rel=\"canonical\" href=\"https:\/\/www.ecinews.fr\/fr\/wp-json\/wp\/v2\/posts\/429095\/\" \/>\n<meta property=\"og:locale\" content=\"fr_FR\" \/>\n<meta property=\"og:type\" content=\"article\" \/>\n<meta property=\"og:title\" content=\"L&#039;europe en pointe pour les batteries Na-ion\" \/>\n<meta property=\"og:description\" content=\"Selon un nouveau rapport de Straits Research, le march\u00e9 mondial des batteries Na-ion devrait atteindre $2,665 milliards d&#039;ici 2030.\" \/>\n<meta property=\"og:url\" content=\"https:\/\/www.ecinews.fr\/fr\/wp-json\/wp\/v2\/posts\/429095\/\" \/>\n<meta property=\"og:site_name\" content=\"EENewsEurope\" \/>\n<meta property=\"article:published_time\" content=\"2023-08-08T10:41:52+00:00\" \/>\n<meta property=\"article:modified_time\" content=\"2023-08-08T10:44:48+00:00\" \/>\n<meta property=\"og:image\" content=\"https:\/\/www.ecinews.fr\/wp-content\/uploads\/2023\/08\/Faradion-sodium-ion-battery-pouches.jpg\" \/>\n\t<meta property=\"og:image:width\" content=\"554\" \/>\n\t<meta property=\"og:image:height\" content=\"385\" \/>\n\t<meta property=\"og:image:type\" content=\"image\/jpeg\" \/>\n<meta name=\"author\" content=\"A Delapalisse, Nick Flaherty\" \/>\n<meta name=\"twitter:card\" content=\"summary_large_image\" \/>\n<meta name=\"twitter:label1\" content=\"Written by\" \/>\n\t<meta name=\"twitter:data1\" content=\"A Delapalisse\" \/>\n\t<meta name=\"twitter:label2\" content=\"Est. reading time\" \/>\n\t<meta name=\"twitter:data2\" content=\"3 minutes\" \/>\n<script type=\"application\/ld+json\" class=\"yoast-schema-graph\">{\"@context\":\"https:\/\/schema.org\",\"@graph\":[{\"@type\":\"Article\",\"@id\":\"https:\/\/www.ecinews.fr\/fr\/leurope-en-pointe-pour-les-batteries-na-ion\/#article\",\"isPartOf\":{\"@id\":\"https:\/\/www.ecinews.fr\/fr\/leurope-en-pointe-pour-les-batteries-na-ion\/\"},\"author\":{\"name\":\"A Delapalisse\",\"@id\":\"https:\/\/www.ecinews.fr\/fr\/#\/schema\/person\/0aa2cfb0bd8949724a68cbac8d8321b4\"},\"headline\":\"L&rsquo;europe en pointe pour les batteries Na-ion\",\"datePublished\":\"2023-08-08T10:41:52+00:00\",\"dateModified\":\"2023-08-08T10:44:48+00:00\",\"mainEntityOfPage\":{\"@id\":\"https:\/\/www.ecinews.fr\/fr\/leurope-en-pointe-pour-les-batteries-na-ion\/\"},\"wordCount\":646,\"publisher\":{\"@id\":\"https:\/\/www.ecinews.fr\/fr\/#organization\"},\"keywords\":[\"Batteries\",\"Na-Ion\"],\"articleSection\":[\"March\u00e9\",\"Technologies\"],\"inLanguage\":\"fr-FR\"},{\"@type\":\"WebPage\",\"@id\":\"https:\/\/www.ecinews.fr\/fr\/leurope-en-pointe-pour-les-batteries-na-ion\/\",\"url\":\"https:\/\/www.ecinews.fr\/fr\/leurope-en-pointe-pour-les-batteries-na-ion\/\",\"name\":\"L'europe en pointe pour les batteries Na-ion -\",\"isPartOf\":{\"@id\":\"https:\/\/www.ecinews.fr\/fr\/#website\"},\"datePublished\":\"2023-08-08T10:41:52+00:00\",\"dateModified\":\"2023-08-08T10:44:48+00:00\",\"description\":\"Selon un nouveau rapport de Straits Research, le march\u00e9 mondial des batteries Na-ion devrait atteindre $2,665 milliards d'ici 2030.\",\"breadcrumb\":{\"@id\":\"https:\/\/www.ecinews.fr\/fr\/leurope-en-pointe-pour-les-batteries-na-ion\/#breadcrumb\"},\"inLanguage\":\"fr-FR\",\"potentialAction\":[{\"@type\":\"ReadAction\",\"target\":[\"https:\/\/www.ecinews.fr\/fr\/leurope-en-pointe-pour-les-batteries-na-ion\/\"]}]},{\"@type\":\"BreadcrumbList\",\"@id\":\"https:\/\/www.ecinews.fr\/fr\/leurope-en-pointe-pour-les-batteries-na-ion\/#breadcrumb\",\"itemListElement\":[{\"@type\":\"ListItem\",\"position\":1,\"name\":\"Home\",\"item\":\"https:\/\/www.ecinews.fr\/fr\/\"},{\"@type\":\"ListItem\",\"position\":2,\"name\":\"L&rsquo;europe en pointe pour les batteries Na-ion\"}]},{\"@type\":\"WebSite\",\"@id\":\"https:\/\/www.ecinews.fr\/fr\/#website\",\"url\":\"https:\/\/www.ecinews.fr\/fr\/\",\"name\":\"EENewsEurope\",\"description\":\"Just another WordPress site\",\"publisher\":{\"@id\":\"https:\/\/www.ecinews.fr\/fr\/#organization\"},\"potentialAction\":[{\"@type\":\"SearchAction\",\"target\":{\"@type\":\"EntryPoint\",\"urlTemplate\":\"https:\/\/www.ecinews.fr\/fr\/?s={search_term_string}\"},\"query-input\":\"required name=search_term_string\"}],\"inLanguage\":\"fr-FR\"},{\"@type\":\"Organization\",\"@id\":\"https:\/\/www.ecinews.fr\/fr\/#organization\",\"name\":\"EENewsEurope\",\"url\":\"https:\/\/www.ecinews.fr\/fr\/\",\"logo\":{\"@type\":\"ImageObject\",\"inLanguage\":\"fr-FR\",\"@id\":\"https:\/\/www.ecinews.fr\/fr\/#\/schema\/logo\/image\/\",\"url\":\"https:\/\/www.ecinews.fr\/wp-content\/uploads\/2022\/02\/logo-1.jpg\",\"contentUrl\":\"https:\/\/www.ecinews.fr\/wp-content\/uploads\/2022\/02\/logo-1.jpg\",\"width\":283,\"height\":113,\"caption\":\"EENewsEurope\"},\"image\":{\"@id\":\"https:\/\/www.ecinews.fr\/fr\/#\/schema\/logo\/image\/\"}},{\"@type\":\"Person\",\"@id\":\"https:\/\/www.ecinews.fr\/fr\/#\/schema\/person\/0aa2cfb0bd8949724a68cbac8d8321b4\",\"name\":\"A Delapalisse\",\"image\":{\"@type\":\"ImageObject\",\"inLanguage\":\"fr-FR\",\"@id\":\"https:\/\/www.ecinews.fr\/fr\/#\/schema\/person\/image\/211ac42237c2e9683c0964086c393cb4\",\"url\":\"https:\/\/secure.gravatar.com\/avatar\/ad45a8c5da24bc9c7c4940dd1c48a695?s=96&d=mm&r=g\",\"contentUrl\":\"https:\/\/secure.gravatar.com\/avatar\/ad45a8c5da24bc9c7c4940dd1c48a695?s=96&d=mm&r=g\",\"caption\":\"A Delapalisse\"},\"sameAs\":[\"http:\/\/ECI\"]}]}<\/script>","yoast_head_json":{"title":"L'europe en pointe pour les batteries Na-ion ...","description":"Selon un nouveau rapport de Straits Research, le march\u00e9 mondial des batteries Na-ion devrait atteindre $2,665 milliards d'ici 2030.","robots":{"index":"index","follow":"follow","max-snippet":"max-snippet:-1","max-image-preview":"max-image-preview:large","max-video-preview":"max-video-preview:-1"},"canonical":"https:\/\/www.ecinews.fr\/fr\/wp-json\/wp\/v2\/posts\/429095\/","og_locale":"fr_FR","og_type":"article","og_title":"L'europe en pointe pour les batteries Na-ion","og_description":"Selon un nouveau rapport de Straits Research, le march\u00e9 mondial des batteries Na-ion devrait atteindre $2,665 milliards d'ici 2030.","og_url":"https:\/\/www.ecinews.fr\/fr\/wp-json\/wp\/v2\/posts\/429095\/","og_site_name":"EENewsEurope","article_published_time":"2023-08-08T10:41:52+00:00","article_modified_time":"2023-08-08T10:44:48+00:00","og_image":[{"width":554,"height":385,"url":"https:\/\/www.ecinews.fr\/wp-content\/uploads\/2023\/08\/Faradion-sodium-ion-battery-pouches.jpg","type":"image\/jpeg"}],"author":"A Delapalisse, Nick Flaherty","twitter_card":"summary_large_image","twitter_misc":{"Written by":"A Delapalisse","Est. reading time":"3 minutes"},"schema":{"@context":"https:\/\/schema.org","@graph":[{"@type":"Article","@id":"https:\/\/www.ecinews.fr\/fr\/leurope-en-pointe-pour-les-batteries-na-ion\/#article","isPartOf":{"@id":"https:\/\/www.ecinews.fr\/fr\/leurope-en-pointe-pour-les-batteries-na-ion\/"},"author":{"name":"A Delapalisse","@id":"https:\/\/www.ecinews.fr\/fr\/#\/schema\/person\/0aa2cfb0bd8949724a68cbac8d8321b4"},"headline":"L&rsquo;europe en pointe pour les batteries Na-ion","datePublished":"2023-08-08T10:41:52+00:00","dateModified":"2023-08-08T10:44:48+00:00","mainEntityOfPage":{"@id":"https:\/\/www.ecinews.fr\/fr\/leurope-en-pointe-pour-les-batteries-na-ion\/"},"wordCount":646,"publisher":{"@id":"https:\/\/www.ecinews.fr\/fr\/#organization"},"keywords":["Batteries","Na-Ion"],"articleSection":["March\u00e9","Technologies"],"inLanguage":"fr-FR"},{"@type":"WebPage","@id":"https:\/\/www.ecinews.fr\/fr\/leurope-en-pointe-pour-les-batteries-na-ion\/","url":"https:\/\/www.ecinews.fr\/fr\/leurope-en-pointe-pour-les-batteries-na-ion\/","name":"L'europe en pointe pour les batteries Na-ion -","isPartOf":{"@id":"https:\/\/www.ecinews.fr\/fr\/#website"},"datePublished":"2023-08-08T10:41:52+00:00","dateModified":"2023-08-08T10:44:48+00:00","description":"Selon un nouveau rapport de Straits Research, le march\u00e9 mondial des batteries Na-ion devrait atteindre $2,665 milliards d'ici 2030.","breadcrumb":{"@id":"https:\/\/www.ecinews.fr\/fr\/leurope-en-pointe-pour-les-batteries-na-ion\/#breadcrumb"},"inLanguage":"fr-FR","potentialAction":[{"@type":"ReadAction","target":["https:\/\/www.ecinews.fr\/fr\/leurope-en-pointe-pour-les-batteries-na-ion\/"]}]},{"@type":"BreadcrumbList","@id":"https:\/\/www.ecinews.fr\/fr\/leurope-en-pointe-pour-les-batteries-na-ion\/#breadcrumb","itemListElement":[{"@type":"ListItem","position":1,"name":"Home","item":"https:\/\/www.ecinews.fr\/fr\/"},{"@type":"ListItem","position":2,"name":"L&rsquo;europe en pointe pour les batteries Na-ion"}]},{"@type":"WebSite","@id":"https:\/\/www.ecinews.fr\/fr\/#website","url":"https:\/\/www.ecinews.fr\/fr\/","name":"EENewsEurope","description":"Just another WordPress site","publisher":{"@id":"https:\/\/www.ecinews.fr\/fr\/#organization"},"potentialAction":[{"@type":"SearchAction","target":{"@type":"EntryPoint","urlTemplate":"https:\/\/www.ecinews.fr\/fr\/?s={search_term_string}"},"query-input":"required name=search_term_string"}],"inLanguage":"fr-FR"},{"@type":"Organization","@id":"https:\/\/www.ecinews.fr\/fr\/#organization","name":"EENewsEurope","url":"https:\/\/www.ecinews.fr\/fr\/","logo":{"@type":"ImageObject","inLanguage":"fr-FR","@id":"https:\/\/www.ecinews.fr\/fr\/#\/schema\/logo\/image\/","url":"https:\/\/www.ecinews.fr\/wp-content\/uploads\/2022\/02\/logo-1.jpg","contentUrl":"https:\/\/www.ecinews.fr\/wp-content\/uploads\/2022\/02\/logo-1.jpg","width":283,"height":113,"caption":"EENewsEurope"},"image":{"@id":"https:\/\/www.ecinews.fr\/fr\/#\/schema\/logo\/image\/"}},{"@type":"Person","@id":"https:\/\/www.ecinews.fr\/fr\/#\/schema\/person\/0aa2cfb0bd8949724a68cbac8d8321b4","name":"A Delapalisse","image":{"@type":"ImageObject","inLanguage":"fr-FR","@id":"https:\/\/www.ecinews.fr\/fr\/#\/schema\/person\/image\/211ac42237c2e9683c0964086c393cb4","url":"https:\/\/secure.gravatar.com\/avatar\/ad45a8c5da24bc9c7c4940dd1c48a695?s=96&d=mm&r=g","contentUrl":"https:\/\/secure.gravatar.com\/avatar\/ad45a8c5da24bc9c7c4940dd1c48a695?s=96&d=mm&r=g","caption":"A Delapalisse"},"sameAs":["http:\/\/ECI"]}]}},"authors":[{"term_id":1153,"user_id":34,"is_guest":0,"slug":"adelapalisse","display_name":"A Delapalisse","avatar_url":"https:\/\/secure.gravatar.com\/avatar\/ad45a8c5da24bc9c7c4940dd1c48a695?s=96&d=mm&r=g","0":null,"1":"","2":"","3":"","4":"","5":"","6":"","7":"","8":""},{"term_id":3640,"user_id":0,"is_guest":1,"slug":"nick-flaherty","display_name":"Nick Flaherty","avatar_url":"https:\/\/secure.gravatar.com\/avatar\/?s=96&d=mm&r=g","0":null,"1":"","2":"","3":"","4":"","5":"","6":"","7":"","8":""}],"_links":{"self":[{"href":"https:\/\/www.ecinews.fr\/fr\/wp-json\/wp\/v2\/posts\/429095"}],"collection":[{"href":"https:\/\/www.ecinews.fr\/fr\/wp-json\/wp\/v2\/posts"}],"about":[{"href":"https:\/\/www.ecinews.fr\/fr\/wp-json\/wp\/v2\/types\/post"}],"author":[{"embeddable":true,"href":"https:\/\/www.ecinews.fr\/fr\/wp-json\/wp\/v2\/users\/34"}],"replies":[{"embeddable":true,"href":"https:\/\/www.ecinews.fr\/fr\/wp-json\/wp\/v2\/comments?post=429095"}],"version-history":[{"count":0,"href":"https:\/\/www.ecinews.fr\/fr\/wp-json\/wp\/v2\/posts\/429095\/revisions"}],"wp:featuredmedia":[{"embeddable":true,"href":"https:\/\/www.ecinews.fr\/fr\/wp-json\/wp\/v2\/media\/429078"}],"wp:attachment":[{"href":"https:\/\/www.ecinews.fr\/fr\/wp-json\/wp\/v2\/media?parent=429095"}],"wp:term":[{"taxonomy":"category","embeddable":true,"href":"https:\/\/www.ecinews.fr\/fr\/wp-json\/wp\/v2\/categories?post=429095"},{"taxonomy":"post_tag","embeddable":true,"href":"https:\/\/www.ecinews.fr\/fr\/wp-json\/wp\/v2\/tags?post=429095"},{"taxonomy":"domains","embeddable":true,"href":"https:\/\/www.ecinews.fr\/fr\/wp-json\/wp\/v2\/domains?post=429095"},{"taxonomy":"author","embeddable":true,"href":"https:\/\/www.ecinews.fr\/fr\/wp-json\/wp\/v2\/ppma_author?post=429095"}],"curies":[{"name":"wp","href":"https:\/\/api.w.org\/{rel}","templated":true}]}}