{"id":427439,"date":"2023-07-18T15:35:32","date_gmt":"2023-07-18T13:35:32","guid":{"rendered":"https:\/\/www.eenewseurope.com\/?p=427439"},"modified":"2023-07-18T15:35:32","modified_gmt":"2023-07-18T13:35:32","slug":"malgre-la-crise-13-fabs-300mm-ouvriront-en-2023","status":"publish","type":"post","link":"https:\/\/www.ecinews.fr\/fr\/malgre-la-crise-13-fabs-300mm-ouvriront-en-2023\/","title":{"rendered":"Malgr\u00e9 la crise, 13 Fabs 300mm ouvriront en 2023"},"content":{"rendered":"<h2>Malgr\u00e9 la faiblesse du march\u00e9, 13 nouvelles fabs de 300 mm commenceront \u00e0 produire en 2023, selon le cabinet d&rsquo;\u00e9tudes de march\u00e9 Knometa Research Corp.<\/h2>\n<p>Nombre d&rsquo;entre elles sont destin\u00e9es \u00e0 produire des semiconducteurs de puissance discrets, la demande \u00e9tant stimul\u00e9e par l&rsquo;\u00e9lectrification des automobiles.<\/p>\n<p>\u00c0 la fin de l&rsquo;ann\u00e9e 2022, Knometa estime qu&rsquo;il y avait 167 fabs utilisant des wafers de 300 mm de diam\u00e8tre pour la fabrication de circuits int\u00e9gr\u00e9s, y compris les capteurs d&rsquo;images CMOS, et de produits non li\u00e9s aux circuits int\u00e9gr\u00e9s, tels que des composants de puissance discrets. Ce chiffre passera \u00e0 180 d&rsquo;ici la fin de l&rsquo;ann\u00e9e 2023.<\/p>\n<div id=\"attachment_427413\" style=\"width: 610px\" class=\"wp-caption alignleft\"><img decoding=\"async\" aria-describedby=\"caption-attachment-427413\" class=\"size-full wp-image-427413 lazyload\" data-src=\"https:\/\/www.eenewseurope.com\/wp-content\/uploads\/2023\/07\/KnometaTable600.jpg\" alt=\"\" width=\"600\" height=\"290\" data-srcset=\"https:\/\/www.ecinews.fr\/wp-content\/uploads\/2023\/07\/KnometaTable600.jpg 600w, https:\/\/www.ecinews.fr\/wp-content\/uploads\/2023\/07\/KnometaTable600-300x145.jpg 300w\" data-sizes=\"(max-width: 600px) 100vw, 600px\" src=\"data:image\/svg+xml;base64,PHN2ZyB3aWR0aD0iMSIgaGVpZ2h0PSIxIiB4bWxucz0iaHR0cDovL3d3dy53My5vcmcvMjAwMC9zdmciPjwvc3ZnPg==\" style=\"--smush-placeholder-width: 600px; --smush-placeholder-aspect-ratio: 600\/290;\" \/><p id=\"caption-attachment-427413\" class=\"wp-caption-text\"><em><strong>Ouverture de fabs de wafers de 300 mm en 2023. Source : Knometa Research Corp.<\/strong><\/em><\/p><\/div>\n<p>Les nouvelles unit\u00e9s de production de wafers de 300 mm qui seront mises en service en 2023 sont destin\u00e9es \u00e0 la production de transistors de puissance, de circuits logiques avanc\u00e9s et de services de fonderie. Sur les 13 fabs 300 mm qui ouvriront en 2023, cinq se consacrent \u00e0 la production de produits non IC, dont trois en Chine et deux au Japon. Deux tiers des nouvelles fabs 300 mm ouvertes cette ann\u00e9e sont destin\u00e9es \u00e0 des services de fonderie, quatre d&rsquo;entre elles \u00e9tant enti\u00e8rement d\u00e9di\u00e9es \u00e0 la fabrication de semiconducteurs pour d&rsquo;autres entreprises en tant que fonderie.<\/p>\n<div id=\"attachment_427416\" style=\"width: 610px\" class=\"wp-caption alignleft\"><img decoding=\"async\" aria-describedby=\"caption-attachment-427416\" class=\"wp-image-427416 size-full lazyload\" data-src=\"https:\/\/www.eenewseurope.com\/wp-content\/uploads\/2023\/07\/KnometaGraph600.jpg\" alt=\"\" width=\"600\" height=\"388\" data-srcset=\"https:\/\/www.ecinews.fr\/wp-content\/uploads\/2023\/07\/KnometaGraph600.jpg 600w, https:\/\/www.ecinews.fr\/wp-content\/uploads\/2023\/07\/KnometaGraph600-300x194.jpg 300w\" data-sizes=\"(max-width: 600px) 100vw, 600px\" src=\"data:image\/svg+xml;base64,PHN2ZyB3aWR0aD0iMSIgaGVpZ2h0PSIxIiB4bWxucz0iaHR0cDovL3d3dy53My5vcmcvMjAwMC9zdmciPjwvc3ZnPg==\" style=\"--smush-placeholder-width: 600px; --smush-placeholder-aspect-ratio: 600\/388;\" \/><p id=\"caption-attachment-427416\" class=\"wp-caption-text\"><em><strong>Nombre de fabs traitant des wafers de 300 mm de diam\u00e8tre chaque ann\u00e9e ; 2008 \u00e0 2027 (pr\u00e9visions). Source : Knometa Research<\/strong><\/em><\/p><\/div>\n<p>Sur la base des calendriers de construction \u00e0 la fin de 2022, le boom dans la la construction de fabs de de silicium se poursuivra avec 15 pr\u00e9vues en 2024 et 17 en 2025. Avec certaines r\u00e9ductions de d\u00e9penses annonc\u00e9es en 2023, l&rsquo;ouverture de certaines fabs pr\u00e9vue en 2024 pourrait \u00eatre report\u00e9e \u00e0 2025. Mais d&rsquo;ici 2027, le nombre d&rsquo;usines de 300 mm en activit\u00e9 devrait d\u00e9passer les 230, selon M. Knometa.<\/p>\n<p>Jusqu&rsquo;\u00e0 pr\u00e9sent, les fabs 300 mm n&rsquo;\u00e9taient rentables que pour les puces de grande taille et les gros volumes. Il s&rsquo;agit g\u00e9n\u00e9ralement de circuits int\u00e9gr\u00e9s num\u00e9riques. Toutefois, les circuits int\u00e9gr\u00e9s analogiques et, \u00e0 pr\u00e9sent, les semiconducteurs de puissance discrets ont atteint un volume suffisant pour permettre \u00e0 une usine de 300 mm d&rsquo;\u00eatre charg\u00e9e \u00e0 un niveau de production rentable.<\/p>\n<p>STMicroelectronics a form\u00e9 deux partenariats distincts pour ajouter de nouvelles capacit\u00e9s de fabrication \u00e0 300 mm sur les sites existants de Crolles (France) et d&rsquo;Agrate (Italie). \u00c0 Crolles, ST collabore avec GlobalFoundries afin d&rsquo;ajouter de nouvelles capacit\u00e9s pour la logique avanc\u00e9e et les services de fonderie. \u00c0 Agrate, ST et Tower Semiconductor augmentent leurs capacit\u00e9s dans les domaines des signaux mixtes, de la puissance, des radiofr\u00e9quences et des services de fonderie.<\/p>\n<p>La r\u00e9cession actuelle du march\u00e9 des puces est largement due au manque de demande de NAND et de DRAM pour les smartphones et les ordinateurs. Cette situation est amplifi\u00e9e par la faiblesse des prix de vente moyens de ces composants de m\u00e9moire. Il n&rsquo;est donc pas surprenant qu&rsquo;aucune usine de fabrication de\u00a0 300 mm pour les m\u00e9moires ne soit ouverte en 2023.<\/p>\n<h4>Liens et articles connexes :<\/h4>\n<p><a href=\"http:\/\/www.knometa.com\">www.knometa.com<\/a><\/p>\n<h4>Articles de presse :<\/h4>\n<p><a href=\"https:\/\/www.eenewseurope.com\/en\/memory-dominates-leading-edge-chip-manufacture\/\">La m\u00e9moire domine la fabrication de puces de pointe<\/a><\/p>\n<p><a href=\"https:\/\/www.eenewseurope.com\/en\/aggressive-fab-spending-wont-lead-to-chip-glut-says-knometa\/\">Les d\u00e9penses agressives des fabricants ne conduiront pas \u00e0 une surabondance de puces, selon Knometa<\/a><\/p>\n<p><a href=\"https:\/\/www.eenewseurope.com\/en\/europe-makes-just-5-of-global-wafers-says-knometa\/\">L&rsquo;Europe ne produit que 5 % des plaquettes de circuits int\u00e9gr\u00e9s, selon Knometa<\/a><\/p>\n","protected":false},"excerpt":{"rendered":"<p>Malgr\u00e9 la faiblesse du march\u00e9, 13 nouvelles fabs de 300 mm commenceront \u00e0 produire en 2023, selon le cabinet d&rsquo;\u00e9tudes de march\u00e9 Knometa Research Corp. Nombre d&rsquo;entre elles sont destin\u00e9es \u00e0 produire des semiconducteurs de puissance discrets, la demande \u00e9tant stimul\u00e9e par l&rsquo;\u00e9lectrification des automobiles. \u00c0 la fin de l&rsquo;ann\u00e9e 2022, Knometa estime qu&rsquo;il y [&hellip;]<\/p>\n","protected":false},"author":2,"featured_media":62320,"comment_status":"closed","ping_status":"closed","sticky":false,"template":"","format":"standard","meta":{"_acf_changed":false,"footnotes":""},"categories":[888],"tags":[2327,1558,2421],"domains":[47],"ppma_author":[3631],"class_list":["post-427439","post","type-post","status-publish","format-standard","has-post-thumbnail","hentry","category-marche","tag-marche","tag-semiconducteurs","tag-wafer-fabs","domains-electronique-eci"],"acf":[],"yoast_head":"<title>Malgr\u00e9 le march\u00e9, de nombreuses unit\u00e9s de production de plaq...<\/title>\n<meta name=\"description\" content=\"Selon le cabinet d&#039;\u00e9tudes de march\u00e9 Knometa Research, malgr\u00e9 la faiblesse du march\u00e9, 13 nouvelles usines de fabrication de plaquettes de 300 mm...\" \/>\n<meta name=\"robots\" content=\"index, follow, max-snippet:-1, max-image-preview:large, max-video-preview:-1\" \/>\n<link rel=\"canonical\" href=\"https:\/\/www.ecinews.fr\/fr\/wp-json\/wp\/v2\/posts\/427439\/\" \/>\n<meta property=\"og:locale\" content=\"fr_FR\" \/>\n<meta property=\"og:type\" content=\"article\" \/>\n<meta property=\"og:title\" content=\"Malgr\u00e9 la crise, 13 Fabs 300mm ouvriront en 2023\" \/>\n<meta property=\"og:description\" content=\"Selon le cabinet d&#039;\u00e9tudes de march\u00e9 Knometa Research, malgr\u00e9 la faiblesse du march\u00e9, 13 nouvelles usines de fabrication de plaquettes de 300 mm commenceront \u00e0 produire en 2023.\" \/>\n<meta property=\"og:url\" content=\"https:\/\/www.ecinews.fr\/fr\/wp-json\/wp\/v2\/posts\/427439\/\" \/>\n<meta property=\"og:site_name\" content=\"EENewsEurope\" \/>\n<meta property=\"article:published_time\" content=\"2023-07-18T13:35:32+00:00\" \/>\n<meta property=\"og:image\" content=\"https:\/\/cdn.eenewseurope.com\/wp-content\/uploads\/import\/default\/files\/sites\/default\/files\/images\/wafers630_0.jpg\" \/>\n\t<meta property=\"og:image:width\" content=\"630\" \/>\n\t<meta property=\"og:image:height\" content=\"400\" \/>\n\t<meta property=\"og:image:type\" content=\"image\/jpeg\" \/>\n<meta name=\"author\" content=\"Peter Clarke\" \/>\n<meta name=\"twitter:card\" content=\"summary_large_image\" \/>\n<meta name=\"twitter:label1\" content=\"Written by\" \/>\n\t<meta name=\"twitter:data1\" content=\"NicolasR\" \/>\n\t<meta name=\"twitter:label2\" content=\"Est. reading time\" \/>\n\t<meta name=\"twitter:data2\" content=\"3 minutes\" \/>\n<script type=\"application\/ld+json\" class=\"yoast-schema-graph\">{\"@context\":\"https:\/\/schema.org\",\"@graph\":[{\"@type\":\"Article\",\"@id\":\"https:\/\/cdn.eenewseurope.com\/fr\/malgre-la-crise-13-fabs-300mm-ouvriront-en-2023\/#article\",\"isPartOf\":{\"@id\":\"https:\/\/cdn.eenewseurope.com\/fr\/malgre-la-crise-13-fabs-300mm-ouvriront-en-2023\/\"},\"author\":{\"name\":\"NicolasR\",\"@id\":\"https:\/\/www.ecinews.fr\/fr\/#\/schema\/person\/78961bf5e4a331d3b8b2d58fdfef976c\"},\"headline\":\"Malgr\u00e9 la crise, 13 Fabs 300mm ouvriront en 2023\",\"datePublished\":\"2023-07-18T13:35:32+00:00\",\"dateModified\":\"2023-07-18T13:35:32+00:00\",\"mainEntityOfPage\":{\"@id\":\"https:\/\/cdn.eenewseurope.com\/fr\/malgre-la-crise-13-fabs-300mm-ouvriront-en-2023\/\"},\"wordCount\":586,\"publisher\":{\"@id\":\"https:\/\/www.ecinews.fr\/fr\/#organization\"},\"keywords\":[\"March\u00e9\",\"Semiconducteurs\",\"Wafer fabs\"],\"articleSection\":[\"March\u00e9\"],\"inLanguage\":\"fr-FR\"},{\"@type\":\"WebPage\",\"@id\":\"https:\/\/cdn.eenewseurope.com\/fr\/malgre-la-crise-13-fabs-300mm-ouvriront-en-2023\/\",\"url\":\"https:\/\/cdn.eenewseurope.com\/fr\/malgre-la-crise-13-fabs-300mm-ouvriront-en-2023\/\",\"name\":\"Malgr\u00e9 le march\u00e9, de nombreuses unit\u00e9s de production de plaquettes de 300 mm seront mises en service en 2023\",\"isPartOf\":{\"@id\":\"https:\/\/www.ecinews.fr\/fr\/#website\"},\"datePublished\":\"2023-07-18T13:35:32+00:00\",\"dateModified\":\"2023-07-18T13:35:32+00:00\",\"description\":\"Selon le cabinet d'\u00e9tudes de march\u00e9 Knometa Research, malgr\u00e9 la faiblesse du march\u00e9, 13 nouvelles usines de fabrication de plaquettes de 300 mm commenceront \u00e0 produire en 2023.\",\"breadcrumb\":{\"@id\":\"https:\/\/cdn.eenewseurope.com\/fr\/malgre-la-crise-13-fabs-300mm-ouvriront-en-2023\/#breadcrumb\"},\"inLanguage\":\"fr-FR\",\"potentialAction\":[{\"@type\":\"ReadAction\",\"target\":[\"https:\/\/cdn.eenewseurope.com\/fr\/malgre-la-crise-13-fabs-300mm-ouvriront-en-2023\/\"]}]},{\"@type\":\"BreadcrumbList\",\"@id\":\"https:\/\/cdn.eenewseurope.com\/fr\/malgre-la-crise-13-fabs-300mm-ouvriront-en-2023\/#breadcrumb\",\"itemListElement\":[{\"@type\":\"ListItem\",\"position\":1,\"name\":\"Home\",\"item\":\"https:\/\/www.ecinews.fr\/fr\/\"},{\"@type\":\"ListItem\",\"position\":2,\"name\":\"Malgr\u00e9 la crise, 13 Fabs 300mm ouvriront en 2023\"}]},{\"@type\":\"WebSite\",\"@id\":\"https:\/\/www.ecinews.fr\/fr\/#website\",\"url\":\"https:\/\/www.ecinews.fr\/fr\/\",\"name\":\"EENewsEurope\",\"description\":\"Just another WordPress site\",\"publisher\":{\"@id\":\"https:\/\/www.ecinews.fr\/fr\/#organization\"},\"potentialAction\":[{\"@type\":\"SearchAction\",\"target\":{\"@type\":\"EntryPoint\",\"urlTemplate\":\"https:\/\/www.ecinews.fr\/fr\/?s={search_term_string}\"},\"query-input\":\"required name=search_term_string\"}],\"inLanguage\":\"fr-FR\"},{\"@type\":\"Organization\",\"@id\":\"https:\/\/www.ecinews.fr\/fr\/#organization\",\"name\":\"EENewsEurope\",\"url\":\"https:\/\/www.ecinews.fr\/fr\/\",\"logo\":{\"@type\":\"ImageObject\",\"inLanguage\":\"fr-FR\",\"@id\":\"https:\/\/www.ecinews.fr\/fr\/#\/schema\/logo\/image\/\",\"url\":\"https:\/\/www.ecinews.fr\/wp-content\/uploads\/2022\/02\/logo-1.jpg\",\"contentUrl\":\"https:\/\/www.ecinews.fr\/wp-content\/uploads\/2022\/02\/logo-1.jpg\",\"width\":283,\"height\":113,\"caption\":\"EENewsEurope\"},\"image\":{\"@id\":\"https:\/\/www.ecinews.fr\/fr\/#\/schema\/logo\/image\/\"}},{\"@type\":\"Person\",\"@id\":\"https:\/\/www.ecinews.fr\/fr\/#\/schema\/person\/78961bf5e4a331d3b8b2d58fdfef976c\",\"name\":\"NicolasR\",\"image\":{\"@type\":\"ImageObject\",\"inLanguage\":\"fr-FR\",\"@id\":\"https:\/\/www.ecinews.fr\/fr\/#\/schema\/person\/image\/1113513d73c6c997fc7ac1ecedfff8d9\",\"url\":\"https:\/\/secure.gravatar.com\/avatar\/8c46107760468ab8a00c814c26c19ab4?s=96&d=mm&r=g\",\"contentUrl\":\"https:\/\/secure.gravatar.com\/avatar\/8c46107760468ab8a00c814c26c19ab4?s=96&d=mm&r=g\",\"caption\":\"NicolasR\"}}]}<\/script>","yoast_head_json":{"title":"Malgr\u00e9 le march\u00e9, de nombreuses unit\u00e9s de production de plaq...","description":"Selon le cabinet d'\u00e9tudes de march\u00e9 Knometa Research, malgr\u00e9 la faiblesse du march\u00e9, 13 nouvelles usines de fabrication de plaquettes de 300 mm...","robots":{"index":"index","follow":"follow","max-snippet":"max-snippet:-1","max-image-preview":"max-image-preview:large","max-video-preview":"max-video-preview:-1"},"canonical":"https:\/\/www.ecinews.fr\/fr\/wp-json\/wp\/v2\/posts\/427439\/","og_locale":"fr_FR","og_type":"article","og_title":"Malgr\u00e9 la crise, 13 Fabs 300mm ouvriront en 2023","og_description":"Selon le cabinet d'\u00e9tudes de march\u00e9 Knometa Research, malgr\u00e9 la faiblesse du march\u00e9, 13 nouvelles usines de fabrication de plaquettes de 300 mm commenceront \u00e0 produire en 2023.","og_url":"https:\/\/www.ecinews.fr\/fr\/wp-json\/wp\/v2\/posts\/427439\/","og_site_name":"EENewsEurope","article_published_time":"2023-07-18T13:35:32+00:00","og_image":[{"width":630,"height":400,"url":"https:\/\/cdn.eenewseurope.com\/wp-content\/uploads\/import\/default\/files\/sites\/default\/files\/images\/wafers630_0.jpg","type":"image\/jpeg"}],"author":"Peter Clarke","twitter_card":"summary_large_image","twitter_misc":{"Written by":"NicolasR","Est. reading time":"3 minutes"},"schema":{"@context":"https:\/\/schema.org","@graph":[{"@type":"Article","@id":"https:\/\/cdn.eenewseurope.com\/fr\/malgre-la-crise-13-fabs-300mm-ouvriront-en-2023\/#article","isPartOf":{"@id":"https:\/\/cdn.eenewseurope.com\/fr\/malgre-la-crise-13-fabs-300mm-ouvriront-en-2023\/"},"author":{"name":"NicolasR","@id":"https:\/\/www.ecinews.fr\/fr\/#\/schema\/person\/78961bf5e4a331d3b8b2d58fdfef976c"},"headline":"Malgr\u00e9 la crise, 13 Fabs 300mm ouvriront en 2023","datePublished":"2023-07-18T13:35:32+00:00","dateModified":"2023-07-18T13:35:32+00:00","mainEntityOfPage":{"@id":"https:\/\/cdn.eenewseurope.com\/fr\/malgre-la-crise-13-fabs-300mm-ouvriront-en-2023\/"},"wordCount":586,"publisher":{"@id":"https:\/\/www.ecinews.fr\/fr\/#organization"},"keywords":["March\u00e9","Semiconducteurs","Wafer fabs"],"articleSection":["March\u00e9"],"inLanguage":"fr-FR"},{"@type":"WebPage","@id":"https:\/\/cdn.eenewseurope.com\/fr\/malgre-la-crise-13-fabs-300mm-ouvriront-en-2023\/","url":"https:\/\/cdn.eenewseurope.com\/fr\/malgre-la-crise-13-fabs-300mm-ouvriront-en-2023\/","name":"Malgr\u00e9 le march\u00e9, de nombreuses unit\u00e9s de production de plaquettes de 300 mm seront mises en service en 2023","isPartOf":{"@id":"https:\/\/www.ecinews.fr\/fr\/#website"},"datePublished":"2023-07-18T13:35:32+00:00","dateModified":"2023-07-18T13:35:32+00:00","description":"Selon le cabinet d'\u00e9tudes de march\u00e9 Knometa Research, malgr\u00e9 la faiblesse du march\u00e9, 13 nouvelles usines de fabrication de plaquettes de 300 mm commenceront \u00e0 produire en 2023.","breadcrumb":{"@id":"https:\/\/cdn.eenewseurope.com\/fr\/malgre-la-crise-13-fabs-300mm-ouvriront-en-2023\/#breadcrumb"},"inLanguage":"fr-FR","potentialAction":[{"@type":"ReadAction","target":["https:\/\/cdn.eenewseurope.com\/fr\/malgre-la-crise-13-fabs-300mm-ouvriront-en-2023\/"]}]},{"@type":"BreadcrumbList","@id":"https:\/\/cdn.eenewseurope.com\/fr\/malgre-la-crise-13-fabs-300mm-ouvriront-en-2023\/#breadcrumb","itemListElement":[{"@type":"ListItem","position":1,"name":"Home","item":"https:\/\/www.ecinews.fr\/fr\/"},{"@type":"ListItem","position":2,"name":"Malgr\u00e9 la crise, 13 Fabs 300mm ouvriront en 2023"}]},{"@type":"WebSite","@id":"https:\/\/www.ecinews.fr\/fr\/#website","url":"https:\/\/www.ecinews.fr\/fr\/","name":"EENewsEurope","description":"Just another WordPress site","publisher":{"@id":"https:\/\/www.ecinews.fr\/fr\/#organization"},"potentialAction":[{"@type":"SearchAction","target":{"@type":"EntryPoint","urlTemplate":"https:\/\/www.ecinews.fr\/fr\/?s={search_term_string}"},"query-input":"required name=search_term_string"}],"inLanguage":"fr-FR"},{"@type":"Organization","@id":"https:\/\/www.ecinews.fr\/fr\/#organization","name":"EENewsEurope","url":"https:\/\/www.ecinews.fr\/fr\/","logo":{"@type":"ImageObject","inLanguage":"fr-FR","@id":"https:\/\/www.ecinews.fr\/fr\/#\/schema\/logo\/image\/","url":"https:\/\/www.ecinews.fr\/wp-content\/uploads\/2022\/02\/logo-1.jpg","contentUrl":"https:\/\/www.ecinews.fr\/wp-content\/uploads\/2022\/02\/logo-1.jpg","width":283,"height":113,"caption":"EENewsEurope"},"image":{"@id":"https:\/\/www.ecinews.fr\/fr\/#\/schema\/logo\/image\/"}},{"@type":"Person","@id":"https:\/\/www.ecinews.fr\/fr\/#\/schema\/person\/78961bf5e4a331d3b8b2d58fdfef976c","name":"NicolasR","image":{"@type":"ImageObject","inLanguage":"fr-FR","@id":"https:\/\/www.ecinews.fr\/fr\/#\/schema\/person\/image\/1113513d73c6c997fc7ac1ecedfff8d9","url":"https:\/\/secure.gravatar.com\/avatar\/8c46107760468ab8a00c814c26c19ab4?s=96&d=mm&r=g","contentUrl":"https:\/\/secure.gravatar.com\/avatar\/8c46107760468ab8a00c814c26c19ab4?s=96&d=mm&r=g","caption":"NicolasR"}}]}},"authors":[{"term_id":3631,"user_id":0,"is_guest":1,"slug":"peter-clarke","display_name":"Peter Clarke","avatar_url":"https:\/\/secure.gravatar.com\/avatar\/?s=96&d=mm&r=g","0":null,"1":"","2":"","3":"","4":"","5":"","6":"","7":"","8":""}],"_links":{"self":[{"href":"https:\/\/www.ecinews.fr\/fr\/wp-json\/wp\/v2\/posts\/427439"}],"collection":[{"href":"https:\/\/www.ecinews.fr\/fr\/wp-json\/wp\/v2\/posts"}],"about":[{"href":"https:\/\/www.ecinews.fr\/fr\/wp-json\/wp\/v2\/types\/post"}],"author":[{"embeddable":true,"href":"https:\/\/www.ecinews.fr\/fr\/wp-json\/wp\/v2\/users\/2"}],"replies":[{"embeddable":true,"href":"https:\/\/www.ecinews.fr\/fr\/wp-json\/wp\/v2\/comments?post=427439"}],"version-history":[{"count":0,"href":"https:\/\/www.ecinews.fr\/fr\/wp-json\/wp\/v2\/posts\/427439\/revisions"}],"wp:featuredmedia":[{"embeddable":true,"href":"https:\/\/www.ecinews.fr\/fr\/wp-json\/wp\/v2\/media\/62320"}],"wp:attachment":[{"href":"https:\/\/www.ecinews.fr\/fr\/wp-json\/wp\/v2\/media?parent=427439"}],"wp:term":[{"taxonomy":"category","embeddable":true,"href":"https:\/\/www.ecinews.fr\/fr\/wp-json\/wp\/v2\/categories?post=427439"},{"taxonomy":"post_tag","embeddable":true,"href":"https:\/\/www.ecinews.fr\/fr\/wp-json\/wp\/v2\/tags?post=427439"},{"taxonomy":"domains","embeddable":true,"href":"https:\/\/www.ecinews.fr\/fr\/wp-json\/wp\/v2\/domains?post=427439"},{"taxonomy":"author","embeddable":true,"href":"https:\/\/www.ecinews.fr\/fr\/wp-json\/wp\/v2\/ppma_author?post=427439"}],"curies":[{"name":"wp","href":"https:\/\/api.w.org\/{rel}","templated":true}]}}