{"id":427159,"date":"2023-07-13T22:21:54","date_gmt":"2023-07-13T20:21:54","guid":{"rendered":"https:\/\/www.eenewseurope.com\/?p=427159"},"modified":"2023-07-13T22:23:10","modified_gmt":"2023-07-13T20:23:10","slug":"schneider-lance-un-programme-denergies-renouvelables-pour-les-fabs","status":"publish","type":"post","link":"https:\/\/www.ecinews.fr\/fr\/schneider-lance-un-programme-denergies-renouvelables-pour-les-fabs\/","title":{"rendered":"Schneider lance un programme d&rsquo;\u00e9nergies renouvelables pour les fabricants de puces"},"content":{"rendered":"<h2>Schneider Electric s&rsquo;est associ\u00e9 \u00e0 Intel et Applied Materials pour s&rsquo;attaquer aux \u00e9missions de la cha\u00eene d&rsquo;approvisionnement li\u00e9es \u00e0 la fabrication des puces.<\/h2>\n<p>Le programme de partenariat Catalyze vise \u00e0 acc\u00e9l\u00e9rer l&rsquo;acc\u00e8s aux \u00e9nergies renouvelables dans la cha\u00eene de valeur mondiale des semi-conducteurs.<\/p>\n<p>Pr\u00e9sent\u00e9 lors de SEMICON West 2023, Schneider affirme que Catalyze est un programme de collaboration in\u00e9dit entre les principaux leaders de l&rsquo;industrie des semiconducteurs et de la technologie. Ce programme rejoint d&rsquo;autres initiatives de partenariat de la cha\u00eene d&rsquo;approvisionnement de Schneider Electric qui cherchent \u00e0 tirer parti de la puissance des cohortes de la cha\u00eene d&rsquo;approvisionnement, notamment le programme Energize pour l&rsquo;industrie pharmaceutique et le programme Gigaton PPA de Walmart.<\/p>\n<p>Le groupe industriel Semi a \u00e9galement cr\u00e9\u00e9 un groupe charg\u00e9 d&rsquo;examiner les \u00e9missions de la cha\u00eene d&rsquo;approvisionnement des fournisseurs d&rsquo;\u00e9quipements et des fabs et de r\u00e9duire l&#8217;empreinte carbone de la fabrication des puces. L&rsquo;imec, en Belgique, m\u00e8ne \u00e9galement un projet visant \u00e0 recueillir les donn\u00e9es d&rsquo;utilisation des fabs existantes, et PragmatIC Semiconductor, au Royaume-Uni, m\u00e8ne un projet visant \u00e0 recueillir ces donn\u00e9es directement \u00e0 partir de capteurs install\u00e9s dans les fabs.<\/p>\n<ul>\n<li><a href=\"https:\/\/www.eenewseurope.com\/en\/semi-launches-sustainability-consortium\/\">Semi lance un consortium sur le d\u00e9veloppement durable<\/a><\/li>\n<li><a href=\"https:\/\/www.eenewseurope.com\/en\/making-semiconductor-fabs-more-sustainable\/\">PragmatIC : Rendre les usines de semi-conducteurs plus durables<\/a><\/li>\n<li><a href=\"https:\/\/www.eenewseurope.com\/en\/all-three-major-foundries-join-sustainable-fab-programme\/\">Les trois principales fonderies adh\u00e8rent au programme de fabrication durable<\/a><\/li>\n<\/ul>\n<p>Intel et Applied Materials sont les premiers sponsors du programme Catalyze et visent \u00e0 encourager les fournisseurs de l&rsquo;ensemble de l&rsquo;\u00e9cosyst\u00e8me de l&rsquo;industrie des semiconducteurs \u00e0 s&rsquo;y associer. Le passage aux \u00e9nergies renouvelables est une t\u00e2che difficile, en raison de la complexit\u00e9 de la cha\u00eene de valeur, de la disponibilit\u00e9 et de la fiabilit\u00e9 des donn\u00e9es, ainsi que des difficult\u00e9s \u00e0 d\u00e9finir les limites de ces \u00e9missions, explique Schneider.<\/p>\n<p>Toutefois, le programme vise \u00e0 simplifier les choses en combinant le pouvoir d&rsquo;achat d&rsquo;\u00e9nergie dans la cha\u00eene de valeur des semi-conducteurs afin d&rsquo;acc\u00e9l\u00e9rer le d\u00e9ploiement de projets d&rsquo;\u00e9nergie renouvelable et de donner aux fournisseurs &#8211; qui n&rsquo;en ont pas forc\u00e9ment la capacit\u00e9 &#8211; la possibilit\u00e9 de participer au march\u00e9 des accords d&rsquo;achat d&rsquo;\u00e9lectricit\u00e9 (AAE) \u00e0 l&rsquo;\u00e9chelle de l&rsquo;entreprise.<\/p>\n<p>Elle sensibilisera \u00e9galement \u00e0 la disponibilit\u00e9 des \u00e9nergies renouvelables dans certaines r\u00e9gions du monde o\u00f9 la cha\u00eene de valeur des semi-conducteurs est op\u00e9rationnelle, afin d&rsquo;en favoriser l&rsquo;adoption et de continuer \u00e0 aider les fournisseurs qui se sont engag\u00e9s \u00e0 r\u00e9duire leurs \u00e9missions de carbone.<\/p>\n<ul>\n<li><a href=\"https:\/\/www.eenewseurope.com\/en\/ii-vi-signs-renewable-energy-contracts-for-global-fabs\/\">II-VI signe des contrats de production d&rsquo;\u00e9nergie renouvelable pour ses usines mondiales<\/a><\/li>\n<li><a href=\"https:\/\/www.eenewseurope.com\/en\/ai-optimisation-boost-for-wafer-fab-sustainability\/\">Optimisation de l&rsquo;IA pour la durabilit\u00e9 de l&rsquo;usine de fabrication de gaufrettes<\/a><\/li>\n<li><a href=\"https:\/\/www.eenewseurope.com\/en\/power-boost-for-intels-ireland-fab-expansion\/\">Augmentation de la puissance de l&rsquo;usine irlandaise d&rsquo;Intel<\/a><\/li>\n<\/ul>\n<p>Les entreprises sponsors collaboreront \u00e0 l&rsquo;\u00e9laboration du programme, notamment \u00e0 l&rsquo;identification des domaines d&rsquo;intervention et des fournisseurs, et encourageront d&rsquo;autres entreprises de semiconducteurs \u00e0 envisager le programme pour leurs propres cha\u00eenes de valeur.<\/p>\n<p>\u00ab\u00a0Chez Schneider Electric, notre objectif est de permettre aux entreprises de tirer le meilleur parti de notre \u00e9nergie et de nos ressources, en associant progr\u00e8s et durabilit\u00e9 pour tous. Notre mission est d&rsquo;\u00eatre un partenaire num\u00e9rique pour le d\u00e9veloppement durable et l&rsquo;efficacit\u00e9, et le programme de partenariat Catalyze est un excellent exemple de la fa\u00e7on dont les entreprises des principales industries mondiales peuvent collaborer pour acc\u00e9l\u00e9rer la d\u00e9carbonisation\u00a0\u00bb, a d\u00e9clar\u00e9 Peter Herweck, PDG de Schneider Electric.<\/p>\n<p>\u00ab\u00a0Le passage aux \u00e9nergies renouvelables est une \u00e9tape importante dans la r\u00e9duction des \u00e9missions de gaz \u00e0 effet de serre. Intel a atteint 93 % d&rsquo;\u00e9lectricit\u00e9 renouvelable dans ses op\u00e9rations mondiales et s&rsquo;engage \u00e0 atteindre 100 % d&rsquo;ici 2030\u00a0\u00bb, a d\u00e9clar\u00e9 Keyvan Esfarjani, Chief Global Operations Officer d&rsquo;Intel. \u00ab\u00a0Intel est fier d&rsquo;\u00eatre un membre fondateur de Catalyze pour aider \u00e0 \u00e9liminer les obstacles au choix d&rsquo;une \u00e9nergie plus verte. En fin de compte, nous voulons que l&rsquo;ensemble de notre cha\u00eene de valeur atteigne un niveau net z\u00e9ro tout en continuant \u00e0 fournir des technologies de pointe qui alimentent notre monde num\u00e9rique.\u00a0\u00bb<\/p>\n<ul>\n<li><a href=\"https:\/\/www.eenewseurope.com\/en\/swiss-research-aims-for-e100m-green-power-alliance\/\">La recherche suisse vise une alliance de 100 millions d&rsquo;euros dans le domaine de l&rsquo;\u00e9nergie verte<\/a><\/li>\n<li><a href=\"https:\/\/www.eenewseurope.com\/en\/rd-consortium-to-reduce-carbon-footprint-of-fab-gases\/\">Un consortium de R&amp;D pour r\u00e9duire l&#8217;empreinte carbone des gaz fab<\/a><\/li>\n<\/ul>\n<p>\u00ab\u00a0Applied Materials a travaill\u00e9 avec ses fournisseurs pour inculquer les meilleures pratiques en mati\u00e8re de d\u00e9veloppement durable par le biais de notre initiative SuCCESS2030, et nous sommes ravis de poursuivre sur notre lanc\u00e9e avec le programme Catalyze\u00a0\u00bb, a d\u00e9clar\u00e9 Gary Dickerson, pr\u00e9sident-directeur g\u00e9n\u00e9ral d&rsquo;Applied Materials. \u00ab\u00a0La promotion d&rsquo;une collaboration plus \u00e9troite tout au long de la cha\u00eene de valeur est essentielle pour acc\u00e9l\u00e9rer la r\u00e9duction des \u00e9missions de carbone. Nous sommes impatients de travailler avec nos partenaires pour augmenter la production d&rsquo;\u00e9nergie propre dans l&rsquo;industrie mondiale des semi-conducteurs\u00a0\u00bb.<\/p>\n<p>Le programme se concentrera dans un premier temps sur les fournisseurs ayant une charge \u00e9nerg\u00e9tique sur des march\u00e9s sp\u00e9cifiques de la cha\u00eene de valeur des semiconducteurs o\u00f9 l&rsquo;\u00e9nergie renouvelable est actuellement disponible, avec l&rsquo;intention de s&rsquo;\u00e9tendre \u00e0 l&rsquo;\u00e9chelle mondiale lorsque l&rsquo;int\u00e9r\u00eat sp\u00e9cifique et les opportunit\u00e9s du march\u00e9 de l&rsquo;\u00e9nergie renouvelable se rejoignent.<\/p>\n<p><a href=\"https:\/\/c212.net\/c\/link\/?t=0&amp;l=en&amp;o=3917689-1&amp;h=786469143&amp;u=https%3A%2F%2Fwww.se.com&amp;a=www.se.com\">www.se.com<\/a><\/p>\n<p>&nbsp;<\/p>\n","protected":false},"excerpt":{"rendered":"<p>Schneider Electric s&rsquo;est associ\u00e9 \u00e0 Intel et Applied Materials pour s&rsquo;attaquer aux \u00e9missions de la cha\u00eene d&rsquo;approvisionnement li\u00e9es \u00e0 la fabrication des puces. Le programme de partenariat Catalyze vise \u00e0 acc\u00e9l\u00e9rer l&rsquo;acc\u00e8s aux \u00e9nergies renouvelables dans la cha\u00eene de valeur mondiale des semi-conducteurs. Pr\u00e9sent\u00e9 lors de SEMICON West 2023, Schneider affirme que Catalyze est un [&hellip;]<\/p>\n","protected":false},"author":34,"featured_media":427124,"comment_status":"closed","ping_status":"closed","sticky":false,"template":"","format":"standard","meta":{"_acf_changed":false,"footnotes":""},"categories":[880],"tags":[2264,1558],"domains":[47],"ppma_author":[1153,3640],"class_list":["post-427159","post","type-post","status-publish","format-standard","has-post-thumbnail","hentry","category-actualites-economiques","tag-fabs","tag-semiconducteurs","domains-electronique-eci"],"acf":[],"yoast_head":"<title>Schneider lance un programme d&#039;\u00e9nergies renouvelables pour les...<\/title>\n<meta name=\"description\" content=\"Le programme Catalyze de Schneider Electric vise \u00e0 acc\u00e9l\u00e9rer l&#039;acc\u00e8s aux \u00e9nergies renouvelables dans la cha\u00eene de valeur des semiconducteurs.\" \/>\n<meta name=\"robots\" content=\"index, follow, max-snippet:-1, max-image-preview:large, max-video-preview:-1\" \/>\n<link rel=\"canonical\" href=\"https:\/\/www.ecinews.fr\/fr\/wp-json\/wp\/v2\/posts\/427159\/\" \/>\n<meta property=\"og:locale\" content=\"fr_FR\" \/>\n<meta property=\"og:type\" content=\"article\" \/>\n<meta property=\"og:title\" content=\"Schneider lance un programme d&#039;\u00e9nergies renouvelables pour les fabricants de puces\" \/>\n<meta property=\"og:description\" content=\"Le programme Catalyze de Schneider Electric vise \u00e0 acc\u00e9l\u00e9rer l&#039;acc\u00e8s aux \u00e9nergies renouvelables dans la cha\u00eene de valeur des semiconducteurs.\" \/>\n<meta property=\"og:url\" content=\"https:\/\/www.ecinews.fr\/fr\/wp-json\/wp\/v2\/posts\/427159\/\" \/>\n<meta property=\"og:site_name\" content=\"EENewsEurope\" \/>\n<meta property=\"article:published_time\" content=\"2023-07-13T20:21:54+00:00\" \/>\n<meta property=\"article:modified_time\" content=\"2023-07-13T20:23:10+00:00\" \/>\n<meta property=\"og:image\" content=\"https:\/\/cdn.eenewseurope.com\/wp-content\/uploads\/2023\/07\/Intel-Ireland-site-aerial-march-2022.png\" \/>\n\t<meta property=\"og:image:width\" content=\"864\" \/>\n\t<meta property=\"og:image:height\" content=\"486\" \/>\n\t<meta property=\"og:image:type\" content=\"image\/png\" \/>\n<meta name=\"author\" content=\"A Delapalisse, Nick Flaherty\" \/>\n<meta name=\"twitter:card\" content=\"summary_large_image\" \/>\n<meta name=\"twitter:label1\" content=\"Written by\" \/>\n\t<meta name=\"twitter:data1\" content=\"A Delapalisse\" \/>\n\t<meta name=\"twitter:label2\" content=\"Est. reading time\" \/>\n\t<meta name=\"twitter:data2\" content=\"4 minutes\" \/>\n<script type=\"application\/ld+json\" class=\"yoast-schema-graph\">{\"@context\":\"https:\/\/schema.org\",\"@graph\":[{\"@type\":\"Article\",\"@id\":\"https:\/\/cdn.eenewseurope.com\/fr\/schneider-lance-un-programme-denergies-renouvelables-pour-les-fabs\/#article\",\"isPartOf\":{\"@id\":\"https:\/\/cdn.eenewseurope.com\/fr\/schneider-lance-un-programme-denergies-renouvelables-pour-les-fabs\/\"},\"author\":{\"name\":\"A Delapalisse\",\"@id\":\"https:\/\/www.ecinews.fr\/fr\/#\/schema\/person\/0aa2cfb0bd8949724a68cbac8d8321b4\"},\"headline\":\"Schneider lance un programme d&rsquo;\u00e9nergies renouvelables pour les fabricants de puces\",\"datePublished\":\"2023-07-13T20:21:54+00:00\",\"dateModified\":\"2023-07-13T20:23:10+00:00\",\"mainEntityOfPage\":{\"@id\":\"https:\/\/cdn.eenewseurope.com\/fr\/schneider-lance-un-programme-denergies-renouvelables-pour-les-fabs\/\"},\"wordCount\":909,\"publisher\":{\"@id\":\"https:\/\/www.ecinews.fr\/fr\/#organization\"},\"keywords\":[\"Fabs\",\"Semiconducteurs\"],\"articleSection\":[\"Actualit\u00e9s \u00e9conomiques\"],\"inLanguage\":\"fr-FR\"},{\"@type\":\"WebPage\",\"@id\":\"https:\/\/cdn.eenewseurope.com\/fr\/schneider-lance-un-programme-denergies-renouvelables-pour-les-fabs\/\",\"url\":\"https:\/\/cdn.eenewseurope.com\/fr\/schneider-lance-un-programme-denergies-renouvelables-pour-les-fabs\/\",\"name\":\"Schneider lance un programme d'\u00e9nergies renouvelables pour les fabricants de puces -\",\"isPartOf\":{\"@id\":\"https:\/\/www.ecinews.fr\/fr\/#website\"},\"datePublished\":\"2023-07-13T20:21:54+00:00\",\"dateModified\":\"2023-07-13T20:23:10+00:00\",\"description\":\"Le programme Catalyze de Schneider Electric vise \u00e0 acc\u00e9l\u00e9rer l'acc\u00e8s aux \u00e9nergies renouvelables dans la cha\u00eene de valeur des semiconducteurs.\",\"breadcrumb\":{\"@id\":\"https:\/\/cdn.eenewseurope.com\/fr\/schneider-lance-un-programme-denergies-renouvelables-pour-les-fabs\/#breadcrumb\"},\"inLanguage\":\"fr-FR\",\"potentialAction\":[{\"@type\":\"ReadAction\",\"target\":[\"https:\/\/cdn.eenewseurope.com\/fr\/schneider-lance-un-programme-denergies-renouvelables-pour-les-fabs\/\"]}]},{\"@type\":\"BreadcrumbList\",\"@id\":\"https:\/\/cdn.eenewseurope.com\/fr\/schneider-lance-un-programme-denergies-renouvelables-pour-les-fabs\/#breadcrumb\",\"itemListElement\":[{\"@type\":\"ListItem\",\"position\":1,\"name\":\"Home\",\"item\":\"https:\/\/www.ecinews.fr\/fr\/\"},{\"@type\":\"ListItem\",\"position\":2,\"name\":\"Schneider lance un programme d&rsquo;\u00e9nergies renouvelables pour les fabricants de puces\"}]},{\"@type\":\"WebSite\",\"@id\":\"https:\/\/www.ecinews.fr\/fr\/#website\",\"url\":\"https:\/\/www.ecinews.fr\/fr\/\",\"name\":\"EENewsEurope\",\"description\":\"Just another WordPress site\",\"publisher\":{\"@id\":\"https:\/\/www.ecinews.fr\/fr\/#organization\"},\"potentialAction\":[{\"@type\":\"SearchAction\",\"target\":{\"@type\":\"EntryPoint\",\"urlTemplate\":\"https:\/\/www.ecinews.fr\/fr\/?s={search_term_string}\"},\"query-input\":\"required name=search_term_string\"}],\"inLanguage\":\"fr-FR\"},{\"@type\":\"Organization\",\"@id\":\"https:\/\/www.ecinews.fr\/fr\/#organization\",\"name\":\"EENewsEurope\",\"url\":\"https:\/\/www.ecinews.fr\/fr\/\",\"logo\":{\"@type\":\"ImageObject\",\"inLanguage\":\"fr-FR\",\"@id\":\"https:\/\/www.ecinews.fr\/fr\/#\/schema\/logo\/image\/\",\"url\":\"https:\/\/www.ecinews.fr\/wp-content\/uploads\/2022\/02\/logo-1.jpg\",\"contentUrl\":\"https:\/\/www.ecinews.fr\/wp-content\/uploads\/2022\/02\/logo-1.jpg\",\"width\":283,\"height\":113,\"caption\":\"EENewsEurope\"},\"image\":{\"@id\":\"https:\/\/www.ecinews.fr\/fr\/#\/schema\/logo\/image\/\"}},{\"@type\":\"Person\",\"@id\":\"https:\/\/www.ecinews.fr\/fr\/#\/schema\/person\/0aa2cfb0bd8949724a68cbac8d8321b4\",\"name\":\"A Delapalisse\",\"image\":{\"@type\":\"ImageObject\",\"inLanguage\":\"fr-FR\",\"@id\":\"https:\/\/www.ecinews.fr\/fr\/#\/schema\/person\/image\/211ac42237c2e9683c0964086c393cb4\",\"url\":\"https:\/\/secure.gravatar.com\/avatar\/ad45a8c5da24bc9c7c4940dd1c48a695?s=96&d=mm&r=g\",\"contentUrl\":\"https:\/\/secure.gravatar.com\/avatar\/ad45a8c5da24bc9c7c4940dd1c48a695?s=96&d=mm&r=g\",\"caption\":\"A Delapalisse\"},\"sameAs\":[\"http:\/\/ECI\"]}]}<\/script>","yoast_head_json":{"title":"Schneider lance un programme d'\u00e9nergies renouvelables pour les...","description":"Le programme Catalyze de Schneider Electric vise \u00e0 acc\u00e9l\u00e9rer l'acc\u00e8s aux \u00e9nergies renouvelables dans la cha\u00eene de valeur des semiconducteurs.","robots":{"index":"index","follow":"follow","max-snippet":"max-snippet:-1","max-image-preview":"max-image-preview:large","max-video-preview":"max-video-preview:-1"},"canonical":"https:\/\/www.ecinews.fr\/fr\/wp-json\/wp\/v2\/posts\/427159\/","og_locale":"fr_FR","og_type":"article","og_title":"Schneider lance un programme d'\u00e9nergies renouvelables pour les fabricants de puces","og_description":"Le programme Catalyze de Schneider Electric vise \u00e0 acc\u00e9l\u00e9rer l'acc\u00e8s aux \u00e9nergies renouvelables dans la cha\u00eene de valeur des semiconducteurs.","og_url":"https:\/\/www.ecinews.fr\/fr\/wp-json\/wp\/v2\/posts\/427159\/","og_site_name":"EENewsEurope","article_published_time":"2023-07-13T20:21:54+00:00","article_modified_time":"2023-07-13T20:23:10+00:00","og_image":[{"width":864,"height":486,"url":"https:\/\/cdn.eenewseurope.com\/wp-content\/uploads\/2023\/07\/Intel-Ireland-site-aerial-march-2022.png","type":"image\/png"}],"author":"A Delapalisse, Nick Flaherty","twitter_card":"summary_large_image","twitter_misc":{"Written by":"A Delapalisse","Est. reading time":"4 minutes"},"schema":{"@context":"https:\/\/schema.org","@graph":[{"@type":"Article","@id":"https:\/\/cdn.eenewseurope.com\/fr\/schneider-lance-un-programme-denergies-renouvelables-pour-les-fabs\/#article","isPartOf":{"@id":"https:\/\/cdn.eenewseurope.com\/fr\/schneider-lance-un-programme-denergies-renouvelables-pour-les-fabs\/"},"author":{"name":"A Delapalisse","@id":"https:\/\/www.ecinews.fr\/fr\/#\/schema\/person\/0aa2cfb0bd8949724a68cbac8d8321b4"},"headline":"Schneider lance un programme d&rsquo;\u00e9nergies renouvelables pour les fabricants de puces","datePublished":"2023-07-13T20:21:54+00:00","dateModified":"2023-07-13T20:23:10+00:00","mainEntityOfPage":{"@id":"https:\/\/cdn.eenewseurope.com\/fr\/schneider-lance-un-programme-denergies-renouvelables-pour-les-fabs\/"},"wordCount":909,"publisher":{"@id":"https:\/\/www.ecinews.fr\/fr\/#organization"},"keywords":["Fabs","Semiconducteurs"],"articleSection":["Actualit\u00e9s \u00e9conomiques"],"inLanguage":"fr-FR"},{"@type":"WebPage","@id":"https:\/\/cdn.eenewseurope.com\/fr\/schneider-lance-un-programme-denergies-renouvelables-pour-les-fabs\/","url":"https:\/\/cdn.eenewseurope.com\/fr\/schneider-lance-un-programme-denergies-renouvelables-pour-les-fabs\/","name":"Schneider lance un programme d'\u00e9nergies renouvelables pour les fabricants de puces -","isPartOf":{"@id":"https:\/\/www.ecinews.fr\/fr\/#website"},"datePublished":"2023-07-13T20:21:54+00:00","dateModified":"2023-07-13T20:23:10+00:00","description":"Le programme Catalyze de Schneider Electric vise \u00e0 acc\u00e9l\u00e9rer l'acc\u00e8s aux \u00e9nergies renouvelables dans la cha\u00eene de valeur des semiconducteurs.","breadcrumb":{"@id":"https:\/\/cdn.eenewseurope.com\/fr\/schneider-lance-un-programme-denergies-renouvelables-pour-les-fabs\/#breadcrumb"},"inLanguage":"fr-FR","potentialAction":[{"@type":"ReadAction","target":["https:\/\/cdn.eenewseurope.com\/fr\/schneider-lance-un-programme-denergies-renouvelables-pour-les-fabs\/"]}]},{"@type":"BreadcrumbList","@id":"https:\/\/cdn.eenewseurope.com\/fr\/schneider-lance-un-programme-denergies-renouvelables-pour-les-fabs\/#breadcrumb","itemListElement":[{"@type":"ListItem","position":1,"name":"Home","item":"https:\/\/www.ecinews.fr\/fr\/"},{"@type":"ListItem","position":2,"name":"Schneider lance un programme d&rsquo;\u00e9nergies renouvelables pour les fabricants de puces"}]},{"@type":"WebSite","@id":"https:\/\/www.ecinews.fr\/fr\/#website","url":"https:\/\/www.ecinews.fr\/fr\/","name":"EENewsEurope","description":"Just another WordPress site","publisher":{"@id":"https:\/\/www.ecinews.fr\/fr\/#organization"},"potentialAction":[{"@type":"SearchAction","target":{"@type":"EntryPoint","urlTemplate":"https:\/\/www.ecinews.fr\/fr\/?s={search_term_string}"},"query-input":"required name=search_term_string"}],"inLanguage":"fr-FR"},{"@type":"Organization","@id":"https:\/\/www.ecinews.fr\/fr\/#organization","name":"EENewsEurope","url":"https:\/\/www.ecinews.fr\/fr\/","logo":{"@type":"ImageObject","inLanguage":"fr-FR","@id":"https:\/\/www.ecinews.fr\/fr\/#\/schema\/logo\/image\/","url":"https:\/\/www.ecinews.fr\/wp-content\/uploads\/2022\/02\/logo-1.jpg","contentUrl":"https:\/\/www.ecinews.fr\/wp-content\/uploads\/2022\/02\/logo-1.jpg","width":283,"height":113,"caption":"EENewsEurope"},"image":{"@id":"https:\/\/www.ecinews.fr\/fr\/#\/schema\/logo\/image\/"}},{"@type":"Person","@id":"https:\/\/www.ecinews.fr\/fr\/#\/schema\/person\/0aa2cfb0bd8949724a68cbac8d8321b4","name":"A Delapalisse","image":{"@type":"ImageObject","inLanguage":"fr-FR","@id":"https:\/\/www.ecinews.fr\/fr\/#\/schema\/person\/image\/211ac42237c2e9683c0964086c393cb4","url":"https:\/\/secure.gravatar.com\/avatar\/ad45a8c5da24bc9c7c4940dd1c48a695?s=96&d=mm&r=g","contentUrl":"https:\/\/secure.gravatar.com\/avatar\/ad45a8c5da24bc9c7c4940dd1c48a695?s=96&d=mm&r=g","caption":"A Delapalisse"},"sameAs":["http:\/\/ECI"]}]}},"authors":[{"term_id":1153,"user_id":34,"is_guest":0,"slug":"adelapalisse","display_name":"A Delapalisse","avatar_url":"https:\/\/secure.gravatar.com\/avatar\/ad45a8c5da24bc9c7c4940dd1c48a695?s=96&d=mm&r=g","0":null,"1":"","2":"","3":"","4":"","5":"","6":"","7":"","8":""},{"term_id":3640,"user_id":0,"is_guest":1,"slug":"nick-flaherty","display_name":"Nick Flaherty","avatar_url":"https:\/\/secure.gravatar.com\/avatar\/?s=96&d=mm&r=g","0":null,"1":"","2":"","3":"","4":"","5":"","6":"","7":"","8":""}],"_links":{"self":[{"href":"https:\/\/www.ecinews.fr\/fr\/wp-json\/wp\/v2\/posts\/427159"}],"collection":[{"href":"https:\/\/www.ecinews.fr\/fr\/wp-json\/wp\/v2\/posts"}],"about":[{"href":"https:\/\/www.ecinews.fr\/fr\/wp-json\/wp\/v2\/types\/post"}],"author":[{"embeddable":true,"href":"https:\/\/www.ecinews.fr\/fr\/wp-json\/wp\/v2\/users\/34"}],"replies":[{"embeddable":true,"href":"https:\/\/www.ecinews.fr\/fr\/wp-json\/wp\/v2\/comments?post=427159"}],"version-history":[{"count":0,"href":"https:\/\/www.ecinews.fr\/fr\/wp-json\/wp\/v2\/posts\/427159\/revisions"}],"wp:featuredmedia":[{"embeddable":true,"href":"https:\/\/www.ecinews.fr\/fr\/wp-json\/wp\/v2\/media\/427124"}],"wp:attachment":[{"href":"https:\/\/www.ecinews.fr\/fr\/wp-json\/wp\/v2\/media?parent=427159"}],"wp:term":[{"taxonomy":"category","embeddable":true,"href":"https:\/\/www.ecinews.fr\/fr\/wp-json\/wp\/v2\/categories?post=427159"},{"taxonomy":"post_tag","embeddable":true,"href":"https:\/\/www.ecinews.fr\/fr\/wp-json\/wp\/v2\/tags?post=427159"},{"taxonomy":"domains","embeddable":true,"href":"https:\/\/www.ecinews.fr\/fr\/wp-json\/wp\/v2\/domains?post=427159"},{"taxonomy":"author","embeddable":true,"href":"https:\/\/www.ecinews.fr\/fr\/wp-json\/wp\/v2\/ppma_author?post=427159"}],"curies":[{"name":"wp","href":"https:\/\/api.w.org\/{rel}","templated":true}]}}