{"id":426875,"date":"2023-07-11T12:10:28","date_gmt":"2023-07-11T10:10:28","guid":{"rendered":"https:\/\/www.eenewseurope.com\/?p=426875"},"modified":"2023-07-11T12:10:28","modified_gmt":"2023-07-11T10:10:28","slug":"imec-va-recevoir-15-milliard-deuros","status":"publish","type":"post","link":"https:\/\/www.ecinews.fr\/fr\/imec-va-recevoir-15-milliard-deuros\/","title":{"rendered":"IMEC va recevoir 1,5 milliard d&rsquo;euros"},"content":{"rendered":"<p>Le centre de recherche europ\u00e9en IMEC en Belgique devrait recevoir 1,5 milliard d&rsquo;euros (environ 1,6 milliard de dollars) de l&rsquo;Union europ\u00e9enne et du gouvernement de la r\u00e9gion flamande pour pr\u00e9parer sa salle blanche \u00e0 la recherche sur les mat\u00e9riaux de 1 nm et de moins de 1 nm.<\/p>\n<p>L&rsquo;IMEC a d\u00e9j\u00e0 sign\u00e9 un accord avec ASML afin d&rsquo;installer les \u00e9quipements de lithographie les plus r\u00e9cents pour une ligne pilote sub-1nm (voir <a href=\"https:\/\/www.eenewseurope.com\/en\/imec-asml-team-for-pilot-line-for-sub-1nm-development\/\">IMEC, ASML team for pilot line for sub-1nm development<\/a>).<\/p>\n<p>L&rsquo;IMEC vient de signer une lettre d&rsquo;intention avec le gouvernement flamand. Le gouvernement flamand fournira jusqu&rsquo;\u00e0 750 millions d&rsquo;euros dans le cadre de la loi sur les puces europ\u00e9ennes ( European Chip Act). Il est entendu que l&rsquo;Union europ\u00e9enne fournira 750 millions d&rsquo;euros suppl\u00e9mentaires.<\/p>\n<p>\u00ab\u00a0Au cours de la derni\u00e8re d\u00e9cennie, plus de 300 millions d&rsquo;euros d&rsquo;investissements provenant des programmes phares Horizon 2020 et Horizon Europe ont \u00e9t\u00e9 allou\u00e9s \u00e0 l&rsquo;IMEC. Aujourd&rsquo;hui, nous ouvrons un nouveau chapitre avec le Chips Act. Nous voulons faire de l&rsquo;Europe un leader mondial de la recherche, de la conception, des essais et de la production de semiconducteurs.<\/p>\n<p>Le vendredi 7 juillet, l&rsquo;IMEC a re\u00e7u la visite de la pr\u00e9sidente de la Commission europ\u00e9enne, Ursula von der Leyen, du premier ministre belge, Alexander De Croo, du ministre-pr\u00e9sident flamand, Jan Jambon, et du ministre flamand de l&rsquo;innovation, Jo Brouns. Peter Winninck, PDG d&rsquo;ASML, \u00e9tait \u00e9galement pr\u00e9sent.<\/p>\n<p>\u00ab\u00a0Nous savons que nous r\u00e9cup\u00e9rerons notre argent, non seulement en euros mais aussi en dividendes soci\u00e9taux\u00a0\u00bb, aurait d\u00e9clar\u00e9 le ministre-pr\u00e9sident flamand Jan Jambon lors d&rsquo;une conf\u00e9rence de presse commune.<\/p>\n<p><strong>Liens et articles connexes :<\/strong><\/p>\n<p><a href=\"http:\/\/www.imec-int.com\">www.imec-int.com<\/a><\/p>\n<p><strong>Articles de presse :<\/strong><\/p>\n<p><a href=\"https:\/\/www.eenewseurope.com\/en\/imec-asml-team-for-pilot-line-for-sub-1nm-development\/\">L&rsquo;IMEC et ASML s&rsquo;associent pour cr\u00e9er une ligne pilote pour le d\u00e9veloppement de la technologie sub-1nm<\/a><\/p>\n<p><a href=\"https:\/\/www.eenewseurope.com\/en\/intel-plans-25-billion-israel-wafer-fab-spend\/\">Intel pr\u00e9voit d&rsquo;investir 25 milliards de dollars dans une usine de fabrication de plaquettes de silicium en Isra\u00ebl<\/a><\/p>\n<p><a href=\"https:\/\/www.eenewseurope.com\/en\/intel-to-open-4-6bn-assembly-and-test-plant-in-poland-to-other-foundries\/\">Intel ouvre une usine d&rsquo;assemblage et de test en Pologne, d&rsquo;une valeur de 4,6 milliards de dollars, \u00e0 d&rsquo;autres fonderies<\/a><\/p>\n<p><a href=\"https:\/\/www.eenewseurope.com\/en\/report-intel-requires-e10-billion-subsidy-for-german-fab\/\">Rapport : Intel a besoin d&rsquo;une subvention de 10 milliards d&rsquo;euros pour son usine allemande<\/a><\/p>\n","protected":false},"excerpt":{"rendered":"<p>Le centre de recherche europ\u00e9en IMEC en Belgique devrait recevoir 1,5 milliard d&rsquo;euros (environ 1,6 milliard de dollars) de l&rsquo;Union europ\u00e9enne et du gouvernement de la r\u00e9gion flamande pour pr\u00e9parer sa salle blanche \u00e0 la recherche sur les mat\u00e9riaux de 1 nm et de moins de 1 nm. L&rsquo;IMEC a d\u00e9j\u00e0 sign\u00e9 un accord avec [&hellip;]<\/p>\n","protected":false},"author":2,"featured_media":426762,"comment_status":"closed","ping_status":"closed","sticky":false,"template":"","format":"standard","meta":{"_acf_changed":false,"footnotes":""},"categories":[3669],"tags":[2158,3251,1558],"domains":[47],"ppma_author":[3631],"class_list":["post-426875","post","type-post","status-publish","format-standard","has-post-thumbnail","hentry","category-nouvelles","tag-fab","tag-imec","tag-semiconducteurs","domains-electronique-eci"],"acf":[],"yoast_head":"<title>L&#039;IMEC va recevoir 1,5 milliard d&#039;euros pour l&#039;agrandissement d...<\/title>\n<meta name=\"description\" content=\"Le centre de recherche europ\u00e9en IMEC devrait recevoir 1,5 milliard d&#039;euros (environ 1,6 milliard de dollars) de l&#039;Union europ\u00e9enne et du gouvernement...\" \/>\n<meta name=\"robots\" content=\"index, follow, max-snippet:-1, max-image-preview:large, max-video-preview:-1\" \/>\n<link rel=\"canonical\" href=\"https:\/\/www.ecinews.fr\/fr\/wp-json\/wp\/v2\/posts\/426875\/\" \/>\n<meta property=\"og:locale\" content=\"fr_FR\" \/>\n<meta property=\"og:type\" content=\"article\" \/>\n<meta property=\"og:title\" content=\"IMEC va recevoir 1,5 milliard d&#039;euros\" \/>\n<meta property=\"og:description\" content=\"Le centre de recherche europ\u00e9en IMEC devrait recevoir 1,5 milliard d&#039;euros (environ 1,6 milliard de dollars) de l&#039;Union europ\u00e9enne et du gouvernement flamand.\" \/>\n<meta property=\"og:url\" content=\"https:\/\/www.ecinews.fr\/fr\/wp-json\/wp\/v2\/posts\/426875\/\" \/>\n<meta property=\"og:site_name\" content=\"EENewsEurope\" \/>\n<meta property=\"article:published_time\" content=\"2023-07-11T10:10:28+00:00\" \/>\n<meta property=\"og:image\" content=\"https:\/\/www.ecinews.fr\/wp-content\/uploads\/2023\/07\/UrsualLucJan630.jpg\" \/>\n\t<meta property=\"og:image:width\" content=\"630\" \/>\n\t<meta property=\"og:image:height\" content=\"353\" \/>\n\t<meta property=\"og:image:type\" content=\"image\/jpeg\" \/>\n<meta name=\"author\" content=\"Peter Clarke\" \/>\n<meta name=\"twitter:card\" content=\"summary_large_image\" \/>\n<meta name=\"twitter:label1\" content=\"Written by\" \/>\n\t<meta name=\"twitter:data1\" content=\"NicolasR\" \/>\n\t<meta name=\"twitter:label2\" content=\"Est. reading time\" \/>\n\t<meta name=\"twitter:data2\" content=\"2 minutes\" \/>\n<script type=\"application\/ld+json\" class=\"yoast-schema-graph\">{\"@context\":\"https:\/\/schema.org\",\"@graph\":[{\"@type\":\"Article\",\"@id\":\"https:\/\/www.ecinews.fr\/fr\/imec-va-recevoir-15-milliard-deuros\/#article\",\"isPartOf\":{\"@id\":\"https:\/\/www.ecinews.fr\/fr\/imec-va-recevoir-15-milliard-deuros\/\"},\"author\":{\"name\":\"NicolasR\",\"@id\":\"https:\/\/www.ecinews.fr\/fr\/#\/schema\/person\/78961bf5e4a331d3b8b2d58fdfef976c\"},\"headline\":\"IMEC va recevoir 1,5 milliard d&rsquo;euros\",\"datePublished\":\"2023-07-11T10:10:28+00:00\",\"dateModified\":\"2023-07-11T10:10:28+00:00\",\"mainEntityOfPage\":{\"@id\":\"https:\/\/www.ecinews.fr\/fr\/imec-va-recevoir-15-milliard-deuros\/\"},\"wordCount\":383,\"publisher\":{\"@id\":\"https:\/\/www.ecinews.fr\/fr\/#organization\"},\"keywords\":[\"Fab\",\"IMEC\",\"Semiconducteurs\"],\"articleSection\":[\"Nouvelles\"],\"inLanguage\":\"fr-FR\"},{\"@type\":\"WebPage\",\"@id\":\"https:\/\/www.ecinews.fr\/fr\/imec-va-recevoir-15-milliard-deuros\/\",\"url\":\"https:\/\/www.ecinews.fr\/fr\/imec-va-recevoir-15-milliard-deuros\/\",\"name\":\"L'IMEC va recevoir 1,5 milliard d'euros pour l'agrandissement de sa salle blanche\",\"isPartOf\":{\"@id\":\"https:\/\/www.ecinews.fr\/fr\/#website\"},\"datePublished\":\"2023-07-11T10:10:28+00:00\",\"dateModified\":\"2023-07-11T10:10:28+00:00\",\"description\":\"Le centre de recherche europ\u00e9en IMEC devrait recevoir 1,5 milliard d'euros (environ 1,6 milliard de dollars) de l'Union europ\u00e9enne et du gouvernement flamand.\",\"breadcrumb\":{\"@id\":\"https:\/\/www.ecinews.fr\/fr\/imec-va-recevoir-15-milliard-deuros\/#breadcrumb\"},\"inLanguage\":\"fr-FR\",\"potentialAction\":[{\"@type\":\"ReadAction\",\"target\":[\"https:\/\/www.ecinews.fr\/fr\/imec-va-recevoir-15-milliard-deuros\/\"]}]},{\"@type\":\"BreadcrumbList\",\"@id\":\"https:\/\/www.ecinews.fr\/fr\/imec-va-recevoir-15-milliard-deuros\/#breadcrumb\",\"itemListElement\":[{\"@type\":\"ListItem\",\"position\":1,\"name\":\"Home\",\"item\":\"https:\/\/www.ecinews.fr\/fr\/\"},{\"@type\":\"ListItem\",\"position\":2,\"name\":\"IMEC va recevoir 1,5 milliard d&rsquo;euros\"}]},{\"@type\":\"WebSite\",\"@id\":\"https:\/\/www.ecinews.fr\/fr\/#website\",\"url\":\"https:\/\/www.ecinews.fr\/fr\/\",\"name\":\"EENewsEurope\",\"description\":\"Just another WordPress site\",\"publisher\":{\"@id\":\"https:\/\/www.ecinews.fr\/fr\/#organization\"},\"potentialAction\":[{\"@type\":\"SearchAction\",\"target\":{\"@type\":\"EntryPoint\",\"urlTemplate\":\"https:\/\/www.ecinews.fr\/fr\/?s={search_term_string}\"},\"query-input\":\"required name=search_term_string\"}],\"inLanguage\":\"fr-FR\"},{\"@type\":\"Organization\",\"@id\":\"https:\/\/www.ecinews.fr\/fr\/#organization\",\"name\":\"EENewsEurope\",\"url\":\"https:\/\/www.ecinews.fr\/fr\/\",\"logo\":{\"@type\":\"ImageObject\",\"inLanguage\":\"fr-FR\",\"@id\":\"https:\/\/www.ecinews.fr\/fr\/#\/schema\/logo\/image\/\",\"url\":\"https:\/\/www.ecinews.fr\/wp-content\/uploads\/2022\/02\/logo-1.jpg\",\"contentUrl\":\"https:\/\/www.ecinews.fr\/wp-content\/uploads\/2022\/02\/logo-1.jpg\",\"width\":283,\"height\":113,\"caption\":\"EENewsEurope\"},\"image\":{\"@id\":\"https:\/\/www.ecinews.fr\/fr\/#\/schema\/logo\/image\/\"}},{\"@type\":\"Person\",\"@id\":\"https:\/\/www.ecinews.fr\/fr\/#\/schema\/person\/78961bf5e4a331d3b8b2d58fdfef976c\",\"name\":\"NicolasR\",\"image\":{\"@type\":\"ImageObject\",\"inLanguage\":\"fr-FR\",\"@id\":\"https:\/\/www.ecinews.fr\/fr\/#\/schema\/person\/image\/1113513d73c6c997fc7ac1ecedfff8d9\",\"url\":\"https:\/\/secure.gravatar.com\/avatar\/8c46107760468ab8a00c814c26c19ab4?s=96&d=mm&r=g\",\"contentUrl\":\"https:\/\/secure.gravatar.com\/avatar\/8c46107760468ab8a00c814c26c19ab4?s=96&d=mm&r=g\",\"caption\":\"NicolasR\"}}]}<\/script>","yoast_head_json":{"title":"L'IMEC va recevoir 1,5 milliard d'euros pour l'agrandissement d...","description":"Le centre de recherche europ\u00e9en IMEC devrait recevoir 1,5 milliard d'euros (environ 1,6 milliard de dollars) de l'Union europ\u00e9enne et du gouvernement...","robots":{"index":"index","follow":"follow","max-snippet":"max-snippet:-1","max-image-preview":"max-image-preview:large","max-video-preview":"max-video-preview:-1"},"canonical":"https:\/\/www.ecinews.fr\/fr\/wp-json\/wp\/v2\/posts\/426875\/","og_locale":"fr_FR","og_type":"article","og_title":"IMEC va recevoir 1,5 milliard d'euros","og_description":"Le centre de recherche europ\u00e9en IMEC devrait recevoir 1,5 milliard d'euros (environ 1,6 milliard de dollars) de l'Union europ\u00e9enne et du gouvernement flamand.","og_url":"https:\/\/www.ecinews.fr\/fr\/wp-json\/wp\/v2\/posts\/426875\/","og_site_name":"EENewsEurope","article_published_time":"2023-07-11T10:10:28+00:00","og_image":[{"width":630,"height":353,"url":"https:\/\/www.ecinews.fr\/wp-content\/uploads\/2023\/07\/UrsualLucJan630.jpg","type":"image\/jpeg"}],"author":"Peter Clarke","twitter_card":"summary_large_image","twitter_misc":{"Written by":"NicolasR","Est. reading time":"2 minutes"},"schema":{"@context":"https:\/\/schema.org","@graph":[{"@type":"Article","@id":"https:\/\/www.ecinews.fr\/fr\/imec-va-recevoir-15-milliard-deuros\/#article","isPartOf":{"@id":"https:\/\/www.ecinews.fr\/fr\/imec-va-recevoir-15-milliard-deuros\/"},"author":{"name":"NicolasR","@id":"https:\/\/www.ecinews.fr\/fr\/#\/schema\/person\/78961bf5e4a331d3b8b2d58fdfef976c"},"headline":"IMEC va recevoir 1,5 milliard d&rsquo;euros","datePublished":"2023-07-11T10:10:28+00:00","dateModified":"2023-07-11T10:10:28+00:00","mainEntityOfPage":{"@id":"https:\/\/www.ecinews.fr\/fr\/imec-va-recevoir-15-milliard-deuros\/"},"wordCount":383,"publisher":{"@id":"https:\/\/www.ecinews.fr\/fr\/#organization"},"keywords":["Fab","IMEC","Semiconducteurs"],"articleSection":["Nouvelles"],"inLanguage":"fr-FR"},{"@type":"WebPage","@id":"https:\/\/www.ecinews.fr\/fr\/imec-va-recevoir-15-milliard-deuros\/","url":"https:\/\/www.ecinews.fr\/fr\/imec-va-recevoir-15-milliard-deuros\/","name":"L'IMEC va recevoir 1,5 milliard d'euros pour l'agrandissement de sa salle blanche","isPartOf":{"@id":"https:\/\/www.ecinews.fr\/fr\/#website"},"datePublished":"2023-07-11T10:10:28+00:00","dateModified":"2023-07-11T10:10:28+00:00","description":"Le centre de recherche europ\u00e9en IMEC devrait recevoir 1,5 milliard d'euros (environ 1,6 milliard de dollars) de l'Union europ\u00e9enne et du gouvernement flamand.","breadcrumb":{"@id":"https:\/\/www.ecinews.fr\/fr\/imec-va-recevoir-15-milliard-deuros\/#breadcrumb"},"inLanguage":"fr-FR","potentialAction":[{"@type":"ReadAction","target":["https:\/\/www.ecinews.fr\/fr\/imec-va-recevoir-15-milliard-deuros\/"]}]},{"@type":"BreadcrumbList","@id":"https:\/\/www.ecinews.fr\/fr\/imec-va-recevoir-15-milliard-deuros\/#breadcrumb","itemListElement":[{"@type":"ListItem","position":1,"name":"Home","item":"https:\/\/www.ecinews.fr\/fr\/"},{"@type":"ListItem","position":2,"name":"IMEC va recevoir 1,5 milliard d&rsquo;euros"}]},{"@type":"WebSite","@id":"https:\/\/www.ecinews.fr\/fr\/#website","url":"https:\/\/www.ecinews.fr\/fr\/","name":"EENewsEurope","description":"Just another WordPress site","publisher":{"@id":"https:\/\/www.ecinews.fr\/fr\/#organization"},"potentialAction":[{"@type":"SearchAction","target":{"@type":"EntryPoint","urlTemplate":"https:\/\/www.ecinews.fr\/fr\/?s={search_term_string}"},"query-input":"required name=search_term_string"}],"inLanguage":"fr-FR"},{"@type":"Organization","@id":"https:\/\/www.ecinews.fr\/fr\/#organization","name":"EENewsEurope","url":"https:\/\/www.ecinews.fr\/fr\/","logo":{"@type":"ImageObject","inLanguage":"fr-FR","@id":"https:\/\/www.ecinews.fr\/fr\/#\/schema\/logo\/image\/","url":"https:\/\/www.ecinews.fr\/wp-content\/uploads\/2022\/02\/logo-1.jpg","contentUrl":"https:\/\/www.ecinews.fr\/wp-content\/uploads\/2022\/02\/logo-1.jpg","width":283,"height":113,"caption":"EENewsEurope"},"image":{"@id":"https:\/\/www.ecinews.fr\/fr\/#\/schema\/logo\/image\/"}},{"@type":"Person","@id":"https:\/\/www.ecinews.fr\/fr\/#\/schema\/person\/78961bf5e4a331d3b8b2d58fdfef976c","name":"NicolasR","image":{"@type":"ImageObject","inLanguage":"fr-FR","@id":"https:\/\/www.ecinews.fr\/fr\/#\/schema\/person\/image\/1113513d73c6c997fc7ac1ecedfff8d9","url":"https:\/\/secure.gravatar.com\/avatar\/8c46107760468ab8a00c814c26c19ab4?s=96&d=mm&r=g","contentUrl":"https:\/\/secure.gravatar.com\/avatar\/8c46107760468ab8a00c814c26c19ab4?s=96&d=mm&r=g","caption":"NicolasR"}}]}},"authors":[{"term_id":3631,"user_id":0,"is_guest":1,"slug":"peter-clarke","display_name":"Peter Clarke","avatar_url":"https:\/\/secure.gravatar.com\/avatar\/?s=96&d=mm&r=g","0":null,"1":"","2":"","3":"","4":"","5":"","6":"","7":"","8":""}],"_links":{"self":[{"href":"https:\/\/www.ecinews.fr\/fr\/wp-json\/wp\/v2\/posts\/426875"}],"collection":[{"href":"https:\/\/www.ecinews.fr\/fr\/wp-json\/wp\/v2\/posts"}],"about":[{"href":"https:\/\/www.ecinews.fr\/fr\/wp-json\/wp\/v2\/types\/post"}],"author":[{"embeddable":true,"href":"https:\/\/www.ecinews.fr\/fr\/wp-json\/wp\/v2\/users\/2"}],"replies":[{"embeddable":true,"href":"https:\/\/www.ecinews.fr\/fr\/wp-json\/wp\/v2\/comments?post=426875"}],"version-history":[{"count":0,"href":"https:\/\/www.ecinews.fr\/fr\/wp-json\/wp\/v2\/posts\/426875\/revisions"}],"wp:featuredmedia":[{"embeddable":true,"href":"https:\/\/www.ecinews.fr\/fr\/wp-json\/wp\/v2\/media\/426762"}],"wp:attachment":[{"href":"https:\/\/www.ecinews.fr\/fr\/wp-json\/wp\/v2\/media?parent=426875"}],"wp:term":[{"taxonomy":"category","embeddable":true,"href":"https:\/\/www.ecinews.fr\/fr\/wp-json\/wp\/v2\/categories?post=426875"},{"taxonomy":"post_tag","embeddable":true,"href":"https:\/\/www.ecinews.fr\/fr\/wp-json\/wp\/v2\/tags?post=426875"},{"taxonomy":"domains","embeddable":true,"href":"https:\/\/www.ecinews.fr\/fr\/wp-json\/wp\/v2\/domains?post=426875"},{"taxonomy":"author","embeddable":true,"href":"https:\/\/www.ecinews.fr\/fr\/wp-json\/wp\/v2\/ppma_author?post=426875"}],"curies":[{"name":"wp","href":"https:\/\/api.w.org\/{rel}","templated":true}]}}