{"id":425982,"date":"2023-06-30T11:16:06","date_gmt":"2023-06-30T09:16:06","guid":{"rendered":"https:\/\/www.eenewseurope.com\/?p=425982"},"modified":"2023-06-30T11:18:11","modified_gmt":"2023-06-30T09:18:11","slug":"interview-du-pdg-le-leti-sattaque-a-la-6g","status":"publish","type":"post","link":"https:\/\/www.ecinews.fr\/fr\/interview-du-pdg-le-leti-sattaque-a-la-6g\/","title":{"rendered":"Interview du PDG : Le Leti s&rsquo;attaque \u00e0 la 6G"},"content":{"rendered":"<h4>S\u00e9bastian Dauv\u00e9 a vu ses d\u00e9fis tripler en l&rsquo;espace de deux ans.<\/h4>\n<p>Lorsque M. Dauv\u00e9 (ci-dessus) a pris la direction du laboratoire fran\u00e7ais de recherche en micro\u00e9lectronique CEA-Leti en 2021, le principal d\u00e9fi consistait \u00e0 stimuler l&rsquo;innovation dans le domaine de la micro\u00e9lectronique en Europe. C&rsquo;est ainsi qu&rsquo;est n\u00e9, en 2015, le premier transistor \u00e0 grille p\u00e9riph\u00e9rique ( Gata all around ou GAA), qui est aujourd&rsquo;hui le pilier de la technologie de pointe des process 3 et 2 nm, et qui a donn\u00e9 naissance \u00e0 des technologies allant du FD-SOI de Soitec \u00e0 l&rsquo;informatique en m\u00e9moire, en passant par les ordinateurs quantiques.<\/p>\n<p>\u00ab\u00a0Dans le pass\u00e9, le d\u00e9fi consistait \u00e0 innover pour soutenir l&rsquo;industrie. Aujourd&rsquo;hui, nous encourageons \u00e9galement l&rsquo;innovation pour soutenir les syst\u00e8mes et la souverainet\u00e9, ce qui constitue un d\u00e9fi de taille\u00a0\u00bb, explique-t-il \u00e0 Nick Flaherty \u00e0<em> eeNews Europe et ECInews <\/em>, lors des journ\u00e9es de l&rsquo;innovation organis\u00e9es \u00e0 Grenoble.<\/p>\n<p>Les laboratoires sont essentiels pour la prochaine g\u00e9n\u00e9ration de FD-SOI jusqu&rsquo;\u00e0 7 nm pour ST Microelectronics et Global Foundries (GF) dans leur coentreprise de Crolles, situ\u00e9e juste \u00e0 c\u00f4t\u00e9 du Leti, avec une nouvelle salle blanche construite plus tard dans l&rsquo;ann\u00e9e et une toute nouvelle ligne pilote. Elle sera au c\u0153ur du d\u00e9veloppement de nouvelles technologies pour les microcontr\u00f4leurs et la technologie sans fil 6G au cours de la prochaine d\u00e9cennie.<\/p>\n<h3>Durabilit\u00e9<\/h3>\n<p>\u00ab\u00a0La durabilit\u00e9 est un besoin clair pour notre propre salle blanche et pour nos partenaires, la souverainet\u00e9 de la France et le \u00ab\u00a0Europe Chip Act\u00a0\u00bb et l&rsquo;accent est donc mis sur le FD SOI pour 2030 avec un process \u00e0 10 et 7 nm\u00a0\u00bb, a-t-il d\u00e9clar\u00e9. \u00ab\u00a0Nous nous occuperons de l&rsquo;informatique et de la RF avec le FD-SOI et GF est plus sp\u00e9cialis\u00e9 dans la RF et, bien s\u00fbr, nous verrons aussi comment les substrats \u00e9voluent.<\/p>\n<p>Mais nous devons aussi tenir compte des consid\u00e9rations relatives aux syst\u00e8mes, en particulier avec les ordinateurs quantiques et la prochaine g\u00e9n\u00e9ration de r\u00e9seaux sans fil 6G.<\/p>\n<p>\u00ab\u00a0En ce qui concerne la capacit\u00e9 de syst\u00e8mes, nous abordons ce probl\u00e8me avec une approche globale, qui commence par les mat\u00e9riaux\u00a0\u00bb, a-t-il d\u00e9clar\u00e9. \u00ab\u00a0Nous devons r\u00e9duire les couches de mat\u00e9riaux gr\u00e2ce \u00e0 l&rsquo;optimisation et changer les mat\u00e9riaux, fournir les composants et comprendre les applications futures. La 6G modifiera les fr\u00e9quences de fonctionnement et ce sera donc compl\u00e8tement diff\u00e9rent de la situation actuelle. Il y aura des opportunit\u00e9s pour r\u00e9duire la consommation d&rsquo;\u00e9nergie.<\/p>\n<p>\u00ab\u00a0De nombreux partenaires nous disent que nous sommes le seul endroit o\u00f9 l&rsquo;on peut transformer de bonnes id\u00e9es en produits, car nous disposons de l&rsquo;\u00e9quipement et des salles blanches n\u00e9cessaires \u00e0 l&rsquo;exploration et \u00e0 la maturation de la technologie, et c&rsquo;est sur ce point que nous voulons mettre l&rsquo;accent \u00e0 l&rsquo;avenir, tout en maintenant le lien entre la recherche et l&rsquo;industrie.<\/p>\n<ul>\n<li><a href=\"https:\/\/www.eenewseurope.com\/en\/leti-details-move-to-10nm-fd-soi-process-in-europe\/\">Le Leti d\u00e9taille le passage au proc\u00e9d\u00e9 FD-SOI 10nm, 7nm en Europe<\/a><\/li>\n<\/ul>\n<p>\u00ab\u00a0Le FD-SOI est la solution la plus efficace sur le plan \u00e9nerg\u00e9tique pour la conception de signaux mixtes\u00a0\u00bb, d\u00e9clare Jean-Ren\u00e9 L\u00e8quepeys, directeur de la technologie et directeur des programmes au Leti. \u00ab\u00a0Nous pensons qu&rsquo;il s&rsquo;agira d&rsquo;un \u00e9l\u00e9ment de rupture, car il offrira les m\u00eames performances qu&rsquo;un FinFET de 5 nm. Nous voulons repousser les limites du FD-SOI et \u00e0 7 nm, c&rsquo;est la limite de la lithographie par immersion. Nous pr\u00e9voyons ensuite de faire du GAA avec des mat\u00e9riaux 2D. Nous connaissons bien le GAA et avons d\u00e9pos\u00e9 45 brevets \u00e0 ce sujet, et cette technologie sera n\u00e9cessaire pour les produits automobiles tels que les microcontr\u00f4leurs \u00e0 partir de 2032.<\/p>\n<h3>Il s&rsquo;agit de technologies avanc\u00e9es plut\u00f4t que de technologies de pointe, pr\u00e9cise-t-il.<\/h3>\n<p>\u00ab\u00a0Nous ne voulons pas \u00eatre un leader \u00e0 la pointe du progr\u00e8s. Dans l&rsquo;informatique en m\u00e9moire, par exemple, on assiste \u00e0 un changement radical de l&rsquo;architecture et l&rsquo;id\u00e9e n&rsquo;est pas d&rsquo;utiliser les n\u0153uds les plus avanc\u00e9s, mais plut\u00f4t une haute densit\u00e9 pour la m\u00e9moire et le calcul, et nous avons un programme important dans ce domaine. Le d\u00e9placement des donn\u00e9es au sein du processeur repr\u00e9sente 90 % de la consommation d&rsquo;\u00e9nergie, il est donc important de s&rsquo;en pr\u00e9occuper. Le calcul en m\u00e9moire pourrait se faire dans la SRAM ou la RRAM, mais nous devons d\u00e9velopper des compilateurs et des ordonnanceurs pour y parvenir.<\/p>\n<p>La diff\u00e9rence essentielle aujourd&rsquo;hui est que, pour la premi\u00e8re fois, le co\u00fbt par fonction de la technologie 3 nm augmente. Les derni\u00e8rs wafers \u00e0 3 nm co\u00fbtent 25 000 dollars, soit une augmentation de 20 % depuis le d\u00e9but de l&rsquo;ann\u00e9e.<\/p>\n<p>\u00ab\u00a0Nous pensons qu&rsquo;il existe une mani\u00e8re diff\u00e9rente d&rsquo;avoir un syst\u00e8me informatique efficace avec un packaging h\u00e9t\u00e9rog\u00e8ne en 3D et un calcul en m\u00e9moire. D&rsquo;ici deux ou trois ans, ces syst\u00e8mes seront int\u00e9gr\u00e9s dans les produits, apr\u00e8s quoi nous devrons nous d\u00e9barrasser de l&rsquo;architecture Von Neuman, mais il y a \u00e9norm\u00e9ment de logiciels h\u00e9rit\u00e9s du pass\u00e9. Toutefois, ce sont les personnes issues des microcontr\u00f4leurs qui pourraient jouer un r\u00f4le cl\u00e9 dans l&rsquo;informatique de pointe, et non les fabricants de grans CPUs.<\/p>\n<ul>\n<li><a href=\"https:\/\/www.eenewseurope.com\/en\/siemens-leti-team-for-first-automated-hybrid-photonic-design-flow\/\">Siemens et le Leti s&rsquo;associent pour la premi\u00e8re conception photonique hybride automatis\u00e9e<\/a><\/li>\n<li><a href=\"https:\/\/www.eenewseurope.com\/en\/leti-combines-nine-research-tracks-for-sustainable-electronics\/\">Le Leti combine neuf pistes de recherche pour l&rsquo;\u00e9lectronique durable<\/a><\/li>\n<li><a href=\"https:\/\/www.eenewseurope.com\/en\/imec-and-cea-leti-work-together-on-ai-and-quantum-computing\/\">L&rsquo;imec et le CEA-Leti travaillent ensemble sur l&rsquo;IA et le quantique<\/a><\/li>\n<\/ul>\n<h3>La souverainet\u00e9 est une condition essentielle pour soutenir la loi sur les puces \u00e9lectroniques de l&rsquo;UE.<\/h3>\n<p>\u00ab\u00a0Si nous n&rsquo;avons pas de fonderie, nous sommes perdants\u00a0\u00bb, a d\u00e9clar\u00e9 M. Dauvin. \u00ab\u00a0Si vous prenez le march\u00e9 des microcontr\u00f4leurs, ils sont utilis\u00e9s dans de nombreux march\u00e9s diff\u00e9rents et doivent durer longtemps, il est donc absolument n\u00e9cessaire de conserver cette capacit\u00e9.<\/p>\n<p>La souverainet\u00e9 concerne \u00e9galement la protection des donn\u00e9es des utilisateurs, l&rsquo;informatique edge avec des syst\u00e8mes \u00e0 faible consommation d&rsquo;\u00e9nergie et \u00e0 faible latence. \u00ab\u00a0Nous devons aller plus vite vers l&rsquo;informatique edge\u00a0\u00bb, a d\u00e9clar\u00e9 JLR.<\/p>\n<p>C&rsquo;est dans cette optique que le projet de ligne pilote du Leti a \u00e9t\u00e9 privil\u00e9gi\u00e9 par rapport \u00e0 celui de l&rsquo;IMEC, qui lui vise les technologies de traitement sub-nm.<\/p>\n<p>\u00ab\u00a0La ligne pilote sera ouverte \u00e0 tous les acteurs europ\u00e9ens afin de promouvoir la technologie, mais nous pensons \u00e9galement \u00e0 des technologies plus larges telles que le FDSOI. Nous allons acqu\u00e9rir une ligne de 300 mm avec des outils pour le FD-SOI d&rsquo;abord, mais aussi pour d&rsquo;autres applications et, en fin de compte, nous voulons ouvrir cette ligne \u00e0 de nombreux acteurs en Europe. Il n&rsquo;est pas facile de maitriser ce type de technologie avanc\u00e9e.<\/p>\n<p>\u00ab\u00a0Pour la 3D et les chiplets, nous avons besoin \u00e0 la fois de transistors FinFET dans une grosse unit\u00e9 centrale et de FDSOI, nous avons absolument besoin des deux. Nous devons s\u00e9lectionner la bonne technologie pour la bonne fonction, qu&rsquo;il s&rsquo;agisse de photonique ou de dispositifs quantiques sur FD-SOI.\u00a0\u00bb<\/p>\n<p><a href=\"http:\/\/www.leti-cea.fr\">www.leti-cea.fr<\/a><\/p>\n<p>&nbsp;<\/p>\n","protected":false},"excerpt":{"rendered":"<p>S\u00e9bastian Dauv\u00e9 a vu ses d\u00e9fis tripler en l&rsquo;espace de deux ans. Lorsque M. Dauv\u00e9 (ci-dessus) a pris la direction du laboratoire fran\u00e7ais de recherche en micro\u00e9lectronique CEA-Leti en 2021, le principal d\u00e9fi consistait \u00e0 stimuler l&rsquo;innovation dans le domaine de la micro\u00e9lectronique en Europe. C&rsquo;est ainsi qu&rsquo;est n\u00e9, en 2015, le premier transistor \u00e0 [&hellip;]<\/p>\n","protected":false},"author":34,"featured_media":425898,"comment_status":"closed","ping_status":"closed","sticky":false,"template":"","format":"standard","meta":{"_acf_changed":false,"footnotes":""},"categories":[885],"tags":[3946,2516,3947,913,906,890,910,915],"domains":[47],"ppma_author":[1153,3640],"class_list":["post-425982","post","type-post","status-publish","format-standard","has-post-thumbnail","hentry","category-interviews-fr","tag-cea-leti","tag-fdsoi","tag-gaa","tag-materials-processes-fr","tag-mpus-mcus-fr","tag-powermanagement-fr","tag-sensing-conditioning-fr","tag-wireless-communications-fr","domains-electronique-eci"],"acf":[],"yoast_head":"<title>Interview du PDG : Le Leti s&#039;attaque \u00e0 la 6G ...<\/title>\n<meta name=\"description\" content=\"S\u00e9bastian Dauv\u00e9, PDG du Leti \u00e0 Grenoble, s&#039;entretient avec Nick Flaherty sur les d\u00e9fis technologiques de l&#039;innovation en Europe.\" \/>\n<meta name=\"robots\" content=\"index, follow, max-snippet:-1, max-image-preview:large, max-video-preview:-1\" \/>\n<link rel=\"canonical\" href=\"https:\/\/www.ecinews.fr\/fr\/wp-json\/wp\/v2\/posts\/425982\/\" \/>\n<meta property=\"og:locale\" content=\"fr_FR\" \/>\n<meta property=\"og:type\" content=\"article\" \/>\n<meta property=\"og:title\" content=\"Interview du PDG : Le Leti s&#039;attaque \u00e0 la 6G\" \/>\n<meta property=\"og:description\" content=\"S\u00e9bastian Dauv\u00e9, PDG du Leti \u00e0 Grenoble, s&#039;entretient avec Nick Flaherty sur les d\u00e9fis technologiques de l&#039;innovation en Europe.\" \/>\n<meta property=\"og:url\" content=\"https:\/\/www.ecinews.fr\/fr\/wp-json\/wp\/v2\/posts\/425982\/\" \/>\n<meta property=\"og:site_name\" content=\"EENewsEurope\" \/>\n<meta property=\"article:published_time\" content=\"2023-06-30T09:16:06+00:00\" \/>\n<meta property=\"article:modified_time\" content=\"2023-06-30T09:18:11+00:00\" \/>\n<meta property=\"og:image\" content=\"https:\/\/test.ecinews.fr\/wp-content\/uploads\/2023\/06\/Leti_DauveS.jpg\" \/>\n\t<meta property=\"og:image:width\" content=\"600\" \/>\n\t<meta property=\"og:image:height\" content=\"600\" \/>\n\t<meta property=\"og:image:type\" content=\"image\/jpeg\" \/>\n<meta name=\"author\" content=\"A Delapalisse, Nick Flaherty\" \/>\n<meta name=\"twitter:card\" content=\"summary_large_image\" \/>\n<meta name=\"twitter:label1\" content=\"Written by\" \/>\n\t<meta name=\"twitter:data1\" content=\"A Delapalisse\" \/>\n\t<meta name=\"twitter:label2\" content=\"Est. reading time\" \/>\n\t<meta name=\"twitter:data2\" content=\"5 minutes\" \/>\n<script type=\"application\/ld+json\" class=\"yoast-schema-graph\">{\"@context\":\"https:\/\/schema.org\",\"@graph\":[{\"@type\":\"Article\",\"@id\":\"https:\/\/test.ecinews.fr\/fr\/interview-du-pdg-le-leti-sattaque-a-la-6g\/#article\",\"isPartOf\":{\"@id\":\"https:\/\/test.ecinews.fr\/fr\/interview-du-pdg-le-leti-sattaque-a-la-6g\/\"},\"author\":{\"name\":\"A Delapalisse\",\"@id\":\"https:\/\/www.eenewseurope.com\/en\/#\/schema\/person\/0aa2cfb0bd8949724a68cbac8d8321b4\"},\"headline\":\"Interview du PDG : Le Leti s&rsquo;attaque \u00e0 la 6G\",\"datePublished\":\"2023-06-30T09:16:06+00:00\",\"dateModified\":\"2023-06-30T09:18:11+00:00\",\"mainEntityOfPage\":{\"@id\":\"https:\/\/test.ecinews.fr\/fr\/interview-du-pdg-le-leti-sattaque-a-la-6g\/\"},\"wordCount\":1227,\"publisher\":{\"@id\":\"https:\/\/www.eenewseurope.com\/en\/#organization\"},\"keywords\":[\"CEA-Leti\",\"FDSOI\",\"GAA\",\"Materials &amp; processes\",\"MPUs\/MCUs\",\"PowerManagement\",\"Sensing \/ Conditioning\",\"Wireless Communications\"],\"articleSection\":[\"Interviews\"],\"inLanguage\":\"fr-FR\"},{\"@type\":\"WebPage\",\"@id\":\"https:\/\/test.ecinews.fr\/fr\/interview-du-pdg-le-leti-sattaque-a-la-6g\/\",\"url\":\"https:\/\/test.ecinews.fr\/fr\/interview-du-pdg-le-leti-sattaque-a-la-6g\/\",\"name\":\"Interview du PDG : Le Leti s'attaque \u00e0 la 6G -\",\"isPartOf\":{\"@id\":\"https:\/\/www.eenewseurope.com\/en\/#website\"},\"datePublished\":\"2023-06-30T09:16:06+00:00\",\"dateModified\":\"2023-06-30T09:18:11+00:00\",\"description\":\"S\u00e9bastian Dauv\u00e9, PDG du Leti \u00e0 Grenoble, s'entretient avec Nick Flaherty sur les d\u00e9fis technologiques de l'innovation en Europe.\",\"breadcrumb\":{\"@id\":\"https:\/\/test.ecinews.fr\/fr\/interview-du-pdg-le-leti-sattaque-a-la-6g\/#breadcrumb\"},\"inLanguage\":\"fr-FR\",\"potentialAction\":[{\"@type\":\"ReadAction\",\"target\":[\"https:\/\/test.ecinews.fr\/fr\/interview-du-pdg-le-leti-sattaque-a-la-6g\/\"]}]},{\"@type\":\"BreadcrumbList\",\"@id\":\"https:\/\/test.ecinews.fr\/fr\/interview-du-pdg-le-leti-sattaque-a-la-6g\/#breadcrumb\",\"itemListElement\":[{\"@type\":\"ListItem\",\"position\":1,\"name\":\"Home\",\"item\":\"https:\/\/www.ecinews.fr\/fr\/\"},{\"@type\":\"ListItem\",\"position\":2,\"name\":\"Interview du PDG : Le Leti s&rsquo;attaque \u00e0 la 6G\"}]},{\"@type\":\"WebSite\",\"@id\":\"https:\/\/www.eenewseurope.com\/en\/#website\",\"url\":\"https:\/\/www.eenewseurope.com\/en\/\",\"name\":\"EENewsEurope\",\"description\":\"Just another WordPress site\",\"publisher\":{\"@id\":\"https:\/\/www.eenewseurope.com\/en\/#organization\"},\"potentialAction\":[{\"@type\":\"SearchAction\",\"target\":{\"@type\":\"EntryPoint\",\"urlTemplate\":\"https:\/\/www.eenewseurope.com\/en\/?s={search_term_string}\"},\"query-input\":\"required name=search_term_string\"}],\"inLanguage\":\"fr-FR\"},{\"@type\":\"Organization\",\"@id\":\"https:\/\/www.eenewseurope.com\/en\/#organization\",\"name\":\"EENewsEurope\",\"url\":\"https:\/\/www.eenewseurope.com\/en\/\",\"logo\":{\"@type\":\"ImageObject\",\"inLanguage\":\"fr-FR\",\"@id\":\"https:\/\/www.eenewseurope.com\/en\/#\/schema\/logo\/image\/\",\"url\":\"https:\/\/www.ecinews.fr\/wp-content\/uploads\/2022\/02\/logo-1.jpg\",\"contentUrl\":\"https:\/\/www.ecinews.fr\/wp-content\/uploads\/2022\/02\/logo-1.jpg\",\"width\":283,\"height\":113,\"caption\":\"EENewsEurope\"},\"image\":{\"@id\":\"https:\/\/www.eenewseurope.com\/en\/#\/schema\/logo\/image\/\"}},{\"@type\":\"Person\",\"@id\":\"https:\/\/www.eenewseurope.com\/en\/#\/schema\/person\/0aa2cfb0bd8949724a68cbac8d8321b4\",\"name\":\"A Delapalisse\",\"image\":{\"@type\":\"ImageObject\",\"inLanguage\":\"fr-FR\",\"@id\":\"https:\/\/www.eenewseurope.com\/en\/#\/schema\/person\/image\/211ac42237c2e9683c0964086c393cb4\",\"url\":\"https:\/\/secure.gravatar.com\/avatar\/ad45a8c5da24bc9c7c4940dd1c48a695?s=96&d=mm&r=g\",\"contentUrl\":\"https:\/\/secure.gravatar.com\/avatar\/ad45a8c5da24bc9c7c4940dd1c48a695?s=96&d=mm&r=g\",\"caption\":\"A Delapalisse\"},\"sameAs\":[\"http:\/\/ECI\"]}]}<\/script>","yoast_head_json":{"title":"Interview du PDG : Le Leti s'attaque \u00e0 la 6G ...","description":"S\u00e9bastian Dauv\u00e9, PDG du Leti \u00e0 Grenoble, s'entretient avec Nick Flaherty sur les d\u00e9fis technologiques de l'innovation en Europe.","robots":{"index":"index","follow":"follow","max-snippet":"max-snippet:-1","max-image-preview":"max-image-preview:large","max-video-preview":"max-video-preview:-1"},"canonical":"https:\/\/www.ecinews.fr\/fr\/wp-json\/wp\/v2\/posts\/425982\/","og_locale":"fr_FR","og_type":"article","og_title":"Interview du PDG : Le Leti s'attaque \u00e0 la 6G","og_description":"S\u00e9bastian Dauv\u00e9, PDG du Leti \u00e0 Grenoble, s'entretient avec Nick Flaherty sur les d\u00e9fis technologiques de l'innovation en Europe.","og_url":"https:\/\/www.ecinews.fr\/fr\/wp-json\/wp\/v2\/posts\/425982\/","og_site_name":"EENewsEurope","article_published_time":"2023-06-30T09:16:06+00:00","article_modified_time":"2023-06-30T09:18:11+00:00","og_image":[{"width":600,"height":600,"url":"https:\/\/test.ecinews.fr\/wp-content\/uploads\/2023\/06\/Leti_DauveS.jpg","type":"image\/jpeg"}],"author":"A Delapalisse, Nick Flaherty","twitter_card":"summary_large_image","twitter_misc":{"Written by":"A Delapalisse","Est. reading time":"5 minutes"},"schema":{"@context":"https:\/\/schema.org","@graph":[{"@type":"Article","@id":"https:\/\/test.ecinews.fr\/fr\/interview-du-pdg-le-leti-sattaque-a-la-6g\/#article","isPartOf":{"@id":"https:\/\/test.ecinews.fr\/fr\/interview-du-pdg-le-leti-sattaque-a-la-6g\/"},"author":{"name":"A Delapalisse","@id":"https:\/\/www.eenewseurope.com\/en\/#\/schema\/person\/0aa2cfb0bd8949724a68cbac8d8321b4"},"headline":"Interview du PDG : Le Leti s&rsquo;attaque \u00e0 la 6G","datePublished":"2023-06-30T09:16:06+00:00","dateModified":"2023-06-30T09:18:11+00:00","mainEntityOfPage":{"@id":"https:\/\/test.ecinews.fr\/fr\/interview-du-pdg-le-leti-sattaque-a-la-6g\/"},"wordCount":1227,"publisher":{"@id":"https:\/\/www.eenewseurope.com\/en\/#organization"},"keywords":["CEA-Leti","FDSOI","GAA","Materials &amp; processes","MPUs\/MCUs","PowerManagement","Sensing \/ Conditioning","Wireless Communications"],"articleSection":["Interviews"],"inLanguage":"fr-FR"},{"@type":"WebPage","@id":"https:\/\/test.ecinews.fr\/fr\/interview-du-pdg-le-leti-sattaque-a-la-6g\/","url":"https:\/\/test.ecinews.fr\/fr\/interview-du-pdg-le-leti-sattaque-a-la-6g\/","name":"Interview du PDG : Le Leti s'attaque \u00e0 la 6G -","isPartOf":{"@id":"https:\/\/www.eenewseurope.com\/en\/#website"},"datePublished":"2023-06-30T09:16:06+00:00","dateModified":"2023-06-30T09:18:11+00:00","description":"S\u00e9bastian Dauv\u00e9, PDG du Leti \u00e0 Grenoble, s'entretient avec Nick Flaherty sur les d\u00e9fis technologiques de l'innovation en Europe.","breadcrumb":{"@id":"https:\/\/test.ecinews.fr\/fr\/interview-du-pdg-le-leti-sattaque-a-la-6g\/#breadcrumb"},"inLanguage":"fr-FR","potentialAction":[{"@type":"ReadAction","target":["https:\/\/test.ecinews.fr\/fr\/interview-du-pdg-le-leti-sattaque-a-la-6g\/"]}]},{"@type":"BreadcrumbList","@id":"https:\/\/test.ecinews.fr\/fr\/interview-du-pdg-le-leti-sattaque-a-la-6g\/#breadcrumb","itemListElement":[{"@type":"ListItem","position":1,"name":"Home","item":"https:\/\/www.ecinews.fr\/fr\/"},{"@type":"ListItem","position":2,"name":"Interview du PDG : Le Leti s&rsquo;attaque \u00e0 la 6G"}]},{"@type":"WebSite","@id":"https:\/\/www.eenewseurope.com\/en\/#website","url":"https:\/\/www.eenewseurope.com\/en\/","name":"EENewsEurope","description":"Just another WordPress site","publisher":{"@id":"https:\/\/www.eenewseurope.com\/en\/#organization"},"potentialAction":[{"@type":"SearchAction","target":{"@type":"EntryPoint","urlTemplate":"https:\/\/www.eenewseurope.com\/en\/?s={search_term_string}"},"query-input":"required name=search_term_string"}],"inLanguage":"fr-FR"},{"@type":"Organization","@id":"https:\/\/www.eenewseurope.com\/en\/#organization","name":"EENewsEurope","url":"https:\/\/www.eenewseurope.com\/en\/","logo":{"@type":"ImageObject","inLanguage":"fr-FR","@id":"https:\/\/www.eenewseurope.com\/en\/#\/schema\/logo\/image\/","url":"https:\/\/www.ecinews.fr\/wp-content\/uploads\/2022\/02\/logo-1.jpg","contentUrl":"https:\/\/www.ecinews.fr\/wp-content\/uploads\/2022\/02\/logo-1.jpg","width":283,"height":113,"caption":"EENewsEurope"},"image":{"@id":"https:\/\/www.eenewseurope.com\/en\/#\/schema\/logo\/image\/"}},{"@type":"Person","@id":"https:\/\/www.eenewseurope.com\/en\/#\/schema\/person\/0aa2cfb0bd8949724a68cbac8d8321b4","name":"A Delapalisse","image":{"@type":"ImageObject","inLanguage":"fr-FR","@id":"https:\/\/www.eenewseurope.com\/en\/#\/schema\/person\/image\/211ac42237c2e9683c0964086c393cb4","url":"https:\/\/secure.gravatar.com\/avatar\/ad45a8c5da24bc9c7c4940dd1c48a695?s=96&d=mm&r=g","contentUrl":"https:\/\/secure.gravatar.com\/avatar\/ad45a8c5da24bc9c7c4940dd1c48a695?s=96&d=mm&r=g","caption":"A Delapalisse"},"sameAs":["http:\/\/ECI"]}]}},"authors":[{"term_id":1153,"user_id":34,"is_guest":0,"slug":"adelapalisse","display_name":"A Delapalisse","avatar_url":"https:\/\/secure.gravatar.com\/avatar\/ad45a8c5da24bc9c7c4940dd1c48a695?s=96&d=mm&r=g","0":null,"1":"","2":"","3":"","4":"","5":"","6":"","7":"","8":""},{"term_id":3640,"user_id":0,"is_guest":1,"slug":"nick-flaherty","display_name":"Nick Flaherty","avatar_url":"https:\/\/secure.gravatar.com\/avatar\/?s=96&d=mm&r=g","0":null,"1":"","2":"","3":"","4":"","5":"","6":"","7":"","8":""}],"_links":{"self":[{"href":"https:\/\/www.ecinews.fr\/fr\/wp-json\/wp\/v2\/posts\/425982"}],"collection":[{"href":"https:\/\/www.ecinews.fr\/fr\/wp-json\/wp\/v2\/posts"}],"about":[{"href":"https:\/\/www.ecinews.fr\/fr\/wp-json\/wp\/v2\/types\/post"}],"author":[{"embeddable":true,"href":"https:\/\/www.ecinews.fr\/fr\/wp-json\/wp\/v2\/users\/34"}],"replies":[{"embeddable":true,"href":"https:\/\/www.ecinews.fr\/fr\/wp-json\/wp\/v2\/comments?post=425982"}],"version-history":[{"count":0,"href":"https:\/\/www.ecinews.fr\/fr\/wp-json\/wp\/v2\/posts\/425982\/revisions"}],"wp:featuredmedia":[{"embeddable":true,"href":"https:\/\/www.ecinews.fr\/fr\/wp-json\/wp\/v2\/media\/425898"}],"wp:attachment":[{"href":"https:\/\/www.ecinews.fr\/fr\/wp-json\/wp\/v2\/media?parent=425982"}],"wp:term":[{"taxonomy":"category","embeddable":true,"href":"https:\/\/www.ecinews.fr\/fr\/wp-json\/wp\/v2\/categories?post=425982"},{"taxonomy":"post_tag","embeddable":true,"href":"https:\/\/www.ecinews.fr\/fr\/wp-json\/wp\/v2\/tags?post=425982"},{"taxonomy":"domains","embeddable":true,"href":"https:\/\/www.ecinews.fr\/fr\/wp-json\/wp\/v2\/domains?post=425982"},{"taxonomy":"author","embeddable":true,"href":"https:\/\/www.ecinews.fr\/fr\/wp-json\/wp\/v2\/ppma_author?post=425982"}],"curies":[{"name":"wp","href":"https:\/\/api.w.org\/{rel}","templated":true}]}}