{"id":425864,"date":"2023-06-29T08:04:30","date_gmt":"2023-06-29T06:04:30","guid":{"rendered":"https:\/\/www.eenewseurope.com\/?p=425864"},"modified":"2023-06-29T08:07:22","modified_gmt":"2023-06-29T06:07:22","slug":"imec-et-asml-sassocient-pour-creer-une-ligne-pilote-sub-1nm","status":"publish","type":"post","link":"https:\/\/www.ecinews.fr\/fr\/imec-et-asml-sassocient-pour-creer-une-ligne-pilote-sub-1nm\/","title":{"rendered":"imec et ASML s&rsquo;associent pour cr\u00e9er une ligne pilote sub-1nm"},"content":{"rendered":"<h4>Le laboratoire de recherche belge imec a sign\u00e9 un contrat important avec ASML pour l&rsquo;achat d&rsquo;un \u00e9quipement de lithographie de pointe destin\u00e9 \u00e0 une ligne pilote sub-1nm.<\/h4>\n<p>Un protocole d&rsquo;accord sign\u00e9 aujourd&rsquo;hui pr\u00e9voit l&rsquo;installation et l&rsquo;entretien de la gamme compl\u00e8te d&rsquo;\u00e9quipements de lithographie et de m\u00e9trologie d&rsquo;ASML sur la ligne pilote de l&rsquo;imec \u00e0 Louvain, en Belgique.<\/p>\n<p>Cela comprend des dizaines de millions d&rsquo;euros d&rsquo;\u00e9quipement avec le dernier mod\u00e8le 0,55 NA EUV, le TWINSCAN EXE:5200 qui est essentiel pour le d\u00e9veloppement des processus 2nm et 1nm, ainsi que les derniers mod\u00e8les 0,33 NA EUV TWINSCAN NXE:3800. L&rsquo;accord comprend \u00e9galement l&rsquo;immersion DUV avec le TWINSCAN NXT:2100i, la m\u00e9trologie optique Yieldstar et le multifaisceau HMI.<\/p>\n<p>\u00ab\u00a0Cet engagement d&rsquo;ASML, qui s&rsquo;appuie sur plus de 30 ans de collaboration fructueuse, est un signal fort de notre volont\u00e9 in\u00e9branlable de faire progresser la technologie des puces sub-nanom\u00e9triques\u00a0\u00bb, a d\u00e9clar\u00e9 Luc Van den hove, pr\u00e9sident et directeur g\u00e9n\u00e9ral d&rsquo;imec.<\/p>\n<p>Des investissements importants sont n\u00e9cessaires pour garantir l&rsquo;acc\u00e8s de l&rsquo;industrie \u00e0 la lithographie EUV High-NA au-del\u00e0 de 2025, lorsque la technologie de process 2 nm sera commercialis\u00e9e, et pour conserver en Europe les capacit\u00e9s de R&amp;D sur les process des n\u0153uds avanc\u00e9s qui s&rsquo;y rapportent.<\/p>\n<ul>\n<li><a href=\"https:\/\/www.eenewseurope.com\/en\/eu-approves-e21bn-regional-ipcei-microelectronics-project\/\">L&rsquo;UE approuve un projet r\u00e9gional IPCEI de 21 milliards d&rsquo;euros dans le domaine de la micro\u00e9lectronique<\/a><\/li>\n<li><a href=\"https:\/\/www.eenewseurope.com\/en\/france-pushes-major-new-electronics-project-for-europe\/\">La France propose un nouveau projet \u00e9lectronique d&rsquo;envergure pour l&rsquo;Europe<\/a><\/li>\n<li><a href=\"https:\/\/www.eenewseurope.com\/en\/intel-lights-up-irish-4nm-euv-scanner\/\">Intel allume le scanner irlandais 4nm EUV<\/a><\/li>\n<\/ul>\n<p>Le protocole d&rsquo;accord donne le coup d&rsquo;envoi de la prochaine phase de collaboration intensive entre ASML et imec dans le domaine de l&rsquo;EUV High-NA. La premi\u00e8re phase de recherche sur les process est r\u00e9alis\u00e9e dans le laboratoire High-NA commun \u00e0 l&rsquo;imec et \u00e0 l&rsquo;ASML, en utilisant le premier scanner EUV High-NA, le TWINSCAN EXE:5000.<\/p>\n<p>L&rsquo;imec et ASML travaillent avec tous les fabricants de puces de pointe et les partenaires de l&rsquo;\u00e9cosyst\u00e8me des mat\u00e9riaux et des \u00e9quipements, dans le but de pr\u00e9parer la technologie \u00e0 l&rsquo;adoption la plus rapide possible dans la fabrication de masse.<\/p>\n<p>La ligne pilote de lithographie dans l&rsquo;ultraviolet extr\u00eame (EUV) \u00e0 haute ouverture num\u00e9rique (High-NA) de l&rsquo;imec a pour but d&rsquo;aider les industries utilisant les technologies des semiconducteurs \u00e0 comprendre les possibilit\u00e9s offertes par ces derni\u00e8res et \u00e0 acc\u00e9der \u00e0 une plateforme de prototypage qui soutiendra leurs innovations.<\/p>\n<ul>\n<li><a href=\"https:\/\/www.eenewseurope.com\/en\/asml-eindhoven-university-to-build-500-person-research-facility\/\">ASML et l&rsquo;universit\u00e9 d&rsquo;Eindhoven construisent un centre de recherche de 500 personnes<\/a><\/li>\n<li><a href=\"https:\/\/www.eenewseurope.com\/en\/asml-tsmc-synopsys-join-nvidia-for-computation-lithography\/\">ASML, TSMC et Synopsys rejoignent Nvidia pour la lithographie informatique<\/a><\/li>\n<li><a href=\"https:\/\/www.eenewseurope.com\/en\/ceo-interview-ai-creates-step-change-for-lithography-aki-fujimura-d2s\/\">Entretien avec le PDG : L&rsquo;IA cr\u00e9e un changement radical pour la lithographie<\/a><\/li>\n<\/ul>\n<p>La collaboration entre imec, ASML et d&rsquo;autres partenaires permettra d&rsquo;explorer de nouvelles applications dans le domaine des semiconducteurs, le d\u00e9veloppement potentiel de solutions de fabrication durables et de pointe pour les fabricants de puces et les utilisateurs finaux, ainsi que le d\u00e9veloppement de flux de modelage holistiques avanc\u00e9s en collaboration avec l&rsquo;\u00e9cosyst\u00e8me de l&rsquo;\u00e9quipement et du mat\u00e9riel.<\/p>\n<p>Cette nouvelle technologie High-NA r\u00e9volutionnaire est cruciale pour le d\u00e9veloppement de puces \u00e0 haute performance et \u00e0 faible consommation d&rsquo;\u00e9nergie, telles que les syst\u00e8mes d&rsquo;intelligence artificielle de la prochaine g\u00e9n\u00e9ration.<\/p>\n<p>Une partie de la collaboration entre l&rsquo;imec et ASML est donc reprise dans une proposition de l&rsquo;IPCEI qui est actuellement examin\u00e9e par le gouvernement n\u00e9erlandais.<\/p>\n<ul>\n<li><a href=\"https:\/\/www.eenewseurope.com\/en\/rapidus-joins-imec-core-partner-programme-for-2nm-development\/\">Rapidus rejoint le programme Core Partner de l&rsquo;imec pour le 2nm<\/a><\/li>\n<li><a href=\"https:\/\/www.eenewseurope.com\/en\/imec-semiconductor-roadmap-shows-end-of-metal-pitch-scaling\/\">La feuille de route de l&rsquo;imec pour les semi-conducteurs montre la fin de la mise \u00e0 l&rsquo;\u00e9chelle des pas de m\u00e9tal<\/a><\/li>\n<\/ul>\n<p>\u00ab\u00a0ASML s&rsquo;engage de mani\u00e8re substantielle dans l&rsquo;usine pilote de pointe de l&rsquo;imec afin de soutenir la recherche sur les semiconducteurs et l&rsquo;innovation durable en Europe. \u00c0 mesure que l&rsquo;intelligence artificielle (IA) se d\u00e9veloppe rapidement dans des domaines tels que le traitement du langage naturel, la vision par ordinateur et les syst\u00e8mes autonomes, la complexit\u00e9 des t\u00e2ches s&rsquo;accro\u00eet. Il est donc crucial de d\u00e9velopper une technologie de puce capable de r\u00e9pondre \u00e0 ces exigences de calcul sans \u00e9puiser les pr\u00e9cieuses ressources de la plan\u00e8te\u00a0\u00bb, a d\u00e9clar\u00e9 Peter Wennink, pr\u00e9sident et directeur g\u00e9n\u00e9ral d&rsquo;ASML.<\/p>\n<p>www.imec-int.com <a href=\"http:\/\/www.imec-int.com\">;<\/a> <a href=\"http:\/\/www.asml.com\">www.asml.com<\/a><\/p>\n","protected":false},"excerpt":{"rendered":"<p>Le laboratoire de recherche belge imec a sign\u00e9 un contrat important avec ASML pour l&rsquo;achat d&rsquo;un \u00e9quipement de lithographie de pointe destin\u00e9 \u00e0 une ligne pilote sub-1nm. Un protocole d&rsquo;accord sign\u00e9 aujourd&rsquo;hui pr\u00e9voit l&rsquo;installation et l&rsquo;entretien de la gamme compl\u00e8te d&rsquo;\u00e9quipements de lithographie et de m\u00e9trologie d&rsquo;ASML sur la ligne pilote de l&rsquo;imec \u00e0 Louvain, [&hellip;]<\/p>\n","protected":false},"author":34,"featured_media":425822,"comment_status":"closed","ping_status":"closed","sticky":false,"template":"","format":"standard","meta":{"_acf_changed":false,"footnotes":""},"categories":[883],"tags":[2933,2934,3251,3936],"domains":[47],"ppma_author":[1153,3640],"class_list":["post-425864","post","type-post","status-publish","format-standard","has-post-thumbnail","hentry","category-technologies","tag-asml","tag-euv","tag-imec","tag-sub-1nm","domains-electronique-eci"],"acf":[],"yoast_head":"<title>imec et ASML s&#039;associent pour cr\u00e9er une ligne pilote sub-1nm ...<\/title>\n<meta name=\"description\" content=\"imec a sign\u00e9 un contrat important avec ASML pour l&#039;achat d&#039;un \u00e9quipement de lithographie de pointe destin\u00e9 \u00e0 une ligne pilote sub-1nm.\" \/>\n<meta name=\"robots\" content=\"index, follow, max-snippet:-1, max-image-preview:large, max-video-preview:-1\" \/>\n<link rel=\"canonical\" href=\"https:\/\/www.ecinews.fr\/fr\/wp-json\/wp\/v2\/posts\/425864\/\" \/>\n<meta property=\"og:locale\" content=\"fr_FR\" \/>\n<meta property=\"og:type\" content=\"article\" \/>\n<meta property=\"og:title\" content=\"imec et ASML s&#039;associent pour cr\u00e9er une ligne pilote sub-1nm\" \/>\n<meta property=\"og:description\" content=\"imec a sign\u00e9 un contrat important avec ASML pour l&#039;achat d&#039;un \u00e9quipement de lithographie de pointe destin\u00e9 \u00e0 une ligne pilote sub-1nm.\" \/>\n<meta property=\"og:url\" content=\"https:\/\/www.ecinews.fr\/fr\/wp-json\/wp\/v2\/posts\/425864\/\" \/>\n<meta property=\"og:site_name\" content=\"EENewsEurope\" \/>\n<meta property=\"article:published_time\" content=\"2023-06-29T06:04:30+00:00\" \/>\n<meta property=\"article:modified_time\" content=\"2023-06-29T06:07:22+00:00\" \/>\n<meta property=\"og:image\" content=\"https:\/\/www.eenewseurope.com\/wp-content\/uploads\/2023\/06\/imec-ASML-MoU-4-scaled.jpg\" \/>\n\t<meta property=\"og:image:width\" content=\"1080\" \/>\n\t<meta property=\"og:image:height\" content=\"607\" \/>\n\t<meta property=\"og:image:type\" content=\"image\/jpeg\" \/>\n<meta name=\"author\" content=\"A Delapalisse, Nick Flaherty\" \/>\n<meta name=\"twitter:card\" content=\"summary_large_image\" \/>\n<meta name=\"twitter:label1\" content=\"Written by\" \/>\n\t<meta name=\"twitter:data1\" content=\"A Delapalisse\" \/>\n\t<meta name=\"twitter:label2\" content=\"Est. reading time\" \/>\n\t<meta name=\"twitter:data2\" content=\"3 minutes\" \/>\n<script type=\"application\/ld+json\" class=\"yoast-schema-graph\">{\"@context\":\"https:\/\/schema.org\",\"@graph\":[{\"@type\":\"Article\",\"@id\":\"https:\/\/www.eenewseurope.com\/fr\/imec-et-asml-sassocient-pour-creer-une-ligne-pilote-sub-1nm\/#article\",\"isPartOf\":{\"@id\":\"https:\/\/www.eenewseurope.com\/fr\/imec-et-asml-sassocient-pour-creer-une-ligne-pilote-sub-1nm\/\"},\"author\":{\"name\":\"A Delapalisse\",\"@id\":\"https:\/\/www.ecinews.fr\/fr\/#\/schema\/person\/0aa2cfb0bd8949724a68cbac8d8321b4\"},\"headline\":\"imec et ASML s&rsquo;associent pour cr\u00e9er une ligne pilote sub-1nm\",\"datePublished\":\"2023-06-29T06:04:30+00:00\",\"dateModified\":\"2023-06-29T06:07:22+00:00\",\"mainEntityOfPage\":{\"@id\":\"https:\/\/www.eenewseurope.com\/fr\/imec-et-asml-sassocient-pour-creer-une-ligne-pilote-sub-1nm\/\"},\"wordCount\":757,\"publisher\":{\"@id\":\"https:\/\/www.ecinews.fr\/fr\/#organization\"},\"keywords\":[\"ASML\",\"EUV\",\"IMEC\",\"sub-1nm\"],\"articleSection\":[\"Technologies\"],\"inLanguage\":\"fr-FR\"},{\"@type\":\"WebPage\",\"@id\":\"https:\/\/www.eenewseurope.com\/fr\/imec-et-asml-sassocient-pour-creer-une-ligne-pilote-sub-1nm\/\",\"url\":\"https:\/\/www.eenewseurope.com\/fr\/imec-et-asml-sassocient-pour-creer-une-ligne-pilote-sub-1nm\/\",\"name\":\"imec et ASML s'associent pour cr\u00e9er une ligne pilote sub-1nm -\",\"isPartOf\":{\"@id\":\"https:\/\/www.ecinews.fr\/fr\/#website\"},\"datePublished\":\"2023-06-29T06:04:30+00:00\",\"dateModified\":\"2023-06-29T06:07:22+00:00\",\"description\":\"imec a sign\u00e9 un contrat important avec ASML pour l'achat d'un \u00e9quipement de lithographie de pointe destin\u00e9 \u00e0 une ligne pilote sub-1nm.\",\"breadcrumb\":{\"@id\":\"https:\/\/www.eenewseurope.com\/fr\/imec-et-asml-sassocient-pour-creer-une-ligne-pilote-sub-1nm\/#breadcrumb\"},\"inLanguage\":\"fr-FR\",\"potentialAction\":[{\"@type\":\"ReadAction\",\"target\":[\"https:\/\/www.eenewseurope.com\/fr\/imec-et-asml-sassocient-pour-creer-une-ligne-pilote-sub-1nm\/\"]}]},{\"@type\":\"BreadcrumbList\",\"@id\":\"https:\/\/www.eenewseurope.com\/fr\/imec-et-asml-sassocient-pour-creer-une-ligne-pilote-sub-1nm\/#breadcrumb\",\"itemListElement\":[{\"@type\":\"ListItem\",\"position\":1,\"name\":\"Home\",\"item\":\"https:\/\/www.ecinews.fr\/fr\/\"},{\"@type\":\"ListItem\",\"position\":2,\"name\":\"imec et ASML s&rsquo;associent pour cr\u00e9er une ligne pilote sub-1nm\"}]},{\"@type\":\"WebSite\",\"@id\":\"https:\/\/www.ecinews.fr\/fr\/#website\",\"url\":\"https:\/\/www.ecinews.fr\/fr\/\",\"name\":\"EENewsEurope\",\"description\":\"Just another WordPress site\",\"publisher\":{\"@id\":\"https:\/\/www.ecinews.fr\/fr\/#organization\"},\"potentialAction\":[{\"@type\":\"SearchAction\",\"target\":{\"@type\":\"EntryPoint\",\"urlTemplate\":\"https:\/\/www.ecinews.fr\/fr\/?s={search_term_string}\"},\"query-input\":\"required name=search_term_string\"}],\"inLanguage\":\"fr-FR\"},{\"@type\":\"Organization\",\"@id\":\"https:\/\/www.ecinews.fr\/fr\/#organization\",\"name\":\"EENewsEurope\",\"url\":\"https:\/\/www.ecinews.fr\/fr\/\",\"logo\":{\"@type\":\"ImageObject\",\"inLanguage\":\"fr-FR\",\"@id\":\"https:\/\/www.ecinews.fr\/fr\/#\/schema\/logo\/image\/\",\"url\":\"https:\/\/www.ecinews.fr\/wp-content\/uploads\/2022\/02\/logo-1.jpg\",\"contentUrl\":\"https:\/\/www.ecinews.fr\/wp-content\/uploads\/2022\/02\/logo-1.jpg\",\"width\":283,\"height\":113,\"caption\":\"EENewsEurope\"},\"image\":{\"@id\":\"https:\/\/www.ecinews.fr\/fr\/#\/schema\/logo\/image\/\"}},{\"@type\":\"Person\",\"@id\":\"https:\/\/www.ecinews.fr\/fr\/#\/schema\/person\/0aa2cfb0bd8949724a68cbac8d8321b4\",\"name\":\"A Delapalisse\",\"image\":{\"@type\":\"ImageObject\",\"inLanguage\":\"fr-FR\",\"@id\":\"https:\/\/www.ecinews.fr\/fr\/#\/schema\/person\/image\/211ac42237c2e9683c0964086c393cb4\",\"url\":\"https:\/\/secure.gravatar.com\/avatar\/ad45a8c5da24bc9c7c4940dd1c48a695?s=96&d=mm&r=g\",\"contentUrl\":\"https:\/\/secure.gravatar.com\/avatar\/ad45a8c5da24bc9c7c4940dd1c48a695?s=96&d=mm&r=g\",\"caption\":\"A Delapalisse\"},\"sameAs\":[\"http:\/\/ECI\"]}]}<\/script>","yoast_head_json":{"title":"imec et ASML s'associent pour cr\u00e9er une ligne pilote sub-1nm ...","description":"imec a sign\u00e9 un contrat important avec ASML pour l'achat d'un \u00e9quipement de lithographie de pointe destin\u00e9 \u00e0 une ligne pilote sub-1nm.","robots":{"index":"index","follow":"follow","max-snippet":"max-snippet:-1","max-image-preview":"max-image-preview:large","max-video-preview":"max-video-preview:-1"},"canonical":"https:\/\/www.ecinews.fr\/fr\/wp-json\/wp\/v2\/posts\/425864\/","og_locale":"fr_FR","og_type":"article","og_title":"imec et ASML s'associent pour cr\u00e9er une ligne pilote sub-1nm","og_description":"imec a sign\u00e9 un contrat important avec ASML pour l'achat d'un \u00e9quipement de lithographie de pointe destin\u00e9 \u00e0 une ligne pilote sub-1nm.","og_url":"https:\/\/www.ecinews.fr\/fr\/wp-json\/wp\/v2\/posts\/425864\/","og_site_name":"EENewsEurope","article_published_time":"2023-06-29T06:04:30+00:00","article_modified_time":"2023-06-29T06:07:22+00:00","og_image":[{"width":1080,"height":607,"url":"https:\/\/www.eenewseurope.com\/wp-content\/uploads\/2023\/06\/imec-ASML-MoU-4-scaled.jpg","type":"image\/jpeg"}],"author":"A Delapalisse, Nick Flaherty","twitter_card":"summary_large_image","twitter_misc":{"Written by":"A Delapalisse","Est. reading time":"3 minutes"},"schema":{"@context":"https:\/\/schema.org","@graph":[{"@type":"Article","@id":"https:\/\/www.eenewseurope.com\/fr\/imec-et-asml-sassocient-pour-creer-une-ligne-pilote-sub-1nm\/#article","isPartOf":{"@id":"https:\/\/www.eenewseurope.com\/fr\/imec-et-asml-sassocient-pour-creer-une-ligne-pilote-sub-1nm\/"},"author":{"name":"A Delapalisse","@id":"https:\/\/www.ecinews.fr\/fr\/#\/schema\/person\/0aa2cfb0bd8949724a68cbac8d8321b4"},"headline":"imec et ASML s&rsquo;associent pour cr\u00e9er une ligne pilote sub-1nm","datePublished":"2023-06-29T06:04:30+00:00","dateModified":"2023-06-29T06:07:22+00:00","mainEntityOfPage":{"@id":"https:\/\/www.eenewseurope.com\/fr\/imec-et-asml-sassocient-pour-creer-une-ligne-pilote-sub-1nm\/"},"wordCount":757,"publisher":{"@id":"https:\/\/www.ecinews.fr\/fr\/#organization"},"keywords":["ASML","EUV","IMEC","sub-1nm"],"articleSection":["Technologies"],"inLanguage":"fr-FR"},{"@type":"WebPage","@id":"https:\/\/www.eenewseurope.com\/fr\/imec-et-asml-sassocient-pour-creer-une-ligne-pilote-sub-1nm\/","url":"https:\/\/www.eenewseurope.com\/fr\/imec-et-asml-sassocient-pour-creer-une-ligne-pilote-sub-1nm\/","name":"imec et ASML s'associent pour cr\u00e9er une ligne pilote sub-1nm -","isPartOf":{"@id":"https:\/\/www.ecinews.fr\/fr\/#website"},"datePublished":"2023-06-29T06:04:30+00:00","dateModified":"2023-06-29T06:07:22+00:00","description":"imec a sign\u00e9 un contrat important avec ASML pour l'achat d'un \u00e9quipement de lithographie de pointe destin\u00e9 \u00e0 une ligne pilote sub-1nm.","breadcrumb":{"@id":"https:\/\/www.eenewseurope.com\/fr\/imec-et-asml-sassocient-pour-creer-une-ligne-pilote-sub-1nm\/#breadcrumb"},"inLanguage":"fr-FR","potentialAction":[{"@type":"ReadAction","target":["https:\/\/www.eenewseurope.com\/fr\/imec-et-asml-sassocient-pour-creer-une-ligne-pilote-sub-1nm\/"]}]},{"@type":"BreadcrumbList","@id":"https:\/\/www.eenewseurope.com\/fr\/imec-et-asml-sassocient-pour-creer-une-ligne-pilote-sub-1nm\/#breadcrumb","itemListElement":[{"@type":"ListItem","position":1,"name":"Home","item":"https:\/\/www.ecinews.fr\/fr\/"},{"@type":"ListItem","position":2,"name":"imec et ASML s&rsquo;associent pour cr\u00e9er une ligne pilote sub-1nm"}]},{"@type":"WebSite","@id":"https:\/\/www.ecinews.fr\/fr\/#website","url":"https:\/\/www.ecinews.fr\/fr\/","name":"EENewsEurope","description":"Just another WordPress site","publisher":{"@id":"https:\/\/www.ecinews.fr\/fr\/#organization"},"potentialAction":[{"@type":"SearchAction","target":{"@type":"EntryPoint","urlTemplate":"https:\/\/www.ecinews.fr\/fr\/?s={search_term_string}"},"query-input":"required name=search_term_string"}],"inLanguage":"fr-FR"},{"@type":"Organization","@id":"https:\/\/www.ecinews.fr\/fr\/#organization","name":"EENewsEurope","url":"https:\/\/www.ecinews.fr\/fr\/","logo":{"@type":"ImageObject","inLanguage":"fr-FR","@id":"https:\/\/www.ecinews.fr\/fr\/#\/schema\/logo\/image\/","url":"https:\/\/www.ecinews.fr\/wp-content\/uploads\/2022\/02\/logo-1.jpg","contentUrl":"https:\/\/www.ecinews.fr\/wp-content\/uploads\/2022\/02\/logo-1.jpg","width":283,"height":113,"caption":"EENewsEurope"},"image":{"@id":"https:\/\/www.ecinews.fr\/fr\/#\/schema\/logo\/image\/"}},{"@type":"Person","@id":"https:\/\/www.ecinews.fr\/fr\/#\/schema\/person\/0aa2cfb0bd8949724a68cbac8d8321b4","name":"A Delapalisse","image":{"@type":"ImageObject","inLanguage":"fr-FR","@id":"https:\/\/www.ecinews.fr\/fr\/#\/schema\/person\/image\/211ac42237c2e9683c0964086c393cb4","url":"https:\/\/secure.gravatar.com\/avatar\/ad45a8c5da24bc9c7c4940dd1c48a695?s=96&d=mm&r=g","contentUrl":"https:\/\/secure.gravatar.com\/avatar\/ad45a8c5da24bc9c7c4940dd1c48a695?s=96&d=mm&r=g","caption":"A Delapalisse"},"sameAs":["http:\/\/ECI"]}]}},"authors":[{"term_id":1153,"user_id":34,"is_guest":0,"slug":"adelapalisse","display_name":"A Delapalisse","avatar_url":"https:\/\/secure.gravatar.com\/avatar\/ad45a8c5da24bc9c7c4940dd1c48a695?s=96&d=mm&r=g","0":null,"1":"","2":"","3":"","4":"","5":"","6":"","7":"","8":""},{"term_id":3640,"user_id":0,"is_guest":1,"slug":"nick-flaherty","display_name":"Nick Flaherty","avatar_url":"https:\/\/secure.gravatar.com\/avatar\/?s=96&d=mm&r=g","0":null,"1":"","2":"","3":"","4":"","5":"","6":"","7":"","8":""}],"_links":{"self":[{"href":"https:\/\/www.ecinews.fr\/fr\/wp-json\/wp\/v2\/posts\/425864"}],"collection":[{"href":"https:\/\/www.ecinews.fr\/fr\/wp-json\/wp\/v2\/posts"}],"about":[{"href":"https:\/\/www.ecinews.fr\/fr\/wp-json\/wp\/v2\/types\/post"}],"author":[{"embeddable":true,"href":"https:\/\/www.ecinews.fr\/fr\/wp-json\/wp\/v2\/users\/34"}],"replies":[{"embeddable":true,"href":"https:\/\/www.ecinews.fr\/fr\/wp-json\/wp\/v2\/comments?post=425864"}],"version-history":[{"count":0,"href":"https:\/\/www.ecinews.fr\/fr\/wp-json\/wp\/v2\/posts\/425864\/revisions"}],"wp:featuredmedia":[{"embeddable":true,"href":"https:\/\/www.ecinews.fr\/fr\/wp-json\/wp\/v2\/media\/425822"}],"wp:attachment":[{"href":"https:\/\/www.ecinews.fr\/fr\/wp-json\/wp\/v2\/media?parent=425864"}],"wp:term":[{"taxonomy":"category","embeddable":true,"href":"https:\/\/www.ecinews.fr\/fr\/wp-json\/wp\/v2\/categories?post=425864"},{"taxonomy":"post_tag","embeddable":true,"href":"https:\/\/www.ecinews.fr\/fr\/wp-json\/wp\/v2\/tags?post=425864"},{"taxonomy":"domains","embeddable":true,"href":"https:\/\/www.ecinews.fr\/fr\/wp-json\/wp\/v2\/domains?post=425864"},{"taxonomy":"author","embeddable":true,"href":"https:\/\/www.ecinews.fr\/fr\/wp-json\/wp\/v2\/ppma_author?post=425864"}],"curies":[{"name":"wp","href":"https:\/\/api.w.org\/{rel}","templated":true}]}}