{"id":425729,"date":"2023-06-27T18:36:40","date_gmt":"2023-06-27T16:36:40","guid":{"rendered":"https:\/\/www.ecinews.fr\/?p=425729"},"modified":"2023-06-27T18:36:40","modified_gmt":"2023-06-27T16:36:40","slug":"rohde-schwarz-et-liemn-collaborent-dans-le-domaine-des-communications-6g","status":"publish","type":"post","link":"https:\/\/www.ecinews.fr\/fr\/rohde-schwarz-et-liemn-collaborent-dans-le-domaine-des-communications-6g\/","title":{"rendered":"Rohde &#038; Schwarz et l&rsquo;IEMN collaborent dans le domaine des communications 6G"},"content":{"rendered":"<h2>L&rsquo;IEMN Lille et Rohde &amp; Schwarz ont \u00e9tendu leur collaboration \u00e0 la recherche dans le domaine des communications THz<\/h2>\n<p>L&rsquo;Institut d&rsquo;\u00e9lectronique, de micro\u00e9lectronique et de nanotechnologie (IEMN, Lille, France) a r\u00e9cemment franchi une \u00e9tape importante. Lors d&rsquo;une r\u00e9cente d\u00e9monstration, les chercheurs ont r\u00e9ussi \u00e0 \u00e9tablir en ext\u00e9rieur une liaison bidirectionnelle \u00e0 300 GHz sur une distance de 645 m\u00e8tres. Une telle liaison pourrait \u00eatre mise en \u0153uvre dans le cadre de futurs sc\u00e9narios de communication 6G. Le g\u00e9n\u00e9rateur de signaux hyperfr\u00e9quences R&amp;S SMA100B de Rohde &amp; Schwarz a jou\u00e9 un r\u00f4le crucial au sein du syst\u00e8me de test de performances. Le R&amp;S SMA100B, qui se distingue par son tr\u00e8s faible bruit de phase, permet d\u2019acc\u00e9l\u00e9rer les processus de recherche et de d\u00e9veloppement concernant les technologies de communications THz et de les valider avant leur l&rsquo;industrialisation.<br \/>\nUne telle liaison pourrait \u00eatre mise en \u0153uvre dans le cadre de futurs sc\u00e9narios de communication 6G. Le g\u00e9n\u00e9rateur de signaux hyperfr\u00e9quences R&amp;S SMA100B de Rohde &amp; Schwarz a jou\u00e9 un r\u00f4le crucial au sein du syst\u00e8me de test de performances. Le R&amp;S SMA100B, qui se distingue par son tr\u00e8s faible bruit de phase, permet d\u2019acc\u00e9l\u00e9rer les processus de recherche et de d\u00e9veloppement concernant les technologies de communications THz et de les valider avant leur l&rsquo;industrialisation.<br \/>\nAlors que les d\u00e9veloppements dans le domaine des t\u00e9l\u00e9communications mobiles s\u2019int\u00e9ressent d\u00e9sormais \u00e0 la 6G, les syst\u00e8mes de communication exploitant des fr\u00e9quences sub-THz jusqu&rsquo;\u00e0 la bande des 300 GHz deviennent une r\u00e9alit\u00e9. Ces nouvelles fr\u00e9quences exigent une instrumentation, des bancs d&rsquo;essai et des proc\u00e9dures m\u00e9trologiques appropri\u00e9s ainsi que l\u2019adoption de nouvelles approches de test qui permettent de combler le foss\u00e9 existant entre les ondes millim\u00e9triques et les bandes optiques.<\/p>\n<p><strong>Acc\u00e9l\u00e9rer le processus de d\u00e9veloppement des technologies 6G<\/strong><\/p>\n<p>\nDepuis plusieurs ann\u00e9es, Rohde &amp; Schwarz et l&rsquo;\u00e9quipe de l&rsquo;IEMN dirig\u00e9e par le professeur Guillaume Ducournau ont conduit des recherches permettant d\u2019effectuer des mesures \u00e0 haute fr\u00e9quence et visant \u00e0 int\u00e9grer des solutions de test et de mesure de Rohde &amp; Schwarz avec les technologies photoniques. Leur objectif : acc\u00e9l\u00e9rer le processus de d\u00e9veloppement des technologies \u00e9mergentes pour la 6G.<br \/>\nL&rsquo;\u00e9tude des nouvelles ressources spectrales doit contribuer \u00e0 faire progresser les futurs syst\u00e8mes de communication sans fil. Les fr\u00e9quences de transmission devraient en effet augmenter d\u00e8s que la bande E exploit\u00e9e par le secteur des communications sera satur\u00e9e. Des fr\u00e9quences de la bande D (110-170 GHz) devraient \u00eatre exploit\u00e9es apr\u00e8s 2025, tandis que celles de la bande H ou les bandes sub-THz jusqu&rsquo;\u00e0 300 GHz pourraient \u00eatre utilis\u00e9es apr\u00e8s 2030. Pour r\u00e9pondre \u00e0 cette \u00e9volution du march\u00e9 des t\u00e9l\u00e9communications sans fil, Il est donc indispensable de d\u00e9velopper de nouvelles architectures et de nouveaux \u00e9quipements de test pour caract\u00e9riser les performances au niveau des composants et des syst\u00e8mes op\u00e9rant dans le domaine des ondes millim\u00e9triques (mmW\/THz).\u00a0<br \/>\nAborder la partie sup\u00e9rieure du spectre des ondes millim\u00e9triques (300 GHz et au-del\u00e0) constitue un v\u00e9ritable d\u00e9fi pour le d\u00e9veloppement des composants et des syst\u00e8mes. Des instruments, tels que les analyseurs de r\u00e9seaux vectoriels ainsi que les frontaux et les sous-syst\u00e8mes des analyseurs de signaux et de spectres, ont r\u00e9cemment significativement \u00e9volu\u00e9 afin de relever un tel d\u00e9fi. L&rsquo;IEMN peut notamment effectuer une caract\u00e9risation pointue des composants et des syst\u00e8mes THz avec l&rsquo;analyseur de r\u00e9seau vectoriel R&amp;S ZNA et divers convertisseurs de fr\u00e9quence, tel que le R&amp;S ZC1100, qui couvrent les fr\u00e9quences de la gamme des ondes millim\u00e9triques jusqu&rsquo;\u00e0 1,1 THz.<\/p>\n<h3>\u00a0<\/h3>\n<h3><strong>Une architecture super-h\u00e9t\u00e9rodyne<\/strong><\/h3>\n<p>\nDe r\u00e9centes collaborations dans le domaine de recherche relative aux technologies \u00e9lectroniques et photoniques ont abouti \u00e0 proposer une architecture super-h\u00e9t\u00e9rodyne qui permettrait l&rsquo;agr\u00e9gation de canaux de la bande V (40-75 GHz) ou de la bande E (60-90 GHz) jusqu\u2019au spectre des fr\u00e9quences THz. La porteuse THz est obtenue par multiplication de fr\u00e9quence \u00e0 l\u2019aide d\u2019un oscillateur local photonique synchronis\u00e9 \u00e0 une fr\u00e9quence de r\u00e9f\u00e9rence. L&rsquo;\u00e9quipe de test de Lille s\u2019est appuy\u00e9e sur la solution d\u2019avant-garde de la gamme R&amp;S SMA100B de Rohde &amp; Schwarz qui permet de g\u00e9n\u00e9rer un signal de r\u00e9f\u00e9rence avec un tr\u00e8s faible bruit de phase. Ce qui a permis \u00e0 l&rsquo;oscillateur local de d\u00e9livrer un signal sans parasites au convertisseur ascendant\/descendant THz et donc de limiter les tonalit\u00e9s parasites dans le spectre THz.<br \/>\nIl s\u2019agit de la premi\u00e8re solution \u00e0 int\u00e9grer avec succ\u00e8s une technique de duplexage de fr\u00e9quences THz et d\u2019ainsi permettre une transmission et une r\u00e9ception simultan\u00e9es aux deux extr\u00e9mit\u00e9s avec une seule paire d&rsquo;antennes. Apr\u00e8s avoir valid\u00e9 les performances du syst\u00e8me en laboratoire, il a \u00e9t\u00e9 test\u00e9 en Allemagne avec deux paires d&rsquo;antennes distantes de 150 m, dans le cadre du projet ThoR UE-Japon, puis en plein air, en France, sur une distance de 645 m, avec un taux de transmission de 12,6 Gbps. Il s&rsquo;agit d\u2019une distance record pour un syst\u00e8me de duplexage THz op\u00e9rant dans la bande des 300 GHz.<\/p>\n<p>Guillaume Ducournau, responsable de la recherche sur les communications sans fil aux fr\u00e9quences THz \u00e0 l&rsquo;IEMN, a d\u00e9clar\u00e9 : \u00ab\u00a0Gr\u00e2ce \u00e0 notre expertise en mati\u00e8re de technologies THz, telles que les photomixeurs THz opto\u00e9lectroniques, les r\u00e9cepteurs \u00e9lectroniques \u00e0 grande vitesse et l&rsquo;instrumentation THz, nous nous engageons \u00e0 explorer de nouveaux domaines de la 6G, \u00e0 d\u00e9velopper des prototypes, \u00e0 valider les technologies et \u00e0 proposer des services de mesure avanc\u00e9s \u00e0 nos collaborateurs. Afin de relever les d\u00e9fis \u00e0 venir, nous sommes heureux de poursuivre et d&rsquo;\u00e9tendre notre collaboration avec Rohde &amp; Schwarz et ainsi de d\u00e9velopper une base solide sur laquelle pourra s\u2019appuyer l\u2019industrialisation des technologies THz.\u00a0\u00bb<\/p>\n<p>Taro Eichler, responsable de la technologie chez Rohde &amp; Schwarz, a d\u00e9clar\u00e9 : \u00ab\u00a0Nous sommes ravis de collaborer avec l&rsquo;IEMN dans le domaine de l&rsquo;int\u00e9gration des technologies \u00e9lectroniques et photoniques pour les communications THz. Nous esp\u00e9rons \u00e9tendre cette approche \u00e0 d&rsquo;autres applications. Les r\u00e9sultats des recherches apporteront \u00e9galement une contribution pr\u00e9cieuse aux groupes de sp\u00e9cifications industriels, tels que l&rsquo;ETSI ISG THz r\u00e9cemment cr\u00e9\u00e9, ainsi qu&rsquo;\u00e0 d&rsquo;autres organismes de normalisation. \u00bb<\/p>\n<p>\n<a href=\"https:\/\/www.rohde-schwarz.com\/6g\">https:\/\/www.rohde-schwarz.com\/6g<\/a><\/p>\n<p><a href=\"https:\/\/news.google.com\/publications\/CAAqBwgKMJbcwQswuPfYAw?hl=fr&amp;gl=BE&amp;ceid=BE:fr\">Suivre ECInews sur Google news<\/a><\/p>\n","protected":false},"excerpt":{"rendered":"<p>L&rsquo;IEMN Lille et Rohde &amp; Schwarz ont \u00e9tendu leur collaboration \u00e0 la recherche dans le domaine des communications THz L&rsquo;Institut d&rsquo;\u00e9lectronique, de micro\u00e9lectronique et de nanotechnologie (IEMN, Lille, France) a r\u00e9cemment franchi une \u00e9tape importante. Lors d&rsquo;une r\u00e9cente d\u00e9monstration, les chercheurs ont r\u00e9ussi \u00e0 \u00e9tablir en ext\u00e9rieur une liaison bidirectionnelle \u00e0 300 GHz sur une [&hellip;]<\/p>\n","protected":false},"author":36,"featured_media":425730,"comment_status":"closed","ping_status":"closed","sticky":false,"template":"","format":"standard","meta":{"_acf_changed":false,"footnotes":""},"categories":[886],"tags":[915],"domains":[47],"ppma_author":[1154],"class_list":["post-425729","post","type-post","status-publish","format-standard","has-post-thumbnail","hentry","category-news-fr","tag-wireless-communications-fr","domains-electronique-eci"],"acf":[],"yoast_head":"<title>Rohde &amp; Schwarz et l&#039;IEMN collaborent dans le domaine des commu...<\/title>\n<meta name=\"description\" content=\"L&#039;Institut d&#039;\u00e9lectronique, de micro\u00e9lectronique et de nanotechnologie (IEMN, Lille, France) et Rohde &amp; Schwarz ont \u00e9tendu leur collaboration \u00e0 la...\" \/>\n<meta name=\"robots\" content=\"index, follow, max-snippet:-1, max-image-preview:large, max-video-preview:-1\" \/>\n<link rel=\"canonical\" href=\"https:\/\/www.ecinews.fr\/fr\/wp-json\/wp\/v2\/posts\/425729\/\" \/>\n<meta property=\"og:locale\" content=\"fr_FR\" \/>\n<meta property=\"og:type\" content=\"article\" \/>\n<meta property=\"og:title\" content=\"Rohde &amp; Schwarz et l&#039;IEMN collaborent dans le domaine des communications 6G\" \/>\n<meta property=\"og:description\" content=\"L&#039;Institut d&#039;\u00e9lectronique, de micro\u00e9lectronique et de nanotechnologie (IEMN, Lille, France) et Rohde &amp; Schwarz ont \u00e9tendu leur collaboration \u00e0 la recherche dans le domaine des communications THz exploitant des technologies photoniques.\" \/>\n<meta property=\"og:url\" content=\"https:\/\/www.ecinews.fr\/fr\/wp-json\/wp\/v2\/posts\/425729\/\" \/>\n<meta property=\"og:site_name\" content=\"EENewsEurope\" \/>\n<meta property=\"article:published_time\" content=\"2023-06-27T16:36:40+00:00\" \/>\n<meta property=\"og:image\" content=\"https:\/\/www.ecinews.fr\/wp-content\/uploads\/2023\/06\/ECI1879_Rohde_Schwarz-actu.jpg\" \/>\n\t<meta property=\"og:image:width\" content=\"945\" \/>\n\t<meta property=\"og:image:height\" content=\"532\" \/>\n\t<meta property=\"og:image:type\" content=\"image\/jpeg\" \/>\n<meta name=\"author\" content=\"Alain Dieul\" \/>\n<meta name=\"twitter:card\" content=\"summary_large_image\" \/>\n<meta name=\"twitter:label1\" content=\"Written by\" \/>\n\t<meta name=\"twitter:data1\" content=\"Alain Dieul\" \/>\n\t<meta name=\"twitter:label2\" content=\"Est. reading time\" \/>\n\t<meta name=\"twitter:data2\" content=\"5 minutes\" \/>\n<script type=\"application\/ld+json\" class=\"yoast-schema-graph\">{\"@context\":\"https:\/\/schema.org\",\"@graph\":[{\"@type\":\"Article\",\"@id\":\"https:\/\/www.ecinews.fr\/fr\/rohde-schwarz-et-liemn-collaborent-dans-le-domaine-des-communications-6g\/#article\",\"isPartOf\":{\"@id\":\"https:\/\/www.ecinews.fr\/fr\/rohde-schwarz-et-liemn-collaborent-dans-le-domaine-des-communications-6g\/\"},\"author\":{\"name\":\"Alain Dieul\",\"@id\":\"https:\/\/www.eenewseurope.com\/en\/#\/schema\/person\/e4387676ad67ce722325c7832f3c3762\"},\"headline\":\"Rohde &#038; Schwarz et l&rsquo;IEMN collaborent dans le domaine des communications 6G\",\"datePublished\":\"2023-06-27T16:36:40+00:00\",\"dateModified\":\"2023-06-27T16:36:40+00:00\",\"mainEntityOfPage\":{\"@id\":\"https:\/\/www.ecinews.fr\/fr\/rohde-schwarz-et-liemn-collaborent-dans-le-domaine-des-communications-6g\/\"},\"wordCount\":1152,\"publisher\":{\"@id\":\"https:\/\/www.eenewseurope.com\/en\/#organization\"},\"keywords\":[\"Wireless Communications\"],\"articleSection\":[\"Actualit\u00e9 g\u00e9n\u00e9rale\"],\"inLanguage\":\"fr-FR\"},{\"@type\":\"WebPage\",\"@id\":\"https:\/\/www.ecinews.fr\/fr\/rohde-schwarz-et-liemn-collaborent-dans-le-domaine-des-communications-6g\/\",\"url\":\"https:\/\/www.ecinews.fr\/fr\/rohde-schwarz-et-liemn-collaborent-dans-le-domaine-des-communications-6g\/\",\"name\":\"Rohde & Schwarz et l'IEMN collaborent dans le domaine des communications 6G -\",\"isPartOf\":{\"@id\":\"https:\/\/www.eenewseurope.com\/en\/#website\"},\"datePublished\":\"2023-06-27T16:36:40+00:00\",\"dateModified\":\"2023-06-27T16:36:40+00:00\",\"description\":\"L'Institut d'\u00e9lectronique, de micro\u00e9lectronique et de nanotechnologie (IEMN, Lille, France) et Rohde & Schwarz ont \u00e9tendu leur collaboration \u00e0 la recherche dans le domaine des communications THz exploitant des technologies photoniques.\",\"breadcrumb\":{\"@id\":\"https:\/\/www.ecinews.fr\/fr\/rohde-schwarz-et-liemn-collaborent-dans-le-domaine-des-communications-6g\/#breadcrumb\"},\"inLanguage\":\"fr-FR\",\"potentialAction\":[{\"@type\":\"ReadAction\",\"target\":[\"https:\/\/www.ecinews.fr\/fr\/rohde-schwarz-et-liemn-collaborent-dans-le-domaine-des-communications-6g\/\"]}]},{\"@type\":\"BreadcrumbList\",\"@id\":\"https:\/\/www.ecinews.fr\/fr\/rohde-schwarz-et-liemn-collaborent-dans-le-domaine-des-communications-6g\/#breadcrumb\",\"itemListElement\":[{\"@type\":\"ListItem\",\"position\":1,\"name\":\"Home\",\"item\":\"https:\/\/www.ecinews.fr\/fr\/\"},{\"@type\":\"ListItem\",\"position\":2,\"name\":\"Rohde &#038; Schwarz et l&rsquo;IEMN collaborent dans le domaine des communications 6G\"}]},{\"@type\":\"WebSite\",\"@id\":\"https:\/\/www.eenewseurope.com\/en\/#website\",\"url\":\"https:\/\/www.eenewseurope.com\/en\/\",\"name\":\"EENewsEurope\",\"description\":\"Just another WordPress site\",\"publisher\":{\"@id\":\"https:\/\/www.eenewseurope.com\/en\/#organization\"},\"potentialAction\":[{\"@type\":\"SearchAction\",\"target\":{\"@type\":\"EntryPoint\",\"urlTemplate\":\"https:\/\/www.eenewseurope.com\/en\/?s={search_term_string}\"},\"query-input\":\"required name=search_term_string\"}],\"inLanguage\":\"fr-FR\"},{\"@type\":\"Organization\",\"@id\":\"https:\/\/www.eenewseurope.com\/en\/#organization\",\"name\":\"EENewsEurope\",\"url\":\"https:\/\/www.eenewseurope.com\/en\/\",\"logo\":{\"@type\":\"ImageObject\",\"inLanguage\":\"fr-FR\",\"@id\":\"https:\/\/www.eenewseurope.com\/en\/#\/schema\/logo\/image\/\",\"url\":\"https:\/\/www.ecinews.fr\/wp-content\/uploads\/2022\/02\/logo-1.jpg\",\"contentUrl\":\"https:\/\/www.ecinews.fr\/wp-content\/uploads\/2022\/02\/logo-1.jpg\",\"width\":283,\"height\":113,\"caption\":\"EENewsEurope\"},\"image\":{\"@id\":\"https:\/\/www.eenewseurope.com\/en\/#\/schema\/logo\/image\/\"}},{\"@type\":\"Person\",\"@id\":\"https:\/\/www.eenewseurope.com\/en\/#\/schema\/person\/e4387676ad67ce722325c7832f3c3762\",\"name\":\"Alain Dieul\",\"image\":{\"@type\":\"ImageObject\",\"inLanguage\":\"fr-FR\",\"@id\":\"https:\/\/www.eenewseurope.com\/en\/#\/schema\/person\/image\/736120675699dbbf0f0f282b9a9cfb75\",\"url\":\"https:\/\/secure.gravatar.com\/avatar\/bc93b056d07515be5b8eecd4acf49c5c?s=96&d=mm&r=g\",\"contentUrl\":\"https:\/\/secure.gravatar.com\/avatar\/bc93b056d07515be5b8eecd4acf49c5c?s=96&d=mm&r=g\",\"caption\":\"Alain Dieul\"},\"sameAs\":[\"http:\/\/ECINews\"]}]}<\/script>","yoast_head_json":{"title":"Rohde & Schwarz et l'IEMN collaborent dans le domaine des commu...","description":"L'Institut d'\u00e9lectronique, de micro\u00e9lectronique et de nanotechnologie (IEMN, Lille, France) et Rohde & Schwarz ont \u00e9tendu leur collaboration \u00e0 la...","robots":{"index":"index","follow":"follow","max-snippet":"max-snippet:-1","max-image-preview":"max-image-preview:large","max-video-preview":"max-video-preview:-1"},"canonical":"https:\/\/www.ecinews.fr\/fr\/wp-json\/wp\/v2\/posts\/425729\/","og_locale":"fr_FR","og_type":"article","og_title":"Rohde & Schwarz et l'IEMN collaborent dans le domaine des communications 6G","og_description":"L'Institut d'\u00e9lectronique, de micro\u00e9lectronique et de nanotechnologie (IEMN, Lille, France) et Rohde & Schwarz ont \u00e9tendu leur collaboration \u00e0 la recherche dans le domaine des communications THz exploitant des technologies photoniques.","og_url":"https:\/\/www.ecinews.fr\/fr\/wp-json\/wp\/v2\/posts\/425729\/","og_site_name":"EENewsEurope","article_published_time":"2023-06-27T16:36:40+00:00","og_image":[{"width":945,"height":532,"url":"https:\/\/www.ecinews.fr\/wp-content\/uploads\/2023\/06\/ECI1879_Rohde_Schwarz-actu.jpg","type":"image\/jpeg"}],"author":"Alain Dieul","twitter_card":"summary_large_image","twitter_misc":{"Written by":"Alain Dieul","Est. reading time":"5 minutes"},"schema":{"@context":"https:\/\/schema.org","@graph":[{"@type":"Article","@id":"https:\/\/www.ecinews.fr\/fr\/rohde-schwarz-et-liemn-collaborent-dans-le-domaine-des-communications-6g\/#article","isPartOf":{"@id":"https:\/\/www.ecinews.fr\/fr\/rohde-schwarz-et-liemn-collaborent-dans-le-domaine-des-communications-6g\/"},"author":{"name":"Alain Dieul","@id":"https:\/\/www.eenewseurope.com\/en\/#\/schema\/person\/e4387676ad67ce722325c7832f3c3762"},"headline":"Rohde &#038; Schwarz et l&rsquo;IEMN collaborent dans le domaine des communications 6G","datePublished":"2023-06-27T16:36:40+00:00","dateModified":"2023-06-27T16:36:40+00:00","mainEntityOfPage":{"@id":"https:\/\/www.ecinews.fr\/fr\/rohde-schwarz-et-liemn-collaborent-dans-le-domaine-des-communications-6g\/"},"wordCount":1152,"publisher":{"@id":"https:\/\/www.eenewseurope.com\/en\/#organization"},"keywords":["Wireless Communications"],"articleSection":["Actualit\u00e9 g\u00e9n\u00e9rale"],"inLanguage":"fr-FR"},{"@type":"WebPage","@id":"https:\/\/www.ecinews.fr\/fr\/rohde-schwarz-et-liemn-collaborent-dans-le-domaine-des-communications-6g\/","url":"https:\/\/www.ecinews.fr\/fr\/rohde-schwarz-et-liemn-collaborent-dans-le-domaine-des-communications-6g\/","name":"Rohde & Schwarz et l'IEMN collaborent dans le domaine des communications 6G -","isPartOf":{"@id":"https:\/\/www.eenewseurope.com\/en\/#website"},"datePublished":"2023-06-27T16:36:40+00:00","dateModified":"2023-06-27T16:36:40+00:00","description":"L'Institut d'\u00e9lectronique, de micro\u00e9lectronique et de nanotechnologie (IEMN, Lille, France) et Rohde & Schwarz ont \u00e9tendu leur collaboration \u00e0 la recherche dans le domaine des communications THz exploitant des technologies photoniques.","breadcrumb":{"@id":"https:\/\/www.ecinews.fr\/fr\/rohde-schwarz-et-liemn-collaborent-dans-le-domaine-des-communications-6g\/#breadcrumb"},"inLanguage":"fr-FR","potentialAction":[{"@type":"ReadAction","target":["https:\/\/www.ecinews.fr\/fr\/rohde-schwarz-et-liemn-collaborent-dans-le-domaine-des-communications-6g\/"]}]},{"@type":"BreadcrumbList","@id":"https:\/\/www.ecinews.fr\/fr\/rohde-schwarz-et-liemn-collaborent-dans-le-domaine-des-communications-6g\/#breadcrumb","itemListElement":[{"@type":"ListItem","position":1,"name":"Home","item":"https:\/\/www.ecinews.fr\/fr\/"},{"@type":"ListItem","position":2,"name":"Rohde &#038; Schwarz et l&rsquo;IEMN collaborent dans le domaine des communications 6G"}]},{"@type":"WebSite","@id":"https:\/\/www.eenewseurope.com\/en\/#website","url":"https:\/\/www.eenewseurope.com\/en\/","name":"EENewsEurope","description":"Just another WordPress site","publisher":{"@id":"https:\/\/www.eenewseurope.com\/en\/#organization"},"potentialAction":[{"@type":"SearchAction","target":{"@type":"EntryPoint","urlTemplate":"https:\/\/www.eenewseurope.com\/en\/?s={search_term_string}"},"query-input":"required name=search_term_string"}],"inLanguage":"fr-FR"},{"@type":"Organization","@id":"https:\/\/www.eenewseurope.com\/en\/#organization","name":"EENewsEurope","url":"https:\/\/www.eenewseurope.com\/en\/","logo":{"@type":"ImageObject","inLanguage":"fr-FR","@id":"https:\/\/www.eenewseurope.com\/en\/#\/schema\/logo\/image\/","url":"https:\/\/www.ecinews.fr\/wp-content\/uploads\/2022\/02\/logo-1.jpg","contentUrl":"https:\/\/www.ecinews.fr\/wp-content\/uploads\/2022\/02\/logo-1.jpg","width":283,"height":113,"caption":"EENewsEurope"},"image":{"@id":"https:\/\/www.eenewseurope.com\/en\/#\/schema\/logo\/image\/"}},{"@type":"Person","@id":"https:\/\/www.eenewseurope.com\/en\/#\/schema\/person\/e4387676ad67ce722325c7832f3c3762","name":"Alain Dieul","image":{"@type":"ImageObject","inLanguage":"fr-FR","@id":"https:\/\/www.eenewseurope.com\/en\/#\/schema\/person\/image\/736120675699dbbf0f0f282b9a9cfb75","url":"https:\/\/secure.gravatar.com\/avatar\/bc93b056d07515be5b8eecd4acf49c5c?s=96&d=mm&r=g","contentUrl":"https:\/\/secure.gravatar.com\/avatar\/bc93b056d07515be5b8eecd4acf49c5c?s=96&d=mm&r=g","caption":"Alain Dieul"},"sameAs":["http:\/\/ECINews"]}]}},"authors":[{"term_id":1154,"user_id":36,"is_guest":0,"slug":"alain-dieul","display_name":"Alain Dieul","avatar_url":"https:\/\/secure.gravatar.com\/avatar\/bc93b056d07515be5b8eecd4acf49c5c?s=96&d=mm&r=g","0":null,"1":"","2":"","3":"","4":"","5":"","6":"","7":"","8":""}],"_links":{"self":[{"href":"https:\/\/www.ecinews.fr\/fr\/wp-json\/wp\/v2\/posts\/425729"}],"collection":[{"href":"https:\/\/www.ecinews.fr\/fr\/wp-json\/wp\/v2\/posts"}],"about":[{"href":"https:\/\/www.ecinews.fr\/fr\/wp-json\/wp\/v2\/types\/post"}],"author":[{"embeddable":true,"href":"https:\/\/www.ecinews.fr\/fr\/wp-json\/wp\/v2\/users\/36"}],"replies":[{"embeddable":true,"href":"https:\/\/www.ecinews.fr\/fr\/wp-json\/wp\/v2\/comments?post=425729"}],"version-history":[{"count":0,"href":"https:\/\/www.ecinews.fr\/fr\/wp-json\/wp\/v2\/posts\/425729\/revisions"}],"wp:featuredmedia":[{"embeddable":true,"href":"https:\/\/www.ecinews.fr\/fr\/wp-json\/wp\/v2\/media\/425730"}],"wp:attachment":[{"href":"https:\/\/www.ecinews.fr\/fr\/wp-json\/wp\/v2\/media?parent=425729"}],"wp:term":[{"taxonomy":"category","embeddable":true,"href":"https:\/\/www.ecinews.fr\/fr\/wp-json\/wp\/v2\/categories?post=425729"},{"taxonomy":"post_tag","embeddable":true,"href":"https:\/\/www.ecinews.fr\/fr\/wp-json\/wp\/v2\/tags?post=425729"},{"taxonomy":"domains","embeddable":true,"href":"https:\/\/www.ecinews.fr\/fr\/wp-json\/wp\/v2\/domains?post=425729"},{"taxonomy":"author","embeddable":true,"href":"https:\/\/www.ecinews.fr\/fr\/wp-json\/wp\/v2\/ppma_author?post=425729"}],"curies":[{"name":"wp","href":"https:\/\/api.w.org\/{rel}","templated":true}]}}