{"id":425482,"date":"2023-06-26T09:20:06","date_gmt":"2023-06-26T07:20:06","guid":{"rendered":"https:\/\/www.ecinews.fr\/?p=425482"},"modified":"2023-06-26T09:20:06","modified_gmt":"2023-06-26T07:20:06","slug":"concours-de-conception-experimenter-avec-les-supercondensateurs","status":"publish","type":"post","link":"https:\/\/www.ecinews.fr\/fr\/concours-de-conception-experimenter-avec-les-supercondensateurs\/","title":{"rendered":"Concours de conception \u00ab Exp\u00e9rimenter avec les supercondensateurs \u00bb"},"content":{"rendered":"<h2><a href=\"https:\/\/community.element14.com\/\">element14<\/a> a r\u00e9cemment lanc\u00e9 son concours de conception \u00ab Exp\u00e9rimenter avec les supercondensateurs \u00bb<\/h2>\n<p>&nbsp;<\/p>\n<p>Ce concours unique offre aux participants l\u2019opportunit\u00e9 d\u2019explorer le potentiel des supercondensateurs de Cornell Dubilier et de tenter de remporter des prix passionnants. Les supercondensateurs, \u00e9galement appel\u00e9s ultracondensateurs et condensateurs \u00e9lectriques \u00e0 double couche (EDLC), sont des condensateurs avanc\u00e9s avec des valeurs de capacit\u00e9 nettement plus \u00e9lev\u00e9es que les condensateurs traditionnels. Ces dispositifs de stockage et de distribution d\u2019\u00e9nergie aux capacit\u00e9s \u00e9lev\u00e9es offrent des rafales de puissance rapides et fiables, ce qui en fait une solution id\u00e9ale pour diverses applications.<\/p>\n<h3>Un \u00e9l\u00e9ment cl\u00e9 pour le stockage de l\u2019\u00e9nergie<\/h3>\n<p>Des \u00e9oliennes et des transports en commun aux v\u00e9hicules hybrides\/VE, en passant par l\u2019\u00e9lectronique grand public, les dispositifs de r\u00e9cup\u00e9ration d\u2019\u00e9nergie et les \u00e9quipements industriels, les supercondensateurs sont devenus un \u00e9l\u00e9ment cl\u00e9 pour r\u00e9volutionner le stockage de l\u2019\u00e9nergie et prolonger la dur\u00e9e de vie des batteries. Avec leur capacit\u00e9 \u00e0 fournir des millions de cycles de fonctionnement, m\u00eame dans des conditions exigeantes, les supercondensateurs offrent des alternatives \u00e9conomiques aux batteries traditionnelles ou des sources d\u2019alimentation suppl\u00e9mentaires.<\/p>\n<p>\u00ab\u00a0Les supercondensateurs sont un \u00e9l\u00e9ment cl\u00e9 pour le stockage de l\u2019\u00e9nergie et la prolongation de la dur\u00e9e de vie des batteries dans les syst\u00e8mes d\u2019\u00e9nergie renouvelable\u00a0\u00bb, a d\u00e9clar\u00e9 Dianne Kibbey, Global Head of Community and Social Media pour element14. \u00ab\u00a0Nous sommes impatients d\u2019observer les approches innovantes adopt\u00e9es par nos membres lors de l\u2019utilisation des supercondensateurs et de les voir effectuer des tests pour exp\u00e9rimenter leurs capacit\u00e9s uniques de stockage d\u2019\u00e9nergie\u00a0\u00bb.<\/p>\n<p>Le d\u00e9p\u00f4t des candidatures pour le concours de conception \u00ab\u00a0Exp\u00e9rimenter avec les supercondensateurs\u00a0\u00bb est maintenant ouvert et se poursuivra jusqu\u2019au 17\u00a0juillet. Les participants s\u00e9lectionn\u00e9s seront annonc\u00e9s le 19\u00a0juillet et la p\u00e9riode d\u2019exp\u00e9rimentation du concours commencera officiellement le 20\u00a0juillet. La liste des vainqueurs sera annonc\u00e9e en septembre\u00a02023.<\/p>\n<p>Tous les concurrents qui termineront le concours recevront un pack avanc\u00e9 Adafruit Circuit Playground Express d\u2019une valeur de 100\u00a0\u20ac. Le finaliste recevra un oscilloscope num\u00e9rique de Multicomp\u00a0Pro d\u2019une valeur de 700\u00a0\u20ac, ainsi qu\u2019une cam\u00e9ra de sport GoPro HERO10 Black d\u2019une valeur de 350\u00a0\u20ac. Le gagnant du grand prix recevra un analyseur de spectre et une charge \u00e9lectronique DC de Multicomp\u00a0Pro, d\u2019une valeur respective de 1\u00a0144\u00a0\u20ac et 400\u00a0\u20ac.<\/p>\n<p>Pour en savoir plus sur le concours de conception \u00ab\u00a0Exp\u00e9rimenter avec les supercondensateurs\u00a0\u00bb et pour y participer, rendez-vous sur <a href=\"https:\/\/community.element14.com\/challenges-projects\/design-challenges\/experimenting-with-supercapacitors\/\">https:\/\/community.element14.com\/challenges-projects\/design-challenges\/experimenting-with-supercapacitors\/<\/a>.<\/p>\n<p>&nbsp;<\/p>\n<p><a href=\"http:\/\/www.farnell.com\/corporate\">www.farnell.com<\/a><\/p>\n<p><a href=\"https:\/\/news.google.com\/publications\/CAAqBwgKMJbcwQswuPfYAw?hl=fr&amp;gl=BE&amp;ceid=BE:fr\">Suivre ECInews sur Google news<\/a><\/p>\n<p>&nbsp;<\/p>\n","protected":false},"excerpt":{"rendered":"<p>element14 a r\u00e9cemment lanc\u00e9 son concours de conception \u00ab Exp\u00e9rimenter avec les supercondensateurs \u00bb &nbsp; Ce concours unique offre aux participants l\u2019opportunit\u00e9 d\u2019explorer le potentiel des supercondensateurs de Cornell Dubilier et de tenter de remporter des prix passionnants. Les supercondensateurs, \u00e9galement appel\u00e9s ultracondensateurs et condensateurs \u00e9lectriques \u00e0 double couche (EDLC), sont des condensateurs avanc\u00e9s avec [&hellip;]<\/p>\n","protected":false},"author":36,"featured_media":425484,"comment_status":"closed","ping_status":"closed","sticky":false,"template":"","format":"standard","meta":{"_acf_changed":false,"footnotes":""},"categories":[886],"tags":[1588],"domains":[47],"ppma_author":[1154],"class_list":["post-425482","post","type-post","status-publish","format-standard","has-post-thumbnail","hentry","category-news-fr","tag-condensateurs","domains-electronique-eci"],"acf":[],"yoast_head":"<title>Concours de conception \u00ab Exp\u00e9rimenter avec les supercondensat...<\/title>\n<meta name=\"description\" content=\"element14 a r\u00e9cemment lanc\u00e9 son concours de conception \u00ab Exp\u00e9rimenter avec les supercondensateurs \u00bb\" \/>\n<meta name=\"robots\" content=\"index, follow, max-snippet:-1, max-image-preview:large, max-video-preview:-1\" \/>\n<link rel=\"canonical\" href=\"https:\/\/www.ecinews.fr\/fr\/wp-json\/wp\/v2\/posts\/425482\/\" \/>\n<meta property=\"og:locale\" content=\"fr_FR\" \/>\n<meta property=\"og:type\" content=\"article\" \/>\n<meta property=\"og:title\" content=\"Concours de conception \u00ab Exp\u00e9rimenter avec les supercondensateurs \u00bb\" \/>\n<meta property=\"og:description\" content=\"element14 a r\u00e9cemment lanc\u00e9 son concours de conception \u00ab Exp\u00e9rimenter avec les supercondensateurs \u00bb\" \/>\n<meta property=\"og:url\" content=\"https:\/\/www.ecinews.fr\/fr\/wp-json\/wp\/v2\/posts\/425482\/\" \/>\n<meta property=\"og:site_name\" content=\"EENewsEurope\" \/>\n<meta property=\"article:published_time\" content=\"2023-06-26T07:20:06+00:00\" \/>\n<meta property=\"og:image\" content=\"https:\/\/www.ecinews.fr\/wp-content\/uploads\/2023\/06\/ECI1893_element14-actu-scaled.jpg\" \/>\n\t<meta property=\"og:image:width\" content=\"1080\" \/>\n\t<meta property=\"og:image:height\" content=\"608\" \/>\n\t<meta property=\"og:image:type\" content=\"image\/jpeg\" \/>\n<meta name=\"author\" content=\"Alain Dieul\" \/>\n<meta name=\"twitter:card\" content=\"summary_large_image\" \/>\n<meta name=\"twitter:label1\" content=\"Written by\" \/>\n\t<meta name=\"twitter:data1\" content=\"Alain Dieul\" \/>\n\t<meta name=\"twitter:label2\" content=\"Est. reading time\" \/>\n\t<meta name=\"twitter:data2\" content=\"2 minutes\" \/>\n<script type=\"application\/ld+json\" class=\"yoast-schema-graph\">{\"@context\":\"https:\/\/schema.org\",\"@graph\":[{\"@type\":\"Article\",\"@id\":\"https:\/\/www.ecinews.fr\/fr\/concours-de-conception-experimenter-avec-les-supercondensateurs\/#article\",\"isPartOf\":{\"@id\":\"https:\/\/www.ecinews.fr\/fr\/concours-de-conception-experimenter-avec-les-supercondensateurs\/\"},\"author\":{\"name\":\"Alain Dieul\",\"@id\":\"https:\/\/www.eenewseurope.com\/en\/#\/schema\/person\/e4387676ad67ce722325c7832f3c3762\"},\"headline\":\"Concours de conception \u00ab Exp\u00e9rimenter avec les supercondensateurs \u00bb\",\"datePublished\":\"2023-06-26T07:20:06+00:00\",\"dateModified\":\"2023-06-26T07:20:06+00:00\",\"mainEntityOfPage\":{\"@id\":\"https:\/\/www.ecinews.fr\/fr\/concours-de-conception-experimenter-avec-les-supercondensateurs\/\"},\"wordCount\":456,\"publisher\":{\"@id\":\"https:\/\/www.eenewseurope.com\/en\/#organization\"},\"keywords\":[\"Condensateurs\"],\"articleSection\":[\"Actualit\u00e9 g\u00e9n\u00e9rale\"],\"inLanguage\":\"fr-FR\"},{\"@type\":\"WebPage\",\"@id\":\"https:\/\/www.ecinews.fr\/fr\/concours-de-conception-experimenter-avec-les-supercondensateurs\/\",\"url\":\"https:\/\/www.ecinews.fr\/fr\/concours-de-conception-experimenter-avec-les-supercondensateurs\/\",\"name\":\"Concours de conception \u00ab Exp\u00e9rimenter avec les supercondensateurs \u00bb -\",\"isPartOf\":{\"@id\":\"https:\/\/www.eenewseurope.com\/en\/#website\"},\"datePublished\":\"2023-06-26T07:20:06+00:00\",\"dateModified\":\"2023-06-26T07:20:06+00:00\",\"description\":\"element14 a r\u00e9cemment lanc\u00e9 son concours de conception \u00ab Exp\u00e9rimenter avec les supercondensateurs \u00bb\",\"breadcrumb\":{\"@id\":\"https:\/\/www.ecinews.fr\/fr\/concours-de-conception-experimenter-avec-les-supercondensateurs\/#breadcrumb\"},\"inLanguage\":\"fr-FR\",\"potentialAction\":[{\"@type\":\"ReadAction\",\"target\":[\"https:\/\/www.ecinews.fr\/fr\/concours-de-conception-experimenter-avec-les-supercondensateurs\/\"]}]},{\"@type\":\"BreadcrumbList\",\"@id\":\"https:\/\/www.ecinews.fr\/fr\/concours-de-conception-experimenter-avec-les-supercondensateurs\/#breadcrumb\",\"itemListElement\":[{\"@type\":\"ListItem\",\"position\":1,\"name\":\"Home\",\"item\":\"https:\/\/www.ecinews.fr\/fr\/\"},{\"@type\":\"ListItem\",\"position\":2,\"name\":\"Concours de conception \u00ab Exp\u00e9rimenter avec les supercondensateurs \u00bb\"}]},{\"@type\":\"WebSite\",\"@id\":\"https:\/\/www.eenewseurope.com\/en\/#website\",\"url\":\"https:\/\/www.eenewseurope.com\/en\/\",\"name\":\"EENewsEurope\",\"description\":\"Just another WordPress site\",\"publisher\":{\"@id\":\"https:\/\/www.eenewseurope.com\/en\/#organization\"},\"potentialAction\":[{\"@type\":\"SearchAction\",\"target\":{\"@type\":\"EntryPoint\",\"urlTemplate\":\"https:\/\/www.eenewseurope.com\/en\/?s={search_term_string}\"},\"query-input\":\"required name=search_term_string\"}],\"inLanguage\":\"fr-FR\"},{\"@type\":\"Organization\",\"@id\":\"https:\/\/www.eenewseurope.com\/en\/#organization\",\"name\":\"EENewsEurope\",\"url\":\"https:\/\/www.eenewseurope.com\/en\/\",\"logo\":{\"@type\":\"ImageObject\",\"inLanguage\":\"fr-FR\",\"@id\":\"https:\/\/www.eenewseurope.com\/en\/#\/schema\/logo\/image\/\",\"url\":\"https:\/\/www.ecinews.fr\/wp-content\/uploads\/2022\/02\/logo-1.jpg\",\"contentUrl\":\"https:\/\/www.ecinews.fr\/wp-content\/uploads\/2022\/02\/logo-1.jpg\",\"width\":283,\"height\":113,\"caption\":\"EENewsEurope\"},\"image\":{\"@id\":\"https:\/\/www.eenewseurope.com\/en\/#\/schema\/logo\/image\/\"}},{\"@type\":\"Person\",\"@id\":\"https:\/\/www.eenewseurope.com\/en\/#\/schema\/person\/e4387676ad67ce722325c7832f3c3762\",\"name\":\"Alain Dieul\",\"image\":{\"@type\":\"ImageObject\",\"inLanguage\":\"fr-FR\",\"@id\":\"https:\/\/www.eenewseurope.com\/en\/#\/schema\/person\/image\/736120675699dbbf0f0f282b9a9cfb75\",\"url\":\"https:\/\/secure.gravatar.com\/avatar\/bc93b056d07515be5b8eecd4acf49c5c?s=96&d=mm&r=g\",\"contentUrl\":\"https:\/\/secure.gravatar.com\/avatar\/bc93b056d07515be5b8eecd4acf49c5c?s=96&d=mm&r=g\",\"caption\":\"Alain Dieul\"},\"sameAs\":[\"http:\/\/ECINews\"]}]}<\/script>","yoast_head_json":{"title":"Concours de conception \u00ab Exp\u00e9rimenter avec les supercondensat...","description":"element14 a r\u00e9cemment lanc\u00e9 son concours de conception \u00ab Exp\u00e9rimenter avec les supercondensateurs \u00bb","robots":{"index":"index","follow":"follow","max-snippet":"max-snippet:-1","max-image-preview":"max-image-preview:large","max-video-preview":"max-video-preview:-1"},"canonical":"https:\/\/www.ecinews.fr\/fr\/wp-json\/wp\/v2\/posts\/425482\/","og_locale":"fr_FR","og_type":"article","og_title":"Concours de conception \u00ab Exp\u00e9rimenter avec les supercondensateurs \u00bb","og_description":"element14 a r\u00e9cemment lanc\u00e9 son concours de conception \u00ab Exp\u00e9rimenter avec les supercondensateurs \u00bb","og_url":"https:\/\/www.ecinews.fr\/fr\/wp-json\/wp\/v2\/posts\/425482\/","og_site_name":"EENewsEurope","article_published_time":"2023-06-26T07:20:06+00:00","og_image":[{"width":1080,"height":608,"url":"https:\/\/www.ecinews.fr\/wp-content\/uploads\/2023\/06\/ECI1893_element14-actu-scaled.jpg","type":"image\/jpeg"}],"author":"Alain Dieul","twitter_card":"summary_large_image","twitter_misc":{"Written by":"Alain Dieul","Est. reading time":"2 minutes"},"schema":{"@context":"https:\/\/schema.org","@graph":[{"@type":"Article","@id":"https:\/\/www.ecinews.fr\/fr\/concours-de-conception-experimenter-avec-les-supercondensateurs\/#article","isPartOf":{"@id":"https:\/\/www.ecinews.fr\/fr\/concours-de-conception-experimenter-avec-les-supercondensateurs\/"},"author":{"name":"Alain Dieul","@id":"https:\/\/www.eenewseurope.com\/en\/#\/schema\/person\/e4387676ad67ce722325c7832f3c3762"},"headline":"Concours de conception \u00ab Exp\u00e9rimenter avec les supercondensateurs \u00bb","datePublished":"2023-06-26T07:20:06+00:00","dateModified":"2023-06-26T07:20:06+00:00","mainEntityOfPage":{"@id":"https:\/\/www.ecinews.fr\/fr\/concours-de-conception-experimenter-avec-les-supercondensateurs\/"},"wordCount":456,"publisher":{"@id":"https:\/\/www.eenewseurope.com\/en\/#organization"},"keywords":["Condensateurs"],"articleSection":["Actualit\u00e9 g\u00e9n\u00e9rale"],"inLanguage":"fr-FR"},{"@type":"WebPage","@id":"https:\/\/www.ecinews.fr\/fr\/concours-de-conception-experimenter-avec-les-supercondensateurs\/","url":"https:\/\/www.ecinews.fr\/fr\/concours-de-conception-experimenter-avec-les-supercondensateurs\/","name":"Concours de conception \u00ab Exp\u00e9rimenter avec les supercondensateurs \u00bb -","isPartOf":{"@id":"https:\/\/www.eenewseurope.com\/en\/#website"},"datePublished":"2023-06-26T07:20:06+00:00","dateModified":"2023-06-26T07:20:06+00:00","description":"element14 a r\u00e9cemment lanc\u00e9 son concours de conception \u00ab Exp\u00e9rimenter avec les supercondensateurs \u00bb","breadcrumb":{"@id":"https:\/\/www.ecinews.fr\/fr\/concours-de-conception-experimenter-avec-les-supercondensateurs\/#breadcrumb"},"inLanguage":"fr-FR","potentialAction":[{"@type":"ReadAction","target":["https:\/\/www.ecinews.fr\/fr\/concours-de-conception-experimenter-avec-les-supercondensateurs\/"]}]},{"@type":"BreadcrumbList","@id":"https:\/\/www.ecinews.fr\/fr\/concours-de-conception-experimenter-avec-les-supercondensateurs\/#breadcrumb","itemListElement":[{"@type":"ListItem","position":1,"name":"Home","item":"https:\/\/www.ecinews.fr\/fr\/"},{"@type":"ListItem","position":2,"name":"Concours de conception \u00ab Exp\u00e9rimenter avec les supercondensateurs \u00bb"}]},{"@type":"WebSite","@id":"https:\/\/www.eenewseurope.com\/en\/#website","url":"https:\/\/www.eenewseurope.com\/en\/","name":"EENewsEurope","description":"Just another WordPress site","publisher":{"@id":"https:\/\/www.eenewseurope.com\/en\/#organization"},"potentialAction":[{"@type":"SearchAction","target":{"@type":"EntryPoint","urlTemplate":"https:\/\/www.eenewseurope.com\/en\/?s={search_term_string}"},"query-input":"required name=search_term_string"}],"inLanguage":"fr-FR"},{"@type":"Organization","@id":"https:\/\/www.eenewseurope.com\/en\/#organization","name":"EENewsEurope","url":"https:\/\/www.eenewseurope.com\/en\/","logo":{"@type":"ImageObject","inLanguage":"fr-FR","@id":"https:\/\/www.eenewseurope.com\/en\/#\/schema\/logo\/image\/","url":"https:\/\/www.ecinews.fr\/wp-content\/uploads\/2022\/02\/logo-1.jpg","contentUrl":"https:\/\/www.ecinews.fr\/wp-content\/uploads\/2022\/02\/logo-1.jpg","width":283,"height":113,"caption":"EENewsEurope"},"image":{"@id":"https:\/\/www.eenewseurope.com\/en\/#\/schema\/logo\/image\/"}},{"@type":"Person","@id":"https:\/\/www.eenewseurope.com\/en\/#\/schema\/person\/e4387676ad67ce722325c7832f3c3762","name":"Alain Dieul","image":{"@type":"ImageObject","inLanguage":"fr-FR","@id":"https:\/\/www.eenewseurope.com\/en\/#\/schema\/person\/image\/736120675699dbbf0f0f282b9a9cfb75","url":"https:\/\/secure.gravatar.com\/avatar\/bc93b056d07515be5b8eecd4acf49c5c?s=96&d=mm&r=g","contentUrl":"https:\/\/secure.gravatar.com\/avatar\/bc93b056d07515be5b8eecd4acf49c5c?s=96&d=mm&r=g","caption":"Alain Dieul"},"sameAs":["http:\/\/ECINews"]}]}},"authors":[{"term_id":1154,"user_id":36,"is_guest":0,"slug":"alain-dieul","display_name":"Alain Dieul","avatar_url":"https:\/\/secure.gravatar.com\/avatar\/bc93b056d07515be5b8eecd4acf49c5c?s=96&d=mm&r=g","0":null,"1":"","2":"","3":"","4":"","5":"","6":"","7":"","8":""}],"_links":{"self":[{"href":"https:\/\/www.ecinews.fr\/fr\/wp-json\/wp\/v2\/posts\/425482"}],"collection":[{"href":"https:\/\/www.ecinews.fr\/fr\/wp-json\/wp\/v2\/posts"}],"about":[{"href":"https:\/\/www.ecinews.fr\/fr\/wp-json\/wp\/v2\/types\/post"}],"author":[{"embeddable":true,"href":"https:\/\/www.ecinews.fr\/fr\/wp-json\/wp\/v2\/users\/36"}],"replies":[{"embeddable":true,"href":"https:\/\/www.ecinews.fr\/fr\/wp-json\/wp\/v2\/comments?post=425482"}],"version-history":[{"count":0,"href":"https:\/\/www.ecinews.fr\/fr\/wp-json\/wp\/v2\/posts\/425482\/revisions"}],"wp:featuredmedia":[{"embeddable":true,"href":"https:\/\/www.ecinews.fr\/fr\/wp-json\/wp\/v2\/media\/425484"}],"wp:attachment":[{"href":"https:\/\/www.ecinews.fr\/fr\/wp-json\/wp\/v2\/media?parent=425482"}],"wp:term":[{"taxonomy":"category","embeddable":true,"href":"https:\/\/www.ecinews.fr\/fr\/wp-json\/wp\/v2\/categories?post=425482"},{"taxonomy":"post_tag","embeddable":true,"href":"https:\/\/www.ecinews.fr\/fr\/wp-json\/wp\/v2\/tags?post=425482"},{"taxonomy":"domains","embeddable":true,"href":"https:\/\/www.ecinews.fr\/fr\/wp-json\/wp\/v2\/domains?post=425482"},{"taxonomy":"author","embeddable":true,"href":"https:\/\/www.ecinews.fr\/fr\/wp-json\/wp\/v2\/ppma_author?post=425482"}],"curies":[{"name":"wp","href":"https:\/\/api.w.org\/{rel}","templated":true}]}}