{"id":425079,"date":"2023-06-21T16:50:15","date_gmt":"2023-06-21T14:50:15","guid":{"rendered":"https:\/\/www.eenewseurope.com\/?p=425079"},"modified":"2023-06-21T16:50:15","modified_gmt":"2023-06-21T14:50:15","slug":"la-bataille-pour-le-marche-des-puces-wifi-7-a-commence","status":"publish","type":"post","link":"https:\/\/www.ecinews.fr\/fr\/la-bataille-pour-le-marche-des-puces-wifi-7-a-commence\/","title":{"rendered":"La bataille pour le march\u00e9 des puces WiFi 7 a commenc\u00e9"},"content":{"rendered":"<h4>Mediatek et Broadcom s&rsquo;appr\u00eatent \u00e0 s&rsquo;affronter sur le march\u00e9 des puces WiFi 7 de deuxi\u00e8me g\u00e9n\u00e9ration.<\/h4>\n<p>Broadcom livre ses puces de deuxi\u00e8me g\u00e9n\u00e9ration aux premiers utilisateurs, tandis que Mediatek s&rsquo;appr\u00eate \u00e0 livrer ses composants WiFi 7 de deuxi\u00e8me g\u00e9n\u00e9ration au cours du prochain trimestre.<\/p>\n<ul>\n<li><a href=\"https:\/\/www.eenewseurope.com\/en\/second-generation-quad-core-wifi-7-chips-add-iot-bluetooth-5-4-support\/\">Les puces WiFi 7 de deuxi\u00e8me g\u00e9n\u00e9ration de Broadcom prennent en charge l&rsquo;IdO<\/a><\/li>\n<li><a href=\"https:\/\/www.eenewseurope.com\/en\/mediatek-in-first-live-wi-fi-7-technology-demonstrations\/\">MediaTek effectue les premi\u00e8res d\u00e9monstrations en direct de la technologie WiFi 7 <\/a><\/li>\n<li><a href=\"https:\/\/www.eenewseurope.com\/en\/first-6nm-wifi-7-chips-for-access-points-and-clients\/\">Premi\u00e8res puces WiFi 7 en 6 nm pour les points d&rsquo;acc\u00e8s et les clients <\/a><\/li>\n<\/ul>\n<p>Mediatek pr\u00e9voit une croissance rapide des livraisons de WiFi 7, qui passeront de 1 % du march\u00e9 cette ann\u00e9e \u00e0 15 % en 2024 et \u00e0 25 % en 2025. L&rsquo;entreprise a d\u00e9lib\u00e9r\u00e9ment acc\u00e9l\u00e9r\u00e9 la mise sur le march\u00e9 de cette g\u00e9n\u00e9ration de composants.<\/p>\n<p>\u00ab\u00a0Avec WiFi 7, notre \u00e9quipe de direction a donn\u00e9 une forte impulsion pour que nous soyons sur le march\u00e9 \u00e0 la pointe de l&rsquo;industrie. Nous avons lanc\u00e9 notre premier produit l&rsquo;ann\u00e9e derni\u00e8re et il est d\u00e9j\u00e0 utilis\u00e9 par les OEM\u00a0\u00bb, a d\u00e9clar\u00e9 St\u00e9phane Renaud, directeur du marketing technologique des produits pour le \u00ab\u00a0wideband\u00a0\u00bb en Europe chez Mediatek.<\/p>\n<p>\u00ab\u00a0Nous nous attendons \u00e0 une adoption tr\u00e8s rapide \u00e0 la suite des discussions avec les \u00e9quipementiers et les op\u00e9rateurs, et 75 % des op\u00e9rateurs ont lanc\u00e9 une sorte de programme WiFi7. Un programme de certification pour WiFi7 est pr\u00e9vu pour la fin de l&rsquo;ann\u00e9e 2023.<\/p>\n<p>Broadcom a d\u00e9j\u00e0 pris l&rsquo;initiative de lancer des puces en avance pour le WiFi 7 afin de s&rsquo;assurer des cr\u00e9neaux lors des phases de conception.<\/p>\n<p>\u00ab\u00a0Je dirais que leur deuxi\u00e8me g\u00e9n\u00e9ration est fait la premi\u00e8re\u00a0\u00bb, a d\u00e9clar\u00e9 M. Renaud. \u00ab\u00a0Nous sommes tr\u00e8s actifs au sein de la WiFi Alliance avec les plugfests et nous avons vu cette puce de deuxi\u00e8me g\u00e9n\u00e9ration appara\u00eetre dans les plugfests. Dans notre cas, nous envisageons une gamme de produits diff\u00e9rente, plus grand public, qui sera adopt\u00e9e par les premiers utilisateurs au cours du prochain trimestre\u00a0\u00bb, a-t-il ajout\u00e9.<\/p>\n<p>www.mediatek.com <a href=\"http:\/\/www.mediatek.com\">;<\/a> <a href=\"http:\/\/www.broadcom.com\">www.broadcom.com<\/a><\/p>\n<p>&nbsp;<\/p>\n<p>&nbsp;<\/p>\n","protected":false},"excerpt":{"rendered":"<p>Mediatek et Broadcom s&rsquo;appr\u00eatent \u00e0 s&rsquo;affronter sur le march\u00e9 des puces WiFi 7 de deuxi\u00e8me g\u00e9n\u00e9ration. Broadcom livre ses puces de deuxi\u00e8me g\u00e9n\u00e9ration aux premiers utilisateurs, tandis que Mediatek s&rsquo;appr\u00eate \u00e0 livrer ses composants WiFi 7 de deuxi\u00e8me g\u00e9n\u00e9ration au cours du prochain trimestre. Les puces WiFi 7 de deuxi\u00e8me g\u00e9n\u00e9ration de Broadcom prennent en [&hellip;]<\/p>\n","protected":false},"author":34,"featured_media":425059,"comment_status":"closed","ping_status":"closed","sticky":false,"template":"","format":"standard","meta":{"_acf_changed":false,"footnotes":""},"categories":[880],"tags":[2571,3842,3830,915],"domains":[47],"ppma_author":[1153,3640],"class_list":["post-425079","post","type-post","status-publish","format-standard","has-post-thumbnail","hentry","category-actualites-economiques","tag-broadcom","tag-mediatek-fr","tag-wifi-7","tag-wireless-communications-fr","domains-electronique-eci"],"acf":[],"yoast_head":"<title>La bataille pour le march\u00e9 des puces WiFi 7 a commenc\u00e9 ...<\/title>\n<meta name=\"description\" content=\"Broadcom livre ses puces WiFi 7 aux premiers utilisateurs, tandis que Mediatek lance des composants concurrents au T3 2023.\" \/>\n<meta name=\"robots\" content=\"index, follow, max-snippet:-1, max-image-preview:large, max-video-preview:-1\" \/>\n<link rel=\"canonical\" href=\"https:\/\/www.ecinews.fr\/fr\/wp-json\/wp\/v2\/posts\/425079\/\" \/>\n<meta property=\"og:locale\" content=\"fr_FR\" \/>\n<meta property=\"og:type\" content=\"article\" \/>\n<meta property=\"og:title\" content=\"La bataille pour le march\u00e9 des puces WiFi 7 a commenc\u00e9\" \/>\n<meta property=\"og:description\" content=\"Broadcom livre ses puces WiFi 7 aux premiers utilisateurs, tandis que Mediatek lance des composants concurrents au T3 2023.\" \/>\n<meta property=\"og:url\" content=\"https:\/\/www.ecinews.fr\/fr\/wp-json\/wp\/v2\/posts\/425079\/\" \/>\n<meta property=\"og:site_name\" content=\"EENewsEurope\" \/>\n<meta property=\"article:published_time\" content=\"2023-06-21T14:50:15+00:00\" \/>\n<meta property=\"og:image\" content=\"https:\/\/www.ecinews.fr\/wp-content\/uploads\/2023\/06\/wifi7.jpg\" \/>\n\t<meta property=\"og:image:width\" content=\"500\" \/>\n\t<meta property=\"og:image:height\" content=\"500\" \/>\n\t<meta property=\"og:image:type\" content=\"image\/jpeg\" \/>\n<meta name=\"author\" content=\"A Delapalisse, Nick Flaherty\" \/>\n<meta name=\"twitter:card\" content=\"summary_large_image\" \/>\n<meta name=\"twitter:label1\" content=\"Written by\" \/>\n\t<meta name=\"twitter:data1\" content=\"A Delapalisse\" \/>\n\t<meta name=\"twitter:label2\" content=\"Est. reading time\" \/>\n\t<meta name=\"twitter:data2\" content=\"2 minutes\" \/>\n<script type=\"application\/ld+json\" class=\"yoast-schema-graph\">{\"@context\":\"https:\/\/schema.org\",\"@graph\":[{\"@type\":\"Article\",\"@id\":\"https:\/\/www.ecinews.fr\/fr\/la-bataille-pour-le-marche-des-puces-wifi-7-a-commence\/#article\",\"isPartOf\":{\"@id\":\"https:\/\/www.ecinews.fr\/fr\/la-bataille-pour-le-marche-des-puces-wifi-7-a-commence\/\"},\"author\":{\"name\":\"A Delapalisse\",\"@id\":\"https:\/\/www.ecinews.fr\/fr\/#\/schema\/person\/0aa2cfb0bd8949724a68cbac8d8321b4\"},\"headline\":\"La bataille pour le march\u00e9 des puces WiFi 7 a commenc\u00e9\",\"datePublished\":\"2023-06-21T14:50:15+00:00\",\"dateModified\":\"2023-06-21T14:50:15+00:00\",\"mainEntityOfPage\":{\"@id\":\"https:\/\/www.ecinews.fr\/fr\/la-bataille-pour-le-marche-des-puces-wifi-7-a-commence\/\"},\"wordCount\":374,\"publisher\":{\"@id\":\"https:\/\/www.ecinews.fr\/fr\/#organization\"},\"keywords\":[\"Broadcom\",\"MediaTek\",\"WiFi 7\",\"Wireless Communications\"],\"articleSection\":[\"Actualit\u00e9s \u00e9conomiques\"],\"inLanguage\":\"fr-FR\"},{\"@type\":\"WebPage\",\"@id\":\"https:\/\/www.ecinews.fr\/fr\/la-bataille-pour-le-marche-des-puces-wifi-7-a-commence\/\",\"url\":\"https:\/\/www.ecinews.fr\/fr\/la-bataille-pour-le-marche-des-puces-wifi-7-a-commence\/\",\"name\":\"La bataille pour le march\u00e9 des puces WiFi 7 a commenc\u00e9 -\",\"isPartOf\":{\"@id\":\"https:\/\/www.ecinews.fr\/fr\/#website\"},\"datePublished\":\"2023-06-21T14:50:15+00:00\",\"dateModified\":\"2023-06-21T14:50:15+00:00\",\"description\":\"Broadcom livre ses puces WiFi 7 aux premiers utilisateurs, tandis que Mediatek lance des composants concurrents au T3 2023.\",\"breadcrumb\":{\"@id\":\"https:\/\/www.ecinews.fr\/fr\/la-bataille-pour-le-marche-des-puces-wifi-7-a-commence\/#breadcrumb\"},\"inLanguage\":\"fr-FR\",\"potentialAction\":[{\"@type\":\"ReadAction\",\"target\":[\"https:\/\/www.ecinews.fr\/fr\/la-bataille-pour-le-marche-des-puces-wifi-7-a-commence\/\"]}]},{\"@type\":\"BreadcrumbList\",\"@id\":\"https:\/\/www.ecinews.fr\/fr\/la-bataille-pour-le-marche-des-puces-wifi-7-a-commence\/#breadcrumb\",\"itemListElement\":[{\"@type\":\"ListItem\",\"position\":1,\"name\":\"Home\",\"item\":\"https:\/\/www.ecinews.fr\/fr\/\"},{\"@type\":\"ListItem\",\"position\":2,\"name\":\"La bataille pour le march\u00e9 des puces WiFi 7 a commenc\u00e9\"}]},{\"@type\":\"WebSite\",\"@id\":\"https:\/\/www.ecinews.fr\/fr\/#website\",\"url\":\"https:\/\/www.ecinews.fr\/fr\/\",\"name\":\"EENewsEurope\",\"description\":\"Just another WordPress site\",\"publisher\":{\"@id\":\"https:\/\/www.ecinews.fr\/fr\/#organization\"},\"potentialAction\":[{\"@type\":\"SearchAction\",\"target\":{\"@type\":\"EntryPoint\",\"urlTemplate\":\"https:\/\/www.ecinews.fr\/fr\/?s={search_term_string}\"},\"query-input\":\"required name=search_term_string\"}],\"inLanguage\":\"fr-FR\"},{\"@type\":\"Organization\",\"@id\":\"https:\/\/www.ecinews.fr\/fr\/#organization\",\"name\":\"EENewsEurope\",\"url\":\"https:\/\/www.ecinews.fr\/fr\/\",\"logo\":{\"@type\":\"ImageObject\",\"inLanguage\":\"fr-FR\",\"@id\":\"https:\/\/www.ecinews.fr\/fr\/#\/schema\/logo\/image\/\",\"url\":\"https:\/\/www.ecinews.fr\/wp-content\/uploads\/2022\/02\/logo-1.jpg\",\"contentUrl\":\"https:\/\/www.ecinews.fr\/wp-content\/uploads\/2022\/02\/logo-1.jpg\",\"width\":283,\"height\":113,\"caption\":\"EENewsEurope\"},\"image\":{\"@id\":\"https:\/\/www.ecinews.fr\/fr\/#\/schema\/logo\/image\/\"}},{\"@type\":\"Person\",\"@id\":\"https:\/\/www.ecinews.fr\/fr\/#\/schema\/person\/0aa2cfb0bd8949724a68cbac8d8321b4\",\"name\":\"A Delapalisse\",\"image\":{\"@type\":\"ImageObject\",\"inLanguage\":\"fr-FR\",\"@id\":\"https:\/\/www.ecinews.fr\/fr\/#\/schema\/person\/image\/211ac42237c2e9683c0964086c393cb4\",\"url\":\"https:\/\/secure.gravatar.com\/avatar\/ad45a8c5da24bc9c7c4940dd1c48a695?s=96&d=mm&r=g\",\"contentUrl\":\"https:\/\/secure.gravatar.com\/avatar\/ad45a8c5da24bc9c7c4940dd1c48a695?s=96&d=mm&r=g\",\"caption\":\"A Delapalisse\"},\"sameAs\":[\"http:\/\/ECI\"]}]}<\/script>","yoast_head_json":{"title":"La bataille pour le march\u00e9 des puces WiFi 7 a commenc\u00e9 ...","description":"Broadcom livre ses puces WiFi 7 aux premiers utilisateurs, tandis que Mediatek lance des composants concurrents au T3 2023.","robots":{"index":"index","follow":"follow","max-snippet":"max-snippet:-1","max-image-preview":"max-image-preview:large","max-video-preview":"max-video-preview:-1"},"canonical":"https:\/\/www.ecinews.fr\/fr\/wp-json\/wp\/v2\/posts\/425079\/","og_locale":"fr_FR","og_type":"article","og_title":"La bataille pour le march\u00e9 des puces WiFi 7 a commenc\u00e9","og_description":"Broadcom livre ses puces WiFi 7 aux premiers utilisateurs, tandis que Mediatek lance des composants concurrents au T3 2023.","og_url":"https:\/\/www.ecinews.fr\/fr\/wp-json\/wp\/v2\/posts\/425079\/","og_site_name":"EENewsEurope","article_published_time":"2023-06-21T14:50:15+00:00","og_image":[{"width":500,"height":500,"url":"https:\/\/www.ecinews.fr\/wp-content\/uploads\/2023\/06\/wifi7.jpg","type":"image\/jpeg"}],"author":"A Delapalisse, Nick Flaherty","twitter_card":"summary_large_image","twitter_misc":{"Written by":"A Delapalisse","Est. reading time":"2 minutes"},"schema":{"@context":"https:\/\/schema.org","@graph":[{"@type":"Article","@id":"https:\/\/www.ecinews.fr\/fr\/la-bataille-pour-le-marche-des-puces-wifi-7-a-commence\/#article","isPartOf":{"@id":"https:\/\/www.ecinews.fr\/fr\/la-bataille-pour-le-marche-des-puces-wifi-7-a-commence\/"},"author":{"name":"A Delapalisse","@id":"https:\/\/www.ecinews.fr\/fr\/#\/schema\/person\/0aa2cfb0bd8949724a68cbac8d8321b4"},"headline":"La bataille pour le march\u00e9 des puces WiFi 7 a commenc\u00e9","datePublished":"2023-06-21T14:50:15+00:00","dateModified":"2023-06-21T14:50:15+00:00","mainEntityOfPage":{"@id":"https:\/\/www.ecinews.fr\/fr\/la-bataille-pour-le-marche-des-puces-wifi-7-a-commence\/"},"wordCount":374,"publisher":{"@id":"https:\/\/www.ecinews.fr\/fr\/#organization"},"keywords":["Broadcom","MediaTek","WiFi 7","Wireless Communications"],"articleSection":["Actualit\u00e9s \u00e9conomiques"],"inLanguage":"fr-FR"},{"@type":"WebPage","@id":"https:\/\/www.ecinews.fr\/fr\/la-bataille-pour-le-marche-des-puces-wifi-7-a-commence\/","url":"https:\/\/www.ecinews.fr\/fr\/la-bataille-pour-le-marche-des-puces-wifi-7-a-commence\/","name":"La bataille pour le march\u00e9 des puces WiFi 7 a commenc\u00e9 -","isPartOf":{"@id":"https:\/\/www.ecinews.fr\/fr\/#website"},"datePublished":"2023-06-21T14:50:15+00:00","dateModified":"2023-06-21T14:50:15+00:00","description":"Broadcom livre ses puces WiFi 7 aux premiers utilisateurs, tandis que Mediatek lance des composants concurrents au T3 2023.","breadcrumb":{"@id":"https:\/\/www.ecinews.fr\/fr\/la-bataille-pour-le-marche-des-puces-wifi-7-a-commence\/#breadcrumb"},"inLanguage":"fr-FR","potentialAction":[{"@type":"ReadAction","target":["https:\/\/www.ecinews.fr\/fr\/la-bataille-pour-le-marche-des-puces-wifi-7-a-commence\/"]}]},{"@type":"BreadcrumbList","@id":"https:\/\/www.ecinews.fr\/fr\/la-bataille-pour-le-marche-des-puces-wifi-7-a-commence\/#breadcrumb","itemListElement":[{"@type":"ListItem","position":1,"name":"Home","item":"https:\/\/www.ecinews.fr\/fr\/"},{"@type":"ListItem","position":2,"name":"La bataille pour le march\u00e9 des puces WiFi 7 a commenc\u00e9"}]},{"@type":"WebSite","@id":"https:\/\/www.ecinews.fr\/fr\/#website","url":"https:\/\/www.ecinews.fr\/fr\/","name":"EENewsEurope","description":"Just another WordPress site","publisher":{"@id":"https:\/\/www.ecinews.fr\/fr\/#organization"},"potentialAction":[{"@type":"SearchAction","target":{"@type":"EntryPoint","urlTemplate":"https:\/\/www.ecinews.fr\/fr\/?s={search_term_string}"},"query-input":"required name=search_term_string"}],"inLanguage":"fr-FR"},{"@type":"Organization","@id":"https:\/\/www.ecinews.fr\/fr\/#organization","name":"EENewsEurope","url":"https:\/\/www.ecinews.fr\/fr\/","logo":{"@type":"ImageObject","inLanguage":"fr-FR","@id":"https:\/\/www.ecinews.fr\/fr\/#\/schema\/logo\/image\/","url":"https:\/\/www.ecinews.fr\/wp-content\/uploads\/2022\/02\/logo-1.jpg","contentUrl":"https:\/\/www.ecinews.fr\/wp-content\/uploads\/2022\/02\/logo-1.jpg","width":283,"height":113,"caption":"EENewsEurope"},"image":{"@id":"https:\/\/www.ecinews.fr\/fr\/#\/schema\/logo\/image\/"}},{"@type":"Person","@id":"https:\/\/www.ecinews.fr\/fr\/#\/schema\/person\/0aa2cfb0bd8949724a68cbac8d8321b4","name":"A Delapalisse","image":{"@type":"ImageObject","inLanguage":"fr-FR","@id":"https:\/\/www.ecinews.fr\/fr\/#\/schema\/person\/image\/211ac42237c2e9683c0964086c393cb4","url":"https:\/\/secure.gravatar.com\/avatar\/ad45a8c5da24bc9c7c4940dd1c48a695?s=96&d=mm&r=g","contentUrl":"https:\/\/secure.gravatar.com\/avatar\/ad45a8c5da24bc9c7c4940dd1c48a695?s=96&d=mm&r=g","caption":"A Delapalisse"},"sameAs":["http:\/\/ECI"]}]}},"authors":[{"term_id":1153,"user_id":34,"is_guest":0,"slug":"adelapalisse","display_name":"A Delapalisse","avatar_url":"https:\/\/secure.gravatar.com\/avatar\/ad45a8c5da24bc9c7c4940dd1c48a695?s=96&d=mm&r=g","0":null,"1":"","2":"","3":"","4":"","5":"","6":"","7":"","8":""},{"term_id":3640,"user_id":0,"is_guest":1,"slug":"nick-flaherty","display_name":"Nick Flaherty","avatar_url":"https:\/\/secure.gravatar.com\/avatar\/?s=96&d=mm&r=g","0":null,"1":"","2":"","3":"","4":"","5":"","6":"","7":"","8":""}],"_links":{"self":[{"href":"https:\/\/www.ecinews.fr\/fr\/wp-json\/wp\/v2\/posts\/425079"}],"collection":[{"href":"https:\/\/www.ecinews.fr\/fr\/wp-json\/wp\/v2\/posts"}],"about":[{"href":"https:\/\/www.ecinews.fr\/fr\/wp-json\/wp\/v2\/types\/post"}],"author":[{"embeddable":true,"href":"https:\/\/www.ecinews.fr\/fr\/wp-json\/wp\/v2\/users\/34"}],"replies":[{"embeddable":true,"href":"https:\/\/www.ecinews.fr\/fr\/wp-json\/wp\/v2\/comments?post=425079"}],"version-history":[{"count":0,"href":"https:\/\/www.ecinews.fr\/fr\/wp-json\/wp\/v2\/posts\/425079\/revisions"}],"wp:featuredmedia":[{"embeddable":true,"href":"https:\/\/www.ecinews.fr\/fr\/wp-json\/wp\/v2\/media\/425059"}],"wp:attachment":[{"href":"https:\/\/www.ecinews.fr\/fr\/wp-json\/wp\/v2\/media?parent=425079"}],"wp:term":[{"taxonomy":"category","embeddable":true,"href":"https:\/\/www.ecinews.fr\/fr\/wp-json\/wp\/v2\/categories?post=425079"},{"taxonomy":"post_tag","embeddable":true,"href":"https:\/\/www.ecinews.fr\/fr\/wp-json\/wp\/v2\/tags?post=425079"},{"taxonomy":"domains","embeddable":true,"href":"https:\/\/www.ecinews.fr\/fr\/wp-json\/wp\/v2\/domains?post=425079"},{"taxonomy":"author","embeddable":true,"href":"https:\/\/www.ecinews.fr\/fr\/wp-json\/wp\/v2\/ppma_author?post=425079"}],"curies":[{"name":"wp","href":"https:\/\/api.w.org\/{rel}","templated":true}]}}