{"id":424778,"date":"2023-06-20T11:42:58","date_gmt":"2023-06-20T09:42:58","guid":{"rendered":"https:\/\/www.eenewseurope.com\/?p=424778"},"modified":"2023-06-20T11:50:08","modified_gmt":"2023-06-20T09:50:08","slug":"intel-revoit-a-la-hausse-son-offre-pour-ses-fabs-allemandes","status":"publish","type":"post","link":"https:\/\/www.ecinews.fr\/fr\/intel-revoit-a-la-hausse-son-offre-pour-ses-fabs-allemandes\/","title":{"rendered":"Intel revoit \u00e0 la hausse son offre pour ses fabs allemandes"},"content":{"rendered":"<h4>Intel a augment\u00e9 son budget pour deux fabs en Allemagne, et fournira\u00a0 la technologie de pointe sub-2nm que les politiciens europ\u00e9ens ont r\u00e9clam\u00e9e, mais en repoussant l&rsquo;\u00e9ch\u00e9ance.<\/h4>\n<p>La lettre d&rsquo;intention r\u00e9vis\u00e9e sign\u00e9e aujourd&rsquo;hui en Allemagne est peu d\u00e9taill\u00e9e, si ce n&rsquo;est qu&rsquo;elle s&rsquo;engage \u00e0 utiliser la technologie de traitement de l&rsquo; \u00ab\u00a0\u00e8re angstrom\u00a0\u00bb. Il s&rsquo;agira des technologies de traitement 20A et 18A qui seront utilis\u00e9es par Intel Foundry Services, mais qui n\u00e9cessiteront un \u00e9quipement de lithographie dans l&rsquo;ultraviolet extr\u00eame (EUV) dont la livraison par ASML, aux Pays-Bas, prendra jusqu&rsquo;\u00e0 deux ans.<\/p>\n<p>Selon Intel, son engagement en faveur de la fabrication de semiconducteurs en Europe s&rsquo;\u00e9l\u00e8ve \u00e0 plus de 30 milliards de dollars pour deux fabs, contre 17 milliards de dollars lors de l&rsquo;annonce initiale. Toutefois, elle s&rsquo;engage \u00e9galement \u00e0 investir jusqu&rsquo;\u00e0 4,6 milliards de dollars dans une usine d&rsquo;assemblage et de test en Pologne, ainsi que 25 milliards de dollars dans ses fabs en Isra\u00ebl.<\/p>\n<ul>\n<li><a href=\"https:\/\/www.eenewseurope.com\/en\/intel-confirms-german-fabs-in-e80bn-european-investment\/\">Les usines allemandes font l&rsquo;objet d&rsquo;un investissement europ\u00e9en de 80 milliards d&rsquo;euros<\/a><\/li>\n<li><a href=\"https:\/\/www.eenewsanalog.com\/news\/intel-seeks-10-billion-subsidy-eurofab\">Intel demande une subvention de 10 milliards de dollars pour \u00ab\u00a0EuroFab\u00a0\u00bb.<\/a><\/li>\n<\/ul>\n<p>L&rsquo;annonce initiale, faite en mars 2022, pr\u00e9voyait que les travaux commenceraient \u00e0 la fin de ce mois. L&rsquo;entreprise affirme d\u00e9sormais que les fabs seront pr\u00eates quatre \u00e0 cinq ans apr\u00e8s que l&rsquo;UE aura approuv\u00e9 les subventions, qui devraient passer de 6,8 milliards d&rsquo;euros \u00e0 9,9 milliards d&rsquo;euros, ce qui \u00e9tait l&rsquo;objectif initial d&rsquo;Intel.<\/p>\n<p>Cela refl\u00e8te \u00ab\u00a0l&rsquo;\u00e9largissement du champ d&rsquo;application et l&rsquo;\u00e9volution des conditions \u00e9conomiques depuis l&rsquo;annonce initiale de la cr\u00e9ation du site\u00a0\u00bb, indique l&rsquo;entreprise.<\/p>\n<ul>\n<li><a href=\"https:\/\/www.eenewseurope.com\/en\/intel-to-open-4-6bn-assembly-and-test-plant-in-poland-to-other-foundries\/\">Usine d&rsquo;assemblage et d&rsquo;essai de 4,6 milliards de dollars en Pologne<\/a><\/li>\n<li><a href=\"https:\/\/www.eenewseurope.com\/en\/intel-plans-25-billion-israel-wafer-fab-spend\/\">25 milliards de dollars d&rsquo;investissements dans les usines de fabrication de plaquettes de silicium en Isra\u00ebl<\/a><\/li>\n<li><a href=\"https:\/\/www.eenewseurope.com\/en\/intel-lights-up-irish-4nm-euv-scanner\/\">Intel allume le scanner irlandais 4nm EUV<\/a><\/li>\n<\/ul>\n<p>La construction de la \u00ab\u00a0Silicon Junction\u00a0\u00bb \u00e0 Magdebourg est un \u00e9l\u00e9ment essentiel de la strat\u00e9gie de croissance d&rsquo;Intel. Combin\u00e9 \u00e0 l&rsquo;annonce la semaine derni\u00e8re de notre investissement \u00e0 Wroc\u0142aw, en Pologne, et aux sites irlandais que nous exploitons d\u00e9j\u00e0 \u00e0 grande \u00e9chelle, cela cr\u00e9e un corridor de capacit\u00e9 des wafers aux produits finis complets qui est in\u00e9gal\u00e9 et constitue une \u00e9tape majeure vers une cha\u00eene d&rsquo;approvisionnement \u00e9quilibr\u00e9e et r\u00e9siliente pour l&rsquo;Europe\u00a0\u00bb, a d\u00e9clar\u00e9 Pat Gelsinger, PDG d&rsquo;Intel, lors de la signature (ci-dessus \u00e0 gauche, debout). \u00ab\u00a0Nous sommes reconnaissants au gouvernement f\u00e9d\u00e9ral allemand, au chancelier Olaf Scholz et au gouvernement de Saxe-Anhalt pour leur partenariat et leur engagement commun \u00e0 concr\u00e9tiser la vision d&rsquo;une industrie des semiconducteurs dynamique, durable et de pointe en Allemagne et dans l&rsquo;UE\u00a0\u00bb.<\/p>\n<p>L&rsquo;investissement initial en Europe annonc\u00e9 en mars 2022 comprenait 12 milliards d&rsquo;euros pour soutenir le processus Intel 4. \u00ab\u00a0Cela porte l&rsquo;investissement en Irlande \u00e0 plus de 30 milliards d&rsquo;euros\u00a0\u00bb, a d\u00e9clar\u00e9 M. Gelsinger \u00e0 l&rsquo;\u00e9poque. Disposer d&rsquo;une technologie de pointe en mati\u00e8re de process a \u00e9t\u00e9 une priorit\u00e9 essentielle pour l&rsquo;UE, voire pour l&rsquo;industrie.<\/p>\n<ul>\n<li><a href=\"https:\/\/www.eenewseurope.com\/en\/europe-must-be-able-to-make-leading-edge-chips-says-eus-breton\/\">La Commission estime que l&rsquo;Europe doit \u00eatre en mesure de fabriquer des puces de pointe<\/a><\/li>\n<li><a href=\"https:\/\/www.eenewseurope.com\/en\/3nm-ai-chips-and-6nm-microcontrollers-will-be-key-to-tsmc-dresden-fab\/\">Les puces d&rsquo;IA en 3 nm et les microcontr\u00f4leurs en 6 nm seront au c\u0153ur des projets europ\u00e9ens de TSMC <\/a><\/li>\n<\/ul>\n<p>Le chancelier allemand Olaf Scholz (ci-dessus \u00e0 droite, debout) a d\u00e9clar\u00e9 : \u00ab\u00a0L&rsquo;accord conclu aujourd&rsquo;hui est une \u00e9tape importante pour l&rsquo;Allemagne en tant que site de production de haute technologie &#8211; et pour notre r\u00e9silience. La production de semiconducteurs d&rsquo;Intel \u00e0 Magdebourg est l&rsquo;investissement \u00e9tranger direct le plus important de l&rsquo;histoire de l&rsquo;Allemagne. Gr\u00e2ce \u00e0 cet investissement, nous rattrapons notre retard technologique par rapport aux meilleurs du monde et nous d\u00e9veloppons nos propres capacit\u00e9s en mati\u00e8re de d\u00e9veloppement d&rsquo;\u00e9cosyst\u00e8mes et de production de puces \u00e9lectroniques. C&rsquo;est une bonne nouvelle pour Magdebourg, pour l&rsquo;Allemagne et pour toute l&rsquo;Europe.<\/p>\n<ul>\n<li><a href=\"https:\/\/www.eenewseurope.com\/en\/intels-german-fab-in-peril-as-politician-says-no-to-subsidy-demand\/\">Les usines allemandes en p\u00e9ril : un politicien dit \u00ab\u00a0non\u00a0\u00bb aux subventions<\/a><\/li>\n<li><a href=\"https:\/\/www.eenewseurope.com\/en\/report-intel-requires-e10-billion-subsidy-for-german-fab\/\">Rapport : Intel a besoin d&rsquo;une subvention de 10 milliards d&rsquo;euros pour son usine allemande<\/a><\/li>\n<\/ul>\n<p>Le vice-chancelier et ministre f\u00e9d\u00e9ral de l&rsquo;\u00e9conomie et de l&rsquo;action climatique, Robert Habeck, a d\u00e9clar\u00e9 : \u00ab\u00a0L&rsquo;accord conclu aujourd&rsquo;hui est une \u00e9tape importante pour l&rsquo;Allemagne en tant que lieu d&rsquo;innovation et d&rsquo;investissement, pour l&#8217;emploi, la r\u00e9silience et la comp\u00e9titivit\u00e9. L&rsquo;investissement d&rsquo;Intel portera la production de semiconducteurs en Allemagne \u00e0 un nouveau niveau et constitue une contribution importante au renforcement de la souverainet\u00e9 europ\u00e9enne.\u00a0\u00bb<\/p>\n<p>\u00ab\u00a0F\u00e9licitations \u00e0 Intel pour son expansion en Allemagne. Siemens est fi\u00e8re de collaborer avec Intel pour acc\u00e9l\u00e9rer l&rsquo;\u00e9cosyst\u00e8me des semiconducteurs en Europe. Nous sommes un partenaire technologique cl\u00e9 pour cette industrie, en aidant les fabricants \u00e0 s&rsquo;adapter et \u00e0 construire des cha\u00eenes d&rsquo;approvisionnement plus r\u00e9sistantes\u00a0\u00bb, a d\u00e9clar\u00e9 Roland Busch, pr\u00e9sident-directeur g\u00e9n\u00e9ral de Siemens AG.<\/p>\n<p>\u00c0 l&rsquo;instar de Dresde, o\u00f9 se trouvent les fabs d&rsquo;Infineon, de Global Foundries et de Bosch, l&rsquo;Allemagne consid\u00e8re la Silicon Junction de Madgeburg comme le point de connexion d&rsquo;autres centres d&rsquo;innovation et de fabrication \u00e0 travers le pays et la r\u00e9gion, favorisant ainsi le d\u00e9veloppement d&rsquo;un vaste \u00e9cosyst\u00e8me de fournisseurs et d&rsquo;entreprises dans l&rsquo;industrie technologique. Le site devrait cr\u00e9er 7 000 emplois dans le secteur de la construction au cours de la premi\u00e8re phase, environ 3 000 emplois permanents dans le secteur de la haute technologie chez Intel et des dizaines de milliers d&#8217;emplois suppl\u00e9mentaires dans l&rsquo;ensemble de l&rsquo;\u00e9cosyst\u00e8me industriel.<\/p>\n<p><a href=\"http:\/\/www.intel.com\">www.intel.com<\/a><\/p>\n","protected":false},"excerpt":{"rendered":"<p>Intel a augment\u00e9 son budget pour deux fabs en Allemagne, et fournira\u00a0 la technologie de pointe sub-2nm que les politiciens europ\u00e9ens ont r\u00e9clam\u00e9e, mais en repoussant l&rsquo;\u00e9ch\u00e9ance. La lettre d&rsquo;intention r\u00e9vis\u00e9e sign\u00e9e aujourd&rsquo;hui en Allemagne est peu d\u00e9taill\u00e9e, si ce n&rsquo;est qu&rsquo;elle s&rsquo;engage \u00e0 utiliser la technologie de traitement de l&rsquo; \u00ab\u00a0\u00e8re angstrom\u00a0\u00bb. Il s&rsquo;agira [&hellip;]<\/p>\n","protected":false},"author":34,"featured_media":424750,"comment_status":"closed","ping_status":"closed","sticky":false,"template":"","format":"standard","meta":{"_acf_changed":false,"footnotes":""},"categories":[880],"tags":[2264,2721,1558],"domains":[47],"ppma_author":[1153,3640],"class_list":["post-424778","post","type-post","status-publish","format-standard","has-post-thumbnail","hentry","category-actualites-economiques","tag-fabs","tag-intel-fr","tag-semiconducteurs","domains-electronique-eci"],"acf":[],"yoast_head":"<title>Intel revoit \u00e0 la hausse son offre pour ses fabs allemandes ...<\/title>\n<meta name=\"description\" content=\"Intel a augment\u00e9 son budget pour deux fabs en Allemagne, fournissant ainsi la technologie de 1,8 nm demand\u00e9e par les politiciens europ\u00e9ens.\" \/>\n<meta name=\"robots\" content=\"index, follow, max-snippet:-1, max-image-preview:large, max-video-preview:-1\" \/>\n<link rel=\"canonical\" href=\"https:\/\/www.ecinews.fr\/fr\/wp-json\/wp\/v2\/posts\/424778\/\" \/>\n<meta property=\"og:locale\" content=\"fr_FR\" \/>\n<meta property=\"og:type\" content=\"article\" \/>\n<meta property=\"og:title\" content=\"Intel revoit \u00e0 la hausse son offre pour ses fabs allemandes\" \/>\n<meta property=\"og:description\" content=\"Intel a augment\u00e9 son budget pour deux fabs en Allemagne, fournissant ainsi la technologie de 1,8 nm demand\u00e9e par les politiciens europ\u00e9ens.\" \/>\n<meta property=\"og:url\" content=\"https:\/\/www.ecinews.fr\/fr\/wp-json\/wp\/v2\/posts\/424778\/\" \/>\n<meta property=\"og:site_name\" content=\"EENewsEurope\" \/>\n<meta property=\"article:published_time\" content=\"2023-06-20T09:42:58+00:00\" \/>\n<meta property=\"article:modified_time\" content=\"2023-06-20T09:50:08+00:00\" \/>\n<meta property=\"og:image\" content=\"https:\/\/www.eenewseurope.com\/wp-content\/uploads\/2023\/06\/Intel-Germany-Signing-scaled-e1687202663640.jpg\" \/>\n\t<meta property=\"og:image:width\" content=\"1080\" \/>\n\t<meta property=\"og:image:height\" content=\"608\" \/>\n\t<meta property=\"og:image:type\" content=\"image\/jpeg\" \/>\n<meta name=\"author\" content=\"A Delapalisse, Nick Flaherty\" \/>\n<meta name=\"twitter:card\" content=\"summary_large_image\" \/>\n<meta name=\"twitter:label1\" content=\"Written by\" \/>\n\t<meta name=\"twitter:data1\" content=\"A Delapalisse\" \/>\n\t<meta name=\"twitter:label2\" content=\"Est. reading time\" \/>\n\t<meta name=\"twitter:data2\" content=\"4 minutes\" \/>\n<script type=\"application\/ld+json\" class=\"yoast-schema-graph\">{\"@context\":\"https:\/\/schema.org\",\"@graph\":[{\"@type\":\"Article\",\"@id\":\"https:\/\/www.eenewseurope.com\/fr\/intel-revoit-a-la-hausse-son-offre-pour-ses-fabs-allemandes\/#article\",\"isPartOf\":{\"@id\":\"https:\/\/www.eenewseurope.com\/fr\/intel-revoit-a-la-hausse-son-offre-pour-ses-fabs-allemandes\/\"},\"author\":{\"name\":\"A Delapalisse\",\"@id\":\"https:\/\/www.ecinews.fr\/fr\/#\/schema\/person\/0aa2cfb0bd8949724a68cbac8d8321b4\"},\"headline\":\"Intel revoit \u00e0 la hausse son offre pour ses fabs allemandes\",\"datePublished\":\"2023-06-20T09:42:58+00:00\",\"dateModified\":\"2023-06-20T09:50:08+00:00\",\"mainEntityOfPage\":{\"@id\":\"https:\/\/www.eenewseurope.com\/fr\/intel-revoit-a-la-hausse-son-offre-pour-ses-fabs-allemandes\/\"},\"wordCount\":966,\"publisher\":{\"@id\":\"https:\/\/www.ecinews.fr\/fr\/#organization\"},\"keywords\":[\"Fabs\",\"Intel\",\"Semiconducteurs\"],\"articleSection\":[\"Actualit\u00e9s \u00e9conomiques\"],\"inLanguage\":\"fr-FR\"},{\"@type\":\"WebPage\",\"@id\":\"https:\/\/www.eenewseurope.com\/fr\/intel-revoit-a-la-hausse-son-offre-pour-ses-fabs-allemandes\/\",\"url\":\"https:\/\/www.eenewseurope.com\/fr\/intel-revoit-a-la-hausse-son-offre-pour-ses-fabs-allemandes\/\",\"name\":\"Intel revoit \u00e0 la hausse son offre pour ses fabs allemandes -\",\"isPartOf\":{\"@id\":\"https:\/\/www.ecinews.fr\/fr\/#website\"},\"datePublished\":\"2023-06-20T09:42:58+00:00\",\"dateModified\":\"2023-06-20T09:50:08+00:00\",\"description\":\"Intel a augment\u00e9 son budget pour deux fabs en Allemagne, fournissant ainsi la technologie de 1,8 nm demand\u00e9e par les politiciens europ\u00e9ens.\",\"breadcrumb\":{\"@id\":\"https:\/\/www.eenewseurope.com\/fr\/intel-revoit-a-la-hausse-son-offre-pour-ses-fabs-allemandes\/#breadcrumb\"},\"inLanguage\":\"fr-FR\",\"potentialAction\":[{\"@type\":\"ReadAction\",\"target\":[\"https:\/\/www.eenewseurope.com\/fr\/intel-revoit-a-la-hausse-son-offre-pour-ses-fabs-allemandes\/\"]}]},{\"@type\":\"BreadcrumbList\",\"@id\":\"https:\/\/www.eenewseurope.com\/fr\/intel-revoit-a-la-hausse-son-offre-pour-ses-fabs-allemandes\/#breadcrumb\",\"itemListElement\":[{\"@type\":\"ListItem\",\"position\":1,\"name\":\"Home\",\"item\":\"https:\/\/www.ecinews.fr\/fr\/\"},{\"@type\":\"ListItem\",\"position\":2,\"name\":\"Intel revoit \u00e0 la hausse son offre pour ses fabs allemandes\"}]},{\"@type\":\"WebSite\",\"@id\":\"https:\/\/www.ecinews.fr\/fr\/#website\",\"url\":\"https:\/\/www.ecinews.fr\/fr\/\",\"name\":\"EENewsEurope\",\"description\":\"Just another WordPress site\",\"publisher\":{\"@id\":\"https:\/\/www.ecinews.fr\/fr\/#organization\"},\"potentialAction\":[{\"@type\":\"SearchAction\",\"target\":{\"@type\":\"EntryPoint\",\"urlTemplate\":\"https:\/\/www.ecinews.fr\/fr\/?s={search_term_string}\"},\"query-input\":\"required name=search_term_string\"}],\"inLanguage\":\"fr-FR\"},{\"@type\":\"Organization\",\"@id\":\"https:\/\/www.ecinews.fr\/fr\/#organization\",\"name\":\"EENewsEurope\",\"url\":\"https:\/\/www.ecinews.fr\/fr\/\",\"logo\":{\"@type\":\"ImageObject\",\"inLanguage\":\"fr-FR\",\"@id\":\"https:\/\/www.ecinews.fr\/fr\/#\/schema\/logo\/image\/\",\"url\":\"https:\/\/www.ecinews.fr\/wp-content\/uploads\/2022\/02\/logo-1.jpg\",\"contentUrl\":\"https:\/\/www.ecinews.fr\/wp-content\/uploads\/2022\/02\/logo-1.jpg\",\"width\":283,\"height\":113,\"caption\":\"EENewsEurope\"},\"image\":{\"@id\":\"https:\/\/www.ecinews.fr\/fr\/#\/schema\/logo\/image\/\"}},{\"@type\":\"Person\",\"@id\":\"https:\/\/www.ecinews.fr\/fr\/#\/schema\/person\/0aa2cfb0bd8949724a68cbac8d8321b4\",\"name\":\"A Delapalisse\",\"image\":{\"@type\":\"ImageObject\",\"inLanguage\":\"fr-FR\",\"@id\":\"https:\/\/www.ecinews.fr\/fr\/#\/schema\/person\/image\/211ac42237c2e9683c0964086c393cb4\",\"url\":\"https:\/\/secure.gravatar.com\/avatar\/ad45a8c5da24bc9c7c4940dd1c48a695?s=96&d=mm&r=g\",\"contentUrl\":\"https:\/\/secure.gravatar.com\/avatar\/ad45a8c5da24bc9c7c4940dd1c48a695?s=96&d=mm&r=g\",\"caption\":\"A Delapalisse\"},\"sameAs\":[\"http:\/\/ECI\"]}]}<\/script>","yoast_head_json":{"title":"Intel revoit \u00e0 la hausse son offre pour ses fabs allemandes ...","description":"Intel a augment\u00e9 son budget pour deux fabs en Allemagne, fournissant ainsi la technologie de 1,8 nm demand\u00e9e par les politiciens europ\u00e9ens.","robots":{"index":"index","follow":"follow","max-snippet":"max-snippet:-1","max-image-preview":"max-image-preview:large","max-video-preview":"max-video-preview:-1"},"canonical":"https:\/\/www.ecinews.fr\/fr\/wp-json\/wp\/v2\/posts\/424778\/","og_locale":"fr_FR","og_type":"article","og_title":"Intel revoit \u00e0 la hausse son offre pour ses fabs allemandes","og_description":"Intel a augment\u00e9 son budget pour deux fabs en Allemagne, fournissant ainsi la technologie de 1,8 nm demand\u00e9e par les politiciens europ\u00e9ens.","og_url":"https:\/\/www.ecinews.fr\/fr\/wp-json\/wp\/v2\/posts\/424778\/","og_site_name":"EENewsEurope","article_published_time":"2023-06-20T09:42:58+00:00","article_modified_time":"2023-06-20T09:50:08+00:00","og_image":[{"width":1080,"height":608,"url":"https:\/\/www.eenewseurope.com\/wp-content\/uploads\/2023\/06\/Intel-Germany-Signing-scaled-e1687202663640.jpg","type":"image\/jpeg"}],"author":"A Delapalisse, Nick Flaherty","twitter_card":"summary_large_image","twitter_misc":{"Written by":"A Delapalisse","Est. reading time":"4 minutes"},"schema":{"@context":"https:\/\/schema.org","@graph":[{"@type":"Article","@id":"https:\/\/www.eenewseurope.com\/fr\/intel-revoit-a-la-hausse-son-offre-pour-ses-fabs-allemandes\/#article","isPartOf":{"@id":"https:\/\/www.eenewseurope.com\/fr\/intel-revoit-a-la-hausse-son-offre-pour-ses-fabs-allemandes\/"},"author":{"name":"A Delapalisse","@id":"https:\/\/www.ecinews.fr\/fr\/#\/schema\/person\/0aa2cfb0bd8949724a68cbac8d8321b4"},"headline":"Intel revoit \u00e0 la hausse son offre pour ses fabs allemandes","datePublished":"2023-06-20T09:42:58+00:00","dateModified":"2023-06-20T09:50:08+00:00","mainEntityOfPage":{"@id":"https:\/\/www.eenewseurope.com\/fr\/intel-revoit-a-la-hausse-son-offre-pour-ses-fabs-allemandes\/"},"wordCount":966,"publisher":{"@id":"https:\/\/www.ecinews.fr\/fr\/#organization"},"keywords":["Fabs","Intel","Semiconducteurs"],"articleSection":["Actualit\u00e9s \u00e9conomiques"],"inLanguage":"fr-FR"},{"@type":"WebPage","@id":"https:\/\/www.eenewseurope.com\/fr\/intel-revoit-a-la-hausse-son-offre-pour-ses-fabs-allemandes\/","url":"https:\/\/www.eenewseurope.com\/fr\/intel-revoit-a-la-hausse-son-offre-pour-ses-fabs-allemandes\/","name":"Intel revoit \u00e0 la hausse son offre pour ses fabs allemandes -","isPartOf":{"@id":"https:\/\/www.ecinews.fr\/fr\/#website"},"datePublished":"2023-06-20T09:42:58+00:00","dateModified":"2023-06-20T09:50:08+00:00","description":"Intel a augment\u00e9 son budget pour deux fabs en Allemagne, fournissant ainsi la technologie de 1,8 nm demand\u00e9e par les politiciens europ\u00e9ens.","breadcrumb":{"@id":"https:\/\/www.eenewseurope.com\/fr\/intel-revoit-a-la-hausse-son-offre-pour-ses-fabs-allemandes\/#breadcrumb"},"inLanguage":"fr-FR","potentialAction":[{"@type":"ReadAction","target":["https:\/\/www.eenewseurope.com\/fr\/intel-revoit-a-la-hausse-son-offre-pour-ses-fabs-allemandes\/"]}]},{"@type":"BreadcrumbList","@id":"https:\/\/www.eenewseurope.com\/fr\/intel-revoit-a-la-hausse-son-offre-pour-ses-fabs-allemandes\/#breadcrumb","itemListElement":[{"@type":"ListItem","position":1,"name":"Home","item":"https:\/\/www.ecinews.fr\/fr\/"},{"@type":"ListItem","position":2,"name":"Intel revoit \u00e0 la hausse son offre pour ses fabs allemandes"}]},{"@type":"WebSite","@id":"https:\/\/www.ecinews.fr\/fr\/#website","url":"https:\/\/www.ecinews.fr\/fr\/","name":"EENewsEurope","description":"Just another WordPress site","publisher":{"@id":"https:\/\/www.ecinews.fr\/fr\/#organization"},"potentialAction":[{"@type":"SearchAction","target":{"@type":"EntryPoint","urlTemplate":"https:\/\/www.ecinews.fr\/fr\/?s={search_term_string}"},"query-input":"required name=search_term_string"}],"inLanguage":"fr-FR"},{"@type":"Organization","@id":"https:\/\/www.ecinews.fr\/fr\/#organization","name":"EENewsEurope","url":"https:\/\/www.ecinews.fr\/fr\/","logo":{"@type":"ImageObject","inLanguage":"fr-FR","@id":"https:\/\/www.ecinews.fr\/fr\/#\/schema\/logo\/image\/","url":"https:\/\/www.ecinews.fr\/wp-content\/uploads\/2022\/02\/logo-1.jpg","contentUrl":"https:\/\/www.ecinews.fr\/wp-content\/uploads\/2022\/02\/logo-1.jpg","width":283,"height":113,"caption":"EENewsEurope"},"image":{"@id":"https:\/\/www.ecinews.fr\/fr\/#\/schema\/logo\/image\/"}},{"@type":"Person","@id":"https:\/\/www.ecinews.fr\/fr\/#\/schema\/person\/0aa2cfb0bd8949724a68cbac8d8321b4","name":"A Delapalisse","image":{"@type":"ImageObject","inLanguage":"fr-FR","@id":"https:\/\/www.ecinews.fr\/fr\/#\/schema\/person\/image\/211ac42237c2e9683c0964086c393cb4","url":"https:\/\/secure.gravatar.com\/avatar\/ad45a8c5da24bc9c7c4940dd1c48a695?s=96&d=mm&r=g","contentUrl":"https:\/\/secure.gravatar.com\/avatar\/ad45a8c5da24bc9c7c4940dd1c48a695?s=96&d=mm&r=g","caption":"A Delapalisse"},"sameAs":["http:\/\/ECI"]}]}},"authors":[{"term_id":1153,"user_id":34,"is_guest":0,"slug":"adelapalisse","display_name":"A Delapalisse","avatar_url":"https:\/\/secure.gravatar.com\/avatar\/ad45a8c5da24bc9c7c4940dd1c48a695?s=96&d=mm&r=g","0":null,"1":"","2":"","3":"","4":"","5":"","6":"","7":"","8":""},{"term_id":3640,"user_id":0,"is_guest":1,"slug":"nick-flaherty","display_name":"Nick Flaherty","avatar_url":"https:\/\/secure.gravatar.com\/avatar\/?s=96&d=mm&r=g","0":null,"1":"","2":"","3":"","4":"","5":"","6":"","7":"","8":""}],"_links":{"self":[{"href":"https:\/\/www.ecinews.fr\/fr\/wp-json\/wp\/v2\/posts\/424778"}],"collection":[{"href":"https:\/\/www.ecinews.fr\/fr\/wp-json\/wp\/v2\/posts"}],"about":[{"href":"https:\/\/www.ecinews.fr\/fr\/wp-json\/wp\/v2\/types\/post"}],"author":[{"embeddable":true,"href":"https:\/\/www.ecinews.fr\/fr\/wp-json\/wp\/v2\/users\/34"}],"replies":[{"embeddable":true,"href":"https:\/\/www.ecinews.fr\/fr\/wp-json\/wp\/v2\/comments?post=424778"}],"version-history":[{"count":0,"href":"https:\/\/www.ecinews.fr\/fr\/wp-json\/wp\/v2\/posts\/424778\/revisions"}],"wp:featuredmedia":[{"embeddable":true,"href":"https:\/\/www.ecinews.fr\/fr\/wp-json\/wp\/v2\/media\/424750"}],"wp:attachment":[{"href":"https:\/\/www.ecinews.fr\/fr\/wp-json\/wp\/v2\/media?parent=424778"}],"wp:term":[{"taxonomy":"category","embeddable":true,"href":"https:\/\/www.ecinews.fr\/fr\/wp-json\/wp\/v2\/categories?post=424778"},{"taxonomy":"post_tag","embeddable":true,"href":"https:\/\/www.ecinews.fr\/fr\/wp-json\/wp\/v2\/tags?post=424778"},{"taxonomy":"domains","embeddable":true,"href":"https:\/\/www.ecinews.fr\/fr\/wp-json\/wp\/v2\/domains?post=424778"},{"taxonomy":"author","embeddable":true,"href":"https:\/\/www.ecinews.fr\/fr\/wp-json\/wp\/v2\/ppma_author?post=424778"}],"curies":[{"name":"wp","href":"https:\/\/api.w.org\/{rel}","templated":true}]}}