{"id":424637,"date":"2023-06-18T18:27:50","date_gmt":"2023-06-18T16:27:50","guid":{"rendered":"https:\/\/www.eenewseurope.com\/?p=424637"},"modified":"2023-06-18T18:28:44","modified_gmt":"2023-06-18T16:28:44","slug":"intel-investit-46-milliards-de-dollars-en-pologne-pour-une-usine-dassemblage-et-de-test","status":"publish","type":"post","link":"https:\/\/www.ecinews.fr\/fr\/intel-investit-46-milliards-de-dollars-en-pologne-pour-une-usine-dassemblage-et-de-test\/","title":{"rendered":"Intel investit 4,6 milliards de dollars en Pologne pour une usine d&rsquo;assemblage et de test"},"content":{"rendered":"<h4>Intel va construire sa premi\u00e8re usine d&rsquo;assemblage et de test de semiconducteurs \u00e0 Wroc\u0142aw, en Pologne, et soutiendra pour la premi\u00e8re fois des fonderies externes.<\/h4>\n<p>L&rsquo;entreprise, qui avait d\u00e9j\u00e0 cherch\u00e9 un site en France et en Italie, d\u00e9pensera jusqu&rsquo;\u00e0 4,6 milliards de dollars (4,2 milliards d&rsquo;euros) pour l&rsquo;usine polonaise qui doit ouvrir ses portes d&rsquo;ici 2027. L&rsquo;usine sera en mesure d&rsquo;accepter des wafers et des puces d&rsquo;Intel, d&rsquo;Intel Foundry Services ou d&rsquo;autres fonderies, ce qui constitue une \u00e9volution majeure par rapport \u00e0 la capacit\u00e9 purement interne.<\/p>\n<p>La conception et la planification de l&rsquo;installation d\u00e9buteront imm\u00e9diatement, et la construction commencera sous r\u00e9serve de l&rsquo;approbation de la Commission europ\u00e9enne.<\/p>\n<p>Intel consid\u00e8re l&rsquo;usine polonaise, ainsi que son installation de fabrication de wafers \u00e0 Leixlip, en Irlande, et son projet d&rsquo;installation d&rsquo;une fab \u00e0 Magdebourg, en Allemagne, comme des \u00e9l\u00e9ments cl\u00e9s de la cha\u00eene de valeur de la fabrication de semiconducteurs de pointe de bout en bout en Europe. Elle servira \u00e9galement de catalyseur pour d&rsquo;autres investissements dans l&rsquo;\u00e9cosyst\u00e8me et l&rsquo;innovation en Pologne et dans l&rsquo;ensemble de l&rsquo;Union europ\u00e9enne.<\/p>\n<p>La Pologne a \u00e9t\u00e9 choisie pour son infrastructure, sa forte base de talents et son excellent environnement commercial, explique Intel. La proximit\u00e9 de Madgebourg, qui devrait b\u00e9n\u00e9ficier lundi 19 juin d&rsquo;une augmentation des subventions au titre de la loi CHIPS de l&rsquo;UE, et de Leixlip contribuera \u00e0 accro\u00eetre la r\u00e9silience et la rentabilit\u00e9 de la cha\u00eene d&rsquo;approvisionnement europ\u00e9enne en semiconducteurs. L&rsquo;acc\u00e8s \u00e0 l&rsquo;usine de test et d&rsquo;assemblage pour d&rsquo;autres fonderies telles que Global Foundries pourrait bien faire partie de cette n\u00e9gociation.<\/p>\n<p>Intel poss\u00e8de d&rsquo;importantes activit\u00e9s de recherche et de d\u00e9veloppement \u00e0 Gda\u0144sk, le plus grand centre de recherche et de d\u00e9veloppement de l&rsquo;entreprise en Europe, qui emploie pr\u00e8s de 4 000 personnes.<\/p>\n<ul>\n<li><a href=\"https:\/\/www.eenewseurope.com\/en\/intel-picks-site-for-italian-chiplet-factory\/\">Intel choisit le site d&rsquo;une usine italienne de chiplets<\/a><\/li>\n<li><a href=\"https:\/\/www.eenewseurope.com\/en\/intel-goes-slow-casts-doubt-on-italian-chiplet-fab\/\">Intel ralentit et jette le doute sur la fabrication d&rsquo;un chiplet en Italie<\/a><\/li>\n<\/ul>\n<p>\u00ab\u00a0La Pologne accueille d\u00e9j\u00e0 des activit\u00e9s d&rsquo;Intel et est bien plac\u00e9e pour travailler avec les sites d&rsquo;Intel en Allemagne et en Irlande. Elle est \u00e9galement tr\u00e8s comp\u00e9titive en termes de co\u00fbts par rapport \u00e0 d&rsquo;autres sites de production dans le monde et offre une excellente base de talents que nous sommes ravis d&rsquo;aider \u00e0 se d\u00e9velopper\u00a0\u00bb, a d\u00e9clar\u00e9 Pat Gelsinger, PDG d&rsquo;Intel. \u00ab\u00a0Nous sommes reconnaissants du soutien de la Pologne, qui nous permet de d\u00e9velopper l&rsquo;\u00e9cosyst\u00e8me local des semiconducteurs et de contribuer \u00e0 l&rsquo;objectif de l&rsquo;UE de cr\u00e9er une cha\u00eene d&rsquo;approvisionnement en semiconducteurs plus r\u00e9siliente et plus durable\u00a0\u00bb.<\/p>\n<p>Mateusz Morawiecki, premier ministre polonais, a d\u00e9clar\u00e9 : \u00ab\u00a0Nous sommes heureux que le plus grand investissement technologique de l&rsquo;histoire de la Pologne soit men\u00e9 par Intel, une l\u00e9gende de la Silicon Valley connue pour son innovation. Les puces et les semiconducteurs sont des technologies essentielles au XXIe si\u00e8cle et nous sommes ravis de renforcer le r\u00f4le de la Pologne dans la cha\u00eene mondiale d&rsquo;approvisionnement en semiconducteurs et de contribuer \u00e0 faire du pays un exemple pour l&rsquo;\u00e9conomie\u00a0\u00bb.<\/p>\n<ul>\n<li><a href=\"https:\/\/www.eenewseurope.com\/en\/tsmc-could-partner-with-bosch-for-28nm-fab-in-germany\/\">TSMC pourrait s&rsquo;associer \u00e0 Bosch pour une usine de 28 nm en Allemagne<\/a><\/li>\n<li><a href=\"https:\/\/www.eenewseurope.com\/en\/3nm-ai-chips-and-6nm-microcontrollers-will-be-key-to-tsmc-dresden-fab\/\">Les puces d&rsquo;IA en 3 nm et les microcontr\u00f4leurs en 6 nm seront la cl\u00e9 de la conf\u00e9rence de TSMC \u00e0 Dresde<\/a><\/li>\n<\/ul>\n<p>Les r\u00e9centes perturbations mondiales dans l&rsquo;\u00e9lectronique montrent qu&rsquo;il est indispensable de mettre en place une cha\u00eene d&rsquo;approvisionnement plus r\u00e9sistante pour les semiconducteurs et Intel d\u00e9clare soutenir l&rsquo;objectif de l&rsquo;Union europ\u00e9enne de regagner 20 % de la capacit\u00e9 mondiale de fabrication de semiconducteurs d&rsquo;ici \u00e0 2030.<\/p>\n<p><a href=\"http:\/\/www.intel.com\">www.intel.com<\/a><\/p>\n<p>&nbsp;<\/p>\n","protected":false},"excerpt":{"rendered":"<p>Intel va construire sa premi\u00e8re usine d&rsquo;assemblage et de test de semiconducteurs \u00e0 Wroc\u0142aw, en Pologne, et soutiendra pour la premi\u00e8re fois des fonderies externes. L&rsquo;entreprise, qui avait d\u00e9j\u00e0 cherch\u00e9 un site en France et en Italie, d\u00e9pensera jusqu&rsquo;\u00e0 4,6 milliards de dollars (4,2 milliards d&rsquo;euros) pour l&rsquo;usine polonaise qui doit ouvrir ses portes d&rsquo;ici [&hellip;]<\/p>\n","protected":false},"author":34,"featured_media":424605,"comment_status":"closed","ping_status":"closed","sticky":false,"template":"","format":"standard","meta":{"_acf_changed":false,"footnotes":""},"categories":[880],"tags":[2264,2721,1558],"domains":[47],"ppma_author":[1153,3640],"class_list":["post-424637","post","type-post","status-publish","format-standard","has-post-thumbnail","hentry","category-actualites-economiques","tag-fabs","tag-intel-fr","tag-semiconducteurs","domains-electronique-eci"],"acf":[],"yoast_head":"<title>Intel investit 4,6 milliards de dollars en Pologne pour une usi...<\/title>\n<meta name=\"description\" content=\"Intel va construire une usine d&#039;assemblage et de test de semiconducteurs d&#039;une valeur de 4,6 milliard de dollars \u00e0 Wroc\u0142aw, en Pologne.\" \/>\n<meta name=\"robots\" content=\"index, follow, max-snippet:-1, max-image-preview:large, max-video-preview:-1\" \/>\n<link rel=\"canonical\" href=\"https:\/\/www.ecinews.fr\/fr\/wp-json\/wp\/v2\/posts\/424637\/\" \/>\n<meta property=\"og:locale\" content=\"fr_FR\" \/>\n<meta property=\"og:type\" content=\"article\" \/>\n<meta property=\"og:title\" content=\"Intel investit 4,6 milliards de dollars en Pologne pour une usine d&#039;assemblage et de test\" \/>\n<meta property=\"og:description\" content=\"Intel va construire une usine d&#039;assemblage et de test de semiconducteurs d&#039;une valeur de 4,6 milliard de dollars \u00e0 Wroc\u0142aw, en Pologne.\" \/>\n<meta property=\"og:url\" content=\"https:\/\/www.ecinews.fr\/fr\/wp-json\/wp\/v2\/posts\/424637\/\" \/>\n<meta property=\"og:site_name\" content=\"EENewsEurope\" \/>\n<meta property=\"article:published_time\" content=\"2023-06-18T16:27:50+00:00\" \/>\n<meta property=\"article:modified_time\" content=\"2023-06-18T16:28:44+00:00\" \/>\n<meta property=\"og:image\" content=\"https:\/\/www.ecinews.fr\/wp-content\/uploads\/2023\/06\/intel-poland-site-rendering.jpg\" \/>\n\t<meta property=\"og:image:width\" content=\"480\" \/>\n\t<meta property=\"og:image:height\" content=\"270\" \/>\n\t<meta property=\"og:image:type\" content=\"image\/jpeg\" \/>\n<meta name=\"author\" content=\"A Delapalisse, Nick Flaherty\" \/>\n<meta name=\"twitter:card\" content=\"summary_large_image\" \/>\n<meta name=\"twitter:label1\" content=\"Written by\" \/>\n\t<meta name=\"twitter:data1\" content=\"A Delapalisse\" \/>\n\t<meta name=\"twitter:label2\" content=\"Est. reading time\" \/>\n\t<meta name=\"twitter:data2\" content=\"3 minutes\" \/>\n<script type=\"application\/ld+json\" class=\"yoast-schema-graph\">{\"@context\":\"https:\/\/schema.org\",\"@graph\":[{\"@type\":\"Article\",\"@id\":\"https:\/\/www.ecinews.fr\/fr\/intel-investit-46-milliards-de-dollars-en-pologne-pour-une-usine-dassemblage-et-de-test\/#article\",\"isPartOf\":{\"@id\":\"https:\/\/www.ecinews.fr\/fr\/intel-investit-46-milliards-de-dollars-en-pologne-pour-une-usine-dassemblage-et-de-test\/\"},\"author\":{\"name\":\"A Delapalisse\",\"@id\":\"https:\/\/www.ecinews.fr\/fr\/#\/schema\/person\/0aa2cfb0bd8949724a68cbac8d8321b4\"},\"headline\":\"Intel investit 4,6 milliards de dollars en Pologne pour une usine d&rsquo;assemblage et de test\",\"datePublished\":\"2023-06-18T16:27:50+00:00\",\"dateModified\":\"2023-06-18T16:28:44+00:00\",\"mainEntityOfPage\":{\"@id\":\"https:\/\/www.ecinews.fr\/fr\/intel-investit-46-milliards-de-dollars-en-pologne-pour-une-usine-dassemblage-et-de-test\/\"},\"wordCount\":661,\"publisher\":{\"@id\":\"https:\/\/www.ecinews.fr\/fr\/#organization\"},\"keywords\":[\"Fabs\",\"Intel\",\"Semiconducteurs\"],\"articleSection\":[\"Actualit\u00e9s \u00e9conomiques\"],\"inLanguage\":\"fr-FR\"},{\"@type\":\"WebPage\",\"@id\":\"https:\/\/www.ecinews.fr\/fr\/intel-investit-46-milliards-de-dollars-en-pologne-pour-une-usine-dassemblage-et-de-test\/\",\"url\":\"https:\/\/www.ecinews.fr\/fr\/intel-investit-46-milliards-de-dollars-en-pologne-pour-une-usine-dassemblage-et-de-test\/\",\"name\":\"Intel investit 4,6 milliards de dollars en Pologne pour une usine d'assemblage et de test -\",\"isPartOf\":{\"@id\":\"https:\/\/www.ecinews.fr\/fr\/#website\"},\"datePublished\":\"2023-06-18T16:27:50+00:00\",\"dateModified\":\"2023-06-18T16:28:44+00:00\",\"description\":\"Intel va construire une usine d'assemblage et de test de semiconducteurs d'une valeur de 4,6 milliard de dollars \u00e0 Wroc\u0142aw, en Pologne.\",\"breadcrumb\":{\"@id\":\"https:\/\/www.ecinews.fr\/fr\/intel-investit-46-milliards-de-dollars-en-pologne-pour-une-usine-dassemblage-et-de-test\/#breadcrumb\"},\"inLanguage\":\"fr-FR\",\"potentialAction\":[{\"@type\":\"ReadAction\",\"target\":[\"https:\/\/www.ecinews.fr\/fr\/intel-investit-46-milliards-de-dollars-en-pologne-pour-une-usine-dassemblage-et-de-test\/\"]}]},{\"@type\":\"BreadcrumbList\",\"@id\":\"https:\/\/www.ecinews.fr\/fr\/intel-investit-46-milliards-de-dollars-en-pologne-pour-une-usine-dassemblage-et-de-test\/#breadcrumb\",\"itemListElement\":[{\"@type\":\"ListItem\",\"position\":1,\"name\":\"Home\",\"item\":\"https:\/\/www.ecinews.fr\/fr\/\"},{\"@type\":\"ListItem\",\"position\":2,\"name\":\"Intel investit 4,6 milliards de dollars en Pologne pour une usine d&rsquo;assemblage et de test\"}]},{\"@type\":\"WebSite\",\"@id\":\"https:\/\/www.ecinews.fr\/fr\/#website\",\"url\":\"https:\/\/www.ecinews.fr\/fr\/\",\"name\":\"EENewsEurope\",\"description\":\"Just another WordPress site\",\"publisher\":{\"@id\":\"https:\/\/www.ecinews.fr\/fr\/#organization\"},\"potentialAction\":[{\"@type\":\"SearchAction\",\"target\":{\"@type\":\"EntryPoint\",\"urlTemplate\":\"https:\/\/www.ecinews.fr\/fr\/?s={search_term_string}\"},\"query-input\":\"required name=search_term_string\"}],\"inLanguage\":\"fr-FR\"},{\"@type\":\"Organization\",\"@id\":\"https:\/\/www.ecinews.fr\/fr\/#organization\",\"name\":\"EENewsEurope\",\"url\":\"https:\/\/www.ecinews.fr\/fr\/\",\"logo\":{\"@type\":\"ImageObject\",\"inLanguage\":\"fr-FR\",\"@id\":\"https:\/\/www.ecinews.fr\/fr\/#\/schema\/logo\/image\/\",\"url\":\"https:\/\/www.ecinews.fr\/wp-content\/uploads\/2022\/02\/logo-1.jpg\",\"contentUrl\":\"https:\/\/www.ecinews.fr\/wp-content\/uploads\/2022\/02\/logo-1.jpg\",\"width\":283,\"height\":113,\"caption\":\"EENewsEurope\"},\"image\":{\"@id\":\"https:\/\/www.ecinews.fr\/fr\/#\/schema\/logo\/image\/\"}},{\"@type\":\"Person\",\"@id\":\"https:\/\/www.ecinews.fr\/fr\/#\/schema\/person\/0aa2cfb0bd8949724a68cbac8d8321b4\",\"name\":\"A Delapalisse\",\"image\":{\"@type\":\"ImageObject\",\"inLanguage\":\"fr-FR\",\"@id\":\"https:\/\/www.ecinews.fr\/fr\/#\/schema\/person\/image\/211ac42237c2e9683c0964086c393cb4\",\"url\":\"https:\/\/secure.gravatar.com\/avatar\/ad45a8c5da24bc9c7c4940dd1c48a695?s=96&d=mm&r=g\",\"contentUrl\":\"https:\/\/secure.gravatar.com\/avatar\/ad45a8c5da24bc9c7c4940dd1c48a695?s=96&d=mm&r=g\",\"caption\":\"A Delapalisse\"},\"sameAs\":[\"http:\/\/ECI\"]}]}<\/script>","yoast_head_json":{"title":"Intel investit 4,6 milliards de dollars en Pologne pour une usi...","description":"Intel va construire une usine d'assemblage et de test de semiconducteurs d'une valeur de 4,6 milliard de dollars \u00e0 Wroc\u0142aw, en Pologne.","robots":{"index":"index","follow":"follow","max-snippet":"max-snippet:-1","max-image-preview":"max-image-preview:large","max-video-preview":"max-video-preview:-1"},"canonical":"https:\/\/www.ecinews.fr\/fr\/wp-json\/wp\/v2\/posts\/424637\/","og_locale":"fr_FR","og_type":"article","og_title":"Intel investit 4,6 milliards de dollars en Pologne pour une usine d'assemblage et de test","og_description":"Intel va construire une usine d'assemblage et de test de semiconducteurs d'une valeur de 4,6 milliard de dollars \u00e0 Wroc\u0142aw, en Pologne.","og_url":"https:\/\/www.ecinews.fr\/fr\/wp-json\/wp\/v2\/posts\/424637\/","og_site_name":"EENewsEurope","article_published_time":"2023-06-18T16:27:50+00:00","article_modified_time":"2023-06-18T16:28:44+00:00","og_image":[{"width":480,"height":270,"url":"https:\/\/www.ecinews.fr\/wp-content\/uploads\/2023\/06\/intel-poland-site-rendering.jpg","type":"image\/jpeg"}],"author":"A Delapalisse, Nick Flaherty","twitter_card":"summary_large_image","twitter_misc":{"Written by":"A Delapalisse","Est. reading time":"3 minutes"},"schema":{"@context":"https:\/\/schema.org","@graph":[{"@type":"Article","@id":"https:\/\/www.ecinews.fr\/fr\/intel-investit-46-milliards-de-dollars-en-pologne-pour-une-usine-dassemblage-et-de-test\/#article","isPartOf":{"@id":"https:\/\/www.ecinews.fr\/fr\/intel-investit-46-milliards-de-dollars-en-pologne-pour-une-usine-dassemblage-et-de-test\/"},"author":{"name":"A Delapalisse","@id":"https:\/\/www.ecinews.fr\/fr\/#\/schema\/person\/0aa2cfb0bd8949724a68cbac8d8321b4"},"headline":"Intel investit 4,6 milliards de dollars en Pologne pour une usine d&rsquo;assemblage et de test","datePublished":"2023-06-18T16:27:50+00:00","dateModified":"2023-06-18T16:28:44+00:00","mainEntityOfPage":{"@id":"https:\/\/www.ecinews.fr\/fr\/intel-investit-46-milliards-de-dollars-en-pologne-pour-une-usine-dassemblage-et-de-test\/"},"wordCount":661,"publisher":{"@id":"https:\/\/www.ecinews.fr\/fr\/#organization"},"keywords":["Fabs","Intel","Semiconducteurs"],"articleSection":["Actualit\u00e9s \u00e9conomiques"],"inLanguage":"fr-FR"},{"@type":"WebPage","@id":"https:\/\/www.ecinews.fr\/fr\/intel-investit-46-milliards-de-dollars-en-pologne-pour-une-usine-dassemblage-et-de-test\/","url":"https:\/\/www.ecinews.fr\/fr\/intel-investit-46-milliards-de-dollars-en-pologne-pour-une-usine-dassemblage-et-de-test\/","name":"Intel investit 4,6 milliards de dollars en Pologne pour une usine d'assemblage et de test -","isPartOf":{"@id":"https:\/\/www.ecinews.fr\/fr\/#website"},"datePublished":"2023-06-18T16:27:50+00:00","dateModified":"2023-06-18T16:28:44+00:00","description":"Intel va construire une usine d'assemblage et de test de semiconducteurs d'une valeur de 4,6 milliard de dollars \u00e0 Wroc\u0142aw, en Pologne.","breadcrumb":{"@id":"https:\/\/www.ecinews.fr\/fr\/intel-investit-46-milliards-de-dollars-en-pologne-pour-une-usine-dassemblage-et-de-test\/#breadcrumb"},"inLanguage":"fr-FR","potentialAction":[{"@type":"ReadAction","target":["https:\/\/www.ecinews.fr\/fr\/intel-investit-46-milliards-de-dollars-en-pologne-pour-une-usine-dassemblage-et-de-test\/"]}]},{"@type":"BreadcrumbList","@id":"https:\/\/www.ecinews.fr\/fr\/intel-investit-46-milliards-de-dollars-en-pologne-pour-une-usine-dassemblage-et-de-test\/#breadcrumb","itemListElement":[{"@type":"ListItem","position":1,"name":"Home","item":"https:\/\/www.ecinews.fr\/fr\/"},{"@type":"ListItem","position":2,"name":"Intel investit 4,6 milliards de dollars en Pologne pour une usine d&rsquo;assemblage et de test"}]},{"@type":"WebSite","@id":"https:\/\/www.ecinews.fr\/fr\/#website","url":"https:\/\/www.ecinews.fr\/fr\/","name":"EENewsEurope","description":"Just another WordPress site","publisher":{"@id":"https:\/\/www.ecinews.fr\/fr\/#organization"},"potentialAction":[{"@type":"SearchAction","target":{"@type":"EntryPoint","urlTemplate":"https:\/\/www.ecinews.fr\/fr\/?s={search_term_string}"},"query-input":"required name=search_term_string"}],"inLanguage":"fr-FR"},{"@type":"Organization","@id":"https:\/\/www.ecinews.fr\/fr\/#organization","name":"EENewsEurope","url":"https:\/\/www.ecinews.fr\/fr\/","logo":{"@type":"ImageObject","inLanguage":"fr-FR","@id":"https:\/\/www.ecinews.fr\/fr\/#\/schema\/logo\/image\/","url":"https:\/\/www.ecinews.fr\/wp-content\/uploads\/2022\/02\/logo-1.jpg","contentUrl":"https:\/\/www.ecinews.fr\/wp-content\/uploads\/2022\/02\/logo-1.jpg","width":283,"height":113,"caption":"EENewsEurope"},"image":{"@id":"https:\/\/www.ecinews.fr\/fr\/#\/schema\/logo\/image\/"}},{"@type":"Person","@id":"https:\/\/www.ecinews.fr\/fr\/#\/schema\/person\/0aa2cfb0bd8949724a68cbac8d8321b4","name":"A Delapalisse","image":{"@type":"ImageObject","inLanguage":"fr-FR","@id":"https:\/\/www.ecinews.fr\/fr\/#\/schema\/person\/image\/211ac42237c2e9683c0964086c393cb4","url":"https:\/\/secure.gravatar.com\/avatar\/ad45a8c5da24bc9c7c4940dd1c48a695?s=96&d=mm&r=g","contentUrl":"https:\/\/secure.gravatar.com\/avatar\/ad45a8c5da24bc9c7c4940dd1c48a695?s=96&d=mm&r=g","caption":"A Delapalisse"},"sameAs":["http:\/\/ECI"]}]}},"authors":[{"term_id":1153,"user_id":34,"is_guest":0,"slug":"adelapalisse","display_name":"A Delapalisse","avatar_url":"https:\/\/secure.gravatar.com\/avatar\/ad45a8c5da24bc9c7c4940dd1c48a695?s=96&d=mm&r=g","0":null,"1":"","2":"","3":"","4":"","5":"","6":"","7":"","8":""},{"term_id":3640,"user_id":0,"is_guest":1,"slug":"nick-flaherty","display_name":"Nick Flaherty","avatar_url":"https:\/\/secure.gravatar.com\/avatar\/?s=96&d=mm&r=g","0":null,"1":"","2":"","3":"","4":"","5":"","6":"","7":"","8":""}],"_links":{"self":[{"href":"https:\/\/www.ecinews.fr\/fr\/wp-json\/wp\/v2\/posts\/424637"}],"collection":[{"href":"https:\/\/www.ecinews.fr\/fr\/wp-json\/wp\/v2\/posts"}],"about":[{"href":"https:\/\/www.ecinews.fr\/fr\/wp-json\/wp\/v2\/types\/post"}],"author":[{"embeddable":true,"href":"https:\/\/www.ecinews.fr\/fr\/wp-json\/wp\/v2\/users\/34"}],"replies":[{"embeddable":true,"href":"https:\/\/www.ecinews.fr\/fr\/wp-json\/wp\/v2\/comments?post=424637"}],"version-history":[{"count":0,"href":"https:\/\/www.ecinews.fr\/fr\/wp-json\/wp\/v2\/posts\/424637\/revisions"}],"wp:featuredmedia":[{"embeddable":true,"href":"https:\/\/www.ecinews.fr\/fr\/wp-json\/wp\/v2\/media\/424605"}],"wp:attachment":[{"href":"https:\/\/www.ecinews.fr\/fr\/wp-json\/wp\/v2\/media?parent=424637"}],"wp:term":[{"taxonomy":"category","embeddable":true,"href":"https:\/\/www.ecinews.fr\/fr\/wp-json\/wp\/v2\/categories?post=424637"},{"taxonomy":"post_tag","embeddable":true,"href":"https:\/\/www.ecinews.fr\/fr\/wp-json\/wp\/v2\/tags?post=424637"},{"taxonomy":"domains","embeddable":true,"href":"https:\/\/www.ecinews.fr\/fr\/wp-json\/wp\/v2\/domains?post=424637"},{"taxonomy":"author","embeddable":true,"href":"https:\/\/www.ecinews.fr\/fr\/wp-json\/wp\/v2\/ppma_author?post=424637"}],"curies":[{"name":"wp","href":"https:\/\/api.w.org\/{rel}","templated":true}]}}