{"id":424405,"date":"2023-06-14T18:49:41","date_gmt":"2023-06-14T16:49:41","guid":{"rendered":"https:\/\/www.ecinews.fr\/?p=424405"},"modified":"2023-06-14T18:58:59","modified_gmt":"2023-06-14T16:58:59","slug":"jour-des-projets-a-lesiee-paris-pres-de-100-projets-deleves-ingenieur-a-decouvrir","status":"publish","type":"post","link":"https:\/\/www.ecinews.fr\/fr\/jour-des-projets-a-lesiee-paris-pres-de-100-projets-deleves-ingenieur-a-decouvrir\/","title":{"rendered":"Jour des projets \u00e0 l\u2019ESIEE Paris : pr\u00e8s de 100 projets d\u2019\u00e9l\u00e8ves ing\u00e9nieur \u00e0 d\u00e9couvrir"},"content":{"rendered":"<h2>Le Jeudi 22 juin 2023 de 9 h 30 \u00e0 16 h 00, ESIEE Paris invite le grand public \u00e0 d\u00e9couvrir les r\u00e9alisations des \u00e9tudiantes et \u00e9tudiants, qui ont fait preuve de cr\u00e9ativit\u00e9, d&rsquo;ing\u00e9niosit\u00e9 et d\u2019audace pour concevoir des projets innovants<\/h2>\n<p>L\u2019ensemble des domaines de sp\u00e9cialit\u00e9s d\u2019enseignements seront repr\u00e9sent\u00e9s : syst\u00e8mes embarqu\u00e9s, informatique, s\u00e9curit\u00e9, sant\u00e9, environnement\u2026<\/p>\n<p>Eric Larchev\u00eaque, cofondateur de Ledger &amp; ALGOSUP, figure embl\u00e9matique de l\u2019\u00e9mission \u00ab\u00a0Qui veut \u00eatre mon associ\u00e9\u00a0\u00bb sur M6 et dipl\u00f4m\u00e9 ESIEE Paris 1996 est le parrain du Jour des Projets 2023.<\/p>\n<p>Lors de cette journ\u00e9e, les porteurs de projet tiendront un stand sur lequel ils pr\u00e9senteront leur projet dans le but de s\u00e9duire le jury et de remporter l\u2019un des prix ! Compos\u00e9 d\u2019enseignants-chercheurs et personnels ESIEE Paris, d\u2019alumni et des entreprises FEIL, Apside, SLB, BNP Paribas, Regimbeau, Thales, Veolia France, Texas Instruments, Givaudan, Weeroc, Cerebris, Islean Consulting, le jury \u00e9valuera la qualit\u00e9 technique et la dimension innovante des projets.<\/p>\n<p>Les prix qui seront attribu\u00e9s par nos partenaires : \u00ab Innovation\u00a0\u00bb par\u00a0Eric Larchev\u00eaque\/Fond de dotation <br \/>\nEric et Iveta Larchev\u00eaque (FEIL)\u00a0; \u00ab\u00a0Meilleur Projet Technique\u00a0\u00bb par Avid Naiemi\/SBL\u00a0; \u00ab\u00a0Sant\u00e9-Environnement-Handicap\u00a0\u00bb par Ambre Deschamps et Nadine Al Najjar\/Apside\u00a0; \u00ab D\u00e9buts Prometteurs &#8211; 1re et 2e ann\u00e9e \u00bb par Bilal Malik\/Texas Instruments et \u00ab\u00a0Coup de C\u0153ur du Public\u00a0\u00bb par Mathieu Caron\/AA ESIEE.<\/p>\n<h3>Parmi les projets \u00e0 d\u00e9couvrir lors de cette 18e \u00e9dition du Jour des Projets :<\/h3>\n<p>\u00ab Ecoeaser\u00a0\u00bb qui r\u00e9volutionne le secteur de l&rsquo;\u00e9nergie en utilisant la blockchain ; \u00ab\u00a0BloodOwl\u00a0\u00bb, un syst\u00e8me de transport de mat\u00e9riel biologique par drone.\u00a0; \u00ab\u00a0Sport&rsquo;ivation \u00bb, un r\u00e9seau social ax\u00e9 sur le sport ou encore \u00ab\u00a0Sport&rsquo;ivation \u00bb un bracelet qui vous emp\u00eachera de vous endormir au volant&#8230; et bien d\u2019autres !<\/p>\n<p>&nbsp;<\/p>\n<h3>Mais l\u2019aventure ne s\u2019arr\u00eate pas l\u00e0. Deux prix seront encore \u00e0 remporter !<\/h3>\n<p>A l\u2019issue du Jour des Projets, des projets port\u00e9s par des \u00e9l\u00e8ves ESIEE Paris pourront b\u00e9n\u00e9ficier de 2 semaines de coaching avec des acteurs cl\u00e9s de la cr\u00e9ation d&rsquo;entreprise dans le cadre de la 10<sup>e<\/sup> \u00e9dition du \u00ab\u00a0Coaching Entrepreneuriat &amp; Innovation\u00a0\u00bb. Objectif principal : proposer aux \u00e9l\u00e8ves d\u2019analyser le potentiel de leur projet et, pour les plus avanc\u00e9s, de les aider \u00e0 clarifier leurs objectifs (cr\u00e9ation d\u2019entreprise, transfert de technologie\u2026).<\/p>\n<p>Le 12 juillet prochain de 9 h 30 \u00e0 11 h 30, les \u00e9tudiantes et \u00e9tudiants ayant b\u00e9n\u00e9fici\u00e9 de l\u2019accompagnement des coachs pr\u00e9senteront leur projet \u00e0 un jury de professionnels \u00e0 travers un pitch de 3 minutes et 7 minutes de questions\/r\u00e9ponses. Deux projets seront r\u00e9compens\u00e9s (avec des dotations de 1 500 et 1 000 \u20ac) par Eric Larchev\u00eaque\/FEIL et ESIEE Paris.<\/p>\n<p>Parmi les projets qui sont all\u00e9s plus loin lors des pr\u00e9c\u00e9dentes \u00e9ditions : \u00ab Secubox \u00bb qui facilite le passage au digital d\u2019un commer\u00e7ant comme offrir un acc\u00e8s Wi-fi s\u00e9curis\u00e9 et gratuit \u00e0 ses clients, l\u2019aide \u00e0 faire de la publicit\u00e9 cibl\u00e9e, \u00e0 g\u00e9rer ses stocks\u2026 \u00ab Braille Alpha \u00bb, une imprimante permettant de traduire un texte alphab\u00e9tique en braille et de le retranscrire sur une feuille A4 ou encore \u00ab VR pour soulager les douleurs fant\u00f4mes \u00bb \u00e0 destination de personnes ayant \u00e9t\u00e9 amput\u00e9es et souffrants de douleurs fant\u00f4mes et, plus particuli\u00e8rement, de sensations de br\u00fblure.<\/p>\n<p><strong>Exposition ouverte au public qui pourra voter pour son projet Coup de C\u0153ur<\/strong><\/p>\n<p>Informations\u00a0: <a href=\"about:blank\">http:\/\/jdp.esiee.fr\/<\/a><\/p>\n<p><a href=\"https:\/\/news.google.com\/publications\/CAAqBwgKMJbcwQswuPfYAw?hl=fr&amp;gl=BE&amp;ceid=BE:fr\">Suivre ECInews sur Google news<\/a><\/p>\n","protected":false},"excerpt":{"rendered":"<p>Le Jeudi 22 juin 2023 de 9 h 30 \u00e0 16 h 00, ESIEE Paris invite le grand public \u00e0 d\u00e9couvrir les r\u00e9alisations des \u00e9tudiantes et \u00e9tudiants, qui ont fait preuve de cr\u00e9ativit\u00e9, d&rsquo;ing\u00e9niosit\u00e9 et d\u2019audace pour concevoir des projets innovants L\u2019ensemble des domaines de sp\u00e9cialit\u00e9s d\u2019enseignements seront repr\u00e9sent\u00e9s : syst\u00e8mes embarqu\u00e9s, informatique, s\u00e9curit\u00e9, sant\u00e9, [&hellip;]<\/p>\n","protected":false},"author":36,"featured_media":424409,"comment_status":"closed","ping_status":"closed","sticky":false,"template":"","format":"standard","meta":{"_acf_changed":false,"footnotes":""},"categories":[886],"tags":[],"domains":[47],"ppma_author":[1154],"class_list":["post-424405","post","type-post","status-publish","format-standard","has-post-thumbnail","hentry","category-news-fr","domains-electronique-eci"],"acf":[],"yoast_head":"<title>Jour des projets \u00e0 l\u2019ESIEE Paris : pr\u00e8s de 100 projets d\u2019...<\/title>\n<meta name=\"description\" content=\"ESIEE Paris invite le grand public \u00e0 d\u00e9couvrir les r\u00e9alisations des \u00e9tudiantes et \u00e9tudiants, qui ont fait preuve de cr\u00e9ativit\u00e9, d&#039;ing\u00e9niosit\u00e9 et...\" \/>\n<meta name=\"robots\" content=\"index, follow, max-snippet:-1, max-image-preview:large, max-video-preview:-1\" \/>\n<link rel=\"canonical\" href=\"https:\/\/www.ecinews.fr\/fr\/wp-json\/wp\/v2\/posts\/424405\/\" \/>\n<meta property=\"og:locale\" content=\"fr_FR\" \/>\n<meta property=\"og:type\" content=\"article\" \/>\n<meta property=\"og:title\" content=\"Jour des projets \u00e0 l\u2019ESIEE Paris : pr\u00e8s de 100 projets d\u2019\u00e9l\u00e8ves ing\u00e9nieur \u00e0 d\u00e9couvrir\" \/>\n<meta property=\"og:description\" content=\"ESIEE Paris invite le grand public \u00e0 d\u00e9couvrir les r\u00e9alisations des \u00e9tudiantes et \u00e9tudiants, qui ont fait preuve de cr\u00e9ativit\u00e9, d&#039;ing\u00e9niosit\u00e9 et d\u2019audace pour concevoir des projets innovants\" \/>\n<meta property=\"og:url\" content=\"https:\/\/www.ecinews.fr\/fr\/wp-json\/wp\/v2\/posts\/424405\/\" \/>\n<meta property=\"og:site_name\" content=\"EENewsEurope\" \/>\n<meta property=\"article:published_time\" content=\"2023-06-14T16:49:41+00:00\" \/>\n<meta property=\"article:modified_time\" content=\"2023-06-14T16:58:59+00:00\" \/>\n<meta property=\"og:image\" content=\"https:\/\/www.ecinews.fr\/wp-content\/uploads\/2023\/06\/ECI1878_ESIEEParis-actu_2.jpg\" \/>\n\t<meta property=\"og:image:width\" content=\"629\" \/>\n\t<meta property=\"og:image:height\" content=\"471\" \/>\n\t<meta property=\"og:image:type\" content=\"image\/jpeg\" \/>\n<meta name=\"author\" content=\"Alain Dieul\" \/>\n<meta name=\"twitter:card\" content=\"summary_large_image\" \/>\n<meta name=\"twitter:label1\" content=\"Written by\" \/>\n\t<meta name=\"twitter:data1\" content=\"Alain Dieul\" \/>\n\t<meta name=\"twitter:label2\" content=\"Est. reading time\" \/>\n\t<meta name=\"twitter:data2\" content=\"3 minutes\" \/>\n<script type=\"application\/ld+json\" class=\"yoast-schema-graph\">{\"@context\":\"https:\/\/schema.org\",\"@graph\":[{\"@type\":\"Article\",\"@id\":\"https:\/\/www.ecinews.fr\/fr\/jour-des-projets-a-lesiee-paris-pres-de-100-projets-deleves-ingenieur-a-decouvrir\/#article\",\"isPartOf\":{\"@id\":\"https:\/\/www.ecinews.fr\/fr\/jour-des-projets-a-lesiee-paris-pres-de-100-projets-deleves-ingenieur-a-decouvrir\/\"},\"author\":{\"name\":\"Alain Dieul\",\"@id\":\"https:\/\/www.eenewseurope.com\/en\/#\/schema\/person\/e4387676ad67ce722325c7832f3c3762\"},\"headline\":\"Jour des projets \u00e0 l\u2019ESIEE Paris : pr\u00e8s de 100 projets d\u2019\u00e9l\u00e8ves ing\u00e9nieur \u00e0 d\u00e9couvrir\",\"datePublished\":\"2023-06-14T16:49:41+00:00\",\"dateModified\":\"2023-06-14T16:58:59+00:00\",\"mainEntityOfPage\":{\"@id\":\"https:\/\/www.ecinews.fr\/fr\/jour-des-projets-a-lesiee-paris-pres-de-100-projets-deleves-ingenieur-a-decouvrir\/\"},\"wordCount\":598,\"publisher\":{\"@id\":\"https:\/\/www.eenewseurope.com\/en\/#organization\"},\"articleSection\":[\"Actualit\u00e9 g\u00e9n\u00e9rale\"],\"inLanguage\":\"fr-FR\"},{\"@type\":\"WebPage\",\"@id\":\"https:\/\/www.ecinews.fr\/fr\/jour-des-projets-a-lesiee-paris-pres-de-100-projets-deleves-ingenieur-a-decouvrir\/\",\"url\":\"https:\/\/www.ecinews.fr\/fr\/jour-des-projets-a-lesiee-paris-pres-de-100-projets-deleves-ingenieur-a-decouvrir\/\",\"name\":\"Jour des projets \u00e0 l\u2019ESIEE Paris : pr\u00e8s de 100 projets d\u2019\u00e9l\u00e8ves ing\u00e9nieur \u00e0 d\u00e9couvrir -\",\"isPartOf\":{\"@id\":\"https:\/\/www.eenewseurope.com\/en\/#website\"},\"datePublished\":\"2023-06-14T16:49:41+00:00\",\"dateModified\":\"2023-06-14T16:58:59+00:00\",\"description\":\"ESIEE Paris invite le grand public \u00e0 d\u00e9couvrir les r\u00e9alisations des \u00e9tudiantes et \u00e9tudiants, qui ont fait preuve de cr\u00e9ativit\u00e9, d'ing\u00e9niosit\u00e9 et d\u2019audace pour concevoir des projets innovants\",\"breadcrumb\":{\"@id\":\"https:\/\/www.ecinews.fr\/fr\/jour-des-projets-a-lesiee-paris-pres-de-100-projets-deleves-ingenieur-a-decouvrir\/#breadcrumb\"},\"inLanguage\":\"fr-FR\",\"potentialAction\":[{\"@type\":\"ReadAction\",\"target\":[\"https:\/\/www.ecinews.fr\/fr\/jour-des-projets-a-lesiee-paris-pres-de-100-projets-deleves-ingenieur-a-decouvrir\/\"]}]},{\"@type\":\"BreadcrumbList\",\"@id\":\"https:\/\/www.ecinews.fr\/fr\/jour-des-projets-a-lesiee-paris-pres-de-100-projets-deleves-ingenieur-a-decouvrir\/#breadcrumb\",\"itemListElement\":[{\"@type\":\"ListItem\",\"position\":1,\"name\":\"Home\",\"item\":\"https:\/\/www.ecinews.fr\/fr\/\"},{\"@type\":\"ListItem\",\"position\":2,\"name\":\"Jour des projets \u00e0 l\u2019ESIEE Paris : pr\u00e8s de 100 projets d\u2019\u00e9l\u00e8ves ing\u00e9nieur \u00e0 d\u00e9couvrir\"}]},{\"@type\":\"WebSite\",\"@id\":\"https:\/\/www.eenewseurope.com\/en\/#website\",\"url\":\"https:\/\/www.eenewseurope.com\/en\/\",\"name\":\"EENewsEurope\",\"description\":\"Just another WordPress site\",\"publisher\":{\"@id\":\"https:\/\/www.eenewseurope.com\/en\/#organization\"},\"potentialAction\":[{\"@type\":\"SearchAction\",\"target\":{\"@type\":\"EntryPoint\",\"urlTemplate\":\"https:\/\/www.eenewseurope.com\/en\/?s={search_term_string}\"},\"query-input\":\"required name=search_term_string\"}],\"inLanguage\":\"fr-FR\"},{\"@type\":\"Organization\",\"@id\":\"https:\/\/www.eenewseurope.com\/en\/#organization\",\"name\":\"EENewsEurope\",\"url\":\"https:\/\/www.eenewseurope.com\/en\/\",\"logo\":{\"@type\":\"ImageObject\",\"inLanguage\":\"fr-FR\",\"@id\":\"https:\/\/www.eenewseurope.com\/en\/#\/schema\/logo\/image\/\",\"url\":\"https:\/\/www.ecinews.fr\/wp-content\/uploads\/2022\/02\/logo-1.jpg\",\"contentUrl\":\"https:\/\/www.ecinews.fr\/wp-content\/uploads\/2022\/02\/logo-1.jpg\",\"width\":283,\"height\":113,\"caption\":\"EENewsEurope\"},\"image\":{\"@id\":\"https:\/\/www.eenewseurope.com\/en\/#\/schema\/logo\/image\/\"}},{\"@type\":\"Person\",\"@id\":\"https:\/\/www.eenewseurope.com\/en\/#\/schema\/person\/e4387676ad67ce722325c7832f3c3762\",\"name\":\"Alain Dieul\",\"image\":{\"@type\":\"ImageObject\",\"inLanguage\":\"fr-FR\",\"@id\":\"https:\/\/www.eenewseurope.com\/en\/#\/schema\/person\/image\/736120675699dbbf0f0f282b9a9cfb75\",\"url\":\"https:\/\/secure.gravatar.com\/avatar\/bc93b056d07515be5b8eecd4acf49c5c?s=96&d=mm&r=g\",\"contentUrl\":\"https:\/\/secure.gravatar.com\/avatar\/bc93b056d07515be5b8eecd4acf49c5c?s=96&d=mm&r=g\",\"caption\":\"Alain Dieul\"},\"sameAs\":[\"http:\/\/ECINews\"]}]}<\/script>","yoast_head_json":{"title":"Jour des projets \u00e0 l\u2019ESIEE Paris : pr\u00e8s de 100 projets d\u2019...","description":"ESIEE Paris invite le grand public \u00e0 d\u00e9couvrir les r\u00e9alisations des \u00e9tudiantes et \u00e9tudiants, qui ont fait preuve de cr\u00e9ativit\u00e9, d'ing\u00e9niosit\u00e9 et...","robots":{"index":"index","follow":"follow","max-snippet":"max-snippet:-1","max-image-preview":"max-image-preview:large","max-video-preview":"max-video-preview:-1"},"canonical":"https:\/\/www.ecinews.fr\/fr\/wp-json\/wp\/v2\/posts\/424405\/","og_locale":"fr_FR","og_type":"article","og_title":"Jour des projets \u00e0 l\u2019ESIEE Paris : pr\u00e8s de 100 projets d\u2019\u00e9l\u00e8ves ing\u00e9nieur \u00e0 d\u00e9couvrir","og_description":"ESIEE Paris invite le grand public \u00e0 d\u00e9couvrir les r\u00e9alisations des \u00e9tudiantes et \u00e9tudiants, qui ont fait preuve de cr\u00e9ativit\u00e9, d'ing\u00e9niosit\u00e9 et d\u2019audace pour concevoir des projets innovants","og_url":"https:\/\/www.ecinews.fr\/fr\/wp-json\/wp\/v2\/posts\/424405\/","og_site_name":"EENewsEurope","article_published_time":"2023-06-14T16:49:41+00:00","article_modified_time":"2023-06-14T16:58:59+00:00","og_image":[{"width":629,"height":471,"url":"https:\/\/www.ecinews.fr\/wp-content\/uploads\/2023\/06\/ECI1878_ESIEEParis-actu_2.jpg","type":"image\/jpeg"}],"author":"Alain Dieul","twitter_card":"summary_large_image","twitter_misc":{"Written by":"Alain Dieul","Est. reading time":"3 minutes"},"schema":{"@context":"https:\/\/schema.org","@graph":[{"@type":"Article","@id":"https:\/\/www.ecinews.fr\/fr\/jour-des-projets-a-lesiee-paris-pres-de-100-projets-deleves-ingenieur-a-decouvrir\/#article","isPartOf":{"@id":"https:\/\/www.ecinews.fr\/fr\/jour-des-projets-a-lesiee-paris-pres-de-100-projets-deleves-ingenieur-a-decouvrir\/"},"author":{"name":"Alain Dieul","@id":"https:\/\/www.eenewseurope.com\/en\/#\/schema\/person\/e4387676ad67ce722325c7832f3c3762"},"headline":"Jour des projets \u00e0 l\u2019ESIEE Paris : pr\u00e8s de 100 projets d\u2019\u00e9l\u00e8ves ing\u00e9nieur \u00e0 d\u00e9couvrir","datePublished":"2023-06-14T16:49:41+00:00","dateModified":"2023-06-14T16:58:59+00:00","mainEntityOfPage":{"@id":"https:\/\/www.ecinews.fr\/fr\/jour-des-projets-a-lesiee-paris-pres-de-100-projets-deleves-ingenieur-a-decouvrir\/"},"wordCount":598,"publisher":{"@id":"https:\/\/www.eenewseurope.com\/en\/#organization"},"articleSection":["Actualit\u00e9 g\u00e9n\u00e9rale"],"inLanguage":"fr-FR"},{"@type":"WebPage","@id":"https:\/\/www.ecinews.fr\/fr\/jour-des-projets-a-lesiee-paris-pres-de-100-projets-deleves-ingenieur-a-decouvrir\/","url":"https:\/\/www.ecinews.fr\/fr\/jour-des-projets-a-lesiee-paris-pres-de-100-projets-deleves-ingenieur-a-decouvrir\/","name":"Jour des projets \u00e0 l\u2019ESIEE Paris : pr\u00e8s de 100 projets d\u2019\u00e9l\u00e8ves ing\u00e9nieur \u00e0 d\u00e9couvrir -","isPartOf":{"@id":"https:\/\/www.eenewseurope.com\/en\/#website"},"datePublished":"2023-06-14T16:49:41+00:00","dateModified":"2023-06-14T16:58:59+00:00","description":"ESIEE Paris invite le grand public \u00e0 d\u00e9couvrir les r\u00e9alisations des \u00e9tudiantes et \u00e9tudiants, qui ont fait preuve de cr\u00e9ativit\u00e9, d'ing\u00e9niosit\u00e9 et d\u2019audace pour concevoir des projets innovants","breadcrumb":{"@id":"https:\/\/www.ecinews.fr\/fr\/jour-des-projets-a-lesiee-paris-pres-de-100-projets-deleves-ingenieur-a-decouvrir\/#breadcrumb"},"inLanguage":"fr-FR","potentialAction":[{"@type":"ReadAction","target":["https:\/\/www.ecinews.fr\/fr\/jour-des-projets-a-lesiee-paris-pres-de-100-projets-deleves-ingenieur-a-decouvrir\/"]}]},{"@type":"BreadcrumbList","@id":"https:\/\/www.ecinews.fr\/fr\/jour-des-projets-a-lesiee-paris-pres-de-100-projets-deleves-ingenieur-a-decouvrir\/#breadcrumb","itemListElement":[{"@type":"ListItem","position":1,"name":"Home","item":"https:\/\/www.ecinews.fr\/fr\/"},{"@type":"ListItem","position":2,"name":"Jour des projets \u00e0 l\u2019ESIEE Paris : pr\u00e8s de 100 projets d\u2019\u00e9l\u00e8ves ing\u00e9nieur \u00e0 d\u00e9couvrir"}]},{"@type":"WebSite","@id":"https:\/\/www.eenewseurope.com\/en\/#website","url":"https:\/\/www.eenewseurope.com\/en\/","name":"EENewsEurope","description":"Just another WordPress site","publisher":{"@id":"https:\/\/www.eenewseurope.com\/en\/#organization"},"potentialAction":[{"@type":"SearchAction","target":{"@type":"EntryPoint","urlTemplate":"https:\/\/www.eenewseurope.com\/en\/?s={search_term_string}"},"query-input":"required name=search_term_string"}],"inLanguage":"fr-FR"},{"@type":"Organization","@id":"https:\/\/www.eenewseurope.com\/en\/#organization","name":"EENewsEurope","url":"https:\/\/www.eenewseurope.com\/en\/","logo":{"@type":"ImageObject","inLanguage":"fr-FR","@id":"https:\/\/www.eenewseurope.com\/en\/#\/schema\/logo\/image\/","url":"https:\/\/www.ecinews.fr\/wp-content\/uploads\/2022\/02\/logo-1.jpg","contentUrl":"https:\/\/www.ecinews.fr\/wp-content\/uploads\/2022\/02\/logo-1.jpg","width":283,"height":113,"caption":"EENewsEurope"},"image":{"@id":"https:\/\/www.eenewseurope.com\/en\/#\/schema\/logo\/image\/"}},{"@type":"Person","@id":"https:\/\/www.eenewseurope.com\/en\/#\/schema\/person\/e4387676ad67ce722325c7832f3c3762","name":"Alain Dieul","image":{"@type":"ImageObject","inLanguage":"fr-FR","@id":"https:\/\/www.eenewseurope.com\/en\/#\/schema\/person\/image\/736120675699dbbf0f0f282b9a9cfb75","url":"https:\/\/secure.gravatar.com\/avatar\/bc93b056d07515be5b8eecd4acf49c5c?s=96&d=mm&r=g","contentUrl":"https:\/\/secure.gravatar.com\/avatar\/bc93b056d07515be5b8eecd4acf49c5c?s=96&d=mm&r=g","caption":"Alain Dieul"},"sameAs":["http:\/\/ECINews"]}]}},"authors":[{"term_id":1154,"user_id":36,"is_guest":0,"slug":"alain-dieul","display_name":"Alain Dieul","avatar_url":"https:\/\/secure.gravatar.com\/avatar\/bc93b056d07515be5b8eecd4acf49c5c?s=96&d=mm&r=g","0":null,"1":"","2":"","3":"","4":"","5":"","6":"","7":"","8":""}],"_links":{"self":[{"href":"https:\/\/www.ecinews.fr\/fr\/wp-json\/wp\/v2\/posts\/424405"}],"collection":[{"href":"https:\/\/www.ecinews.fr\/fr\/wp-json\/wp\/v2\/posts"}],"about":[{"href":"https:\/\/www.ecinews.fr\/fr\/wp-json\/wp\/v2\/types\/post"}],"author":[{"embeddable":true,"href":"https:\/\/www.ecinews.fr\/fr\/wp-json\/wp\/v2\/users\/36"}],"replies":[{"embeddable":true,"href":"https:\/\/www.ecinews.fr\/fr\/wp-json\/wp\/v2\/comments?post=424405"}],"version-history":[{"count":0,"href":"https:\/\/www.ecinews.fr\/fr\/wp-json\/wp\/v2\/posts\/424405\/revisions"}],"wp:featuredmedia":[{"embeddable":true,"href":"https:\/\/www.ecinews.fr\/fr\/wp-json\/wp\/v2\/media\/424409"}],"wp:attachment":[{"href":"https:\/\/www.ecinews.fr\/fr\/wp-json\/wp\/v2\/media?parent=424405"}],"wp:term":[{"taxonomy":"category","embeddable":true,"href":"https:\/\/www.ecinews.fr\/fr\/wp-json\/wp\/v2\/categories?post=424405"},{"taxonomy":"post_tag","embeddable":true,"href":"https:\/\/www.ecinews.fr\/fr\/wp-json\/wp\/v2\/tags?post=424405"},{"taxonomy":"domains","embeddable":true,"href":"https:\/\/www.ecinews.fr\/fr\/wp-json\/wp\/v2\/domains?post=424405"},{"taxonomy":"author","embeddable":true,"href":"https:\/\/www.ecinews.fr\/fr\/wp-json\/wp\/v2\/ppma_author?post=424405"}],"curies":[{"name":"wp","href":"https:\/\/api.w.org\/{rel}","templated":true}]}}